{"id":17345,"date":"2025-02-07T21:00:00","date_gmt":"2025-02-08T00:00:00","guid":{"rendered":"https:\/\/www.em.com.br\/emfoco\/?p=17345"},"modified":"2025-02-06T19:15:38","modified_gmt":"2025-02-06T22:15:38","slug":"google-maps-agora-permite-personalizar-icones-de-veiculos-na-navegacao","status":"publish","type":"post","link":"https:\/\/www.em.com.br\/emfoco\/2025\/02\/07\/google-maps-agora-permite-personalizar-icones-de-veiculos-na-navegacao\/","title":{"rendered":"Google Maps agora permite personalizar \u00edcones de ve\u00edculos na navega\u00e7\u00e3o"},"content":{"rendered":"\n<p>O<strong> Google Maps<\/strong>, uma das ferramentas de <strong>geolocaliza\u00e7\u00e3o <\/strong>mais utilizadas por motoristas em todo o mundo, est\u00e1 introduzindo uma nova funcionalidade que promete tornar a experi\u00eancia de navega\u00e7\u00e3o ainda mais personalizada. A <a href=\"https:\/\/9to5google.com\/2025\/02\/04\/google-maps-car-icon-android\/\" target=\"_blank\" rel=\"noreferrer noopener\">atualiza\u00e7\u00e3o <\/a>mais recente do aplicativo permite que os usu\u00e1rios <strong>personalizem os \u00edcones dos ve\u00edculos exibidos no mapa, oferecendo uma gama de op\u00e7\u00f5es mais realistas e modernas<\/strong>.<\/p>\n\n\n\n<p>Anteriormente, o Google <a href=\"https:\/\/www.em.com.br\/emfoco\/2025\/02\/01\/a-mudanca-no-google-maps-que-comecou-com-uma-ordem-de-trump\/\" target=\"_blank\" rel=\"noreferrer noopener\">Maps <\/a>oferecia apenas algumas <strong>op\u00e7\u00f5es b\u00e1sicas de \u00edcones<\/strong>, como uma seta tradicional, um carro vermelho, uma SUV amarela e uma caminhonete verde. Esses \u00edcones eram simples e serviam principalmente como uma forma divertida de diferenciar o ve\u00edculo do usu\u00e1rio no mapa. Com a nova atualiza\u00e7\u00e3o, essa personaliza\u00e7\u00e3o foi significativamente ampliada.<\/p>\n\n\n\n<h2 class=\"wp-block-heading\">Quais s\u00e3o as novas op\u00e7\u00f5es de \u00edcones no Google Maps?<\/h2>\n\n\n\n<p>Com a atualiza\u00e7\u00e3o, os usu\u00e1rios agora t\u00eam a possibilidade de escolher entre \u00edcones mais realistas que representam diferentes<strong> tipos de ve\u00edculos<\/strong>. As op\u00e7\u00f5es incluem um modelo esportivo, uma <strong>SUV<\/strong>, um carro <strong>hatch<\/strong>, um <strong>sed\u00e3 <\/strong>e uma <strong>pickup<\/strong>. Al\u00e9m disso, \u00e9 poss\u00edvel alterar a cor dos \u00edcones, com op\u00e7\u00f5es que variam entre azul, cinza e roxo, permitindo uma personaliza\u00e7\u00e3o ainda maior.<\/p>\n\n\n\n<p>Essa adi\u00e7\u00e3o coloca o Google Maps em linha com outros aplicativos de mapas que j\u00e1 oferecem formas mais variadas de customiza\u00e7\u00e3o, como o <strong>Waze<\/strong>. A introdu\u00e7\u00e3o de \u00edcones realistas e coloridos \u00e9 uma forma de tornar a navega\u00e7\u00e3o mais agrad\u00e1vel e visualmente atraente para os usu\u00e1rios.<\/p>\n\n\n<div class=\"wp-block-image\">\n<figure class=\"aligncenter size-large\"><img loading=\"lazy\" decoding=\"async\" width=\"912\" height=\"1024\" src=\"https:\/\/www.em.com.br\/emfoco\/wp-content\/uploads\/2025\/02\/05174953261682-1-912x1024.jpg\" alt=\"Google Maps agora permite personalizar \u00edcones de ve\u00edculos na navega\u00e7\u00e3o\" class=\"wp-image-17419\" srcset=\"https:\/\/www.em.com.br\/emfoco\/wp-content\/uploads\/2025\/02\/05174953261682-1-912x1024.jpg 912w, https:\/\/www.em.com.br\/emfoco\/wp-content\/uploads\/2025\/02\/05174953261682-1-267x300.jpg 267w, https:\/\/www.em.com.br\/emfoco\/wp-content\/uploads\/2025\/02\/05174953261682-1-768x862.jpg 768w, https:\/\/www.em.com.br\/emfoco\/wp-content\/uploads\/2025\/02\/05174953261682-1-750x842.jpg 750w, https:\/\/www.em.com.br\/emfoco\/wp-content\/uploads\/2025\/02\/05174953261682-1-1140x1280.jpg 1140w, https:\/\/www.em.com.br\/emfoco\/wp-content\/uploads\/2025\/02\/05174953261682-1.jpg 1280w\" sizes=\"auto, (max-width: 912px) 100vw, 912px\" \/><figcaption class=\"wp-element-caption\">Imagem da nova atualiza\u00e7\u00e3o &#8211; Foto: Cr\u00e9ditos 9to5Google<\/figcaption><\/figure><\/div>\n\n\n<h2 class=\"wp-block-heading\">Quando a atualiza\u00e7\u00e3o estar\u00e1 dispon\u00edvel para todos?<\/h2>\n\n\n\n<p>Atualmente, as novas op\u00e7\u00f5es de personaliza\u00e7\u00e3o de \u00edcones est\u00e3o dispon\u00edveis na vers\u00e3o<strong> beta 25.06.x do Google Maps<\/strong>. No entanto, <strong>ainda n\u00e3o foram liberadas para o p\u00fablico geral<\/strong>. A expectativa \u00e9 que a atualiza\u00e7\u00e3o seja lan\u00e7ada oficialmente para todos os usu\u00e1rios nas pr\u00f3ximas semanas, permitindo que mais pessoas aproveitem essa nova funcionalidade.<\/p>\n\n\n\n<p>Al\u00e9m das op\u00e7\u00f5es j\u00e1 mencionadas, h\u00e1 especula\u00e7\u00f5es de que<strong> futuras atualiza\u00e7\u00f5es possam incluir \u00edcones para motos e bicicletas<\/strong>, ampliando ainda mais as possibilidades de personaliza\u00e7\u00e3o para diferentes tipos de ve\u00edculos.<\/p>\n\n\n\n<h2 class=\"wp-block-heading\">Impacto da personaliza\u00e7\u00e3o no uso do Google Maps<\/h2>\n\n\n\n<p>A personaliza\u00e7\u00e3o de \u00edcones, embora seja uma adi\u00e7\u00e3o simples, pode ter um impacto significativo na experi\u00eancia do usu\u00e1rio. Ao permitir que os motoristas escolham \u00edcones que se assemelhem mais aos seus pr\u00f3prios ve\u00edculos, o Google Maps n\u00e3o apenas torna a navega\u00e7\u00e3o mais divertida, mas tamb\u00e9m ajuda a criar uma conex\u00e3o mais pessoal com o aplicativo.<\/p>\n\n\n\n<p>Essa atualiza\u00e7\u00e3o reflete uma tend\u00eancia crescente em aplicativos de geolocaliza\u00e7\u00e3o, onde a personaliza\u00e7\u00e3o e a experi\u00eancia do usu\u00e1rio s\u00e3o cada vez mais valorizadas. Com isso, o Google Maps continua a se destacar como uma ferramenta essencial para motoristas, oferecendo n\u00e3o apenas funcionalidades pr\u00e1ticas, mas tamb\u00e9m uma experi\u00eancia de uso mais envolvente e personalizada.<\/p>\n","protected":false},"excerpt":{"rendered":"<p>O Google Maps, uma das ferramentas de geolocaliza\u00e7\u00e3o mais utilizadas por motoristas em todo o mundo, est\u00e1 introduzindo uma nova funcionalidade que promete tornar a experi\u00eancia de navega\u00e7\u00e3o ainda mais personalizada. A atualiza\u00e7\u00e3o mais recente do aplicativo permite que os usu\u00e1rios personalizem os \u00edcones dos ve\u00edculos exibidos no mapa, oferecendo uma gama de op\u00e7\u00f5es mais [&hellip;]<\/p>\n","protected":false},"author":9,"featured_media":17409,"comment_status":"open","ping_status":"open","sticky":false,"template":"","format":"standard","meta":{"jnews-multi-image_gallery":[],"jnews_single_post":{"format":"standard"},"jnews_primary_category":[],"jnews_social_meta":[],"jnews_override_counter":[],"footnotes":""},"categories":[1,4204],"tags":[4442,4673,4675,4674],"class_list":["post-17345","post","type-post","status-publish","format-standard","has-post-thumbnail","hentry","category-noticias","category-tecnologia","tag-google-maps","tag-icones-de-veiculos","tag-navegacao","tag-personalizacao"],"yoast_head":"<!-- This site is optimized with the Yoast SEO plugin v23.8 - https:\/\/yoast.com\/wordpress\/plugins\/seo\/ -->\n<title>Google Maps agora permite personalizar \u00edcones de ve\u00edculos na navega\u00e7\u00e3o<\/title>\n<meta name=\"description\" content=\"O Google Maps lan\u00e7ou uma atualiza\u00e7\u00e3o que permite personalizar os \u00edcones de ve\u00edculos, oferecendo novas op\u00e7\u00f5es mais realistas e modernas.\" \/>\n<meta name=\"robots\" content=\"index, follow, max-snippet:-1, max-image-preview:large, max-video-preview:-1\" \/>\n<link rel=\"canonical\" href=\"https:\/\/www.em.com.br\/emfoco\/2025\/02\/07\/google-maps-agora-permite-personalizar-icones-de-veiculos-na-navegacao\/\" \/>\n<meta property=\"og:locale\" content=\"pt_BR\" \/>\n<meta property=\"og:type\" content=\"article\" \/>\n<meta property=\"og:title\" content=\"Google Maps agora permite personalizar \u00edcones de ve\u00edculos na navega\u00e7\u00e3o\" \/>\n<meta property=\"og:description\" content=\"O Google Maps lan\u00e7ou uma atualiza\u00e7\u00e3o que permite personalizar os \u00edcones de ve\u00edculos, oferecendo novas op\u00e7\u00f5es mais realistas e modernas.\" \/>\n<meta property=\"og:url\" content=\"https:\/\/www.em.com.br\/emfoco\/2025\/02\/07\/google-maps-agora-permite-personalizar-icones-de-veiculos-na-navegacao\/\" \/>\n<meta property=\"og:site_name\" content=\"Estado de Minas - Em foco\" \/>\n<meta property=\"article:published_time\" content=\"2025-02-08T00:00:00+00:00\" \/>\n<meta property=\"article:modified_time\" content=\"2025-02-06T22:15:38+00:00\" \/>\n<meta property=\"og:image\" content=\"https:\/\/www.em.com.br\/emfoco\/wp-content\/uploads\/2025\/02\/GOOGLE-MAPS_1738865414028.jpg\" \/>\n\t<meta property=\"og:image:width\" content=\"1280\" \/>\n\t<meta property=\"og:image:height\" content=\"720\" \/>\n\t<meta property=\"og:image:type\" content=\"image\/jpeg\" \/>\n<meta name=\"author\" content=\"Daniely Cardoso\" \/>\n<meta name=\"twitter:card\" content=\"summary_large_image\" \/>\n<meta name=\"twitter:label1\" content=\"Escrito por\" \/>\n\t<meta name=\"twitter:data1\" content=\"Daniely Cardoso\" \/>\n\t<meta name=\"twitter:label2\" content=\"Est. tempo de leitura\" \/>\n\t<meta name=\"twitter:data2\" content=\"3 minutos\" \/>\n<!-- \/ Yoast SEO plugin. -->","yoast_head_json":{"title":"Google Maps agora permite personalizar \u00edcones de ve\u00edculos na navega\u00e7\u00e3o","description":"O Google Maps lan\u00e7ou uma atualiza\u00e7\u00e3o que permite personalizar os \u00edcones de ve\u00edculos, oferecendo novas op\u00e7\u00f5es mais realistas e modernas.","robots":{"index":"index","follow":"follow","max-snippet":"max-snippet:-1","max-image-preview":"max-image-preview:large","max-video-preview":"max-video-preview:-1"},"canonical":"https:\/\/www.em.com.br\/emfoco\/2025\/02\/07\/google-maps-agora-permite-personalizar-icones-de-veiculos-na-navegacao\/","og_locale":"pt_BR","og_type":"article","og_title":"Google Maps agora permite personalizar \u00edcones de ve\u00edculos na navega\u00e7\u00e3o","og_description":"O Google Maps lan\u00e7ou uma atualiza\u00e7\u00e3o que permite personalizar os \u00edcones de ve\u00edculos, oferecendo novas op\u00e7\u00f5es mais realistas e modernas.","og_url":"https:\/\/www.em.com.br\/emfoco\/2025\/02\/07\/google-maps-agora-permite-personalizar-icones-de-veiculos-na-navegacao\/","og_site_name":"Estado de Minas - Em foco","article_published_time":"2025-02-08T00:00:00+00:00","article_modified_time":"2025-02-06T22:15:38+00:00","og_image":[{"width":1280,"height":720,"url":"https:\/\/www.em.com.br\/emfoco\/wp-content\/uploads\/2025\/02\/GOOGLE-MAPS_1738865414028.jpg","type":"image\/jpeg"}],"author":"Daniely Cardoso","twitter_card":"summary_large_image","twitter_misc":{"Escrito por":"Daniely Cardoso","Est. tempo de leitura":"3 minutos"},"schema":{"@context":"https:\/\/schema.org","@graph":[{"@type":"WebPage","@id":"https:\/\/www.em.com.br\/emfoco\/2025\/02\/07\/google-maps-agora-permite-personalizar-icones-de-veiculos-na-navegacao\/","url":"https:\/\/www.em.com.br\/emfoco\/2025\/02\/07\/google-maps-agora-permite-personalizar-icones-de-veiculos-na-navegacao\/","name":"Google Maps agora permite personalizar \u00edcones de ve\u00edculos na navega\u00e7\u00e3o","isPartOf":{"@id":"https:\/\/www.em.com.br\/emfoco\/#website"},"primaryImageOfPage":{"@id":"https:\/\/www.em.com.br\/emfoco\/2025\/02\/07\/google-maps-agora-permite-personalizar-icones-de-veiculos-na-navegacao\/#primaryimage"},"image":{"@id":"https:\/\/www.em.com.br\/emfoco\/2025\/02\/07\/google-maps-agora-permite-personalizar-icones-de-veiculos-na-navegacao\/#primaryimage"},"thumbnailUrl":"https:\/\/www.em.com.br\/emfoco\/wp-content\/uploads\/2025\/02\/GOOGLE-MAPS_1738865414028.jpg","datePublished":"2025-02-08T00:00:00+00:00","dateModified":"2025-02-06T22:15:38+00:00","author":{"@id":"https:\/\/www.em.com.br\/emfoco\/#\/schema\/person\/0a8186d72f2c3a5c6276d90b41f271a0"},"description":"O Google Maps lan\u00e7ou uma atualiza\u00e7\u00e3o que permite personalizar os \u00edcones de ve\u00edculos, oferecendo novas op\u00e7\u00f5es mais realistas e modernas.","breadcrumb":{"@id":"https:\/\/www.em.com.br\/emfoco\/2025\/02\/07\/google-maps-agora-permite-personalizar-icones-de-veiculos-na-navegacao\/#breadcrumb"},"inLanguage":"pt-BR","potentialAction":[{"@type":"ReadAction","target":["https:\/\/www.em.com.br\/emfoco\/2025\/02\/07\/google-maps-agora-permite-personalizar-icones-de-veiculos-na-navegacao\/"]}]},{"@type":"ImageObject","inLanguage":"pt-BR","@id":"https:\/\/www.em.com.br\/emfoco\/2025\/02\/07\/google-maps-agora-permite-personalizar-icones-de-veiculos-na-navegacao\/#primaryimage","url":"https:\/\/www.em.com.br\/emfoco\/wp-content\/uploads\/2025\/02\/GOOGLE-MAPS_1738865414028.jpg","contentUrl":"https:\/\/www.em.com.br\/emfoco\/wp-content\/uploads\/2025\/02\/GOOGLE-MAPS_1738865414028.jpg","width":1280,"height":720,"caption":"Imagem ilustrativa do Maps no celular - Cr\u00e9ditos: depositphotos.com \/ dennizn"},{"@type":"BreadcrumbList","@id":"https:\/\/www.em.com.br\/emfoco\/2025\/02\/07\/google-maps-agora-permite-personalizar-icones-de-veiculos-na-navegacao\/#breadcrumb","itemListElement":[{"@type":"ListItem","position":1,"name":"In\u00edcio","item":"https:\/\/www.em.com.br\/emfoco\/"},{"@type":"ListItem","position":2,"name":"Google Maps agora permite personalizar \u00edcones de ve\u00edculos na navega\u00e7\u00e3o"}]},{"@type":"WebSite","@id":"https:\/\/www.em.com.br\/emfoco\/#website","url":"https:\/\/www.em.com.br\/emfoco\/","name":"Estado de Minas - Em foco","description":"Acompanhe as \u00faltimas not\u00edcias e fique bem informado sobre tudo o que acontece em Minas Gerais, Brasil e no mundo.","potentialAction":[{"@type":"SearchAction","target":{"@type":"EntryPoint","urlTemplate":"https:\/\/www.em.com.br\/emfoco\/?s={search_term_string}"},"query-input":{"@type":"PropertyValueSpecification","valueRequired":true,"valueName":"search_term_string"}}],"inLanguage":"pt-BR"},{"@type":"Person","@id":"https:\/\/www.em.com.br\/emfoco\/#\/schema\/person\/0a8186d72f2c3a5c6276d90b41f271a0","name":"Daniely Cardoso","image":{"@type":"ImageObject","inLanguage":"pt-BR","@id":"https:\/\/www.em.com.br\/emfoco\/#\/schema\/person\/image\/","url":"https:\/\/secure.gravatar.com\/avatar\/4b80ddbd124d1f071b626d52d62e5dff?s=96&d=mm&r=g","contentUrl":"https:\/\/secure.gravatar.com\/avatar\/4b80ddbd124d1f071b626d52d62e5dff?s=96&d=mm&r=g","caption":"Daniely Cardoso"},"url":"https:\/\/www.em.com.br\/emfoco\/author\/danielymyth\/"}]}},"_links":{"self":[{"href":"https:\/\/www.em.com.br\/emfoco\/wp-json\/wp\/v2\/posts\/17345","targetHints":{"allow":["GET"]}}],"collection":[{"href":"https:\/\/www.em.com.br\/emfoco\/wp-json\/wp\/v2\/posts"}],"about":[{"href":"https:\/\/www.em.com.br\/emfoco\/wp-json\/wp\/v2\/types\/post"}],"author":[{"embeddable":true,"href":"https:\/\/www.em.com.br\/emfoco\/wp-json\/wp\/v2\/users\/9"}],"replies":[{"embeddable":true,"href":"https:\/\/www.em.com.br\/emfoco\/wp-json\/wp\/v2\/comments?post=17345"}],"version-history":[{"count":4,"href":"https:\/\/www.em.com.br\/emfoco\/wp-json\/wp\/v2\/posts\/17345\/revisions"}],"predecessor-version":[{"id":17422,"href":"https:\/\/www.em.com.br\/emfoco\/wp-json\/wp\/v2\/posts\/17345\/revisions\/17422"}],"wp:featuredmedia":[{"embeddable":true,"href":"https:\/\/www.em.com.br\/emfoco\/wp-json\/wp\/v2\/media\/17409"}],"wp:attachment":[{"href":"https:\/\/www.em.com.br\/emfoco\/wp-json\/wp\/v2\/media?parent=17345"}],"wp:term":[{"taxonomy":"category","embeddable":true,"href":"https:\/\/www.em.com.br\/emfoco\/wp-json\/wp\/v2\/categories?post=17345"},{"taxonomy":"post_tag","embeddable":true,"href":"https:\/\/www.em.com.br\/emfoco\/wp-json\/wp\/v2\/tags?post=17345"}],"curies":[{"name":"wp","href":"https:\/\/api.w.org\/{rel}","templated":true}]}}