{"id":173437,"date":"2026-02-24T18:55:00","date_gmt":"2026-02-24T21:55:00","guid":{"rendered":"https:\/\/www.em.com.br\/emfoco\/?p=173437"},"modified":"2026-02-24T15:47:54","modified_gmt":"2026-02-24T18:47:54","slug":"adeus-francesinha-tradicional-o-novo-estilo-discreto-que-valoriza-maos-elegantes","status":"publish","type":"post","link":"https:\/\/www.em.com.br\/emfoco\/2026\/02\/24\/adeus-francesinha-tradicional-o-novo-estilo-discreto-que-valoriza-maos-elegantes\/","title":{"rendered":"Adeus francesinha tradicional! O novo estilo discreto que valoriza m\u00e3os elegantes"},"content":{"rendered":"\n<p>A <strong>francesinha cl\u00e1ssica<\/strong> sempre foi sin\u00f4nimo de delicadeza, mas um <strong>novo estilo discreto<\/strong> vem conquistando espa\u00e7o entre mulheres que buscam <strong>m\u00e3os elegantes<\/strong>, <strong>sofisticadas<\/strong> e alinhadas \u00e0s <strong>tend\u00eancias atuais<\/strong>. A proposta \u00e9 clara, substituir <strong>contrastes marcantes<\/strong> por <strong>acabamentos sutis<\/strong>, <strong>naturais<\/strong> e <strong>refinados<\/strong>, valorizando <strong>formatos<\/strong>, <strong>tonalidades suaves<\/strong> e um visual <strong>atemporal<\/strong> que combina com qualquer ocasi\u00e3o.<\/p>\n\n\n\n<h2 class=\"wp-block-heading\">Por que a francesinha tradicional est\u00e1 perdendo espa\u00e7o?<\/h2>\n\n\n\n<p>O visual marcado pela <strong>ponta branca intensa<\/strong> j\u00e1 n\u00e3o atende todas as expectativas de quem busca <strong>sofistica\u00e7\u00e3o minimalista<\/strong>. A est\u00e9tica atual privilegia <strong>naturalidade<\/strong>, <strong>leveza<\/strong> e <strong>acabamento impec\u00e1vel<\/strong>, priorizando unhas que complementam o visual sem roubar a cena.<\/p>\n\n\n\n<p>Al\u00e9m disso, o movimento de beleza contempor\u00e2nea valoriza <strong>tons suaves<\/strong>, <strong>formatos mais curtos<\/strong> e <strong>harmonia com o<a href=\"https:\/\/www.sbd.org.br\/cuidados\/classificacao-dos-fototipos-de-pele\/\" target=\"_blank\" rel=\"noreferrer noopener\"> tom de pele<\/a><\/strong>. Essa mudan\u00e7a n\u00e3o elimina a francesinha, mas a transforma em vers\u00f5es <strong>mais modernas<\/strong> e <strong>discretas<\/strong>.<\/p>\n\n\n\n<p>Essa evolu\u00e7\u00e3o acontece porque o conceito de <strong>eleg\u00e2ncia<\/strong> mudou nos \u00faltimos anos. Hoje, o destaque est\u00e1 nos <strong>detalhes sutis<\/strong> que elevam o visual das m\u00e3os:<\/p>\n\n\n\n<ul class=\"wp-block-list\">\n<li><strong>Menos contraste<\/strong> e mais <strong>naturalidade<\/strong>, com pontas suavizadas<\/li>\n\n\n\n<li><strong>Acabamento leitoso<\/strong>, que cria efeito transl\u00facido e delicado<\/li>\n\n\n\n<li><strong>Tons nude sofisticados<\/strong>, alinhados ao subtom da pele<\/li>\n\n\n\n<li><strong>Formato curto ou m\u00e9dio<\/strong>, que transmite modernidade<\/li>\n\n\n\n<li><strong>Brilho equilibrado<\/strong>, sem exageros<\/li>\n<\/ul>\n\n\n\n<h2 class=\"wp-block-heading\">O que \u00e9 a microfrancesinha e por que ela transmite eleg\u00e2ncia?<\/h2>\n\n\n\n<p>A <strong>microfrancesinha<\/strong> surge como alternativa <strong>refinada<\/strong> para quem ainda aprecia o conceito tradicional, mas deseja algo mais atual. A principal diferen\u00e7a est\u00e1 na <strong>espessura da ponta<\/strong>, que se torna <strong>extremamente fina<\/strong> e <strong>delicada<\/strong>.<\/p>\n\n\n\n<p>Esse detalhe <strong>minimalista<\/strong> cria uma linha quase impercept\u00edvel, destacando o <a href=\"https:\/\/www.em.com.br\/emfoco\/2026\/01\/13\/veja-qual-formato-de-unha-combina-melhor-com-sua-mao-em-2026\/\" target=\"_blank\" rel=\"noreferrer noopener\"><strong>formato da unha<\/strong> <\/a>sem gerar contraste excessivo. O resultado \u00e9 uma apar\u00eancia <strong>limpa<\/strong>, <strong>moderna<\/strong> e <strong>sofisticada<\/strong>.<\/p>\n\n\n\n<p>Entre os principais motivos que tornam a microfrancesinha uma <strong>escolha certeira<\/strong> est\u00e3o:<\/p>\n\n\n\n<ul class=\"wp-block-list\">\n<li><strong>Discri\u00e7\u00e3o absoluta<\/strong>, ideal para ambientes profissionais<\/li>\n\n\n\n<li><strong>Versatilidade<\/strong>, combina com looks casuais e formais<\/li>\n\n\n\n<li><strong>Efeito alongador<\/strong>, principalmente em unhas curtas<\/li>\n\n\n\n<li><strong>Manuten\u00e7\u00e3o pr\u00e1tica<\/strong>, pois o crescimento fica menos evidente<\/li>\n\n\n\n<li><strong>Est\u00e9tica minimalista<\/strong>, alinhada \u00e0s tend\u00eancias atuais<\/li>\n<\/ul>\n\n\n\n<figure class=\"wp-block-image size-large\"><img loading=\"lazy\" decoding=\"async\" width=\"1024\" height=\"576\" src=\"https:\/\/www.em.com.br\/emfoco\/wp-content\/uploads\/2026\/02\/Design-sem-nome-52-1024x576.jpg\" alt=\"Adeus francesinha tradicional! O novo estilo discreto que valoriza m\u00e3os elegantes\" class=\"wp-image-173439\" srcset=\"https:\/\/www.em.com.br\/emfoco\/wp-content\/uploads\/2026\/02\/Design-sem-nome-52-1024x576.jpg 1024w, https:\/\/www.em.com.br\/emfoco\/wp-content\/uploads\/2026\/02\/Design-sem-nome-52-300x169.jpg 300w, https:\/\/www.em.com.br\/emfoco\/wp-content\/uploads\/2026\/02\/Design-sem-nome-52-768x432.jpg 768w, https:\/\/www.em.com.br\/emfoco\/wp-content\/uploads\/2026\/02\/Design-sem-nome-52-1536x864.jpg 1536w, https:\/\/www.em.com.br\/emfoco\/wp-content\/uploads\/2026\/02\/Design-sem-nome-52-2048x1152.jpg 2048w, https:\/\/www.em.com.br\/emfoco\/wp-content\/uploads\/2026\/02\/Design-sem-nome-52-750x422.jpg 750w, https:\/\/www.em.com.br\/emfoco\/wp-content\/uploads\/2026\/02\/Design-sem-nome-52-1140x641.jpg 1140w\" sizes=\"auto, (max-width: 1024px) 100vw, 1024px\" \/><figcaption class=\"wp-element-caption\">A microfrancesinha cria um visual minimalista com pontas ultrafinas<\/figcaption><\/figure>\n\n\n\n<h2 class=\"wp-block-heading\">Como a francesinha reversa e os tons nude sofisticados elevam o visual?<\/h2>\n\n\n\n<p>A <strong>francesinha reversa<\/strong> \u00e9 outra varia\u00e7\u00e3o que ganhou destaque entre as <strong>tend\u00eancias recentes<\/strong>. Em vez de destacar a ponta da unha, o detalhe aparece pr\u00f3ximo \u00e0 base, criando um efeito <strong>moderno<\/strong> e <strong>elegante<\/strong>.<\/p>\n\n\n\n<p>Quando combinada com <strong>tons nude sofisticados<\/strong>, essa t\u00e9cnica se torna ainda mais refinada. O segredo est\u00e1 em escolher nuances que harmonizem com o <strong>subtom da pele<\/strong>, criando uma composi\u00e7\u00e3o <strong>equilibrada<\/strong> e <strong>luxuosa<\/strong>.<\/p>\n\n\n\n<p>Os <strong>tons nude<\/strong> atuais v\u00e3o al\u00e9m do bege tradicional. Eles exploram varia\u00e7\u00f5es <strong>rosadas<\/strong>, <strong>am\u00eandoa<\/strong>, <strong>cappuccino<\/strong> e levemente <strong>acinzentadas<\/strong>. Essa diversidade permite <strong>personaliza\u00e7\u00e3o<\/strong> e <strong>sofistica\u00e7\u00e3o<\/strong> sem perder a <strong>naturalidade<\/strong>.<\/p>\n\n\n\n<h2 class=\"wp-block-heading\">O acabamento leitoso \u00e9 o segredo das m\u00e3os elegantes?<\/h2>\n\n\n\n<p>O <strong>acabamento leitoso<\/strong> tem sido um dos grandes protagonistas nas tend\u00eancias de unhas. Com apar\u00eancia <strong>transl\u00facida<\/strong> e <strong>suave<\/strong>, ele cria um efeito <strong>polido<\/strong> que valoriza o aspecto <strong>saud\u00e1vel<\/strong> das m\u00e3os.<\/p>\n\n\n\n<p>Diferente de esmaltes totalmente opacos ou extremamente brilhantes, o efeito leitoso equilibra <strong>luminosidade<\/strong> e <strong>naturalidade<\/strong>. Essa combina\u00e7\u00e3o transmite <strong>cuidado<\/strong>, <strong>delicadeza<\/strong> e <strong>modernidade<\/strong>.<\/p>\n\n\n\n<p>Esse estilo se destaca especialmente porque:<\/p>\n\n\n\n<ul class=\"wp-block-list\">\n<li><strong>Uniformiza a tonalidade<\/strong> das unhas de forma sutil<\/li>\n\n\n\n<li><strong>Real\u00e7a a hidrata\u00e7\u00e3o<\/strong> e o aspecto saud\u00e1vel<\/li>\n\n\n\n<li><strong>Combina com microfrancesinha<\/strong> e vers\u00f5es reversas<\/li>\n\n\n\n<li><strong>Valoriza todos os comprimentos<\/strong>, do curto ao m\u00e9dio<\/li>\n\n\n\n<li><strong>Reflete sofistica\u00e7\u00e3o discreta<\/strong>, tend\u00eancia forte atualmente<\/li>\n<\/ul>\n\n\n\n<p>A despedida da <strong>francesinha tradicional<\/strong> n\u00e3o significa abandono da eleg\u00e2ncia, mas sim uma <strong>evolu\u00e7\u00e3o est\u00e9tica<\/strong>. As novas vers\u00f5es apostam na <strong>leveza<\/strong>, na <strong>personaliza\u00e7\u00e3o<\/strong> e na <strong>harmonia<\/strong>, transformando unhas simples em um verdadeiro s\u00edmbolo de <strong>sofistica\u00e7\u00e3o contempor\u00e2nea<\/strong>.<\/p>\n","protected":false},"excerpt":{"rendered":"<p>A francesinha cl\u00e1ssica sempre foi sin\u00f4nimo de delicadeza, mas um novo estilo discreto vem conquistando espa\u00e7o entre mulheres que buscam m\u00e3os elegantes, sofisticadas e alinhadas \u00e0s tend\u00eancias atuais. A proposta \u00e9 clara, substituir contrastes marcantes por acabamentos sutis, naturais e refinados, valorizando formatos, tonalidades suaves e um visual atemporal que combina com qualquer ocasi\u00e3o. Por [&hellip;]<\/p>\n","protected":false},"author":28,"featured_media":173440,"comment_status":"open","ping_status":"open","sticky":false,"template":"","format":"standard","meta":{"jnews-multi-image_gallery":[],"jnews_single_post":{"format":"standard"},"jnews_primary_category":[],"jnews_social_meta":[],"jnews_override_counter":[],"footnotes":""},"categories":[8691],"tags":[25191,25190,25189,25192],"class_list":["post-173437","post","type-post","status-publish","format-standard","has-post-thumbnail","hentry","category-bem-estar","tag-acabamento-leitoso","tag-francesinha-reversa","tag-microfrancesinha","tag-tons-nude"],"yoast_head":"<!-- This site is optimized with the Yoast SEO plugin v23.8 - https:\/\/yoast.com\/wordpress\/plugins\/seo\/ -->\n<title>Adeus francesinha tradicional! O novo estilo discreto que valoriza m\u00e3os elegantes - Estado de Minas - Em foco<\/title>\n<meta name=\"description\" content=\"Microfrancesinha, tons nude e acabamento leitoso transformam a francesinha cl\u00e1ssica em uma tend\u00eancia minimalista e sofisticada.\" \/>\n<meta name=\"robots\" content=\"index, follow, max-snippet:-1, max-image-preview:large, max-video-preview:-1\" \/>\n<link rel=\"canonical\" href=\"https:\/\/www.em.com.br\/emfoco\/2026\/02\/24\/adeus-francesinha-tradicional-o-novo-estilo-discreto-que-valoriza-maos-elegantes\/\" \/>\n<meta property=\"og:locale\" content=\"pt_BR\" \/>\n<meta property=\"og:type\" content=\"article\" \/>\n<meta property=\"og:title\" content=\"Adeus francesinha tradicional! O novo estilo discreto que valoriza m\u00e3os elegantes - Estado de Minas - Em foco\" \/>\n<meta property=\"og:description\" content=\"Microfrancesinha, tons nude e acabamento leitoso transformam a francesinha cl\u00e1ssica em uma tend\u00eancia minimalista e sofisticada.\" \/>\n<meta property=\"og:url\" content=\"https:\/\/www.em.com.br\/emfoco\/2026\/02\/24\/adeus-francesinha-tradicional-o-novo-estilo-discreto-que-valoriza-maos-elegantes\/\" \/>\n<meta property=\"og:site_name\" content=\"Estado de Minas - Em foco\" \/>\n<meta property=\"article:published_time\" content=\"2026-02-24T21:55:00+00:00\" \/>\n<meta property=\"article:modified_time\" content=\"2026-02-24T18:47:54+00:00\" \/>\n<meta property=\"og:image\" content=\"https:\/\/www.em.com.br\/emfoco\/wp-content\/uploads\/2026\/02\/Design-sem-nome-51.jpg\" \/>\n\t<meta property=\"og:image:width\" content=\"2560\" \/>\n\t<meta property=\"og:image:height\" content=\"1440\" \/>\n\t<meta property=\"og:image:type\" content=\"image\/jpeg\" \/>\n<meta name=\"author\" content=\"Elis Gabrielle Santos Souza\" \/>\n<meta name=\"twitter:card\" content=\"summary_large_image\" \/>\n<meta name=\"twitter:label1\" content=\"Escrito por\" \/>\n\t<meta name=\"twitter:data1\" content=\"Elis Gabrielle Santos Souza\" \/>\n\t<meta name=\"twitter:label2\" content=\"Est. tempo de leitura\" \/>\n\t<meta name=\"twitter:data2\" content=\"4 minutos\" \/>\n<!-- \/ Yoast SEO plugin. -->","yoast_head_json":{"title":"Adeus francesinha tradicional! O novo estilo discreto que valoriza m\u00e3os elegantes - Estado de Minas - Em foco","description":"Microfrancesinha, tons nude e acabamento leitoso transformam a francesinha cl\u00e1ssica em uma tend\u00eancia minimalista e sofisticada.","robots":{"index":"index","follow":"follow","max-snippet":"max-snippet:-1","max-image-preview":"max-image-preview:large","max-video-preview":"max-video-preview:-1"},"canonical":"https:\/\/www.em.com.br\/emfoco\/2026\/02\/24\/adeus-francesinha-tradicional-o-novo-estilo-discreto-que-valoriza-maos-elegantes\/","og_locale":"pt_BR","og_type":"article","og_title":"Adeus francesinha tradicional! O novo estilo discreto que valoriza m\u00e3os elegantes - Estado de Minas - Em foco","og_description":"Microfrancesinha, tons nude e acabamento leitoso transformam a francesinha cl\u00e1ssica em uma tend\u00eancia minimalista e sofisticada.","og_url":"https:\/\/www.em.com.br\/emfoco\/2026\/02\/24\/adeus-francesinha-tradicional-o-novo-estilo-discreto-que-valoriza-maos-elegantes\/","og_site_name":"Estado de Minas - Em foco","article_published_time":"2026-02-24T21:55:00+00:00","article_modified_time":"2026-02-24T18:47:54+00:00","og_image":[{"width":2560,"height":1440,"url":"https:\/\/www.em.com.br\/emfoco\/wp-content\/uploads\/2026\/02\/Design-sem-nome-51.jpg","type":"image\/jpeg"}],"author":"Elis Gabrielle Santos Souza","twitter_card":"summary_large_image","twitter_misc":{"Escrito por":"Elis Gabrielle Santos Souza","Est. tempo de leitura":"4 minutos"},"schema":{"@context":"https:\/\/schema.org","@graph":[{"@type":"WebPage","@id":"https:\/\/www.em.com.br\/emfoco\/2026\/02\/24\/adeus-francesinha-tradicional-o-novo-estilo-discreto-que-valoriza-maos-elegantes\/","url":"https:\/\/www.em.com.br\/emfoco\/2026\/02\/24\/adeus-francesinha-tradicional-o-novo-estilo-discreto-que-valoriza-maos-elegantes\/","name":"Adeus francesinha tradicional! O novo estilo discreto que valoriza m\u00e3os elegantes - Estado de Minas - Em foco","isPartOf":{"@id":"https:\/\/www.em.com.br\/emfoco\/#website"},"primaryImageOfPage":{"@id":"https:\/\/www.em.com.br\/emfoco\/2026\/02\/24\/adeus-francesinha-tradicional-o-novo-estilo-discreto-que-valoriza-maos-elegantes\/#primaryimage"},"image":{"@id":"https:\/\/www.em.com.br\/emfoco\/2026\/02\/24\/adeus-francesinha-tradicional-o-novo-estilo-discreto-que-valoriza-maos-elegantes\/#primaryimage"},"thumbnailUrl":"https:\/\/www.em.com.br\/emfoco\/wp-content\/uploads\/2026\/02\/Design-sem-nome-51.jpg","datePublished":"2026-02-24T21:55:00+00:00","dateModified":"2026-02-24T18:47:54+00:00","author":{"@id":"https:\/\/www.em.com.br\/emfoco\/#\/schema\/person\/0c545bffa944f9caa147d776b5f6f1f5"},"description":"Microfrancesinha, tons nude e acabamento leitoso transformam a francesinha cl\u00e1ssica em uma tend\u00eancia minimalista e sofisticada.","breadcrumb":{"@id":"https:\/\/www.em.com.br\/emfoco\/2026\/02\/24\/adeus-francesinha-tradicional-o-novo-estilo-discreto-que-valoriza-maos-elegantes\/#breadcrumb"},"inLanguage":"pt-BR","potentialAction":[{"@type":"ReadAction","target":["https:\/\/www.em.com.br\/emfoco\/2026\/02\/24\/adeus-francesinha-tradicional-o-novo-estilo-discreto-que-valoriza-maos-elegantes\/"]}]},{"@type":"ImageObject","inLanguage":"pt-BR","@id":"https:\/\/www.em.com.br\/emfoco\/2026\/02\/24\/adeus-francesinha-tradicional-o-novo-estilo-discreto-que-valoriza-maos-elegantes\/#primaryimage","url":"https:\/\/www.em.com.br\/emfoco\/wp-content\/uploads\/2026\/02\/Design-sem-nome-51.jpg","contentUrl":"https:\/\/www.em.com.br\/emfoco\/wp-content\/uploads\/2026\/02\/Design-sem-nome-51.jpg","width":2560,"height":1440,"caption":"A francesinha tradicional est\u00e1 sendo substitu\u00edda por vers\u00f5es mais discretas"},{"@type":"BreadcrumbList","@id":"https:\/\/www.em.com.br\/emfoco\/2026\/02\/24\/adeus-francesinha-tradicional-o-novo-estilo-discreto-que-valoriza-maos-elegantes\/#breadcrumb","itemListElement":[{"@type":"ListItem","position":1,"name":"In\u00edcio","item":"https:\/\/www.em.com.br\/emfoco\/"},{"@type":"ListItem","position":2,"name":"Adeus francesinha tradicional! O novo estilo discreto que valoriza m\u00e3os elegantes"}]},{"@type":"WebSite","@id":"https:\/\/www.em.com.br\/emfoco\/#website","url":"https:\/\/www.em.com.br\/emfoco\/","name":"Estado de Minas - Em foco","description":"Acompanhe as \u00faltimas not\u00edcias e fique bem informado sobre tudo o que acontece em Minas Gerais, Brasil e no mundo.","potentialAction":[{"@type":"SearchAction","target":{"@type":"EntryPoint","urlTemplate":"https:\/\/www.em.com.br\/emfoco\/?s={search_term_string}"},"query-input":{"@type":"PropertyValueSpecification","valueRequired":true,"valueName":"search_term_string"}}],"inLanguage":"pt-BR"},{"@type":"Person","@id":"https:\/\/www.em.com.br\/emfoco\/#\/schema\/person\/0c545bffa944f9caa147d776b5f6f1f5","name":"Elis Gabrielle Santos Souza","image":{"@type":"ImageObject","inLanguage":"pt-BR","@id":"https:\/\/www.em.com.br\/emfoco\/#\/schema\/person\/image\/","url":"https:\/\/secure.gravatar.com\/avatar\/1dc86c254cebb74d9c8a14da612c52db?s=96&d=mm&r=g","contentUrl":"https:\/\/secure.gravatar.com\/avatar\/1dc86c254cebb74d9c8a14da612c52db?s=96&d=mm&r=g","caption":"Elis Gabrielle Santos Souza"},"sameAs":["https:\/\/www.em.com.br\/emfoco"],"url":"https:\/\/www.em.com.br\/emfoco\/author\/elis-myth\/"}]}},"_links":{"self":[{"href":"https:\/\/www.em.com.br\/emfoco\/wp-json\/wp\/v2\/posts\/173437","targetHints":{"allow":["GET"]}}],"collection":[{"href":"https:\/\/www.em.com.br\/emfoco\/wp-json\/wp\/v2\/posts"}],"about":[{"href":"https:\/\/www.em.com.br\/emfoco\/wp-json\/wp\/v2\/types\/post"}],"author":[{"embeddable":true,"href":"https:\/\/www.em.com.br\/emfoco\/wp-json\/wp\/v2\/users\/28"}],"replies":[{"embeddable":true,"href":"https:\/\/www.em.com.br\/emfoco\/wp-json\/wp\/v2\/comments?post=173437"}],"version-history":[{"count":1,"href":"https:\/\/www.em.com.br\/emfoco\/wp-json\/wp\/v2\/posts\/173437\/revisions"}],"predecessor-version":[{"id":173441,"href":"https:\/\/www.em.com.br\/emfoco\/wp-json\/wp\/v2\/posts\/173437\/revisions\/173441"}],"wp:featuredmedia":[{"embeddable":true,"href":"https:\/\/www.em.com.br\/emfoco\/wp-json\/wp\/v2\/media\/173440"}],"wp:attachment":[{"href":"https:\/\/www.em.com.br\/emfoco\/wp-json\/wp\/v2\/media?parent=173437"}],"wp:term":[{"taxonomy":"category","embeddable":true,"href":"https:\/\/www.em.com.br\/emfoco\/wp-json\/wp\/v2\/categories?post=173437"},{"taxonomy":"post_tag","embeddable":true,"href":"https:\/\/www.em.com.br\/emfoco\/wp-json\/wp\/v2\/tags?post=173437"}],"curies":[{"name":"wp","href":"https:\/\/api.w.org\/{rel}","templated":true}]}}