{"id":173411,"date":"2026-02-24T18:35:00","date_gmt":"2026-02-24T21:35:00","guid":{"rendered":"https:\/\/www.em.com.br\/emfoco\/?p=173411"},"modified":"2026-02-24T15:15:56","modified_gmt":"2026-02-24T18:15:56","slug":"adeus-decoracao-fria-a-tendencia-europeia-que-promete-quartos-mais-quentes-e-confortaveis-em-2026","status":"publish","type":"post","link":"https:\/\/www.em.com.br\/emfoco\/2026\/02\/24\/adeus-decoracao-fria-a-tendencia-europeia-que-promete-quartos-mais-quentes-e-confortaveis-em-2026\/","title":{"rendered":"Adeus decora\u00e7\u00e3o fria: a tend\u00eancia europeia que promete quartos mais quentes e confort\u00e1veis em 2026"},"content":{"rendered":"\n<p>A busca por um quarto mais acolhedor nunca esteve t\u00e3o em alta. Em 2026, a <strong>decora\u00e7\u00e3o quente<\/strong> inspirada no <strong>estilo europeu<\/strong> surge como resposta direta aos ambientes <strong>frios<\/strong> e minimalistas que dominaram os \u00faltimos anos, trazendo mais <strong>conforto<\/strong>, <strong>texturas envolventes<\/strong> e sensa\u00e7\u00f5es agrad\u00e1veis para dentro de casa. A proposta transforma o quarto em um verdadeiro <strong>ref\u00fagio<\/strong>, valorizando <strong>materiais naturais<\/strong>, <strong>ilumina\u00e7\u00e3o suave<\/strong> e uma atmosfera que convida ao <strong>descanso profundo<\/strong>.<\/p>\n\n\n\n<h2 class=\"wp-block-heading\">Por que a decora\u00e7\u00e3o quente est\u00e1 substituindo os quartos frios?<\/h2>\n\n\n\n<p>Os <a href=\"https:\/\/pt.wikipedia.org\/wiki\/Quarto\" target=\"_blank\" rel=\"noreferrer noopener\">quartos <\/a>com <strong>paleta neutra fria<\/strong>, excesso de cinza e poucos elementos t\u00eaxteis come\u00e7aram a perder espa\u00e7o para propostas mais <strong>afetivas<\/strong> e <strong>sensoriais<\/strong>. A tend\u00eancia europeia aposta em ambientes que despertam emo\u00e7\u00f5es, promovem <strong>bem-estar<\/strong> e criam uma sensa\u00e7\u00e3o real de <strong>abrigo<\/strong>.<\/p>\n\n\n\n<p>O foco deixa de ser apenas est\u00e9tica minimalista e passa a priorizar<a href=\"https:\/\/www.gov.br\/fundacentro\/pt-br\/comunicacao\/noticias\/noticias\/2025\/fevereiro\/iluminacao-integrativa-une-conforto-visual-e-ritmo-biologico\" target=\"_blank\" rel=\"noreferrer noopener\"> <strong>conforto visual<\/strong> <\/a>e <strong>conforto t\u00e9rmico<\/strong>. Tons terrosos, ilumina\u00e7\u00e3o amarelada e materiais naturais entram em cena para tornar o quarto mais <strong>acolhedor<\/strong> e funcional, especialmente em casas brasileiras que valorizam <strong>personalidade<\/strong>.<\/p>\n\n\n\n<p>Entre os principais elementos que explicam essa mudan\u00e7a de estilo, destacam-se:<\/p>\n\n\n\n<ul class=\"wp-block-list\">\n<li>Uso de <strong>cores quentes<\/strong> como <strong>terracota<\/strong>, <strong>bege amanteigado<\/strong> e <strong>marrom suave<\/strong><\/li>\n\n\n\n<li>Valoriza\u00e7\u00e3o de <strong>tecidos encorpados<\/strong> como <strong>linho<\/strong>, <strong>algod\u00e3o<\/strong> e <strong>veludo<\/strong><\/li>\n\n\n\n<li><strong>Ilumina\u00e7\u00e3o indireta<\/strong> com abajures e lumin\u00e1rias de <strong>luz quente<\/strong><\/li>\n\n\n\n<li>M\u00f3veis de <strong>madeira natural<\/strong> com <strong>acabamento fosco<\/strong><\/li>\n<\/ul>\n\n\n\n<h2 class=\"wp-block-heading\">Como aplicar o estilo europeu no quarto brasileiro?<\/h2>\n\n\n\n<p>Adaptar a tend\u00eancia europeia \u00e0 realidade brasileira exige <strong>equil\u00edbrio<\/strong> entre est\u00e9tica e clima. O segredo est\u00e1 em criar <strong>camadas de textura<\/strong> sem pesar o ambiente, mantendo <strong>ventila\u00e7\u00e3o<\/strong> e leveza visual, mas sem abrir m\u00e3o do <strong>aconchego<\/strong>.<\/p>\n\n\n\n<p>O quarto deve ser pensado como um espa\u00e7o de <strong>descanso absoluto<\/strong>. <strong>Cabeceiras estofadas<\/strong>, mantas sobre a cama e <strong><a href=\"https:\/\/www.em.com.br\/emfoco\/2025\/11\/03\/como-escolher-tapetes-cortinas-e-almofadas-para-ambientes-mais-acolhedores\/\" target=\"_blank\" rel=\"noreferrer noopener\">tapetes <\/a>macios<\/strong> ajudam a construir essa atmosfera, enquanto a escolha correta das cores refor\u00e7a a sensa\u00e7\u00e3o de <strong>conforto<\/strong>.<\/p>\n\n\n\n<p>Para aplicar a decora\u00e7\u00e3o quente de forma pr\u00e1tica, vale investir em:<\/p>\n\n\n\n<ul class=\"wp-block-list\">\n<li>Paredes em tons <strong>areia<\/strong>, <strong>caramelo<\/strong> ou <strong>argila clara<\/strong><\/li>\n\n\n\n<li><strong>Cortinas amplas<\/strong> que filtrem a luz natural <strong>suavemente<\/strong><\/li>\n\n\n\n<li>Roupas de cama com <strong>sobreposi\u00e7\u00e3o<\/strong> de colchas e almofadas<\/li>\n\n\n\n<li>Elementos <strong>artesanais<\/strong> que tragam <strong>identidade<\/strong> ao espa\u00e7o<\/li>\n<\/ul>\n\n\n\n<figure class=\"wp-block-image size-large\"><img loading=\"lazy\" decoding=\"async\" width=\"1024\" height=\"576\" src=\"https:\/\/www.em.com.br\/emfoco\/wp-content\/uploads\/2026\/02\/Design-sem-nome-45-1024x576.jpg\" alt=\"Adeus decora\u00e7\u00e3o fria: a tend\u00eancia europeia que promete quartos mais quentes e confort\u00e1veis em 2026\" class=\"wp-image-173420\" srcset=\"https:\/\/www.em.com.br\/emfoco\/wp-content\/uploads\/2026\/02\/Design-sem-nome-45-1024x576.jpg 1024w, https:\/\/www.em.com.br\/emfoco\/wp-content\/uploads\/2026\/02\/Design-sem-nome-45-300x169.jpg 300w, https:\/\/www.em.com.br\/emfoco\/wp-content\/uploads\/2026\/02\/Design-sem-nome-45-768x432.jpg 768w, https:\/\/www.em.com.br\/emfoco\/wp-content\/uploads\/2026\/02\/Design-sem-nome-45-1536x864.jpg 1536w, https:\/\/www.em.com.br\/emfoco\/wp-content\/uploads\/2026\/02\/Design-sem-nome-45-2048x1152.jpg 2048w, https:\/\/www.em.com.br\/emfoco\/wp-content\/uploads\/2026\/02\/Design-sem-nome-45-750x422.jpg 750w, https:\/\/www.em.com.br\/emfoco\/wp-content\/uploads\/2026\/02\/Design-sem-nome-45-1140x641.jpg 1140w\" sizes=\"auto, (max-width: 1024px) 100vw, 1024px\" \/><figcaption class=\"wp-element-caption\">Tons terrosos refor\u00e7am sensa\u00e7\u00e3o de abrigo e conforto visual<\/figcaption><\/figure>\n\n\n\n<h2 class=\"wp-block-heading\">Quais materiais e texturas trazem mais conforto ao ambiente?<\/h2>\n\n\n\n<p>O <strong>toque<\/strong> \u00e9 um dos pilares dessa tend\u00eancia. Superf\u00edcies frias e lisas d\u00e3o lugar a materiais que estimulam o contato e proporcionam sensa\u00e7\u00e3o t\u00e9rmica <strong>agrad\u00e1vel<\/strong>. A <strong>madeira<\/strong>, o <strong>linho<\/strong> e as <strong>fibras naturais<\/strong> assumem protagonismo no quarto.<\/p>\n\n\n\n<p><strong>Tapetes felpudos<\/strong>, mantas volumosas e <strong>cabeceiras acolchoadas<\/strong> criam camadas visuais que enriquecem o ambiente. A <strong>mistura de texturas<\/strong> \u00e9 essencial para evitar monotonia e transformar o quarto em um espa\u00e7o <strong>sofisticado<\/strong> e <strong>convidativo<\/strong>.<\/p>\n\n\n\n<p>Os materiais mais utilizados na decora\u00e7\u00e3o quente incluem:<\/p>\n\n\n\n<ul class=\"wp-block-list\">\n<li><strong>Madeira natural<\/strong> em tons m\u00e9dios e escuros<\/li>\n\n\n\n<li><strong>Linho<\/strong> e <strong>algod\u00e3o<\/strong> com acabamento <strong>r\u00fastico<\/strong><\/li>\n\n\n\n<li><strong>Fibras naturais<\/strong> como <strong>palha<\/strong> e <strong>rattan<\/strong><\/li>\n\n\n\n<li>Metais com acabamento <strong>dourado fosco<\/strong> ou <strong>cobre<\/strong><\/li>\n<\/ul>\n\n\n\n<h2 class=\"wp-block-heading\">Como a ilumina\u00e7\u00e3o influencia no conforto do quarto?<\/h2>\n\n\n\n<p>A <strong>ilumina\u00e7\u00e3o<\/strong> \u00e9 determinante para transformar um quarto comum em um ambiente <strong>acolhedor<\/strong>. <strong>Luz branca intensa<\/strong> tende a esfriar o espa\u00e7o, enquanto l\u00e2mpadas de tonalidade <strong>quente<\/strong> criam sensa\u00e7\u00e3o de <strong>aconchego imediato<\/strong>.<\/p>\n\n\n\n<p>Al\u00e9m da escolha da temperatura de cor, a disposi\u00e7\u00e3o das lumin\u00e1rias tamb\u00e9m faz diferen\u00e7a. Pontos de luz <strong>indireta<\/strong>, como <strong>abajures laterais<\/strong> e <strong>arandelas<\/strong>, ajudam a criar um clima <strong>intimista<\/strong> e <strong>relaxante<\/strong>.<\/p>\n\n\n\n<p>Para acertar na ilumina\u00e7\u00e3o, considere:<\/p>\n\n\n\n<ul class=\"wp-block-list\">\n<li>L\u00e2mpadas com temperatura entre <strong>2700K<\/strong> e <strong>3000K<\/strong><\/li>\n\n\n\n<li>Uso de <strong>dimmers<\/strong> para controlar a intensidade da luz<\/li>\n\n\n\n<li>Distribui\u00e7\u00e3o de <strong>pontos de luz<\/strong> em diferentes alturas<\/li>\n\n\n\n<li>Valoriza\u00e7\u00e3o da <strong>luz natural<\/strong> com cortinas <strong>transl\u00facidas<\/strong><\/li>\n<\/ul>\n\n\n\n<p>A tend\u00eancia europeia de <strong>decora\u00e7\u00e3o quente<\/strong> redefine o conceito de quarto confort\u00e1vel em 2026. Ao substituir ambientes frios por espa\u00e7os mais <strong>envolventes<\/strong>, a proposta une <strong>est\u00e9tica sofisticada<\/strong> e <strong>bem-estar real<\/strong>, criando um ref\u00fagio \u00edntimo dentro de casa. Apostar em <strong>cores quentes<\/strong>, <strong>texturas marcantes<\/strong> e <strong>ilumina\u00e7\u00e3o suave<\/strong> \u00e9 o caminho para transformar o quarto em um espa\u00e7o verdadeiramente <strong>acolhedor<\/strong> e <strong>elegante<\/strong>.<\/p>\n","protected":false},"excerpt":{"rendered":"<p>A busca por um quarto mais acolhedor nunca esteve t\u00e3o em alta. Em 2026, a decora\u00e7\u00e3o quente inspirada no estilo europeu surge como resposta direta aos ambientes frios e minimalistas que dominaram os \u00faltimos anos, trazendo mais conforto, texturas envolventes e sensa\u00e7\u00f5es agrad\u00e1veis para dentro de casa. A proposta transforma o quarto em um verdadeiro [&hellip;]<\/p>\n","protected":false},"author":28,"featured_media":173419,"comment_status":"open","ping_status":"open","sticky":false,"template":"","format":"standard","meta":{"jnews-multi-image_gallery":[],"jnews_single_post":{"format":"standard"},"jnews_primary_category":[],"jnews_social_meta":[],"jnews_override_counter":[],"footnotes":""},"categories":[8819],"tags":[25181,25179,25180,25178],"class_list":["post-173411","post","type-post","status-publish","format-standard","has-post-thumbnail","hentry","category-curiosidades","tag-cores-terrosas","tag-decoracao-quente","tag-iluminacao-quente","tag-quarto-europeu"],"yoast_head":"<!-- This site is optimized with the Yoast SEO plugin v23.8 - https:\/\/yoast.com\/wordpress\/plugins\/seo\/ -->\n<title>Adeus decora\u00e7\u00e3o fria: a tend\u00eancia europeia que promete quartos mais quentes e confort\u00e1veis em 2026 - Estado de Minas - Em foco<\/title>\n<meta name=\"description\" content=\"Decora\u00e7\u00e3o quente inspirada na Europa transforma quartos em ref\u00fagios acolhedores com cores terrosas, texturas e luz suave.\" \/>\n<meta name=\"robots\" content=\"index, follow, max-snippet:-1, max-image-preview:large, max-video-preview:-1\" \/>\n<link rel=\"canonical\" href=\"https:\/\/www.em.com.br\/emfoco\/2026\/02\/24\/adeus-decoracao-fria-a-tendencia-europeia-que-promete-quartos-mais-quentes-e-confortaveis-em-2026\/\" \/>\n<meta property=\"og:locale\" content=\"pt_BR\" \/>\n<meta property=\"og:type\" content=\"article\" \/>\n<meta property=\"og:title\" content=\"Adeus decora\u00e7\u00e3o fria: a tend\u00eancia europeia que promete quartos mais quentes e confort\u00e1veis em 2026 - Estado de Minas - Em foco\" \/>\n<meta property=\"og:description\" content=\"Decora\u00e7\u00e3o quente inspirada na Europa transforma quartos em ref\u00fagios acolhedores com cores terrosas, texturas e luz suave.\" \/>\n<meta property=\"og:url\" content=\"https:\/\/www.em.com.br\/emfoco\/2026\/02\/24\/adeus-decoracao-fria-a-tendencia-europeia-que-promete-quartos-mais-quentes-e-confortaveis-em-2026\/\" \/>\n<meta property=\"og:site_name\" content=\"Estado de Minas - Em foco\" \/>\n<meta property=\"article:published_time\" content=\"2026-02-24T21:35:00+00:00\" \/>\n<meta property=\"article:modified_time\" content=\"2026-02-24T18:15:56+00:00\" \/>\n<meta property=\"og:image\" content=\"https:\/\/www.em.com.br\/emfoco\/wp-content\/uploads\/2026\/02\/Design-sem-nome-44.jpg\" \/>\n\t<meta property=\"og:image:width\" content=\"2560\" \/>\n\t<meta property=\"og:image:height\" content=\"1440\" \/>\n\t<meta property=\"og:image:type\" content=\"image\/jpeg\" \/>\n<meta name=\"author\" content=\"Elis Gabrielle Santos Souza\" \/>\n<meta name=\"twitter:card\" content=\"summary_large_image\" \/>\n<meta name=\"twitter:label1\" content=\"Escrito por\" \/>\n\t<meta name=\"twitter:data1\" content=\"Elis Gabrielle Santos Souza\" \/>\n\t<meta name=\"twitter:label2\" content=\"Est. tempo de leitura\" \/>\n\t<meta name=\"twitter:data2\" content=\"4 minutos\" \/>\n<!-- \/ Yoast SEO plugin. -->","yoast_head_json":{"title":"Adeus decora\u00e7\u00e3o fria: a tend\u00eancia europeia que promete quartos mais quentes e confort\u00e1veis em 2026 - Estado de Minas - Em foco","description":"Decora\u00e7\u00e3o quente inspirada na Europa transforma quartos em ref\u00fagios acolhedores com cores terrosas, texturas e luz suave.","robots":{"index":"index","follow":"follow","max-snippet":"max-snippet:-1","max-image-preview":"max-image-preview:large","max-video-preview":"max-video-preview:-1"},"canonical":"https:\/\/www.em.com.br\/emfoco\/2026\/02\/24\/adeus-decoracao-fria-a-tendencia-europeia-que-promete-quartos-mais-quentes-e-confortaveis-em-2026\/","og_locale":"pt_BR","og_type":"article","og_title":"Adeus decora\u00e7\u00e3o fria: a tend\u00eancia europeia que promete quartos mais quentes e confort\u00e1veis em 2026 - Estado de Minas - Em foco","og_description":"Decora\u00e7\u00e3o quente inspirada na Europa transforma quartos em ref\u00fagios acolhedores com cores terrosas, texturas e luz suave.","og_url":"https:\/\/www.em.com.br\/emfoco\/2026\/02\/24\/adeus-decoracao-fria-a-tendencia-europeia-que-promete-quartos-mais-quentes-e-confortaveis-em-2026\/","og_site_name":"Estado de Minas - Em foco","article_published_time":"2026-02-24T21:35:00+00:00","article_modified_time":"2026-02-24T18:15:56+00:00","og_image":[{"width":2560,"height":1440,"url":"https:\/\/www.em.com.br\/emfoco\/wp-content\/uploads\/2026\/02\/Design-sem-nome-44.jpg","type":"image\/jpeg"}],"author":"Elis Gabrielle Santos Souza","twitter_card":"summary_large_image","twitter_misc":{"Escrito por":"Elis Gabrielle Santos Souza","Est. tempo de leitura":"4 minutos"},"schema":{"@context":"https:\/\/schema.org","@graph":[{"@type":"WebPage","@id":"https:\/\/www.em.com.br\/emfoco\/2026\/02\/24\/adeus-decoracao-fria-a-tendencia-europeia-que-promete-quartos-mais-quentes-e-confortaveis-em-2026\/","url":"https:\/\/www.em.com.br\/emfoco\/2026\/02\/24\/adeus-decoracao-fria-a-tendencia-europeia-que-promete-quartos-mais-quentes-e-confortaveis-em-2026\/","name":"Adeus decora\u00e7\u00e3o fria: a tend\u00eancia europeia que promete quartos mais quentes e confort\u00e1veis em 2026 - Estado de Minas - Em foco","isPartOf":{"@id":"https:\/\/www.em.com.br\/emfoco\/#website"},"primaryImageOfPage":{"@id":"https:\/\/www.em.com.br\/emfoco\/2026\/02\/24\/adeus-decoracao-fria-a-tendencia-europeia-que-promete-quartos-mais-quentes-e-confortaveis-em-2026\/#primaryimage"},"image":{"@id":"https:\/\/www.em.com.br\/emfoco\/2026\/02\/24\/adeus-decoracao-fria-a-tendencia-europeia-que-promete-quartos-mais-quentes-e-confortaveis-em-2026\/#primaryimage"},"thumbnailUrl":"https:\/\/www.em.com.br\/emfoco\/wp-content\/uploads\/2026\/02\/Design-sem-nome-44.jpg","datePublished":"2026-02-24T21:35:00+00:00","dateModified":"2026-02-24T18:15:56+00:00","author":{"@id":"https:\/\/www.em.com.br\/emfoco\/#\/schema\/person\/0c545bffa944f9caa147d776b5f6f1f5"},"description":"Decora\u00e7\u00e3o quente inspirada na Europa transforma quartos em ref\u00fagios acolhedores com cores terrosas, texturas e luz suave.","breadcrumb":{"@id":"https:\/\/www.em.com.br\/emfoco\/2026\/02\/24\/adeus-decoracao-fria-a-tendencia-europeia-que-promete-quartos-mais-quentes-e-confortaveis-em-2026\/#breadcrumb"},"inLanguage":"pt-BR","potentialAction":[{"@type":"ReadAction","target":["https:\/\/www.em.com.br\/emfoco\/2026\/02\/24\/adeus-decoracao-fria-a-tendencia-europeia-que-promete-quartos-mais-quentes-e-confortaveis-em-2026\/"]}]},{"@type":"ImageObject","inLanguage":"pt-BR","@id":"https:\/\/www.em.com.br\/emfoco\/2026\/02\/24\/adeus-decoracao-fria-a-tendencia-europeia-que-promete-quartos-mais-quentes-e-confortaveis-em-2026\/#primaryimage","url":"https:\/\/www.em.com.br\/emfoco\/wp-content\/uploads\/2026\/02\/Design-sem-nome-44.jpg","contentUrl":"https:\/\/www.em.com.br\/emfoco\/wp-content\/uploads\/2026\/02\/Design-sem-nome-44.jpg","width":2560,"height":1440,"caption":"A decora\u00e7\u00e3o quente surge como resposta ao minimalismo frio"},{"@type":"BreadcrumbList","@id":"https:\/\/www.em.com.br\/emfoco\/2026\/02\/24\/adeus-decoracao-fria-a-tendencia-europeia-que-promete-quartos-mais-quentes-e-confortaveis-em-2026\/#breadcrumb","itemListElement":[{"@type":"ListItem","position":1,"name":"In\u00edcio","item":"https:\/\/www.em.com.br\/emfoco\/"},{"@type":"ListItem","position":2,"name":"Adeus decora\u00e7\u00e3o fria: a tend\u00eancia europeia que promete quartos mais quentes e confort\u00e1veis em 2026"}]},{"@type":"WebSite","@id":"https:\/\/www.em.com.br\/emfoco\/#website","url":"https:\/\/www.em.com.br\/emfoco\/","name":"Estado de Minas - Em foco","description":"Acompanhe as \u00faltimas not\u00edcias e fique bem informado sobre tudo o que acontece em Minas Gerais, Brasil e no mundo.","potentialAction":[{"@type":"SearchAction","target":{"@type":"EntryPoint","urlTemplate":"https:\/\/www.em.com.br\/emfoco\/?s={search_term_string}"},"query-input":{"@type":"PropertyValueSpecification","valueRequired":true,"valueName":"search_term_string"}}],"inLanguage":"pt-BR"},{"@type":"Person","@id":"https:\/\/www.em.com.br\/emfoco\/#\/schema\/person\/0c545bffa944f9caa147d776b5f6f1f5","name":"Elis Gabrielle Santos Souza","image":{"@type":"ImageObject","inLanguage":"pt-BR","@id":"https:\/\/www.em.com.br\/emfoco\/#\/schema\/person\/image\/","url":"https:\/\/secure.gravatar.com\/avatar\/1dc86c254cebb74d9c8a14da612c52db?s=96&d=mm&r=g","contentUrl":"https:\/\/secure.gravatar.com\/avatar\/1dc86c254cebb74d9c8a14da612c52db?s=96&d=mm&r=g","caption":"Elis Gabrielle Santos Souza"},"sameAs":["https:\/\/www.em.com.br\/emfoco"],"url":"https:\/\/www.em.com.br\/emfoco\/author\/elis-myth\/"}]}},"_links":{"self":[{"href":"https:\/\/www.em.com.br\/emfoco\/wp-json\/wp\/v2\/posts\/173411","targetHints":{"allow":["GET"]}}],"collection":[{"href":"https:\/\/www.em.com.br\/emfoco\/wp-json\/wp\/v2\/posts"}],"about":[{"href":"https:\/\/www.em.com.br\/emfoco\/wp-json\/wp\/v2\/types\/post"}],"author":[{"embeddable":true,"href":"https:\/\/www.em.com.br\/emfoco\/wp-json\/wp\/v2\/users\/28"}],"replies":[{"embeddable":true,"href":"https:\/\/www.em.com.br\/emfoco\/wp-json\/wp\/v2\/comments?post=173411"}],"version-history":[{"count":1,"href":"https:\/\/www.em.com.br\/emfoco\/wp-json\/wp\/v2\/posts\/173411\/revisions"}],"predecessor-version":[{"id":173422,"href":"https:\/\/www.em.com.br\/emfoco\/wp-json\/wp\/v2\/posts\/173411\/revisions\/173422"}],"wp:featuredmedia":[{"embeddable":true,"href":"https:\/\/www.em.com.br\/emfoco\/wp-json\/wp\/v2\/media\/173419"}],"wp:attachment":[{"href":"https:\/\/www.em.com.br\/emfoco\/wp-json\/wp\/v2\/media?parent=173411"}],"wp:term":[{"taxonomy":"category","embeddable":true,"href":"https:\/\/www.em.com.br\/emfoco\/wp-json\/wp\/v2\/categories?post=173411"},{"taxonomy":"post_tag","embeddable":true,"href":"https:\/\/www.em.com.br\/emfoco\/wp-json\/wp\/v2\/tags?post=173411"}],"curies":[{"name":"wp","href":"https:\/\/api.w.org\/{rel}","templated":true}]}}