{"id":17338,"date":"2025-02-07T10:40:00","date_gmt":"2025-02-07T13:40:00","guid":{"rendered":"https:\/\/www.em.com.br\/emfoco\/?p=17338"},"modified":"2025-02-06T16:01:23","modified_gmt":"2025-02-06T19:01:23","slug":"ataque-cibernetico-compromete-dados-de-milhoes-no-sistema-cat-do-inss","status":"publish","type":"post","link":"https:\/\/www.em.com.br\/emfoco\/2025\/02\/07\/ataque-cibernetico-compromete-dados-de-milhoes-no-sistema-cat-do-inss\/","title":{"rendered":"Ataque cibern\u00e9tico compromete dados de milh\u00f5es no sistema CAT do INSS"},"content":{"rendered":"\n<p>O sistema de <a href=\"https:\/\/www.gov.br\/pt-br\/servicos\/registrar-comunicacao-de-acidente-de-trabalho-cat\" target=\"_blank\" rel=\"noreferrer noopener\">Cadastrar Comunica\u00e7\u00e3o de Acidente de Trabalho<\/a> (CAT), vinculado ao<a href=\"https:\/\/www.em.com.br\/emfoco\/?s=INSS\" target=\"_blank\" rel=\"noreferrer noopener\"> Instituto Nacional do Seguro Social<\/a> (<strong>INSS<\/strong>), <strong>foi alvo de um ataque cibern\u00e9tico recente<\/strong>. Este incidente pode ter resultado no<strong> vazamento de dados pessoais de milh\u00f5es de usu\u00e1rios<\/strong>. O CAT \u00e9 uma<strong> plataforma online utilizada para relatar acidentes de trabalho, doen\u00e7as ocupacionais ou mortes relacionadas ao trabalho<\/strong>, podendo ser acessada tanto por empregadores quanto por trabalhadores e seus familiares.<\/p>\n\n\n\n<p>O ataque foi divulgado por um perfil conhecido como <strong>HackManac<\/strong> em uma rede social, onde o suposto <strong>cibercriminoso<\/strong>, identificado como &#8220;Sorb&#8221;, afirmou ter explorado uma vulnerabilidade significativa no sistema. Segundo ele, a falha de seguran\u00e7a permitiu o acesso n\u00e3o autorizado aos dados dos usu\u00e1rios, expondo informa\u00e7\u00f5es sens\u00edveis.<\/p>\n\n\n\n<h2 class=\"wp-block-heading\">Quais dados foram comprometidos?<\/h2>\n\n\n\n<p>O vazamento de dados relatado pelo atacante inclui uma vasta quantidade de informa\u00e7\u00f5es pessoais e corporativas. Estima-se que cerca de 88 GB de dados tenham sido comprometidos, afetando aproximadamente 39 milh\u00f5es de registros. As informa\u00e7\u00f5es expostas incluem:<\/p>\n\n\n\n<ul class=\"wp-block-list\">\n<li>Nome da empresa e CNPJ<\/li>\n\n\n\n<li>N\u00famero telef\u00f4nico das empresas<\/li>\n\n\n\n<li>Nome completo dos trabalhadores<\/li>\n\n\n\n<li>Sexo e n\u00famero da Carteira de Trabalho e Previd\u00eancia Social (CTPS)<\/li>\n\n\n\n<li>CPF e n\u00famero de celular dos trabalhadores<\/li>\n\n\n\n<li>E-mail dos trabalhadores<\/li>\n\n\n\n<li>C\u00f3digo do registro de acidente de trabalho<\/li>\n<\/ul>\n\n\n\n<h2 class=\"wp-block-heading\">Como o ataque foi realizado?<\/h2>\n\n\n\n<p>De acordo com as informa\u00e7\u00f5es divulgadas, o ataque foi poss\u00edvel devido a uma brecha de seguran\u00e7a no sistema do CAT. <strong>O cibercriminoso &#8220;Sorb&#8221;<\/strong> afirmou ter notificado a empresa respons\u00e1vel pela seguran\u00e7a do sistema, mas alega que nenhuma a\u00e7\u00e3o efetiva foi tomada para corrigir a vulnerabilidade. <strong>Ele expressou sua frustra\u00e7\u00e3o publicamente, afirmando que a falta de resposta adequada resultou no vazamento dos dados<\/strong>.<\/p>\n\n\n\n<blockquote class=\"twitter-tweet\" data-media-max-width=\"560\"><p lang=\"ca\" dir=\"ltr\">\ud83d\udea8Data Breach Alert \ud83d\udea8<br><br>\ud83c\udde7\ud83c\uddf7Brazil &#8211; Cadastrar Comunica\u00e7\u00e3o de Acidente de Trabalho (CAT)<br><br>A potential data breach of the Cadastrar Comunica\u00e7\u00e3o de Acidente de Trabalho (CAT) service has been detected on a hacking forum: 33 million user records have reportedly been affected.\u2026 <a href=\"https:\/\/t.co\/hNcyZZq1bS\">pic.twitter.com\/hNcyZZq1bS<\/a><\/p>&mdash; HackManac (@H4ckManac) <a href=\"https:\/\/twitter.com\/H4ckManac\/status\/1887120995603169423?ref_src=twsrc%5Etfw\">February 5, 2025<\/a><\/blockquote> <script async src=\"https:\/\/platform.twitter.com\/widgets.js\" charset=\"utf-8\"><\/script>\n\n\n\n<h2 class=\"wp-block-heading\">Qual \u00e9 a resposta das autoridades?<\/h2>\n\n\n\n<p>At\u00e9 o momento, o<strong> INSS n\u00e3o se pronunciou oficialmente sobre o ataque ou as medidas que ser\u00e3o adotadas para mitigar os danos causados.<\/strong> A aus\u00eancia de um comunicado oficial gera incertezas sobre a extens\u00e3o do vazamento e as a\u00e7\u00f5es futuras para proteger os dados dos usu\u00e1rios. A expectativa \u00e9 que o \u00f3rg\u00e3o respons\u00e1vel tome provid\u00eancias para refor\u00e7ar a seguran\u00e7a do sistema e evitar novos incidentes.<\/p>\n\n\n\n<h2 class=\"wp-block-heading\">Impactos e medidas de seguran\u00e7a<\/h2>\n\n\n\n<p>O vazamento de dados de tal magnitude pode ter consequ\u00eancias significativas para os indiv\u00edduos afetados, incluindo riscos de fraudes e roubo de identidade. \u00c9 crucial que as autoridades e as empresas envolvidas tomem medidas imediatas para proteger as informa\u00e7\u00f5es pessoais dos usu\u00e1rios. Al\u00e9m disso, \u00e9 essencial que os usu\u00e1rios do sistema CAT fiquem atentos a atividades suspeitas em suas contas e considerem medidas adicionais de seguran\u00e7a, como a altera\u00e7\u00e3o de senhas e a ativa\u00e7\u00e3o de autentica\u00e7\u00e3o em duas etapas.<\/p>\n","protected":false},"excerpt":{"rendered":"<p>O sistema de Cadastrar Comunica\u00e7\u00e3o de Acidente de Trabalho (CAT), vinculado ao Instituto Nacional do Seguro Social (INSS), foi alvo de um ataque cibern\u00e9tico recente. Este incidente pode ter resultado no vazamento de dados pessoais de milh\u00f5es de usu\u00e1rios. O CAT \u00e9 uma plataforma online utilizada para relatar acidentes de trabalho, doen\u00e7as ocupacionais ou mortes [&hellip;]<\/p>\n","protected":false},"author":9,"featured_media":17398,"comment_status":"open","ping_status":"open","sticky":false,"template":"","format":"standard","meta":{"jnews-multi-image_gallery":[],"jnews_single_post":{"format":"standard"},"jnews_primary_category":[],"jnews_social_meta":[],"jnews_override_counter":[],"footnotes":""},"categories":[1,4204],"tags":[1145,1483,174,1586],"class_list":["post-17338","post","type-post","status-publish","format-standard","has-post-thumbnail","hentry","category-noticias","category-tecnologia","tag-ataque-cibernetico","tag-dados-pessoais","tag-inss","tag-seguranca-digital"],"yoast_head":"<!-- This site is optimized with the Yoast SEO plugin v23.8 - https:\/\/yoast.com\/wordpress\/plugins\/seo\/ -->\n<title>Ataque cibern\u00e9tico compromete dados de milh\u00f5es no sistema CAT do INSS<\/title>\n<meta name=\"description\" content=\"Ataque ao sistema CAT do INSS vaza dados de 39 milh\u00f5es de usu\u00e1rios. Saiba como o incidente aconteceu e os impactos para os afetados.\" \/>\n<meta name=\"robots\" content=\"index, follow, max-snippet:-1, max-image-preview:large, max-video-preview:-1\" \/>\n<link rel=\"canonical\" href=\"https:\/\/www.em.com.br\/emfoco\/2025\/02\/07\/ataque-cibernetico-compromete-dados-de-milhoes-no-sistema-cat-do-inss\/\" \/>\n<meta property=\"og:locale\" content=\"pt_BR\" \/>\n<meta property=\"og:type\" content=\"article\" \/>\n<meta property=\"og:title\" content=\"Ataque cibern\u00e9tico compromete dados de milh\u00f5es no sistema CAT do INSS\" \/>\n<meta property=\"og:description\" content=\"Ataque ao sistema CAT do INSS vaza dados de 39 milh\u00f5es de usu\u00e1rios. Saiba como o incidente aconteceu e os impactos para os afetados.\" \/>\n<meta property=\"og:url\" content=\"https:\/\/www.em.com.br\/emfoco\/2025\/02\/07\/ataque-cibernetico-compromete-dados-de-milhoes-no-sistema-cat-do-inss\/\" \/>\n<meta property=\"og:site_name\" content=\"Estado de Minas - Em foco\" \/>\n<meta property=\"article:published_time\" content=\"2025-02-07T13:40:00+00:00\" \/>\n<meta property=\"article:modified_time\" content=\"2025-02-06T19:01:23+00:00\" \/>\n<meta property=\"og:image\" content=\"https:\/\/www.em.com.br\/emfoco\/wp-content\/uploads\/2025\/02\/inss_1738864999109.jpg\" \/>\n\t<meta property=\"og:image:width\" content=\"1280\" \/>\n\t<meta property=\"og:image:height\" content=\"720\" \/>\n\t<meta property=\"og:image:type\" content=\"image\/jpeg\" \/>\n<meta name=\"author\" content=\"Daniely Cardoso\" \/>\n<meta name=\"twitter:card\" content=\"summary_large_image\" \/>\n<meta name=\"twitter:label1\" content=\"Escrito por\" \/>\n\t<meta name=\"twitter:data1\" content=\"Daniely Cardoso\" \/>\n\t<meta name=\"twitter:label2\" content=\"Est. tempo de leitura\" \/>\n\t<meta name=\"twitter:data2\" content=\"3 minutos\" \/>\n<!-- \/ Yoast SEO plugin. -->","yoast_head_json":{"title":"Ataque cibern\u00e9tico compromete dados de milh\u00f5es no sistema CAT do INSS","description":"Ataque ao sistema CAT do INSS vaza dados de 39 milh\u00f5es de usu\u00e1rios. Saiba como o incidente aconteceu e os impactos para os afetados.","robots":{"index":"index","follow":"follow","max-snippet":"max-snippet:-1","max-image-preview":"max-image-preview:large","max-video-preview":"max-video-preview:-1"},"canonical":"https:\/\/www.em.com.br\/emfoco\/2025\/02\/07\/ataque-cibernetico-compromete-dados-de-milhoes-no-sistema-cat-do-inss\/","og_locale":"pt_BR","og_type":"article","og_title":"Ataque cibern\u00e9tico compromete dados de milh\u00f5es no sistema CAT do INSS","og_description":"Ataque ao sistema CAT do INSS vaza dados de 39 milh\u00f5es de usu\u00e1rios. Saiba como o incidente aconteceu e os impactos para os afetados.","og_url":"https:\/\/www.em.com.br\/emfoco\/2025\/02\/07\/ataque-cibernetico-compromete-dados-de-milhoes-no-sistema-cat-do-inss\/","og_site_name":"Estado de Minas - Em foco","article_published_time":"2025-02-07T13:40:00+00:00","article_modified_time":"2025-02-06T19:01:23+00:00","og_image":[{"width":1280,"height":720,"url":"https:\/\/www.em.com.br\/emfoco\/wp-content\/uploads\/2025\/02\/inss_1738864999109.jpg","type":"image\/jpeg"}],"author":"Daniely Cardoso","twitter_card":"summary_large_image","twitter_misc":{"Escrito por":"Daniely Cardoso","Est. tempo de leitura":"3 minutos"},"schema":{"@context":"https:\/\/schema.org","@graph":[{"@type":"WebPage","@id":"https:\/\/www.em.com.br\/emfoco\/2025\/02\/07\/ataque-cibernetico-compromete-dados-de-milhoes-no-sistema-cat-do-inss\/","url":"https:\/\/www.em.com.br\/emfoco\/2025\/02\/07\/ataque-cibernetico-compromete-dados-de-milhoes-no-sistema-cat-do-inss\/","name":"Ataque cibern\u00e9tico compromete dados de milh\u00f5es no sistema CAT do INSS","isPartOf":{"@id":"https:\/\/www.em.com.br\/emfoco\/#website"},"primaryImageOfPage":{"@id":"https:\/\/www.em.com.br\/emfoco\/2025\/02\/07\/ataque-cibernetico-compromete-dados-de-milhoes-no-sistema-cat-do-inss\/#primaryimage"},"image":{"@id":"https:\/\/www.em.com.br\/emfoco\/2025\/02\/07\/ataque-cibernetico-compromete-dados-de-milhoes-no-sistema-cat-do-inss\/#primaryimage"},"thumbnailUrl":"https:\/\/www.em.com.br\/emfoco\/wp-content\/uploads\/2025\/02\/inss_1738864999109.jpg","datePublished":"2025-02-07T13:40:00+00:00","dateModified":"2025-02-06T19:01:23+00:00","author":{"@id":"https:\/\/www.em.com.br\/emfoco\/#\/schema\/person\/0a8186d72f2c3a5c6276d90b41f271a0"},"description":"Ataque ao sistema CAT do INSS vaza dados de 39 milh\u00f5es de usu\u00e1rios. Saiba como o incidente aconteceu e os impactos para os afetados.","breadcrumb":{"@id":"https:\/\/www.em.com.br\/emfoco\/2025\/02\/07\/ataque-cibernetico-compromete-dados-de-milhoes-no-sistema-cat-do-inss\/#breadcrumb"},"inLanguage":"pt-BR","potentialAction":[{"@type":"ReadAction","target":["https:\/\/www.em.com.br\/emfoco\/2025\/02\/07\/ataque-cibernetico-compromete-dados-de-milhoes-no-sistema-cat-do-inss\/"]}]},{"@type":"ImageObject","inLanguage":"pt-BR","@id":"https:\/\/www.em.com.br\/emfoco\/2025\/02\/07\/ataque-cibernetico-compromete-dados-de-milhoes-no-sistema-cat-do-inss\/#primaryimage","url":"https:\/\/www.em.com.br\/emfoco\/wp-content\/uploads\/2025\/02\/inss_1738864999109.jpg","contentUrl":"https:\/\/www.em.com.br\/emfoco\/wp-content\/uploads\/2025\/02\/inss_1738864999109.jpg","width":1280,"height":720,"caption":"Imagem ilustrativa do app do INSS - Cr\u00e9ditos: depositphotos.com \/ rmcarvalhobsb"},{"@type":"BreadcrumbList","@id":"https:\/\/www.em.com.br\/emfoco\/2025\/02\/07\/ataque-cibernetico-compromete-dados-de-milhoes-no-sistema-cat-do-inss\/#breadcrumb","itemListElement":[{"@type":"ListItem","position":1,"name":"In\u00edcio","item":"https:\/\/www.em.com.br\/emfoco\/"},{"@type":"ListItem","position":2,"name":"Ataque cibern\u00e9tico compromete dados de milh\u00f5es no sistema CAT do INSS"}]},{"@type":"WebSite","@id":"https:\/\/www.em.com.br\/emfoco\/#website","url":"https:\/\/www.em.com.br\/emfoco\/","name":"Estado de Minas - Em foco","description":"Acompanhe as \u00faltimas not\u00edcias e fique bem informado sobre tudo o que acontece em Minas Gerais, Brasil e no mundo.","potentialAction":[{"@type":"SearchAction","target":{"@type":"EntryPoint","urlTemplate":"https:\/\/www.em.com.br\/emfoco\/?s={search_term_string}"},"query-input":{"@type":"PropertyValueSpecification","valueRequired":true,"valueName":"search_term_string"}}],"inLanguage":"pt-BR"},{"@type":"Person","@id":"https:\/\/www.em.com.br\/emfoco\/#\/schema\/person\/0a8186d72f2c3a5c6276d90b41f271a0","name":"Daniely Cardoso","image":{"@type":"ImageObject","inLanguage":"pt-BR","@id":"https:\/\/www.em.com.br\/emfoco\/#\/schema\/person\/image\/","url":"https:\/\/secure.gravatar.com\/avatar\/4b80ddbd124d1f071b626d52d62e5dff?s=96&d=mm&r=g","contentUrl":"https:\/\/secure.gravatar.com\/avatar\/4b80ddbd124d1f071b626d52d62e5dff?s=96&d=mm&r=g","caption":"Daniely Cardoso"},"url":"https:\/\/www.em.com.br\/emfoco\/author\/danielymyth\/"}]}},"_links":{"self":[{"href":"https:\/\/www.em.com.br\/emfoco\/wp-json\/wp\/v2\/posts\/17338","targetHints":{"allow":["GET"]}}],"collection":[{"href":"https:\/\/www.em.com.br\/emfoco\/wp-json\/wp\/v2\/posts"}],"about":[{"href":"https:\/\/www.em.com.br\/emfoco\/wp-json\/wp\/v2\/types\/post"}],"author":[{"embeddable":true,"href":"https:\/\/www.em.com.br\/emfoco\/wp-json\/wp\/v2\/users\/9"}],"replies":[{"embeddable":true,"href":"https:\/\/www.em.com.br\/emfoco\/wp-json\/wp\/v2\/comments?post=17338"}],"version-history":[{"count":2,"href":"https:\/\/www.em.com.br\/emfoco\/wp-json\/wp\/v2\/posts\/17338\/revisions"}],"predecessor-version":[{"id":17402,"href":"https:\/\/www.em.com.br\/emfoco\/wp-json\/wp\/v2\/posts\/17338\/revisions\/17402"}],"wp:featuredmedia":[{"embeddable":true,"href":"https:\/\/www.em.com.br\/emfoco\/wp-json\/wp\/v2\/media\/17398"}],"wp:attachment":[{"href":"https:\/\/www.em.com.br\/emfoco\/wp-json\/wp\/v2\/media?parent=17338"}],"wp:term":[{"taxonomy":"category","embeddable":true,"href":"https:\/\/www.em.com.br\/emfoco\/wp-json\/wp\/v2\/categories?post=17338"},{"taxonomy":"post_tag","embeddable":true,"href":"https:\/\/www.em.com.br\/emfoco\/wp-json\/wp\/v2\/tags?post=17338"}],"curies":[{"name":"wp","href":"https:\/\/api.w.org\/{rel}","templated":true}]}}