{"id":173362,"date":"2026-02-25T19:05:00","date_gmt":"2026-02-25T22:05:00","guid":{"rendered":"https:\/\/www.em.com.br\/emfoco\/?p=173362"},"modified":"2026-02-24T14:59:26","modified_gmt":"2026-02-24T17:59:26","slug":"como-usar-o-creme-da-lata-azul-sem-pesar-na-pele-e-aproveitar-todo-o-potencial","status":"publish","type":"post","link":"https:\/\/www.em.com.br\/emfoco\/2026\/02\/25\/como-usar-o-creme-da-lata-azul-sem-pesar-na-pele-e-aproveitar-todo-o-potencial\/","title":{"rendered":"Como usar o creme da lata azul sem pesar na pele e aproveitar todo o potencial"},"content":{"rendered":"\n<p><strong>Creme Nivea lata azul<\/strong> \u00e9 um cl\u00e1ssico que quase todo mundo tem no arm\u00e1rio, mas poucos aproveitam todo o seu potencial al\u00e9m de passar no cotovelo. Esse hidratante baratinho funciona como um verdadeiro coringa no skincare, servindo at\u00e9 para tirar aquela maquiagem pesada sem agredir o rosto.<\/p>\n\n\n\n<h2 class=\"wp-block-heading\">Por que esse hidratante cl\u00e1ssico protege tanto a pele?<\/h2>\n\n\n\n<p>O segredo est\u00e1 na f\u00f3rmula cheia de <strong>lanolina<\/strong> e <strong>petrolatos<\/strong>, que criam uma barreira protetora contra o vento e a polui\u00e7\u00e3o. Ele n\u00e3o coloca \u00e1gua na sua pele, mas impede que a umidade natural evapore, mantendo o rosto macio por muito mais tempo.<\/p>\n\n\n\n<p>Essa a\u00e7\u00e3o oclusiva \u00e9 o que garante a recupera\u00e7\u00e3o da <strong>barreira cut\u00e2nea<\/strong> em dias de frio ou quando a pele est\u00e1 sens\u00edvel. Por ser um produto mais pesado, ele \u00e9 o melhor amigo de quem sofre com o <strong>ressecamento extremo<\/strong> e quer um al\u00edvio r\u00e1pido sem gastar uma fortuna.<\/p>\n\n\n<div class=\"wp-block-image\">\n<figure class=\"aligncenter size-large\"><img loading=\"lazy\" decoding=\"async\" width=\"1024\" height=\"576\" src=\"https:\/\/www.em.com.br\/emfoco\/wp-content\/uploads\/2026\/01\/creme_1767817401044-1024x576.jpg\" alt=\"Nova fase da Dove investe em ci\u00eancia, autoestima e cuidados com a pele\" class=\"wp-image-151991\" srcset=\"https:\/\/www.em.com.br\/emfoco\/wp-content\/uploads\/2026\/01\/creme_1767817401044-1024x576.jpg 1024w, https:\/\/www.em.com.br\/emfoco\/wp-content\/uploads\/2026\/01\/creme_1767817401044-300x169.jpg 300w, https:\/\/www.em.com.br\/emfoco\/wp-content\/uploads\/2026\/01\/creme_1767817401044-768x432.jpg 768w, https:\/\/www.em.com.br\/emfoco\/wp-content\/uploads\/2026\/01\/creme_1767817401044-750x422.jpg 750w, https:\/\/www.em.com.br\/emfoco\/wp-content\/uploads\/2026\/01\/creme_1767817401044-1140x641.jpg 1140w, https:\/\/www.em.com.br\/emfoco\/wp-content\/uploads\/2026\/01\/creme_1767817401044.jpg 1280w\" sizes=\"auto, (max-width: 1024px) 100vw, 1024px\" \/><figcaption class=\"wp-element-caption\">Creme hidratante da lata azul limpa e hidrata a pele de forma &#8211; Cr\u00e9ditos: depositphotos.com \/ SashaKhalabuzar<\/figcaption><\/figure><\/div>\n\n\n<h2 class=\"wp-block-heading\">Como usar o creme como um cleansing balm caseiro?<\/h2>\n\n\n\n<p>A regra na qu\u00edmica \u00e9 simples: gordura dissolve gordura, ent\u00e3o a base oleosa do creme consegue derreter o <strong>protetor solar<\/strong> e a base rapidinho. Basta aplicar um pouco da latinha no rosto seco e fazer movimentos circulares para a sujeira desmanchar na hora.<\/p>\n\n\n\n<p>D\u00ea uma olhada no passo a passo para fazer essa limpeza profunda usando o seu <strong>Creme Nivea lata azul<\/strong>:<\/p>\n\n\n\n<ul class=\"wp-block-list\">\n<li>Pegue uma pequena quantidade do produto com os dedos limpos.<\/li>\n\n\n\n<li>Massageie o rosto com cuidado para soltar a <strong>maquiagem<\/strong>.<\/li>\n\n\n\n<li>Retire o excesso com um disco de <strong>algod\u00e3o<\/strong> ou toalha macia.<\/li>\n\n\n\n<li>Finalize lavando com seu sabonete facial para tirar o res\u00edduo gorduroso.<\/li>\n<\/ul>\n\n\n\n<h2 class=\"wp-block-heading\">Qual a diferen\u00e7a entre o Nivea e o famoso creme franc\u00eas?<\/h2>\n\n\n\n<p>Muita gente compara o nosso baratinho com o <strong>Embryolisse<\/strong>, um hidratante de luxo muito usado por maquiadores famosos. Embora o importado tenha uma textura mais leve e ingredientes como <strong>aloe vera<\/strong>, a l\u00f3gica de funcionamento dos dois \u00e9 bem pr\u00f3xima no dia a dia.<\/p>\n\n\n\n<div class=\"google-auto-ads-ignore\" style=\"box-sizing: border-box; display: flex; flex-direction: column; width: 100%; max-width: 800px; margin: 30px auto; background-color: #fffaf5; color: #3d2b1f; border-radius: 4px; overflow: hidden; font-family: 'Times New Roman', serif; box-shadow: 0 12px 35px rgba(61, 43, 31, 0.15); border: 1px solid #d4a373; position: relative; z-index: 5;\">\n\n  <div style=\"background-color: #3d2b1f; padding: 45px 25px; border-bottom: 2px solid #d4a373; text-align: center;\">\n    <h2 style=\"margin: 0; color: #d4a373; font-size: 1.6rem; font-weight: 300; letter-spacing: 2px;\">Compare as principais caracter\u00edsticas entre duas op\u00e7\u00f5es de hidratantes que fazem sucesso<\/h2>\n    <div style=\"font-size: 0.85rem; margin-top: 15px; color: #f5e1da; opacity: 0.8; letter-spacing: 1px; text-transform: uppercase;\">Uma an\u00e1lise t\u00e9cnica entre cl\u00e1ssicos da cosmetologia<\/div>\n  <\/div>\n\n  <div style=\"padding: 30px; display: flex; flex-wrap: wrap; gap: 25px; background-color: #fffaf5;\">\n    \n    <div style=\"flex: 1 1 300px; background-color: #ffffff; padding: 25px; border: 1px solid #ede0d4; box-shadow: 0 4px 15px rgba(61, 43, 31, 0.05);\">\n      <h3 style=\"margin: 0 0 20px 0; color: #3d2b1f; font-size: 1.2rem; font-weight: 600; border-bottom: 1px solid #d4a373; padding-bottom: 10px; letter-spacing: 0.5px;\">\n        Creme Nivea\n      <\/h3>\n      \n      <div style=\"margin-bottom: 18px;\">\n        <strong style=\"display: block; font-size: 0.75rem; color: #a68a64; text-transform: uppercase; letter-spacing: 1px; margin-bottom: 5px;\">Textura<\/strong>\n        <div style=\"font-size: 1.05rem; font-weight: 400; color: #3d2b1f;\">Espessa e densa<\/div>\n      <\/div>\n\n      <div style=\"margin-bottom: 18px;\">\n        <strong style=\"display: block; font-size: 0.75rem; color: #a68a64; text-transform: uppercase; letter-spacing: 1px; margin-bottom: 5px;\">Principais ativos<\/strong>\n        <div style=\"font-size: 1.05rem; font-weight: 400; color: #3d2b1f;\">Lanolina e Glicerina<\/div>\n      <\/div>\n\n      <div>\n        <strong style=\"display: block; font-size: 0.75rem; color: #a68a64; text-transform: uppercase; letter-spacing: 1px; margin-bottom: 5px;\">Pre\u00e7o m\u00e9dio<\/strong>\n        <div style=\"font-size: 1.1rem; font-weight: 600; color: #3d2b1f;\">R$ 20,00<\/div>\n      <\/div>\n    <\/div>\n\n    <div style=\"flex: 1 1 300px; background-color: #ffffff; padding: 25px; border: 1px solid #ede0d4; box-shadow: 0 4px 15px rgba(61, 43, 31, 0.05);\">\n      <h3 style=\"margin: 0 0 20px 0; color: #3d2b1f; font-size: 1.2rem; font-weight: 600; border-bottom: 1px solid #d4a373; padding-bottom: 10px; letter-spacing: 0.5px;\">\n        Embryolisse\n      <\/h3>\n      \n      <div style=\"margin-bottom: 18px;\">\n        <strong style=\"display: block; font-size: 0.75rem; color: #a68a64; text-transform: uppercase; letter-spacing: 1px; margin-bottom: 5px;\">Textura<\/strong>\n        <div style=\"font-size: 1.05rem; font-weight: 400; color: #3d2b1f;\">Fluida e leve<\/div>\n      <\/div>\n\n      <div style=\"margin-bottom: 18px;\">\n        <strong style=\"display: block; font-size: 0.75rem; color: #a68a64; text-transform: uppercase; letter-spacing: 1px; margin-bottom: 5px;\">Principais ativos<\/strong>\n        <div style=\"font-size: 1.05rem; font-weight: 400; color: #3d2b1f;\">Manteiga de Karit\u00e9<\/div>\n      <\/div>\n\n      <div>\n        <strong style=\"display: block; font-size: 0.75rem; color: #a68a64; text-transform: uppercase; letter-spacing: 1px; margin-bottom: 5px;\">Pre\u00e7o m\u00e9dio<\/strong>\n        <div style=\"font-size: 1.1rem; font-weight: 600; color: #3d2b1f;\">R$ 150,00<\/div>\n      <\/div>\n    <\/div>\n\n  <\/div>\n\n  <div style=\"padding: 20px; text-align: center; background-color: #f5ebe0; border-top: 1px solid #ede0d4;\">\n    <div style=\"font-size: 0.8rem; color: #7f5539; font-style: italic; letter-spacing: 0.5px;\">Curadoria de cuidados para uma pele impec\u00e1vel e bem nutrida<\/div>\n  <\/div>\n<\/div>\n\n\n\n<h2 class=\"wp-block-heading\">Vale a pena fazer uma m\u00e1scara de hidrata\u00e7\u00e3o intensiva?<\/h2>\n\n\n\n<p>Nos dias em que a pele parece sem vida ou est\u00e1 descamando, aplicar uma camada generosa do produto funciona como um tratamento de choque. Deixe o creme agir por uns <strong>30 minutos<\/strong> como se fosse uma m\u00e1scara facial e depois remova o que sobrar com \u00e1gua morna.<\/p>\n\n\n\n<p>Essa t\u00e9cnica ajuda a selar os nutrientes e devolve o <strong>vi\u00e7o natural<\/strong> da pele cansada de forma imediata. \u00c9 um truque de mestre para quem quer acordar com o rosto de porcelana sem precisar de produtos caros ou processos complicados no banheiro.<\/p>\n\n\n\n<p>Leia mais: <a href=\"https:\/\/www.em.com.br\/emgiro\/2026\/02\/7356373-o-que-significa-o-fator-que-vem-nos-protetores-solares.html\" target=\"_blank\" rel=\"noreferrer noopener\">O que significa o fator que vem nos protetores solares?<\/a><\/p>\n\n\n\n<h2 class=\"wp-block-heading\">Quais cuidados tomar antes de passar o creme no rosto?<\/h2>\n\n\n\n<p>Mesmo sendo um produto seguro e testado h\u00e1 d\u00e9cadas, quem tem <strong>pele oleosa<\/strong> ou tend\u00eancia a acne deve ter cautela. Como ele \u00e9 muito denso, pode acabar entupindo os poros se voc\u00ea n\u00e3o fizer uma limpeza bem feita logo depois do uso como demaquilante.<\/p>\n\n\n\n<p>Sempre fa\u00e7a um teste em uma pequena \u00e1rea do pesco\u00e7o para garantir que o <strong>perfume da f\u00f3rmula<\/strong> n\u00e3o vai causar irrita\u00e7\u00e3o. Se a sua pele for seca ou madura, pode usar sem medo para garantir aquele toque aveludado que s\u00f3 a <strong>latinha azul<\/strong> entrega.<\/p>\n","protected":false},"excerpt":{"rendered":"<p>Creme Nivea lata azul \u00e9 um cl\u00e1ssico que quase todo mundo tem no arm\u00e1rio, mas poucos aproveitam todo o seu potencial al\u00e9m de passar no cotovelo. Esse hidratante baratinho funciona como um verdadeiro coringa no skincare, servindo at\u00e9 para tirar aquela maquiagem pesada sem agredir o rosto. Por que esse hidratante cl\u00e1ssico protege tanto a [&hellip;]<\/p>\n","protected":false},"author":20,"featured_media":173407,"comment_status":"open","ping_status":"open","sticky":false,"template":"","format":"standard","meta":{"jnews-multi-image_gallery":[],"jnews_single_post":{"format":"standard"},"jnews_primary_category":[],"jnews_social_meta":[],"jnews_override_counter":[],"footnotes":""},"categories":[8819,20108],"tags":[7618,9100,12306],"class_list":["post-173362","post","type-post","status-publish","format-standard","has-post-thumbnail","hentry","category-curiosidades","category-noticia","tag-creme","tag-hidratante","tag-pele-2"],"yoast_head":"<!-- This site is optimized with the Yoast SEO plugin v23.8 - https:\/\/yoast.com\/wordpress\/plugins\/seo\/ -->\n<title>Como usar o creme da lata azul sem pesar na pele e aproveitar todo o potencial - Estado de Minas - Em foco<\/title>\n<meta name=\"description\" content=\"Veja como a barreira protetora do creme evita o ressecamento extremo no dia a dia. Descubra por que esse item antigo ainda \u00e9 o favorito dos maquiadores.\" \/>\n<meta name=\"robots\" content=\"index, follow, max-snippet:-1, max-image-preview:large, max-video-preview:-1\" \/>\n<link rel=\"canonical\" href=\"https:\/\/www.em.com.br\/emfoco\/2026\/02\/25\/como-usar-o-creme-da-lata-azul-sem-pesar-na-pele-e-aproveitar-todo-o-potencial\/\" \/>\n<meta property=\"og:locale\" content=\"pt_BR\" \/>\n<meta property=\"og:type\" content=\"article\" \/>\n<meta property=\"og:title\" content=\"Como usar o creme da lata azul sem pesar na pele e aproveitar todo o potencial - Estado de Minas - Em foco\" \/>\n<meta property=\"og:description\" content=\"Veja como a barreira protetora do creme evita o ressecamento extremo no dia a dia. Descubra por que esse item antigo ainda \u00e9 o favorito dos maquiadores.\" \/>\n<meta property=\"og:url\" content=\"https:\/\/www.em.com.br\/emfoco\/2026\/02\/25\/como-usar-o-creme-da-lata-azul-sem-pesar-na-pele-e-aproveitar-todo-o-potencial\/\" \/>\n<meta property=\"og:site_name\" content=\"Estado de Minas - Em foco\" \/>\n<meta property=\"article:published_time\" content=\"2026-02-25T22:05:00+00:00\" \/>\n<meta property=\"article:modified_time\" content=\"2026-02-24T17:59:26+00:00\" \/>\n<meta property=\"og:image\" content=\"https:\/\/www.em.com.br\/emfoco\/wp-content\/uploads\/2026\/02\/creme-lata-azul-hidratante.png\" \/>\n\t<meta property=\"og:image:width\" content=\"1280\" \/>\n\t<meta property=\"og:image:height\" content=\"720\" \/>\n\t<meta property=\"og:image:type\" content=\"image\/png\" \/>\n<meta name=\"author\" content=\"Ingrid Diniz\" \/>\n<meta name=\"twitter:card\" content=\"summary_large_image\" \/>\n<meta name=\"twitter:label1\" content=\"Escrito por\" \/>\n\t<meta name=\"twitter:data1\" content=\"Ingrid Diniz\" \/>\n\t<meta name=\"twitter:label2\" content=\"Est. tempo de leitura\" \/>\n\t<meta name=\"twitter:data2\" content=\"4 minutos\" \/>\n<!-- \/ Yoast SEO plugin. -->","yoast_head_json":{"title":"Como usar o creme da lata azul sem pesar na pele e aproveitar todo o potencial - Estado de Minas - Em foco","description":"Veja como a barreira protetora do creme evita o ressecamento extremo no dia a dia. Descubra por que esse item antigo ainda \u00e9 o favorito dos maquiadores.","robots":{"index":"index","follow":"follow","max-snippet":"max-snippet:-1","max-image-preview":"max-image-preview:large","max-video-preview":"max-video-preview:-1"},"canonical":"https:\/\/www.em.com.br\/emfoco\/2026\/02\/25\/como-usar-o-creme-da-lata-azul-sem-pesar-na-pele-e-aproveitar-todo-o-potencial\/","og_locale":"pt_BR","og_type":"article","og_title":"Como usar o creme da lata azul sem pesar na pele e aproveitar todo o potencial - Estado de Minas - Em foco","og_description":"Veja como a barreira protetora do creme evita o ressecamento extremo no dia a dia. Descubra por que esse item antigo ainda \u00e9 o favorito dos maquiadores.","og_url":"https:\/\/www.em.com.br\/emfoco\/2026\/02\/25\/como-usar-o-creme-da-lata-azul-sem-pesar-na-pele-e-aproveitar-todo-o-potencial\/","og_site_name":"Estado de Minas - Em foco","article_published_time":"2026-02-25T22:05:00+00:00","article_modified_time":"2026-02-24T17:59:26+00:00","og_image":[{"width":1280,"height":720,"url":"https:\/\/www.em.com.br\/emfoco\/wp-content\/uploads\/2026\/02\/creme-lata-azul-hidratante.png","type":"image\/png"}],"author":"Ingrid Diniz","twitter_card":"summary_large_image","twitter_misc":{"Escrito por":"Ingrid Diniz","Est. tempo de leitura":"4 minutos"},"schema":{"@context":"https:\/\/schema.org","@graph":[{"@type":"WebPage","@id":"https:\/\/www.em.com.br\/emfoco\/2026\/02\/25\/como-usar-o-creme-da-lata-azul-sem-pesar-na-pele-e-aproveitar-todo-o-potencial\/","url":"https:\/\/www.em.com.br\/emfoco\/2026\/02\/25\/como-usar-o-creme-da-lata-azul-sem-pesar-na-pele-e-aproveitar-todo-o-potencial\/","name":"Como usar o creme da lata azul sem pesar na pele e aproveitar todo o potencial - Estado de Minas - Em foco","isPartOf":{"@id":"https:\/\/www.em.com.br\/emfoco\/#website"},"primaryImageOfPage":{"@id":"https:\/\/www.em.com.br\/emfoco\/2026\/02\/25\/como-usar-o-creme-da-lata-azul-sem-pesar-na-pele-e-aproveitar-todo-o-potencial\/#primaryimage"},"image":{"@id":"https:\/\/www.em.com.br\/emfoco\/2026\/02\/25\/como-usar-o-creme-da-lata-azul-sem-pesar-na-pele-e-aproveitar-todo-o-potencial\/#primaryimage"},"thumbnailUrl":"https:\/\/www.em.com.br\/emfoco\/wp-content\/uploads\/2026\/02\/creme-lata-azul-hidratante.png","datePublished":"2026-02-25T22:05:00+00:00","dateModified":"2026-02-24T17:59:26+00:00","author":{"@id":"https:\/\/www.em.com.br\/emfoco\/#\/schema\/person\/649e610b4eb8fff87ff394e54fe17b2b"},"description":"Veja como a barreira protetora do creme evita o ressecamento extremo no dia a dia. Descubra por que esse item antigo ainda \u00e9 o favorito dos maquiadores.","breadcrumb":{"@id":"https:\/\/www.em.com.br\/emfoco\/2026\/02\/25\/como-usar-o-creme-da-lata-azul-sem-pesar-na-pele-e-aproveitar-todo-o-potencial\/#breadcrumb"},"inLanguage":"pt-BR","potentialAction":[{"@type":"ReadAction","target":["https:\/\/www.em.com.br\/emfoco\/2026\/02\/25\/como-usar-o-creme-da-lata-azul-sem-pesar-na-pele-e-aproveitar-todo-o-potencial\/"]}]},{"@type":"ImageObject","inLanguage":"pt-BR","@id":"https:\/\/www.em.com.br\/emfoco\/2026\/02\/25\/como-usar-o-creme-da-lata-azul-sem-pesar-na-pele-e-aproveitar-todo-o-potencial\/#primaryimage","url":"https:\/\/www.em.com.br\/emfoco\/wp-content\/uploads\/2026\/02\/creme-lata-azul-hidratante.png","contentUrl":"https:\/\/www.em.com.br\/emfoco\/wp-content\/uploads\/2026\/02\/creme-lata-azul-hidratante.png","width":1280,"height":720,"caption":"Creme hidratante da lata azul limpa e hidrata a pele de forma"},{"@type":"BreadcrumbList","@id":"https:\/\/www.em.com.br\/emfoco\/2026\/02\/25\/como-usar-o-creme-da-lata-azul-sem-pesar-na-pele-e-aproveitar-todo-o-potencial\/#breadcrumb","itemListElement":[{"@type":"ListItem","position":1,"name":"In\u00edcio","item":"https:\/\/www.em.com.br\/emfoco\/"},{"@type":"ListItem","position":2,"name":"Como usar o creme da lata azul sem pesar na pele e aproveitar todo o potencial"}]},{"@type":"WebSite","@id":"https:\/\/www.em.com.br\/emfoco\/#website","url":"https:\/\/www.em.com.br\/emfoco\/","name":"Estado de Minas - Em foco","description":"Acompanhe as \u00faltimas not\u00edcias e fique bem informado sobre tudo o que acontece em Minas Gerais, Brasil e no mundo.","potentialAction":[{"@type":"SearchAction","target":{"@type":"EntryPoint","urlTemplate":"https:\/\/www.em.com.br\/emfoco\/?s={search_term_string}"},"query-input":{"@type":"PropertyValueSpecification","valueRequired":true,"valueName":"search_term_string"}}],"inLanguage":"pt-BR"},{"@type":"Person","@id":"https:\/\/www.em.com.br\/emfoco\/#\/schema\/person\/649e610b4eb8fff87ff394e54fe17b2b","name":"Ingrid Diniz","image":{"@type":"ImageObject","inLanguage":"pt-BR","@id":"https:\/\/www.em.com.br\/emfoco\/#\/schema\/person\/image\/","url":"https:\/\/secure.gravatar.com\/avatar\/a3baa1449ec5c39b4c42babc9d4f3951?s=96&d=mm&r=g","contentUrl":"https:\/\/secure.gravatar.com\/avatar\/a3baa1449ec5c39b4c42babc9d4f3951?s=96&d=mm&r=g","caption":"Ingrid Diniz"},"sameAs":["https:\/\/www.em.com.br\/"],"url":"https:\/\/www.em.com.br\/emfoco\/author\/ingridmyth\/"}]}},"_links":{"self":[{"href":"https:\/\/www.em.com.br\/emfoco\/wp-json\/wp\/v2\/posts\/173362","targetHints":{"allow":["GET"]}}],"collection":[{"href":"https:\/\/www.em.com.br\/emfoco\/wp-json\/wp\/v2\/posts"}],"about":[{"href":"https:\/\/www.em.com.br\/emfoco\/wp-json\/wp\/v2\/types\/post"}],"author":[{"embeddable":true,"href":"https:\/\/www.em.com.br\/emfoco\/wp-json\/wp\/v2\/users\/20"}],"replies":[{"embeddable":true,"href":"https:\/\/www.em.com.br\/emfoco\/wp-json\/wp\/v2\/comments?post=173362"}],"version-history":[{"count":1,"href":"https:\/\/www.em.com.br\/emfoco\/wp-json\/wp\/v2\/posts\/173362\/revisions"}],"predecessor-version":[{"id":173408,"href":"https:\/\/www.em.com.br\/emfoco\/wp-json\/wp\/v2\/posts\/173362\/revisions\/173408"}],"wp:featuredmedia":[{"embeddable":true,"href":"https:\/\/www.em.com.br\/emfoco\/wp-json\/wp\/v2\/media\/173407"}],"wp:attachment":[{"href":"https:\/\/www.em.com.br\/emfoco\/wp-json\/wp\/v2\/media?parent=173362"}],"wp:term":[{"taxonomy":"category","embeddable":true,"href":"https:\/\/www.em.com.br\/emfoco\/wp-json\/wp\/v2\/categories?post=173362"},{"taxonomy":"post_tag","embeddable":true,"href":"https:\/\/www.em.com.br\/emfoco\/wp-json\/wp\/v2\/tags?post=173362"}],"curies":[{"name":"wp","href":"https:\/\/api.w.org\/{rel}","templated":true}]}}