{"id":173353,"date":"2026-02-24T14:35:00","date_gmt":"2026-02-24T17:35:00","guid":{"rendered":"https:\/\/www.em.com.br\/emfoco\/?p=173353"},"modified":"2026-02-24T14:31:05","modified_gmt":"2026-02-24T17:31:05","slug":"por-que-voce-nao-deve-usar-tops-curtos-shorts-ou-leggings-ao-viajar-de-aviao","status":"publish","type":"post","link":"https:\/\/www.em.com.br\/emfoco\/2026\/02\/24\/por-que-voce-nao-deve-usar-tops-curtos-shorts-ou-leggings-ao-viajar-de-aviao\/","title":{"rendered":"Por que voc\u00ea n\u00e3o deve usar tops curtos, shorts ou leggings ao viajar de avi\u00e3o?"},"content":{"rendered":"\n<p>Escolher a roupa para viajar de avi\u00e3o parece uma decis\u00e3o trivial, guiada apenas pelo conforto ou pelo estilo. Mas h\u00e1 raz\u00f5es pr\u00e1ticas e concretas pelas quais profissionais da avia\u00e7\u00e3o recomendam evitar determinadas pe\u00e7as durante o voo, e elas v\u00e3o muito al\u00e9m da etiqueta ou da prefer\u00eancia pessoal. Tops curtos, shorts e leggings de fibra sint\u00e9tica podem representar riscos reais em situa\u00e7\u00f5es de emerg\u00eancia e tamb\u00e9m expor o corpo a condi\u00e7\u00f5es nada agrad\u00e1veis durante o trajeto. Entender o porqu\u00ea dessas recomenda\u00e7\u00f5es muda completamente a forma de montar o look de aeroporto.<\/p>\n\n\n\n<h2 class=\"wp-block-heading\">Por que shorts e roupas curtas s\u00e3o desaconselhados em voos?<\/h2>\n\n\n\n<p>O principal argumento contra o uso de shorts em avi\u00f5es tem a ver com seguran\u00e7a em evacua\u00e7\u00f5es de emerg\u00eancia. Quando uma aeronave precisa ser evacuada em solo, os passageiros utilizam o escorregador infl\u00e1vel de emerg\u00eancia, um equipamento que atinge velocidades e temperaturas suficientes para causar queimaduras s\u00e9rias na pele exposta. Com pernas descobertas, o atrito com a superf\u00edcie do equipamento pode provocar les\u00f5es dolorosas que pioram consideravelmente a situa\u00e7\u00e3o de quem tenta se afastar rapidamente da aeronave.<\/p>\n\n\n\n<p>H\u00e1 ainda o fator higiene, frequentemente subestimado. Os assentos dos avi\u00f5es s\u00e3o superf\u00edcies altamente utilizadas e nem sempre higienizadas com a frequ\u00eancia que os passageiros imaginariam. Sentar com pernas e coxas diretamente em contato com o estofado aumenta a exposi\u00e7\u00e3o a bact\u00e9rias e germes acumulados ao longo de m\u00faltiplos voos. <a href=\"https:\/\/www.em.com.br\/emfoco\/2026\/02\/24\/conforto-virou-prioridade-calcados-baixos-que-substituem-saltos-sem-perder-elegancia\/\" target=\"_blank\" rel=\"noreferrer noopener\">Cal\u00e7as compridas<\/a>, mesmo leves, criam uma barreira simples que reduz esse contato.<\/p>\n\n\n<div class=\"wp-block-image\">\n<figure class=\"aligncenter size-large\"><img loading=\"lazy\" decoding=\"async\" width=\"1024\" height=\"584\" src=\"https:\/\/www.em.com.br\/emfoco\/wp-content\/uploads\/2026\/02\/freepik__passageiro-caminhando-pelo-corredor-de-um-avio-usa__46798-1024x584.png\" alt=\"Por que voc\u00ea n\u00e3o deve usar tops curtos, shorts ou leggings ao viajar de avi\u00e3o?\" class=\"wp-image-173375\" srcset=\"https:\/\/www.em.com.br\/emfoco\/wp-content\/uploads\/2026\/02\/freepik__passageiro-caminhando-pelo-corredor-de-um-avio-usa__46798-1024x584.png 1024w, https:\/\/www.em.com.br\/emfoco\/wp-content\/uploads\/2026\/02\/freepik__passageiro-caminhando-pelo-corredor-de-um-avio-usa__46798-300x171.png 300w, https:\/\/www.em.com.br\/emfoco\/wp-content\/uploads\/2026\/02\/freepik__passageiro-caminhando-pelo-corredor-de-um-avio-usa__46798-768x438.png 768w, https:\/\/www.em.com.br\/emfoco\/wp-content\/uploads\/2026\/02\/freepik__passageiro-caminhando-pelo-corredor-de-um-avio-usa__46798-750x428.png 750w, https:\/\/www.em.com.br\/emfoco\/wp-content\/uploads\/2026\/02\/freepik__passageiro-caminhando-pelo-corredor-de-um-avio-usa__46798-1140x650.png 1140w, https:\/\/www.em.com.br\/emfoco\/wp-content\/uploads\/2026\/02\/freepik__passageiro-caminhando-pelo-corredor-de-um-avio-usa__46798.png 1280w\" sizes=\"auto, (max-width: 1024px) 100vw, 1024px\" \/><figcaption class=\"wp-element-caption\">O principal argumento contra o uso de shorts em avi\u00f5es tem a ver com seguran\u00e7a em evacua\u00e7\u00f5es de emerg\u00eancia<\/figcaption><\/figure><\/div>\n\n\n<h2 class=\"wp-block-heading\">Qual \u00e9 o risco espec\u00edfico das leggings de fibra sint\u00e9tica?<\/h2>\n\n\n\n<p>As leggings s\u00e3o uma das pe\u00e7as mais populares entre quem viaja de avi\u00e3o: s\u00e3o leves, el\u00e1sticas e ocupam pouco espa\u00e7o na mala. O problema est\u00e1 no material. A maioria \u00e9 fabricada com fibras sint\u00e9ticas derivadas do petr\u00f3leo, como <a href=\"https:\/\/pt.wikipedia.org\/wiki\/Poli%C3%A9ster\" target=\"_blank\" rel=\"noreferrer noopener\">poli\u00e9ster<\/a>, nylon e elastano. Esses materiais, em contato com calor intenso, derretem e se colam \u00e0 pele em vez de queimar e se soltar, agravando significativamente queimaduras em situa\u00e7\u00f5es de inc\u00eandio a bordo ou ap\u00f3s um acidente.<\/p>\n\n\n\n<p>A alternativa \u00e9 optar por pe\u00e7as feitas de fibras naturais, que se comportam de forma muito mais segura em contato com calor. As melhores op\u00e7\u00f5es de tecido para viajar incluem:<\/p>\n\n\n\n<ul class=\"wp-block-list\">\n<li><strong>Algod\u00e3o:<\/strong> leve, respir\u00e1vel e muito menos inflam\u00e1vel que fibras sint\u00e9ticas. Mant\u00e9m o conforto em voos longos sem os riscos associados ao poli\u00e9ster.<\/li>\n\n\n\n<li><strong>L\u00e3:<\/strong> surpreendentemente confort\u00e1vel em temperatura ambiente, regula bem o calor e \u00e9 naturalmente resistente ao fogo, sendo uma das fibras mais seguras em situa\u00e7\u00f5es de emerg\u00eancia.<\/li>\n\n\n\n<li><strong>Bambu:<\/strong> macio, el\u00e1stico e feito de origem natural, \u00e9 uma boa alternativa para quem quer o conforto das leggings sem abrir m\u00e3o da seguran\u00e7a do material.<\/li>\n<\/ul>\n\n\n\n<h2 class=\"wp-block-heading\">Tops curtos causam algum problema espec\u00edfico durante o voo?<\/h2>\n\n\n\n<p>Al\u00e9m dos riscos em emerg\u00eancias, tops curtos e pe\u00e7as que exp\u00f5em muito o corpo trazem dois problemas pr\u00e1ticos bastante comuns nos voos. O primeiro \u00e9 a temperatura: a cabine dos avi\u00f5es \u00e9 notoriamente fria, especialmente em voos longos, e passageiros com muito do corpo exposto tendem a sofrer mais com o desconforto t\u00e9rmico. O segundo ponto \u00e9 que algumas companhias a\u00e9reas possuem pol\u00edticas internas sobre vestimenta inadequada a bordo que, embora raramente aplicadas, podem resultar em situa\u00e7\u00f5es constrangedoras ou at\u00e9 impedimento de embarque em casos extremos.<\/p>\n\n\n\n<p>Viajar em camadas \u00e9 a estrat\u00e9gia mais inteligente para resolver esses dois problemas ao mesmo tempo: uma camiseta leve de algod\u00e3o como base, combinada com um cardigan ou jaqueta leve que possa ser retirada conforme a temperatura variar ao longo do voo.<\/p>\n\n\n<div class=\"wp-block-image\">\n<figure class=\"aligncenter size-large\"><img loading=\"lazy\" decoding=\"async\" width=\"1024\" height=\"584\" src=\"https:\/\/www.em.com.br\/emfoco\/wp-content\/uploads\/2026\/02\/freepik__interior-de-cabine-de-avio-com-passageira-sentada-__46799-1024x584.png\" alt=\"Por que voc\u00ea n\u00e3o deve usar tops curtos, shorts ou leggings ao viajar de avi\u00e3o?\" class=\"wp-image-173373\" srcset=\"https:\/\/www.em.com.br\/emfoco\/wp-content\/uploads\/2026\/02\/freepik__interior-de-cabine-de-avio-com-passageira-sentada-__46799-1024x584.png 1024w, https:\/\/www.em.com.br\/emfoco\/wp-content\/uploads\/2026\/02\/freepik__interior-de-cabine-de-avio-com-passageira-sentada-__46799-300x171.png 300w, https:\/\/www.em.com.br\/emfoco\/wp-content\/uploads\/2026\/02\/freepik__interior-de-cabine-de-avio-com-passageira-sentada-__46799-768x438.png 768w, https:\/\/www.em.com.br\/emfoco\/wp-content\/uploads\/2026\/02\/freepik__interior-de-cabine-de-avio-com-passageira-sentada-__46799-750x428.png 750w, https:\/\/www.em.com.br\/emfoco\/wp-content\/uploads\/2026\/02\/freepik__interior-de-cabine-de-avio-com-passageira-sentada-__46799-1140x650.png 1140w, https:\/\/www.em.com.br\/emfoco\/wp-content\/uploads\/2026\/02\/freepik__interior-de-cabine-de-avio-com-passageira-sentada-__46799.png 1280w\" sizes=\"auto, (max-width: 1024px) 100vw, 1024px\" \/><figcaption class=\"wp-element-caption\">O principal argumento contra o uso de shorts em avi\u00f5es tem a ver com seguran\u00e7a em evacua\u00e7\u00f5es de emerg\u00eancia<\/figcaption><\/figure><\/div>\n\n\n<h2 class=\"wp-block-heading\">O que usar ent\u00e3o para viajar com conforto e seguran\u00e7a?<\/h2>\n\n\n\n<p>A l\u00f3gica das pe\u00e7as ideais para o avi\u00e3o combina tr\u00eas crit\u00e9rios: conforto para longas horas sentado, prote\u00e7\u00e3o f\u00edsica em emerg\u00eancias e adaptabilidade \u00e0s varia\u00e7\u00f5es de temperatura da cabine. Algumas escolhas pr\u00e1ticas que atendem a esses tr\u00eas crit\u00e9rios ao mesmo tempo:<\/p>\n\n\n\n<ul class=\"wp-block-list\">\n<li><strong>Cal\u00e7as leves de algod\u00e3o ou moletom:<\/strong> confort\u00e1veis, protetoras e feitas de material natural. Tamb\u00e9m ajudam a reduzir o risco de reten\u00e7\u00e3o de l\u00edquidos e incha\u00e7o nas pernas em voos mais longos.<\/li>\n\n\n\n<li><strong>Camiseta de algod\u00e3o com camada extra:<\/strong> uma base leve coberta por um cardigan ou flanela resolve tanto o frio da cabine quanto a exposi\u00e7\u00e3o excessiva de pele.<\/li>\n\n\n\n<li><strong>Sapatos fechados e f\u00e1ceis de tirar:<\/strong> essenciais tanto para a passagem pela seguran\u00e7a do aeroporto quanto para uma eventual evacua\u00e7\u00e3o, situa\u00e7\u00e3o em que andar descal\u00e7o em uma cabine pode ser perigoso.<\/li>\n<\/ul>\n\n\n\n<p>A roupa certa para viajar n\u00e3o precisa ser sem estilo, mas precisa ser pensada com um m\u00ednimo de crit\u00e9rio al\u00e9m da est\u00e9tica do momento. Conforto e seguran\u00e7a andam juntos quando se escolhe bem o material e o caimento de cada pe\u00e7a antes de embarcar.<\/p>\n","protected":false},"excerpt":{"rendered":"<p>Escolher a roupa para viajar de avi\u00e3o parece uma decis\u00e3o trivial, guiada apenas pelo conforto ou pelo estilo. Mas h\u00e1 raz\u00f5es pr\u00e1ticas e concretas pelas quais profissionais da avia\u00e7\u00e3o recomendam evitar determinadas pe\u00e7as durante o voo, e elas v\u00e3o muito al\u00e9m da etiqueta ou da prefer\u00eancia pessoal. Tops curtos, shorts e leggings de fibra sint\u00e9tica [&hellip;]<\/p>\n","protected":false},"author":23,"featured_media":173372,"comment_status":"open","ping_status":"open","sticky":false,"template":"","format":"standard","meta":{"jnews-multi-image_gallery":[],"jnews_single_post":{"format":"standard"},"jnews_primary_category":[],"jnews_social_meta":[],"jnews_override_counter":[],"footnotes":""},"categories":[8819,1],"tags":[2017,18815,25171,25172],"class_list":["post-173353","post","type-post","status-publish","format-standard","has-post-thumbnail","hentry","category-curiosidades","category-noticias","tag-dicas","tag-look","tag-tops-curtos","tag-viagem-de-aviao"],"yoast_head":"<!-- This site is optimized with the Yoast SEO plugin v23.8 - https:\/\/yoast.com\/wordpress\/plugins\/seo\/ -->\n<title>Por que voc\u00ea n\u00e3o deve usar tops curtos, shorts ou leggings ao viajar de avi\u00e3o? - Estado de Minas - Em foco<\/title>\n<meta name=\"description\" content=\"Evitar roupas curtas no avi\u00e3o reduz risco de queimaduras, contato com germes e desconforto t\u00e9rmico durante o voo.\" \/>\n<meta name=\"robots\" content=\"index, follow, max-snippet:-1, max-image-preview:large, max-video-preview:-1\" \/>\n<link rel=\"canonical\" href=\"https:\/\/www.em.com.br\/emfoco\/2026\/02\/24\/por-que-voce-nao-deve-usar-tops-curtos-shorts-ou-leggings-ao-viajar-de-aviao\/\" \/>\n<meta property=\"og:locale\" content=\"pt_BR\" \/>\n<meta property=\"og:type\" content=\"article\" \/>\n<meta property=\"og:title\" content=\"Por que voc\u00ea n\u00e3o deve usar tops curtos, shorts ou leggings ao viajar de avi\u00e3o? - Estado de Minas - Em foco\" \/>\n<meta property=\"og:description\" content=\"Evitar roupas curtas no avi\u00e3o reduz risco de queimaduras, contato com germes e desconforto t\u00e9rmico durante o voo.\" \/>\n<meta property=\"og:url\" content=\"https:\/\/www.em.com.br\/emfoco\/2026\/02\/24\/por-que-voce-nao-deve-usar-tops-curtos-shorts-ou-leggings-ao-viajar-de-aviao\/\" \/>\n<meta property=\"og:site_name\" content=\"Estado de Minas - Em foco\" \/>\n<meta property=\"article:published_time\" content=\"2026-02-24T17:35:00+00:00\" \/>\n<meta property=\"article:modified_time\" content=\"2026-02-24T17:31:05+00:00\" \/>\n<meta property=\"og:image\" content=\"https:\/\/www.em.com.br\/emfoco\/wp-content\/uploads\/2026\/02\/freepik__interior-de-cabine-de-avio-com-passageira-sentada-__46797.png\" \/>\n\t<meta property=\"og:image:width\" content=\"1280\" \/>\n\t<meta property=\"og:image:height\" content=\"730\" \/>\n\t<meta property=\"og:image:type\" content=\"image\/png\" \/>\n<meta name=\"author\" content=\"Carlos Emanoel\" \/>\n<meta name=\"twitter:card\" content=\"summary_large_image\" \/>\n<meta name=\"twitter:label1\" content=\"Escrito por\" \/>\n\t<meta name=\"twitter:data1\" content=\"Carlos Emanoel\" \/>\n\t<meta name=\"twitter:label2\" content=\"Est. tempo de leitura\" \/>\n\t<meta name=\"twitter:data2\" content=\"5 minutos\" \/>\n<!-- \/ Yoast SEO plugin. -->","yoast_head_json":{"title":"Por que voc\u00ea n\u00e3o deve usar tops curtos, shorts ou leggings ao viajar de avi\u00e3o? - Estado de Minas - Em foco","description":"Evitar roupas curtas no avi\u00e3o reduz risco de queimaduras, contato com germes e desconforto t\u00e9rmico durante o voo.","robots":{"index":"index","follow":"follow","max-snippet":"max-snippet:-1","max-image-preview":"max-image-preview:large","max-video-preview":"max-video-preview:-1"},"canonical":"https:\/\/www.em.com.br\/emfoco\/2026\/02\/24\/por-que-voce-nao-deve-usar-tops-curtos-shorts-ou-leggings-ao-viajar-de-aviao\/","og_locale":"pt_BR","og_type":"article","og_title":"Por que voc\u00ea n\u00e3o deve usar tops curtos, shorts ou leggings ao viajar de avi\u00e3o? - Estado de Minas - Em foco","og_description":"Evitar roupas curtas no avi\u00e3o reduz risco de queimaduras, contato com germes e desconforto t\u00e9rmico durante o voo.","og_url":"https:\/\/www.em.com.br\/emfoco\/2026\/02\/24\/por-que-voce-nao-deve-usar-tops-curtos-shorts-ou-leggings-ao-viajar-de-aviao\/","og_site_name":"Estado de Minas - Em foco","article_published_time":"2026-02-24T17:35:00+00:00","article_modified_time":"2026-02-24T17:31:05+00:00","og_image":[{"width":1280,"height":730,"url":"https:\/\/www.em.com.br\/emfoco\/wp-content\/uploads\/2026\/02\/freepik__interior-de-cabine-de-avio-com-passageira-sentada-__46797.png","type":"image\/png"}],"author":"Carlos Emanoel","twitter_card":"summary_large_image","twitter_misc":{"Escrito por":"Carlos Emanoel","Est. tempo de leitura":"5 minutos"},"schema":{"@context":"https:\/\/schema.org","@graph":[{"@type":"WebPage","@id":"https:\/\/www.em.com.br\/emfoco\/2026\/02\/24\/por-que-voce-nao-deve-usar-tops-curtos-shorts-ou-leggings-ao-viajar-de-aviao\/","url":"https:\/\/www.em.com.br\/emfoco\/2026\/02\/24\/por-que-voce-nao-deve-usar-tops-curtos-shorts-ou-leggings-ao-viajar-de-aviao\/","name":"Por que voc\u00ea n\u00e3o deve usar tops curtos, shorts ou leggings ao viajar de avi\u00e3o? - Estado de Minas - Em foco","isPartOf":{"@id":"https:\/\/www.em.com.br\/emfoco\/#website"},"primaryImageOfPage":{"@id":"https:\/\/www.em.com.br\/emfoco\/2026\/02\/24\/por-que-voce-nao-deve-usar-tops-curtos-shorts-ou-leggings-ao-viajar-de-aviao\/#primaryimage"},"image":{"@id":"https:\/\/www.em.com.br\/emfoco\/2026\/02\/24\/por-que-voce-nao-deve-usar-tops-curtos-shorts-ou-leggings-ao-viajar-de-aviao\/#primaryimage"},"thumbnailUrl":"https:\/\/www.em.com.br\/emfoco\/wp-content\/uploads\/2026\/02\/freepik__interior-de-cabine-de-avio-com-passageira-sentada-__46797.png","datePublished":"2026-02-24T17:35:00+00:00","dateModified":"2026-02-24T17:31:05+00:00","author":{"@id":"https:\/\/www.em.com.br\/emfoco\/#\/schema\/person\/3fdf87eb39e93a6330c8dfa9713c2e92"},"description":"Evitar roupas curtas no avi\u00e3o reduz risco de queimaduras, contato com germes e desconforto t\u00e9rmico durante o voo.","breadcrumb":{"@id":"https:\/\/www.em.com.br\/emfoco\/2026\/02\/24\/por-que-voce-nao-deve-usar-tops-curtos-shorts-ou-leggings-ao-viajar-de-aviao\/#breadcrumb"},"inLanguage":"pt-BR","potentialAction":[{"@type":"ReadAction","target":["https:\/\/www.em.com.br\/emfoco\/2026\/02\/24\/por-que-voce-nao-deve-usar-tops-curtos-shorts-ou-leggings-ao-viajar-de-aviao\/"]}]},{"@type":"ImageObject","inLanguage":"pt-BR","@id":"https:\/\/www.em.com.br\/emfoco\/2026\/02\/24\/por-que-voce-nao-deve-usar-tops-curtos-shorts-ou-leggings-ao-viajar-de-aviao\/#primaryimage","url":"https:\/\/www.em.com.br\/emfoco\/wp-content\/uploads\/2026\/02\/freepik__interior-de-cabine-de-avio-com-passageira-sentada-__46797.png","contentUrl":"https:\/\/www.em.com.br\/emfoco\/wp-content\/uploads\/2026\/02\/freepik__interior-de-cabine-de-avio-com-passageira-sentada-__46797.png","width":1280,"height":730,"caption":"O principal argumento contra o uso de shorts em avi\u00f5es tem a ver com seguran\u00e7a em evacua\u00e7\u00f5es de emerg\u00eancia"},{"@type":"BreadcrumbList","@id":"https:\/\/www.em.com.br\/emfoco\/2026\/02\/24\/por-que-voce-nao-deve-usar-tops-curtos-shorts-ou-leggings-ao-viajar-de-aviao\/#breadcrumb","itemListElement":[{"@type":"ListItem","position":1,"name":"In\u00edcio","item":"https:\/\/www.em.com.br\/emfoco\/"},{"@type":"ListItem","position":2,"name":"Por que voc\u00ea n\u00e3o deve usar tops curtos, shorts ou leggings ao viajar de avi\u00e3o?"}]},{"@type":"WebSite","@id":"https:\/\/www.em.com.br\/emfoco\/#website","url":"https:\/\/www.em.com.br\/emfoco\/","name":"Estado de Minas - Em foco","description":"Acompanhe as \u00faltimas not\u00edcias e fique bem informado sobre tudo o que acontece em Minas Gerais, Brasil e no mundo.","potentialAction":[{"@type":"SearchAction","target":{"@type":"EntryPoint","urlTemplate":"https:\/\/www.em.com.br\/emfoco\/?s={search_term_string}"},"query-input":{"@type":"PropertyValueSpecification","valueRequired":true,"valueName":"search_term_string"}}],"inLanguage":"pt-BR"},{"@type":"Person","@id":"https:\/\/www.em.com.br\/emfoco\/#\/schema\/person\/3fdf87eb39e93a6330c8dfa9713c2e92","name":"Carlos Emanoel","image":{"@type":"ImageObject","inLanguage":"pt-BR","@id":"https:\/\/www.em.com.br\/emfoco\/#\/schema\/person\/image\/","url":"https:\/\/secure.gravatar.com\/avatar\/4b33ca1112d9795a0a9ea460c383b721?s=96&d=mm&r=g","contentUrl":"https:\/\/secure.gravatar.com\/avatar\/4b33ca1112d9795a0a9ea460c383b721?s=96&d=mm&r=g","caption":"Carlos Emanoel"},"sameAs":["https:\/\/www.em.com.br\/emfoco\/"],"url":"https:\/\/www.em.com.br\/emfoco\/author\/carlos\/"}]}},"_links":{"self":[{"href":"https:\/\/www.em.com.br\/emfoco\/wp-json\/wp\/v2\/posts\/173353","targetHints":{"allow":["GET"]}}],"collection":[{"href":"https:\/\/www.em.com.br\/emfoco\/wp-json\/wp\/v2\/posts"}],"about":[{"href":"https:\/\/www.em.com.br\/emfoco\/wp-json\/wp\/v2\/types\/post"}],"author":[{"embeddable":true,"href":"https:\/\/www.em.com.br\/emfoco\/wp-json\/wp\/v2\/users\/23"}],"replies":[{"embeddable":true,"href":"https:\/\/www.em.com.br\/emfoco\/wp-json\/wp\/v2\/comments?post=173353"}],"version-history":[{"count":1,"href":"https:\/\/www.em.com.br\/emfoco\/wp-json\/wp\/v2\/posts\/173353\/revisions"}],"predecessor-version":[{"id":173376,"href":"https:\/\/www.em.com.br\/emfoco\/wp-json\/wp\/v2\/posts\/173353\/revisions\/173376"}],"wp:featuredmedia":[{"embeddable":true,"href":"https:\/\/www.em.com.br\/emfoco\/wp-json\/wp\/v2\/media\/173372"}],"wp:attachment":[{"href":"https:\/\/www.em.com.br\/emfoco\/wp-json\/wp\/v2\/media?parent=173353"}],"wp:term":[{"taxonomy":"category","embeddable":true,"href":"https:\/\/www.em.com.br\/emfoco\/wp-json\/wp\/v2\/categories?post=173353"},{"taxonomy":"post_tag","embeddable":true,"href":"https:\/\/www.em.com.br\/emfoco\/wp-json\/wp\/v2\/tags?post=173353"}],"curies":[{"name":"wp","href":"https:\/\/api.w.org\/{rel}","templated":true}]}}