{"id":173335,"date":"2026-02-24T14:14:26","date_gmt":"2026-02-24T17:14:26","guid":{"rendered":"https:\/\/www.em.com.br\/emfoco\/?p=173335"},"modified":"2026-02-24T14:14:31","modified_gmt":"2026-02-24T17:14:31","slug":"as-certidoes-de-nascimento-e-de-registro-de-endereco-nao-serao-mais-exigidas","status":"publish","type":"post","link":"https:\/\/www.em.com.br\/emfoco\/2026\/02\/24\/as-certidoes-de-nascimento-e-de-registro-de-endereco-nao-serao-mais-exigidas\/","title":{"rendered":"As certid\u00f5es de nascimento e de registro de endere\u00e7o n\u00e3o ser\u00e3o mais exigidas"},"content":{"rendered":"\n<p>Quem j\u00e1 perdeu horas \u00fateis indo de reparti\u00e7\u00e3o em reparti\u00e7\u00e3o para buscar documentos que um \u00f3rg\u00e3o p\u00fablico poderia simplesmente consultar por conta pr\u00f3pria sabe exatamente do que se trata o problema. Na Bulg\u00e1ria, duas das certid\u00f5es mais solicitadas pelos cidad\u00e3os em praticamente qualquer processo administrativo est\u00e3o prestes a deixar de existir como obriga\u00e7\u00e3o: a certid\u00e3o de nascimento e o comprovante de registro de endere\u00e7o. As mudan\u00e7as necess\u00e1rias para isso ainda est\u00e3o na fase de projeto de lei, mas a prepara\u00e7\u00e3o j\u00e1 est\u00e1 em curso e a publica\u00e7\u00e3o para consulta p\u00fablica \u00e9 considerada iminente.<\/p>\n\n\n\n<h2 class=\"wp-block-heading\">O que \u00e9 o princ\u00edpio do &#8220;epis\u00f3dio de vida&#8221; e como ele muda a rela\u00e7\u00e3o com o Estado?<\/h2>\n\n\n\n<p>O plano de redu\u00e7\u00e3o da burocracia administrativa b\u00falgaro introduz o chamado princ\u00edpio do &#8220;epis\u00f3dio de vida&#8221;, que reorganiza os servi\u00e7os p\u00fablicos em torno de momentos concretos da vida do cidad\u00e3o. Em vez de exigir que a pessoa re\u00fana e <a href=\"https:\/\/www.em.com.br\/emfoco\/2026\/02\/12\/rg-antigo-tem-data-para-deixar-de-valer-e-brasileiros-precisam-ficar-atentos-a-nova-identidade-nacional\/\" target=\"_blank\" rel=\"noreferrer noopener\">entregue documentos<\/a> a cada passo, a ideia \u00e9 que a administra\u00e7\u00e3o p\u00fablica fa\u00e7a esse trabalho internamente, consultando e trocando informa\u00e7\u00f5es entre os pr\u00f3prios \u00f3rg\u00e3os do governo de forma eletr\u00f4nica e autom\u00e1tica. O plano contempla onze eventos da vida humana, entre eles nascimento, mudan\u00e7a de endere\u00e7o, obten\u00e7\u00e3o de carta de condu\u00e7\u00e3o, compra e venda de im\u00f3vel ou ve\u00edculo, contrata\u00e7\u00e3o de emprego, abertura e encerramento de empresa, e casamento.<\/p>\n\n\n\n<p>O diagn\u00f3stico que motivou a iniciativa \u00e9 direto: atualmente os cidad\u00e3os b\u00falgaros s\u00e3o tratados como mensageiros entre reparti\u00e7\u00f5es, obrigados a carregar fisicamente pap\u00e9is de um \u00f3rg\u00e3o a outro para comprovar informa\u00e7\u00f5es que o pr\u00f3prio Estado j\u00e1 possui em seus registros. A proposta inverte essa l\u00f3gica, transferindo a responsabilidade de circula\u00e7\u00e3o dos dados para a administra\u00e7\u00e3o p\u00fablica e liberando o cidad\u00e3o dessa fun\u00e7\u00e3o que nunca deveria ter sido sua.<\/p>\n\n\n<div class=\"wp-block-image\">\n<figure class=\"aligncenter size-large\"><img loading=\"lazy\" decoding=\"async\" width=\"1024\" height=\"571\" src=\"https:\/\/www.em.com.br\/emfoco\/wp-content\/uploads\/2026\/02\/freepik__cidado-segurando-smartphone-diante-de-prdio-govern__46796-1024x571.png\" alt=\"As certid\u00f5es de nascimento e de registro de endere\u00e7o n\u00e3o ser\u00e3o mais exigidas\" class=\"wp-image-173348\" srcset=\"https:\/\/www.em.com.br\/emfoco\/wp-content\/uploads\/2026\/02\/freepik__cidado-segurando-smartphone-diante-de-prdio-govern__46796-1024x571.png 1024w, https:\/\/www.em.com.br\/emfoco\/wp-content\/uploads\/2026\/02\/freepik__cidado-segurando-smartphone-diante-de-prdio-govern__46796-300x167.png 300w, https:\/\/www.em.com.br\/emfoco\/wp-content\/uploads\/2026\/02\/freepik__cidado-segurando-smartphone-diante-de-prdio-govern__46796-768x428.png 768w, https:\/\/www.em.com.br\/emfoco\/wp-content\/uploads\/2026\/02\/freepik__cidado-segurando-smartphone-diante-de-prdio-govern__46796-750x418.png 750w, https:\/\/www.em.com.br\/emfoco\/wp-content\/uploads\/2026\/02\/freepik__cidado-segurando-smartphone-diante-de-prdio-govern__46796-1140x636.png 1140w, https:\/\/www.em.com.br\/emfoco\/wp-content\/uploads\/2026\/02\/freepik__cidado-segurando-smartphone-diante-de-prdio-govern__46796.png 1280w\" sizes=\"auto, (max-width: 1024px) 100vw, 1024px\" \/><figcaption class=\"wp-element-caption\">O plano de redu\u00e7\u00e3o da burocracia administrativa b\u00falgaro introduz o chamado princ\u00edpio do &#8220;epis\u00f3dio de vida&#8221;<\/figcaption><\/figure><\/div>\n\n\n<h2 class=\"wp-block-heading\">Como funcionar\u00e1 o novo sistema para a certid\u00e3o de nascimento?<\/h2>\n\n\n\n<p>Uma das medidas previstas \u00e9 a transforma\u00e7\u00e3o do registro de nascimento em um processo totalmente eletr\u00f4nico. Pela proposta, as maternidades e hospitais passar\u00e3o a enviar os dados diretamente ao Sistema Nacional de Informa\u00e7\u00e3o de Sa\u00fade, que os encaminhar\u00e1 \u00e0 base de dados nacional de popula\u00e7\u00e3o. \u00c9 nessa base que o n\u00famero de identifica\u00e7\u00e3o do rec\u00e9m-nascido ser\u00e1 gerado automaticamente e devolvido ao hospital pelo mesmo caminho digital. A certid\u00e3o de nascimento em papel, como documento a ser apresentado em qualquer situa\u00e7\u00e3o, deixar\u00e1 de ser exigida, e as informa\u00e7\u00f5es do registro de nascimento passar\u00e3o a circular entre institui\u00e7\u00f5es de forma eletr\u00f4nica e autom\u00e1tica.<\/p>\n\n\n\n<p>A vers\u00e3o f\u00edsica do documento n\u00e3o desaparecer\u00e1 completamente, mas ficar\u00e1 restrita a situa\u00e7\u00f5es excepcionais em que o papel for estritamente necess\u00e1rio. Para a esmagadora maioria dos processos administrativos cotidianos, a consulta eletr\u00f4nica entre \u00f3rg\u00e3os substituir\u00e1 a apresenta\u00e7\u00e3o do papel pelo cidad\u00e3o, eliminando filas, deslocamentos e custos desnecess\u00e1rios para quem precisa comprovar dados que o governo j\u00e1 tem registrados.<\/p>\n\n\n\n<h2 class=\"wp-block-heading\">O que muda com o comprovante de registro de endere\u00e7o?<\/h2>\n\n\n\n<p>Mudan\u00e7as semelhantes est\u00e3o previstas para o comprovante de endere\u00e7o permanente, outro documento frequentemente solicitado em processos burocr\u00e1ticos na Bulg\u00e1ria. A informa\u00e7\u00e3o de endere\u00e7o tamb\u00e9m passar\u00e1 a ser trocada diretamente entre as institui\u00e7\u00f5es que precisam dela, sem que o cidad\u00e3o precise buscar e apresentar um comprovante em papel a cada nova solicita\u00e7\u00e3o. Todas as institui\u00e7\u00f5es respons\u00e1veis j\u00e1 receberam acesso ao sistema RegiX, a plataforma de interc\u00e2mbio de informa\u00e7\u00f5es cadastrais e documentais entre \u00f3rg\u00e3os p\u00fablicos b\u00falgaros, e as mudan\u00e7as fazem parte do projeto de lei de altera\u00e7\u00f5es na <a href=\"https:\/\/www.bta.bg\/en\/news\/bulgaria\/749069-parliament-enacts-amendment-to-the-civil-registration-act\" target=\"_blank\" rel=\"noreferrer noopener\">lei do registro civil<\/a> que ainda aguarda publica\u00e7\u00e3o.<\/p>\n\n\n\n<p>Com a aprova\u00e7\u00e3o das mudan\u00e7as, as autoridades locais tamb\u00e9m ser\u00e3o obrigadas a manter as informa\u00e7\u00f5es de endere\u00e7o atualizadas em tempo real dentro do sistema, garantindo que os dados dispon\u00edveis para consulta entre \u00f3rg\u00e3os sejam sempre precisos e atuais. Essa obriga\u00e7\u00e3o de atualiza\u00e7\u00e3o cont\u00ednua \u00e9 considerada essencial para que o mecanismo funcione na pr\u00e1tica, j\u00e1 que um sistema de consulta eletr\u00f4nica s\u00f3 \u00e9 confi\u00e1vel se as bases de dados que alimenta forem mantidas com rigor pelas administra\u00e7\u00f5es municipais respons\u00e1veis.<\/p>\n\n\n<div class=\"wp-block-image\">\n<figure class=\"aligncenter size-large\"><img loading=\"lazy\" decoding=\"async\" width=\"1024\" height=\"571\" src=\"https:\/\/www.em.com.br\/emfoco\/wp-content\/uploads\/2026\/02\/freepik__ambiente-interno-de-um-hospital-moderno-na-bulgria__46795-1024x571.png\" alt=\"As certid\u00f5es de nascimento e de registro de endere\u00e7o n\u00e3o ser\u00e3o mais exigidas\" class=\"wp-image-173347\" srcset=\"https:\/\/www.em.com.br\/emfoco\/wp-content\/uploads\/2026\/02\/freepik__ambiente-interno-de-um-hospital-moderno-na-bulgria__46795-1024x571.png 1024w, https:\/\/www.em.com.br\/emfoco\/wp-content\/uploads\/2026\/02\/freepik__ambiente-interno-de-um-hospital-moderno-na-bulgria__46795-300x167.png 300w, https:\/\/www.em.com.br\/emfoco\/wp-content\/uploads\/2026\/02\/freepik__ambiente-interno-de-um-hospital-moderno-na-bulgria__46795-768x428.png 768w, https:\/\/www.em.com.br\/emfoco\/wp-content\/uploads\/2026\/02\/freepik__ambiente-interno-de-um-hospital-moderno-na-bulgria__46795-750x418.png 750w, https:\/\/www.em.com.br\/emfoco\/wp-content\/uploads\/2026\/02\/freepik__ambiente-interno-de-um-hospital-moderno-na-bulgria__46795-1140x636.png 1140w, https:\/\/www.em.com.br\/emfoco\/wp-content\/uploads\/2026\/02\/freepik__ambiente-interno-de-um-hospital-moderno-na-bulgria__46795.png 1280w\" sizes=\"auto, (max-width: 1024px) 100vw, 1024px\" \/><figcaption class=\"wp-element-caption\">O plano de redu\u00e7\u00e3o da burocracia administrativa b\u00falgaro introduz o chamado princ\u00edpio do &#8220;epis\u00f3dio de vida&#8221;<\/figcaption><\/figure><\/div>\n\n\n<h2 class=\"wp-block-heading\">Quais outros documentos tamb\u00e9m est\u00e3o sendo eliminados nesse processo?<\/h2>\n\n\n\n<p>A simplifica\u00e7\u00e3o n\u00e3o para nas certid\u00f5es de nascimento e de endere\u00e7o. O interc\u00e2mbio eletr\u00f4nico de informa\u00e7\u00f5es est\u00e1 sendo estendido a documentos exigidos no processo de emiss\u00e3o da carta de condu\u00e7\u00e3o. Os comprovantes de conclus\u00e3o de curso de primeiros socorros pela Cruz Vermelha B\u00falgara j\u00e1 passam a ser verificados diretamente pelo sistema, pois o registro da institui\u00e7\u00e3o foi integrado \u00e0 plataforma RegiX. Os documentos que comprovam a conclus\u00e3o do primeiro ciclo do ensino m\u00e9dio tamb\u00e9m s\u00e3o verificados eletronicamente pelo mesmo sistema, embora ainda estejam previstas mudan\u00e7as nas leis de educa\u00e7\u00e3o b\u00e1sica e superior para eliminar formalmente a exig\u00eancia de apresenta\u00e7\u00e3o do diploma quando ele puder ser consultado por via eletr\u00f4nica.<\/p>\n\n\n\n<p>Est\u00e1 prevista ainda a cria\u00e7\u00e3o de uma carteira m\u00e9dica eletr\u00f4nica para os condutores, que substituir\u00e1 o transporte f\u00edsico do atestado m\u00e9dico exigido para a renova\u00e7\u00e3o da carta de condu\u00e7\u00e3o. Com essa mudan\u00e7a, os dados de aptid\u00e3o f\u00edsica do motorista chegar\u00e3o diretamente ao Minist\u00e9rio do Interior a partir do m\u00e9dico de fam\u00edlia, passando pelo Sistema Nacional de Informa\u00e7\u00e3o de Sa\u00fade, sem que o cidad\u00e3o precise retirar, guardar e entregar o papel manualmente. O prazo para que todas essas medidas saiam do papel e se tornem realidade ainda depende da aprova\u00e7\u00e3o do projeto de lei e das atualiza\u00e7\u00f5es nos regulamentos internos de cada institui\u00e7\u00e3o envolvida.<\/p>\n","protected":false},"excerpt":{"rendered":"<p>Quem j\u00e1 perdeu horas \u00fateis indo de reparti\u00e7\u00e3o em reparti\u00e7\u00e3o para buscar documentos que um \u00f3rg\u00e3o p\u00fablico poderia simplesmente consultar por conta pr\u00f3pria sabe exatamente do que se trata o problema. Na Bulg\u00e1ria, duas das certid\u00f5es mais solicitadas pelos cidad\u00e3os em praticamente qualquer processo administrativo est\u00e3o prestes a deixar de existir como obriga\u00e7\u00e3o: a certid\u00e3o [&hellip;]<\/p>\n","protected":false},"author":23,"featured_media":173346,"comment_status":"open","ping_status":"open","sticky":false,"template":"","format":"standard","meta":{"jnews-multi-image_gallery":[],"jnews_single_post":{"format":"standard"},"jnews_primary_category":[],"jnews_social_meta":[],"jnews_override_counter":[],"footnotes":""},"categories":[28,1],"tags":[25168,24360,25169],"class_list":["post-173335","post","type-post","status-publish","format-standard","has-post-thumbnail","hentry","category-economia","category-noticias","tag-certidao-de-nascimento","tag-documentos-de-identificacao","tag-endereco"],"yoast_head":"<!-- This site is optimized with the Yoast SEO plugin v23.8 - https:\/\/yoast.com\/wordpress\/plugins\/seo\/ -->\n<title>As certid\u00f5es de nascimento e de registro de endere\u00e7o n\u00e3o ser\u00e3o mais exigidas - Estado de Minas - Em foco<\/title>\n<meta name=\"description\" content=\"Bulg\u00e1ria prepara projeto que elimina certid\u00e3o de nascimento e comprovante de endere\u00e7o em papel com troca eletr\u00f4nica de dados.\" \/>\n<meta name=\"robots\" content=\"index, follow, max-snippet:-1, max-image-preview:large, max-video-preview:-1\" \/>\n<link rel=\"canonical\" href=\"https:\/\/www.em.com.br\/emfoco\/2026\/02\/24\/as-certidoes-de-nascimento-e-de-registro-de-endereco-nao-serao-mais-exigidas\/\" \/>\n<meta property=\"og:locale\" content=\"pt_BR\" \/>\n<meta property=\"og:type\" content=\"article\" \/>\n<meta property=\"og:title\" content=\"As certid\u00f5es de nascimento e de registro de endere\u00e7o n\u00e3o ser\u00e3o mais exigidas - Estado de Minas - Em foco\" \/>\n<meta property=\"og:description\" content=\"Bulg\u00e1ria prepara projeto que elimina certid\u00e3o de nascimento e comprovante de endere\u00e7o em papel com troca eletr\u00f4nica de dados.\" \/>\n<meta property=\"og:url\" content=\"https:\/\/www.em.com.br\/emfoco\/2026\/02\/24\/as-certidoes-de-nascimento-e-de-registro-de-endereco-nao-serao-mais-exigidas\/\" \/>\n<meta property=\"og:site_name\" content=\"Estado de Minas - Em foco\" \/>\n<meta property=\"article:published_time\" content=\"2026-02-24T17:14:26+00:00\" \/>\n<meta property=\"article:modified_time\" content=\"2026-02-24T17:14:31+00:00\" \/>\n<meta property=\"og:image\" content=\"https:\/\/www.em.com.br\/emfoco\/wp-content\/uploads\/2026\/02\/freepik__ambiente-interno-de-um-hospital-moderno-na-bulgria__46794.png\" \/>\n\t<meta property=\"og:image:width\" content=\"1280\" \/>\n\t<meta property=\"og:image:height\" content=\"714\" \/>\n\t<meta property=\"og:image:type\" content=\"image\/png\" \/>\n<meta name=\"author\" content=\"Carlos Emanoel\" \/>\n<meta name=\"twitter:card\" content=\"summary_large_image\" \/>\n<meta name=\"twitter:label1\" content=\"Escrito por\" \/>\n\t<meta name=\"twitter:data1\" content=\"Carlos Emanoel\" \/>\n\t<meta name=\"twitter:label2\" content=\"Est. tempo de leitura\" \/>\n\t<meta name=\"twitter:data2\" content=\"6 minutos\" \/>\n<!-- \/ Yoast SEO plugin. -->","yoast_head_json":{"title":"As certid\u00f5es de nascimento e de registro de endere\u00e7o n\u00e3o ser\u00e3o mais exigidas - Estado de Minas - Em foco","description":"Bulg\u00e1ria prepara projeto que elimina certid\u00e3o de nascimento e comprovante de endere\u00e7o em papel com troca eletr\u00f4nica de dados.","robots":{"index":"index","follow":"follow","max-snippet":"max-snippet:-1","max-image-preview":"max-image-preview:large","max-video-preview":"max-video-preview:-1"},"canonical":"https:\/\/www.em.com.br\/emfoco\/2026\/02\/24\/as-certidoes-de-nascimento-e-de-registro-de-endereco-nao-serao-mais-exigidas\/","og_locale":"pt_BR","og_type":"article","og_title":"As certid\u00f5es de nascimento e de registro de endere\u00e7o n\u00e3o ser\u00e3o mais exigidas - Estado de Minas - Em foco","og_description":"Bulg\u00e1ria prepara projeto que elimina certid\u00e3o de nascimento e comprovante de endere\u00e7o em papel com troca eletr\u00f4nica de dados.","og_url":"https:\/\/www.em.com.br\/emfoco\/2026\/02\/24\/as-certidoes-de-nascimento-e-de-registro-de-endereco-nao-serao-mais-exigidas\/","og_site_name":"Estado de Minas - Em foco","article_published_time":"2026-02-24T17:14:26+00:00","article_modified_time":"2026-02-24T17:14:31+00:00","og_image":[{"width":1280,"height":714,"url":"https:\/\/www.em.com.br\/emfoco\/wp-content\/uploads\/2026\/02\/freepik__ambiente-interno-de-um-hospital-moderno-na-bulgria__46794.png","type":"image\/png"}],"author":"Carlos Emanoel","twitter_card":"summary_large_image","twitter_misc":{"Escrito por":"Carlos Emanoel","Est. tempo de leitura":"6 minutos"},"schema":{"@context":"https:\/\/schema.org","@graph":[{"@type":"WebPage","@id":"https:\/\/www.em.com.br\/emfoco\/2026\/02\/24\/as-certidoes-de-nascimento-e-de-registro-de-endereco-nao-serao-mais-exigidas\/","url":"https:\/\/www.em.com.br\/emfoco\/2026\/02\/24\/as-certidoes-de-nascimento-e-de-registro-de-endereco-nao-serao-mais-exigidas\/","name":"As certid\u00f5es de nascimento e de registro de endere\u00e7o n\u00e3o ser\u00e3o mais exigidas - Estado de Minas - Em foco","isPartOf":{"@id":"https:\/\/www.em.com.br\/emfoco\/#website"},"primaryImageOfPage":{"@id":"https:\/\/www.em.com.br\/emfoco\/2026\/02\/24\/as-certidoes-de-nascimento-e-de-registro-de-endereco-nao-serao-mais-exigidas\/#primaryimage"},"image":{"@id":"https:\/\/www.em.com.br\/emfoco\/2026\/02\/24\/as-certidoes-de-nascimento-e-de-registro-de-endereco-nao-serao-mais-exigidas\/#primaryimage"},"thumbnailUrl":"https:\/\/www.em.com.br\/emfoco\/wp-content\/uploads\/2026\/02\/freepik__ambiente-interno-de-um-hospital-moderno-na-bulgria__46794.png","datePublished":"2026-02-24T17:14:26+00:00","dateModified":"2026-02-24T17:14:31+00:00","author":{"@id":"https:\/\/www.em.com.br\/emfoco\/#\/schema\/person\/3fdf87eb39e93a6330c8dfa9713c2e92"},"description":"Bulg\u00e1ria prepara projeto que elimina certid\u00e3o de nascimento e comprovante de endere\u00e7o em papel com troca eletr\u00f4nica de dados.","breadcrumb":{"@id":"https:\/\/www.em.com.br\/emfoco\/2026\/02\/24\/as-certidoes-de-nascimento-e-de-registro-de-endereco-nao-serao-mais-exigidas\/#breadcrumb"},"inLanguage":"pt-BR","potentialAction":[{"@type":"ReadAction","target":["https:\/\/www.em.com.br\/emfoco\/2026\/02\/24\/as-certidoes-de-nascimento-e-de-registro-de-endereco-nao-serao-mais-exigidas\/"]}]},{"@type":"ImageObject","inLanguage":"pt-BR","@id":"https:\/\/www.em.com.br\/emfoco\/2026\/02\/24\/as-certidoes-de-nascimento-e-de-registro-de-endereco-nao-serao-mais-exigidas\/#primaryimage","url":"https:\/\/www.em.com.br\/emfoco\/wp-content\/uploads\/2026\/02\/freepik__ambiente-interno-de-um-hospital-moderno-na-bulgria__46794.png","contentUrl":"https:\/\/www.em.com.br\/emfoco\/wp-content\/uploads\/2026\/02\/freepik__ambiente-interno-de-um-hospital-moderno-na-bulgria__46794.png","width":1280,"height":714,"caption":"O plano de redu\u00e7\u00e3o da burocracia administrativa b\u00falgaro introduz o chamado princ\u00edpio do \"epis\u00f3dio de vida\""},{"@type":"BreadcrumbList","@id":"https:\/\/www.em.com.br\/emfoco\/2026\/02\/24\/as-certidoes-de-nascimento-e-de-registro-de-endereco-nao-serao-mais-exigidas\/#breadcrumb","itemListElement":[{"@type":"ListItem","position":1,"name":"In\u00edcio","item":"https:\/\/www.em.com.br\/emfoco\/"},{"@type":"ListItem","position":2,"name":"As certid\u00f5es de nascimento e de registro de endere\u00e7o n\u00e3o ser\u00e3o mais exigidas"}]},{"@type":"WebSite","@id":"https:\/\/www.em.com.br\/emfoco\/#website","url":"https:\/\/www.em.com.br\/emfoco\/","name":"Estado de Minas - Em foco","description":"Acompanhe as \u00faltimas not\u00edcias e fique bem informado sobre tudo o que acontece em Minas Gerais, Brasil e no mundo.","potentialAction":[{"@type":"SearchAction","target":{"@type":"EntryPoint","urlTemplate":"https:\/\/www.em.com.br\/emfoco\/?s={search_term_string}"},"query-input":{"@type":"PropertyValueSpecification","valueRequired":true,"valueName":"search_term_string"}}],"inLanguage":"pt-BR"},{"@type":"Person","@id":"https:\/\/www.em.com.br\/emfoco\/#\/schema\/person\/3fdf87eb39e93a6330c8dfa9713c2e92","name":"Carlos Emanoel","image":{"@type":"ImageObject","inLanguage":"pt-BR","@id":"https:\/\/www.em.com.br\/emfoco\/#\/schema\/person\/image\/","url":"https:\/\/secure.gravatar.com\/avatar\/4b33ca1112d9795a0a9ea460c383b721?s=96&d=mm&r=g","contentUrl":"https:\/\/secure.gravatar.com\/avatar\/4b33ca1112d9795a0a9ea460c383b721?s=96&d=mm&r=g","caption":"Carlos Emanoel"},"sameAs":["https:\/\/www.em.com.br\/emfoco\/"],"url":"https:\/\/www.em.com.br\/emfoco\/author\/carlos\/"}]}},"_links":{"self":[{"href":"https:\/\/www.em.com.br\/emfoco\/wp-json\/wp\/v2\/posts\/173335","targetHints":{"allow":["GET"]}}],"collection":[{"href":"https:\/\/www.em.com.br\/emfoco\/wp-json\/wp\/v2\/posts"}],"about":[{"href":"https:\/\/www.em.com.br\/emfoco\/wp-json\/wp\/v2\/types\/post"}],"author":[{"embeddable":true,"href":"https:\/\/www.em.com.br\/emfoco\/wp-json\/wp\/v2\/users\/23"}],"replies":[{"embeddable":true,"href":"https:\/\/www.em.com.br\/emfoco\/wp-json\/wp\/v2\/comments?post=173335"}],"version-history":[{"count":1,"href":"https:\/\/www.em.com.br\/emfoco\/wp-json\/wp\/v2\/posts\/173335\/revisions"}],"predecessor-version":[{"id":173351,"href":"https:\/\/www.em.com.br\/emfoco\/wp-json\/wp\/v2\/posts\/173335\/revisions\/173351"}],"wp:featuredmedia":[{"embeddable":true,"href":"https:\/\/www.em.com.br\/emfoco\/wp-json\/wp\/v2\/media\/173346"}],"wp:attachment":[{"href":"https:\/\/www.em.com.br\/emfoco\/wp-json\/wp\/v2\/media?parent=173335"}],"wp:term":[{"taxonomy":"category","embeddable":true,"href":"https:\/\/www.em.com.br\/emfoco\/wp-json\/wp\/v2\/categories?post=173335"},{"taxonomy":"post_tag","embeddable":true,"href":"https:\/\/www.em.com.br\/emfoco\/wp-json\/wp\/v2\/tags?post=173335"}],"curies":[{"name":"wp","href":"https:\/\/api.w.org\/{rel}","templated":true}]}}