{"id":173316,"date":"2026-02-25T12:25:00","date_gmt":"2026-02-25T15:25:00","guid":{"rendered":"https:\/\/www.em.com.br\/emfoco\/?p=173316"},"modified":"2026-02-24T14:15:32","modified_gmt":"2026-02-24T17:15:32","slug":"massagem-facial-rejuvenesce-mesmo-medico-explica-o-que-funciona-e-o-que-e-mito-nas-redes-sociais","status":"publish","type":"post","link":"https:\/\/www.em.com.br\/emfoco\/2026\/02\/25\/massagem-facial-rejuvenesce-mesmo-medico-explica-o-que-funciona-e-o-que-e-mito-nas-redes-sociais\/","title":{"rendered":"Massagem facial rejuvenesce mesmo? M\u00e9dico explica o que funciona e o que \u00e9 mito nas redes sociais"},"content":{"rendered":"\n<p><strong>Massagem facial<\/strong> e muscula\u00e7\u00e3o para o rosto dominam as redes sociais com promessas de substituir pl\u00e1sticas e botox de forma natural. O m\u00e9dico Gustavo Borchardt explica como o envelhecimento multifatorial impacta nossa apar\u00eancia e se essas manobras mec\u00e2nicas possuem respaldo cient\u00edfico s\u00f3lido hoje em dia.<\/p>\n\n\n\n<h2 class=\"wp-block-heading\">Por que o rosto envelhece com o passar do tempo?<\/h2>\n\n\n\n<p>O envelhecimento acontece devido \u00e0 <strong>perda de col\u00e1geno<\/strong>, redu\u00e7\u00e3o da <strong>gordura facial<\/strong> e at\u00e9 a <strong>reabsor\u00e7\u00e3o dos ossos<\/strong> da face. Esse processo complexo faz com que os ligamentos fiquem mais fracos e a pele perca sua sustenta\u00e7\u00e3o natural.<\/p>\n\n\n\n<p>Al\u00e9m disso, fatores como a <strong>exposi\u00e7\u00e3o ao sol<\/strong> e mudan\u00e7as bruscas de peso aceleram o aparecimento de <strong>rugas<\/strong> e flacidez. Por isso, tratar apenas a superf\u00edcie da pele nem sempre traz o resultado esperado para quem busca rejuvenescimento.<\/p>\n\n\n\n<h2 class=\"wp-block-heading\">A massagem facial realmente funciona para a pele?<\/h2>\n\n\n\n<p>A pele possui receptores que respondem a est\u00edmulos manuais, o que ajuda na <strong>circula\u00e7\u00e3o sangu\u00ednea<\/strong> e na ativa\u00e7\u00e3o dos <strong>fibroblastos<\/strong>. Essa pr\u00e1tica pode trazer uma melhora r\u00e1pida no <strong>incha\u00e7o<\/strong>, mas o ganho a longo prazo ainda carece de estudos cient\u00edficos robustos.<\/p>\n\n\n\n<div class=\"google-auto-ads-ignore\" style=\"box-sizing: border-box; display: flex; flex-direction: column; width: 100%; max-width: 800px; margin: 30px auto; background-color: #fff0f6; color: #262626; border-radius: 20px; overflow: hidden; font-family: 'Segoe UI', sans-serif; box-shadow: 0 10px 25px rgba(255, 133, 192, 0.2); border: 2px solid #ffadd2; position: relative; z-index: 5;\">\n\n  <div style=\"background-color: #ffadd2; padding: 30px; border-bottom: 4px solid #eb2f96; text-align: center;\">\n    <h2 style=\"margin: 0; color: #9e1068; font-size: 1.6rem; font-weight: 800; letter-spacing: -0.5px;\">Ganhos da t\u00e9cnica vs cuidados tradicionais<\/h2>\n    <div style=\"font-size: 1rem; margin-top: 10px; color: #c41d7f; font-weight: 500;\">Abaixo comparamos os ganhos dessa t\u00e9cnica com os cuidados tradicionais de rotina<\/div>\n  <\/div>\n\n  <div style=\"padding: 25px; display: flex; flex-wrap: wrap; gap: 20px; justify-content: center;\">\n    \n    <div style=\"flex: 1 1 280px; background-color: #ffffff; border-radius: 15px; padding: 25px; border: 1px solid #ffadd2; box-shadow: 0 4px 12px rgba(235, 47, 150, 0.05);\">\n      <h3 style=\"margin: 0 0 18px 0; color: #eb2f96; font-size: 1.2rem; font-weight: bold; border-bottom: 2px dashed #ffdae9; padding-bottom: 10px;\">\n        Massagem\n      <\/h3>\n      \n      <div style=\"margin-bottom: 15px;\">\n        <strong style=\"display: block; font-size: 0.85rem; color: #c41d7f; margin-bottom: 5px; text-transform: lowercase; font-variant: small-caps; letter-spacing: 0.5px;\">Resultado imediato<\/strong>\n        <div style=\"font-size: 1.05rem; font-weight: 500; color: #262626;\">Redu\u00e7\u00e3o de incha\u00e7o<\/div>\n      <\/div>\n\n      <div style=\"margin-bottom: 0;\">\n        <strong style=\"display: block; font-size: 0.85rem; color: #c41d7f; margin-bottom: 5px; text-transform: lowercase; font-variant: small-caps; letter-spacing: 0.5px;\">Foco principal<\/strong>\n        <div style=\"font-size: 1.05rem; font-weight: 500; color: #262626;\">Drenagem e relaxamento<\/div>\n      <\/div>\n    <\/div>\n\n    <div style=\"flex: 1 1 280px; background-color: #ffffff; border-radius: 15px; padding: 25px; border: 1px solid #ffadd2; box-shadow: 0 4px 12px rgba(235, 47, 150, 0.05);\">\n      <h3 style=\"margin: 0 0 18px 0; color: #eb2f96; font-size: 1.2rem; font-weight: bold; border-bottom: 2px dashed #ffdae9; padding-bottom: 10px;\">\n        Skin care\n      <\/h3>\n      \n      <div style=\"margin-bottom: 15px;\">\n        <strong style=\"display: block; font-size: 0.85rem; color: #c41d7f; margin-bottom: 5px; text-transform: lowercase; font-variant: small-caps; letter-spacing: 0.5px;\">Resultado imediato<\/strong>\n        <div style=\"font-size: 1.05rem; font-weight: 500; color: #262626;\">Prote\u00e7\u00e3o e vi\u00e7o<\/div>\n      <\/div>\n\n      <div style=\"margin-bottom: 0;\">\n        <strong style=\"display: block; font-size: 0.85rem; color: #c41d7f; margin-bottom: 5px; text-transform: lowercase; font-variant: small-caps; letter-spacing: 0.5px;\">Foco principal<\/strong>\n        <div style=\"font-size: 1.05rem; font-weight: 500; color: #262626;\">Sa\u00fade da barreira cut\u00e2nea<\/div>\n      <\/div>\n    <\/div>\n\n  <\/div>\n<\/div>\n\n\n\n<h2 class=\"wp-block-heading\">Quais os riscos da muscula\u00e7\u00e3o facial exagerada?<\/h2>\n\n\n\n<p>Fortalecer demais os <strong>m\u00fasculos da express\u00e3o<\/strong>, como os da testa, pode acabar acentuando as <strong>rugas din\u00e2micas<\/strong> em vez de elimin\u00e1-las. O efeito \u00e9 oposto ao do <strong>botox<\/strong>, que busca relaxar essa musculatura para deixar a pele mais lisa e descansada.<\/p>\n\n\n\n<p>Para evitar problemas, acompanhe algumas recomenda\u00e7\u00f5es importantes sobre essa pr\u00e1tica:<\/p>\n\n\n\n<ul class=\"wp-block-list\">\n<li>Tenha cautela com os <strong>exerc\u00edcios na testa<\/strong> e ao redor dos olhos.<\/li>\n\n\n\n<li>Priorize movimentos suaves na <strong>regi\u00e3o do pesco\u00e7o<\/strong> e mand\u00edbula.<\/li>\n\n\n\n<li>N\u00e3o fa\u00e7a <strong>tra\u00e7\u00e3o forte<\/strong> em peles que j\u00e1 apresentam flacidez.<\/li>\n<\/ul>\n\n\n\n<p>M\u00fasculos da mand\u00edbula e do pesco\u00e7o podem ser trabalhados com mais seguran\u00e7a do que a parte superior do rosto. O foco deve ser o <strong>alongamento<\/strong> e o al\u00edvio da tens\u00e3o muscular acumulada durante o dia.<\/p>\n\n\n<div class=\"wp-block-image\">\n<figure class=\"aligncenter size-large\"><img loading=\"lazy\" decoding=\"async\" width=\"1024\" height=\"576\" src=\"https:\/\/www.em.com.br\/emfoco\/wp-content\/uploads\/2026\/02\/rugas-no-rosto-pele-1024x576.png\" alt=\"\" class=\"wp-image-173350\" srcset=\"https:\/\/www.em.com.br\/emfoco\/wp-content\/uploads\/2026\/02\/rugas-no-rosto-pele-1024x576.png 1024w, https:\/\/www.em.com.br\/emfoco\/wp-content\/uploads\/2026\/02\/rugas-no-rosto-pele-300x169.png 300w, https:\/\/www.em.com.br\/emfoco\/wp-content\/uploads\/2026\/02\/rugas-no-rosto-pele-768x432.png 768w, https:\/\/www.em.com.br\/emfoco\/wp-content\/uploads\/2026\/02\/rugas-no-rosto-pele-750x422.png 750w, https:\/\/www.em.com.br\/emfoco\/wp-content\/uploads\/2026\/02\/rugas-no-rosto-pele-1140x641.png 1140w, https:\/\/www.em.com.br\/emfoco\/wp-content\/uploads\/2026\/02\/rugas-no-rosto-pele.png 1280w\" sizes=\"auto, (max-width: 1024px) 100vw, 1024px\" \/><figcaption class=\"wp-element-caption\">Exerc\u00edcios e massagem facial entregam o rejuvenescimento prometido<\/figcaption><\/figure><\/div>\n\n\n<h2 class=\"wp-block-heading\">Existe diferen\u00e7a entre o exerc\u00edcio geral e o facial?<\/h2>\n\n\n\n<p>Adotar uma rotina de autocuidado que respeite os limites do seu rosto \u00e9 o segredo para manter uma apar\u00eancia saud\u00e1vel e descansada sem gastar fortunas. No v\u00eddeo a seguir, do canal <a href=\"https:\/\/www.youtube.com\/@drgustavob\" target=\"_blank\" rel=\"noreferrer noopener\">Borchardt Dermatologia<\/a>, \u00e9 explicado como entender o rejuvenescimento facial ajuda a fortalecer o organismo e proteger sua sa\u00fade.<\/p>\n\n\n\n<figure class=\"wp-block-embed aligncenter is-type-video is-provider-youtube wp-block-embed-youtube wp-embed-aspect-4-3 wp-has-aspect-ratio\"><div class=\"wp-block-embed__wrapper\">\n<div class=\"jeg_video_container jeg_video_content\"><iframe loading=\"lazy\" title=\"MASSAGEM FACIAL: PARE DE MARCAS RUGAS AGORA\" width=\"500\" height=\"375\" src=\"https:\/\/www.youtube.com\/embed\/LCOQfmtdxxs?feature=oembed\" frameborder=\"0\" allow=\"accelerometer; autoplay; clipboard-write; encrypted-media; gyroscope; picture-in-picture; web-share\" referrerpolicy=\"strict-origin-when-cross-origin\" allowfullscreen><\/iframe><\/div>\n<\/div><\/figure>\n\n\n\n<p>Atividades f\u00edsicas como <strong>corrida<\/strong> e <strong>caminhada<\/strong> beneficiam o corpo todo, melhorando a <strong>oxigena\u00e7\u00e3o dos tecidos<\/strong> e reduzindo o estresse oxidativo. Esse impacto global na sa\u00fade vascular acaba refletindo na <strong>firmeza da pele<\/strong> de forma muito mais eficiente.<\/p>\n\n\n\n<p>Exercitar apenas o rosto traz um ganho modesto quando comparado ao <strong>condicionamento cardiorrespirat\u00f3rio<\/strong> geral. Manter o corpo ativo ajuda a preservar o <strong>col\u00e1geno<\/strong> e a sa\u00fade celular de maneira sist\u00eamica e duradoura.<\/p>\n\n\n\n<p>Leia mais: <a href=\"https:\/\/www.em.com.br\/saude\/2025\/12\/7309723-o-que-procurar-no-rotulo-do-sabonete-facial-5-ativos-que-fazem-a-diferenca.html\">O que procurar no r\u00f3tulo do sabonete <\/a><a href=\"https:\/\/www.em.com.br\/saude\/2025\/12\/7309723-o-que-procurar-no-rotulo-do-sabonete-facial-5-ativos-que-fazem-a-diferenca.html\" target=\"_blank\" rel=\"noreferrer noopener\">facial<\/a><a href=\"https:\/\/www.em.com.br\/saude\/2025\/12\/7309723-o-que-procurar-no-rotulo-do-sabonete-facial-5-ativos-que-fazem-a-diferenca.html\">: 5 ativos que fazem a diferen\u00e7a<\/a><\/p>\n\n\n\n<h2 class=\"wp-block-heading\">Como envelhecer com sa\u00fade sem interven\u00e7\u00f5es milagrosas?<\/h2>\n\n\n\n<p>O foco principal deve ser a <strong>preven\u00e7\u00e3o<\/strong>, com o uso di\u00e1rio de <strong>protetor solar<\/strong> e uma boa rotina de <strong>hidrata\u00e7\u00e3o<\/strong>. Evitar o efeito sanfona e manter uma dieta equilibrada preserva a <strong>gordura facial<\/strong>, essencial para o volume do rosto.<\/p>\n\n\n\n<p>Se voc\u00ea gosta de fazer massagens, encare como um momento de <strong>relaxamento<\/strong> e bem-estar pessoal. Resultados reais e duradouros v\u00eam da combina\u00e7\u00e3o de bons h\u00e1bitos e tratamentos com <strong>orienta\u00e7\u00e3o m\u00e9dica<\/strong> especializada para cada caso.<\/p>\n","protected":false},"excerpt":{"rendered":"<p>Massagem facial e muscula\u00e7\u00e3o para o rosto dominam as redes sociais com promessas de substituir pl\u00e1sticas e botox de forma natural. O m\u00e9dico Gustavo Borchardt explica como o envelhecimento multifatorial impacta nossa apar\u00eancia e se essas manobras mec\u00e2nicas possuem respaldo cient\u00edfico s\u00f3lido hoje em dia. Por que o rosto envelhece com o passar do tempo? [&hellip;]<\/p>\n","protected":false},"author":20,"featured_media":173349,"comment_status":"open","ping_status":"open","sticky":false,"template":"","format":"standard","meta":{"jnews-multi-image_gallery":[],"jnews_single_post":{"format":"standard"},"jnews_primary_category":[],"jnews_social_meta":[],"jnews_override_counter":[],"footnotes":""},"categories":[8819,20108],"tags":[2616,10375,5777],"class_list":["post-173316","post","type-post","status-publish","format-standard","has-post-thumbnail","hentry","category-curiosidades","category-noticia","tag-beleza","tag-massagem-facial","tag-rosto"],"yoast_head":"<!-- This site is optimized with the Yoast SEO plugin v23.8 - https:\/\/yoast.com\/wordpress\/plugins\/seo\/ -->\n<title>Massagem facial rejuvenesce mesmo? M\u00e9dico explica o que funciona e o que \u00e9 mito nas redes sociais - Estado de Minas - Em foco<\/title>\n<meta name=\"description\" content=\"Veja por que exercitar a testa pode piorar as marcas de express\u00e3o no seu rosto. Aprenda a relaxar os m\u00fasculos para garantir um visual descansado.\" \/>\n<meta name=\"robots\" content=\"index, follow, max-snippet:-1, max-image-preview:large, max-video-preview:-1\" \/>\n<link rel=\"canonical\" href=\"https:\/\/www.em.com.br\/emfoco\/2026\/02\/25\/massagem-facial-rejuvenesce-mesmo-medico-explica-o-que-funciona-e-o-que-e-mito-nas-redes-sociais\/\" \/>\n<meta property=\"og:locale\" content=\"pt_BR\" \/>\n<meta property=\"og:type\" content=\"article\" \/>\n<meta property=\"og:title\" content=\"Massagem facial rejuvenesce mesmo? M\u00e9dico explica o que funciona e o que \u00e9 mito nas redes sociais - Estado de Minas - Em foco\" \/>\n<meta property=\"og:description\" content=\"Veja por que exercitar a testa pode piorar as marcas de express\u00e3o no seu rosto. Aprenda a relaxar os m\u00fasculos para garantir um visual descansado.\" \/>\n<meta property=\"og:url\" content=\"https:\/\/www.em.com.br\/emfoco\/2026\/02\/25\/massagem-facial-rejuvenesce-mesmo-medico-explica-o-que-funciona-e-o-que-e-mito-nas-redes-sociais\/\" \/>\n<meta property=\"og:site_name\" content=\"Estado de Minas - Em foco\" \/>\n<meta property=\"article:published_time\" content=\"2026-02-25T15:25:00+00:00\" \/>\n<meta property=\"article:modified_time\" content=\"2026-02-24T17:15:32+00:00\" \/>\n<meta property=\"og:image\" content=\"https:\/\/www.em.com.br\/emfoco\/wp-content\/uploads\/2026\/02\/rosto-massagem-beleza-rosto.png\" \/>\n\t<meta property=\"og:image:width\" content=\"1280\" \/>\n\t<meta property=\"og:image:height\" content=\"720\" \/>\n\t<meta property=\"og:image:type\" content=\"image\/png\" \/>\n<meta name=\"author\" content=\"Ingrid Diniz\" \/>\n<meta name=\"twitter:card\" content=\"summary_large_image\" \/>\n<meta name=\"twitter:label1\" content=\"Escrito por\" \/>\n\t<meta name=\"twitter:data1\" content=\"Ingrid Diniz\" \/>\n\t<meta name=\"twitter:label2\" content=\"Est. tempo de leitura\" \/>\n\t<meta name=\"twitter:data2\" content=\"4 minutos\" \/>\n<!-- \/ Yoast SEO plugin. -->","yoast_head_json":{"title":"Massagem facial rejuvenesce mesmo? M\u00e9dico explica o que funciona e o que \u00e9 mito nas redes sociais - Estado de Minas - Em foco","description":"Veja por que exercitar a testa pode piorar as marcas de express\u00e3o no seu rosto. Aprenda a relaxar os m\u00fasculos para garantir um visual descansado.","robots":{"index":"index","follow":"follow","max-snippet":"max-snippet:-1","max-image-preview":"max-image-preview:large","max-video-preview":"max-video-preview:-1"},"canonical":"https:\/\/www.em.com.br\/emfoco\/2026\/02\/25\/massagem-facial-rejuvenesce-mesmo-medico-explica-o-que-funciona-e-o-que-e-mito-nas-redes-sociais\/","og_locale":"pt_BR","og_type":"article","og_title":"Massagem facial rejuvenesce mesmo? M\u00e9dico explica o que funciona e o que \u00e9 mito nas redes sociais - Estado de Minas - Em foco","og_description":"Veja por que exercitar a testa pode piorar as marcas de express\u00e3o no seu rosto. Aprenda a relaxar os m\u00fasculos para garantir um visual descansado.","og_url":"https:\/\/www.em.com.br\/emfoco\/2026\/02\/25\/massagem-facial-rejuvenesce-mesmo-medico-explica-o-que-funciona-e-o-que-e-mito-nas-redes-sociais\/","og_site_name":"Estado de Minas - Em foco","article_published_time":"2026-02-25T15:25:00+00:00","article_modified_time":"2026-02-24T17:15:32+00:00","og_image":[{"width":1280,"height":720,"url":"https:\/\/www.em.com.br\/emfoco\/wp-content\/uploads\/2026\/02\/rosto-massagem-beleza-rosto.png","type":"image\/png"}],"author":"Ingrid Diniz","twitter_card":"summary_large_image","twitter_misc":{"Escrito por":"Ingrid Diniz","Est. tempo de leitura":"4 minutos"},"schema":{"@context":"https:\/\/schema.org","@graph":[{"@type":"WebPage","@id":"https:\/\/www.em.com.br\/emfoco\/2026\/02\/25\/massagem-facial-rejuvenesce-mesmo-medico-explica-o-que-funciona-e-o-que-e-mito-nas-redes-sociais\/","url":"https:\/\/www.em.com.br\/emfoco\/2026\/02\/25\/massagem-facial-rejuvenesce-mesmo-medico-explica-o-que-funciona-e-o-que-e-mito-nas-redes-sociais\/","name":"Massagem facial rejuvenesce mesmo? M\u00e9dico explica o que funciona e o que \u00e9 mito nas redes sociais - Estado de Minas - Em foco","isPartOf":{"@id":"https:\/\/www.em.com.br\/emfoco\/#website"},"primaryImageOfPage":{"@id":"https:\/\/www.em.com.br\/emfoco\/2026\/02\/25\/massagem-facial-rejuvenesce-mesmo-medico-explica-o-que-funciona-e-o-que-e-mito-nas-redes-sociais\/#primaryimage"},"image":{"@id":"https:\/\/www.em.com.br\/emfoco\/2026\/02\/25\/massagem-facial-rejuvenesce-mesmo-medico-explica-o-que-funciona-e-o-que-e-mito-nas-redes-sociais\/#primaryimage"},"thumbnailUrl":"https:\/\/www.em.com.br\/emfoco\/wp-content\/uploads\/2026\/02\/rosto-massagem-beleza-rosto.png","datePublished":"2026-02-25T15:25:00+00:00","dateModified":"2026-02-24T17:15:32+00:00","author":{"@id":"https:\/\/www.em.com.br\/emfoco\/#\/schema\/person\/649e610b4eb8fff87ff394e54fe17b2b"},"description":"Veja por que exercitar a testa pode piorar as marcas de express\u00e3o no seu rosto. Aprenda a relaxar os m\u00fasculos para garantir um visual descansado.","breadcrumb":{"@id":"https:\/\/www.em.com.br\/emfoco\/2026\/02\/25\/massagem-facial-rejuvenesce-mesmo-medico-explica-o-que-funciona-e-o-que-e-mito-nas-redes-sociais\/#breadcrumb"},"inLanguage":"pt-BR","potentialAction":[{"@type":"ReadAction","target":["https:\/\/www.em.com.br\/emfoco\/2026\/02\/25\/massagem-facial-rejuvenesce-mesmo-medico-explica-o-que-funciona-e-o-que-e-mito-nas-redes-sociais\/"]}]},{"@type":"ImageObject","inLanguage":"pt-BR","@id":"https:\/\/www.em.com.br\/emfoco\/2026\/02\/25\/massagem-facial-rejuvenesce-mesmo-medico-explica-o-que-funciona-e-o-que-e-mito-nas-redes-sociais\/#primaryimage","url":"https:\/\/www.em.com.br\/emfoco\/wp-content\/uploads\/2026\/02\/rosto-massagem-beleza-rosto.png","contentUrl":"https:\/\/www.em.com.br\/emfoco\/wp-content\/uploads\/2026\/02\/rosto-massagem-beleza-rosto.png","width":1280,"height":720,"caption":"Exerc\u00edcios e massagem facial entregam o rejuvenescimento prometido"},{"@type":"BreadcrumbList","@id":"https:\/\/www.em.com.br\/emfoco\/2026\/02\/25\/massagem-facial-rejuvenesce-mesmo-medico-explica-o-que-funciona-e-o-que-e-mito-nas-redes-sociais\/#breadcrumb","itemListElement":[{"@type":"ListItem","position":1,"name":"In\u00edcio","item":"https:\/\/www.em.com.br\/emfoco\/"},{"@type":"ListItem","position":2,"name":"Massagem facial rejuvenesce mesmo? M\u00e9dico explica o que funciona e o que \u00e9 mito nas redes sociais"}]},{"@type":"WebSite","@id":"https:\/\/www.em.com.br\/emfoco\/#website","url":"https:\/\/www.em.com.br\/emfoco\/","name":"Estado de Minas - Em foco","description":"Acompanhe as \u00faltimas not\u00edcias e fique bem informado sobre tudo o que acontece em Minas Gerais, Brasil e no mundo.","potentialAction":[{"@type":"SearchAction","target":{"@type":"EntryPoint","urlTemplate":"https:\/\/www.em.com.br\/emfoco\/?s={search_term_string}"},"query-input":{"@type":"PropertyValueSpecification","valueRequired":true,"valueName":"search_term_string"}}],"inLanguage":"pt-BR"},{"@type":"Person","@id":"https:\/\/www.em.com.br\/emfoco\/#\/schema\/person\/649e610b4eb8fff87ff394e54fe17b2b","name":"Ingrid Diniz","image":{"@type":"ImageObject","inLanguage":"pt-BR","@id":"https:\/\/www.em.com.br\/emfoco\/#\/schema\/person\/image\/","url":"https:\/\/secure.gravatar.com\/avatar\/a3baa1449ec5c39b4c42babc9d4f3951?s=96&d=mm&r=g","contentUrl":"https:\/\/secure.gravatar.com\/avatar\/a3baa1449ec5c39b4c42babc9d4f3951?s=96&d=mm&r=g","caption":"Ingrid Diniz"},"sameAs":["https:\/\/www.em.com.br\/"],"url":"https:\/\/www.em.com.br\/emfoco\/author\/ingridmyth\/"}]}},"_links":{"self":[{"href":"https:\/\/www.em.com.br\/emfoco\/wp-json\/wp\/v2\/posts\/173316","targetHints":{"allow":["GET"]}}],"collection":[{"href":"https:\/\/www.em.com.br\/emfoco\/wp-json\/wp\/v2\/posts"}],"about":[{"href":"https:\/\/www.em.com.br\/emfoco\/wp-json\/wp\/v2\/types\/post"}],"author":[{"embeddable":true,"href":"https:\/\/www.em.com.br\/emfoco\/wp-json\/wp\/v2\/users\/20"}],"replies":[{"embeddable":true,"href":"https:\/\/www.em.com.br\/emfoco\/wp-json\/wp\/v2\/comments?post=173316"}],"version-history":[{"count":2,"href":"https:\/\/www.em.com.br\/emfoco\/wp-json\/wp\/v2\/posts\/173316\/revisions"}],"predecessor-version":[{"id":173352,"href":"https:\/\/www.em.com.br\/emfoco\/wp-json\/wp\/v2\/posts\/173316\/revisions\/173352"}],"wp:featuredmedia":[{"embeddable":true,"href":"https:\/\/www.em.com.br\/emfoco\/wp-json\/wp\/v2\/media\/173349"}],"wp:attachment":[{"href":"https:\/\/www.em.com.br\/emfoco\/wp-json\/wp\/v2\/media?parent=173316"}],"wp:term":[{"taxonomy":"category","embeddable":true,"href":"https:\/\/www.em.com.br\/emfoco\/wp-json\/wp\/v2\/categories?post=173316"},{"taxonomy":"post_tag","embeddable":true,"href":"https:\/\/www.em.com.br\/emfoco\/wp-json\/wp\/v2\/tags?post=173316"}],"curies":[{"name":"wp","href":"https:\/\/api.w.org\/{rel}","templated":true}]}}