{"id":173238,"date":"2026-02-25T09:25:46","date_gmt":"2026-02-25T12:25:46","guid":{"rendered":"https:\/\/www.em.com.br\/emfoco\/?p=173238"},"modified":"2026-02-24T18:04:59","modified_gmt":"2026-02-24T21:04:59","slug":"como-reduzir-olhos-cansados-e-dores-de-cabeca-sem-sair-da-frente-do-computador","status":"publish","type":"post","link":"https:\/\/www.em.com.br\/emfoco\/2026\/02\/25\/como-reduzir-olhos-cansados-e-dores-de-cabeca-sem-sair-da-frente-do-computador\/","title":{"rendered":"Como reduzir olhos cansados e dores de cabe\u00e7a sem sair da frente do computador"},"content":{"rendered":"\n<p>Depois de um dia inteiro de <b>trabalho<\/b>, voc\u00ea j\u00e1 sentiu os olhos <b>pesados<\/b>, ardendo e a cabe\u00e7a \u201clatejando\u201d bem na frente do computador? Com a rotina cada vez mais <b>digital<\/b> e o aumento do trabalho remoto e h\u00edbrido, em 2026 essas queixas ficaram ainda mais comuns entre quem passa horas diante das telas.<\/p>\n\n\n\n<h2 class=\"wp-block-heading\">Olhos cansados no trabalho o que s\u00e3o e por que acontecem<\/h2>\n\n\n\n<p>O termo <b>olhos cansados<\/b> descreve sinais como ard\u00eancia, peso nas <b>p\u00e1lpebras<\/b>, vis\u00e3o emba\u00e7ada ao fim do dia e at\u00e9 uma dor de cabe\u00e7a leve. Na pr\u00e1tica, \u00e9 aquela sensa\u00e7\u00e3o de que voc\u00ea precisa \u201cfechar os olhos um pouco\u201d para conseguir continuar a <b>tarefa<\/b>.<\/p>\n\n\n\n<p>Isso acontece porque os olhos ficam em esfor\u00e7o cont\u00ednuo para focar letras pequenas e imagens iluminadas por muitas horas. Al\u00e9m disso, diante da tela, piscamos menos, o que deixa a superf\u00edcie dos olhos mais <b>seca<\/b>. Ilumina\u00e7\u00e3o forte ou fraca demais, brilho alto, dist\u00e2ncia errada da tela e longas jornadas conectadas somam-se e aumentam o <b>cansa\u00e7o<\/b> visual, podendo tamb\u00e9m agravar quadros de <b>olho seco<\/b> em quem j\u00e1 tem predisposi\u00e7\u00e3o.<\/p>\n\n\n<div class=\"wp-block-image\">\n<figure class=\"aligncenter size-large\"><img loading=\"lazy\" decoding=\"async\" width=\"1024\" height=\"576\" src=\"https:\/\/www.em.com.br\/emfoco\/wp-content\/uploads\/2026\/02\/olhos-cansados_1771966870176-1024x576.jpg\" alt=\"\" class=\"wp-image-173498\" srcset=\"https:\/\/www.em.com.br\/emfoco\/wp-content\/uploads\/2026\/02\/olhos-cansados_1771966870176-1024x576.jpg 1024w, https:\/\/www.em.com.br\/emfoco\/wp-content\/uploads\/2026\/02\/olhos-cansados_1771966870176-300x169.jpg 300w, https:\/\/www.em.com.br\/emfoco\/wp-content\/uploads\/2026\/02\/olhos-cansados_1771966870176-768x432.jpg 768w, https:\/\/www.em.com.br\/emfoco\/wp-content\/uploads\/2026\/02\/olhos-cansados_1771966870176-750x422.jpg 750w, https:\/\/www.em.com.br\/emfoco\/wp-content\/uploads\/2026\/02\/olhos-cansados_1771966870176-1140x641.jpg 1140w, https:\/\/www.em.com.br\/emfoco\/wp-content\/uploads\/2026\/02\/olhos-cansados_1771966870176.jpg 1280w\" sizes=\"auto, (max-width: 1024px) 100vw, 1024px\" \/><figcaption class=\"wp-element-caption\">O termo olhos cansados descreve sinais como ard\u00eancia, peso nas p\u00e1lpebras, vis\u00e3o emba\u00e7ada ao fim do dia &#8211; Cr\u00e9ditos: depositphotos.com \/ VitalikRadko<\/figcaption><\/figure><\/div>\n\n\n<p>Leia tamb\u00e9m:&nbsp;<a href=\"https:\/\/www.em.com.br\/emfoco\/2026\/02\/24\/pernas-pesadas-apos-o-trabalho-aprenda-a-fazer-uma-drenagem-expressa-nas-panturrilhas\/\" target=\"_blank\" rel=\"noopener\">Pernas pesadas ap\u00f3s o trabalho? Aprenda a fazer uma drenagem expressa nas panturrilhas<\/a><\/p>\n\n\n\n<h2 class=\"wp-block-heading\">Exerc\u00edcio r\u00e1pido para olhos cansados realmente melhora o foco<\/h2>\n\n\n\n<p>Especialistas em sa\u00fade <b>ocular<\/b> explicam que pequenas pausas e exerc\u00edcios simples ao longo do dia ajudam a reduzir o <b>desconforto<\/b> e a melhorar a concentra\u00e7\u00e3o. N\u00e3o \u00e9 preciso parar o trabalho por muito tempo: alguns minutos j\u00e1 fazem diferen\u00e7a na sensa\u00e7\u00e3o de <b>cansa\u00e7o<\/b>.<\/p>\n\n\n\n<p>Um dos m\u00e9todos mais indicados \u00e9 a <b>regra 20-20-20<\/b>: a cada 20 minutos, olhar por cerca de 20 segundos para algo a aproximadamente 6 metros de <b>dist\u00e2ncia<\/b>. Ao alternar o foco entre perto e longe, os m\u00fasculos dos olhos relaxam e voc\u00ea quebra o padr\u00e3o de tens\u00e3o cont\u00ednua causado pela <b>tela<\/b>.<\/p>\n\n\n\n<h2 class=\"wp-block-heading\">Como fazer um exerc\u00edcio r\u00e1pido sem sair do lugar<\/h2>\n\n\n\n<p>Alguns exerc\u00edcios podem ser feitos diretamente na esta\u00e7\u00e3o de <b>trabalho<\/b>, em poucos minutos, sem equipamentos. Eles podem ser encaixados entre uma <b>tarefa<\/b> e outra, como um \u201crespiro\u201d visual durante o <b>expediente<\/b>.<\/p>\n\n\n\n<ol class=\"wp-block-list\">\n<li><b>Pausa de olhar<\/b> distante: afastar-se levemente da tela, escolher um ponto <b>distante<\/b> e manter o olhar fixo por 20 a 30 segundos, respirando com <b>calma<\/b>.<\/li>\n\n\n\n<li><b>Piscar consciente<\/b>: fechar e abrir os olhos lentamente de 10 a 15 vezes, para ajudar na lubrifica\u00e7\u00e3o <b>natural<\/b> e aliviar a sensa\u00e7\u00e3o de <b>ressecamento<\/b>.<\/li>\n\n\n\n<li><b>Foco alternado<\/b>: estender um bra\u00e7o \u00e0 frente, focar na ponta do dedo por 5 segundos e depois em um objeto <b>distante<\/b> por mais 5 segundos, repetindo de 5 a 10 vezes, o que estimula o ajuste de <b>foco<\/b> dos olhos.<\/li>\n\n\n\n<li><b>Movimento suave<\/b> dos olhos: sem mover a cabe\u00e7a, olhar para cima, para baixo, para a direita e para a esquerda, mantendo cada posi\u00e7\u00e3o por 2 a 3 segundos, sem <b>for\u00e7ar<\/b>, sempre respeitando o limite de <b>conforto<\/b>.<\/li>\n<\/ol>\n\n\n\n<p>Essa sequ\u00eancia leva poucos minutos e pode ser repetida ao longo do dia. Se algum movimento causar dor ou desconforto forte, \u00e9 importante interromper e buscar avalia\u00e7\u00e3o <b>profissional<\/b>, pois pode haver outro problema ocular envolvido, como altera\u00e7\u00f5es de <b>grau<\/b> ou inflama\u00e7\u00f5es que exigem <b>tratamento<\/b>. Se voc\u00ea gosta de ouvir profissionais, separamos esse v\u00eddeo do <a href=\"https:\/\/www.youtube.com\/@Dr.VictorFran%C3%A7a\" target=\"_blank\" rel=\"noreferrer noopener\">Dr. Victor Fran\u00e7a<\/a> falando mais sobre o cansa\u00e7o visual:<\/p>\n\n\n\n<figure class=\"wp-block-embed is-type-video is-provider-youtube wp-block-embed-youtube wp-embed-aspect-16-9 wp-has-aspect-ratio\"><div class=\"wp-block-embed__wrapper\">\n<div class=\"jeg_video_container jeg_video_content\"><iframe loading=\"lazy\" title=\"Cansa\u00e7o visual - Como ajudar a diminuir? #cansa\u00e7ovisual #oftalmologia #drvictorfranca\" width=\"500\" height=\"281\" src=\"https:\/\/www.youtube.com\/embed\/9AT69UAnyyo?feature=oembed\" frameborder=\"0\" allow=\"accelerometer; autoplay; clipboard-write; encrypted-media; gyroscope; picture-in-picture; web-share\" referrerpolicy=\"strict-origin-when-cross-origin\" allowfullscreen><\/iframe><\/div>\n<\/div><\/figure>\n\n\n\n<h2 class=\"wp-block-heading\">Como organizar o ambiente para reduzir o cansa\u00e7o visual<\/h2>\n\n\n\n<p>Al\u00e9m dos exerc\u00edcios, pequenos ajustes no ambiente de <b>trabalho<\/b> ajudam muito a aliviar os olhos. A tela deve ficar na altura dos <b>olhos<\/b> ou um pouco abaixo, a uma dist\u00e2ncia aproximada de um bra\u00e7o, com ilumina\u00e7\u00e3o confort\u00e1vel e sem <b>reflexos<\/b> diretos.<\/p>\n\n\n\n<p>A seguir, algumas atitudes simples que podem tornar o dia a dia mais leve para a vis\u00e3o e para o corpo como um <b>todo<\/b>:<\/p>\n\n\n\n<ul class=\"wp-block-list\">\n<li>Regular brilho e contraste do <b>monitor<\/b> para n\u00edveis confort\u00e1veis.<\/li>\n\n\n\n<li>Evitar reflexos diretos de <b>janelas<\/b> ou lumin\u00e1rias na tela.<\/li>\n\n\n\n<li>Manter o texto em <b>tamanho<\/b> adequado, evitando letras muito pequenas.<\/li>\n\n\n\n<li>Usar filtro de <b>luz azul<\/b> quando indicado por profissional de sa\u00fade.<\/li>\n\n\n\n<li>Manter a <b>postura<\/b> alinhada, com cadeira ajustada e p\u00e9s apoiados.<\/li>\n<\/ul>\n\n\n\n<p>Ao combinar ambiente ajustado, pausas regulares e exerc\u00edcios <b>r\u00e1pidos<\/b>, voc\u00ea tende a sentir menos cansa\u00e7o visual e a manter o <b>foco<\/b> por mais tempo. Se os sintomas forem intensos ou persistirem, como dor frequente, vis\u00e3o muito emba\u00e7ada ou forte sensibilidade \u00e0 <b>luz<\/b>, vale procurar um <b>oftalmologista<\/b> para uma avalia\u00e7\u00e3o detalhada.<\/p>\n","protected":false},"excerpt":{"rendered":"<p>Depois de um dia inteiro de trabalho, voc\u00ea j\u00e1 sentiu os olhos pesados, ardendo e a cabe\u00e7a \u201clatejando\u201d bem na frente do computador? Com a rotina cada vez mais digital e o aumento do trabalho remoto e h\u00edbrido, em 2026 essas queixas ficaram ainda mais comuns entre quem passa horas diante das telas. Olhos cansados [&hellip;]<\/p>\n","protected":false},"author":9,"featured_media":173499,"comment_status":"open","ping_status":"open","sticky":false,"template":"","format":"standard","meta":{"jnews-multi-image_gallery":[],"jnews_single_post":{"format":"standard"},"jnews_primary_category":[],"jnews_social_meta":[],"jnews_override_counter":[],"footnotes":""},"categories":[8691,8819,1],"tags":[4131,23776,508],"class_list":["post-173238","post","type-post","status-publish","format-standard","has-post-thumbnail","hentry","category-bem-estar","category-curiosidades","category-noticias","tag-exercicios","tag-olhos-cansados","tag-trabalho"],"yoast_head":"<!-- This site is optimized with the Yoast SEO plugin v23.8 - https:\/\/yoast.com\/wordpress\/plugins\/seo\/ -->\n<title>Como reduzir olhos cansados e dores de cabe\u00e7a sem sair da frente do computador - Estado de Minas - Em foco<\/title>\n<meta name=\"description\" content=\"Olhos cansados surgem ap\u00f3s horas em frente \u00e0 tela. Pausas, exerc\u00edcios e ajustes no ambiente aliviam cansa\u00e7o e melhoram o foco.\" \/>\n<meta name=\"robots\" content=\"index, follow, max-snippet:-1, max-image-preview:large, max-video-preview:-1\" \/>\n<link rel=\"canonical\" href=\"https:\/\/www.em.com.br\/emfoco\/2026\/02\/25\/como-reduzir-olhos-cansados-e-dores-de-cabeca-sem-sair-da-frente-do-computador\/\" \/>\n<meta property=\"og:locale\" content=\"pt_BR\" \/>\n<meta property=\"og:type\" content=\"article\" \/>\n<meta property=\"og:title\" content=\"Como reduzir olhos cansados e dores de cabe\u00e7a sem sair da frente do computador - Estado de Minas - Em foco\" \/>\n<meta property=\"og:description\" content=\"Olhos cansados surgem ap\u00f3s horas em frente \u00e0 tela. Pausas, exerc\u00edcios e ajustes no ambiente aliviam cansa\u00e7o e melhoram o foco.\" \/>\n<meta property=\"og:url\" content=\"https:\/\/www.em.com.br\/emfoco\/2026\/02\/25\/como-reduzir-olhos-cansados-e-dores-de-cabeca-sem-sair-da-frente-do-computador\/\" \/>\n<meta property=\"og:site_name\" content=\"Estado de Minas - Em foco\" \/>\n<meta property=\"article:published_time\" content=\"2026-02-25T12:25:46+00:00\" \/>\n<meta property=\"article:modified_time\" content=\"2026-02-24T21:04:59+00:00\" \/>\n<meta property=\"og:image\" content=\"https:\/\/www.em.com.br\/emfoco\/wp-content\/uploads\/2026\/02\/Gemini_Generated_Image_qmyoghqmyoghqmyo-1.png\" \/>\n\t<meta property=\"og:image:width\" content=\"1280\" \/>\n\t<meta property=\"og:image:height\" content=\"720\" \/>\n\t<meta property=\"og:image:type\" content=\"image\/png\" \/>\n<meta name=\"author\" content=\"Daniely Cardoso\" \/>\n<meta name=\"twitter:card\" content=\"summary_large_image\" \/>\n<meta name=\"twitter:label1\" content=\"Escrito por\" \/>\n\t<meta name=\"twitter:data1\" content=\"Daniely Cardoso\" \/>\n\t<meta name=\"twitter:label2\" content=\"Est. tempo de leitura\" \/>\n\t<meta name=\"twitter:data2\" content=\"5 minutos\" \/>\n<!-- \/ Yoast SEO plugin. -->","yoast_head_json":{"title":"Como reduzir olhos cansados e dores de cabe\u00e7a sem sair da frente do computador - Estado de Minas - Em foco","description":"Olhos cansados surgem ap\u00f3s horas em frente \u00e0 tela. Pausas, exerc\u00edcios e ajustes no ambiente aliviam cansa\u00e7o e melhoram o foco.","robots":{"index":"index","follow":"follow","max-snippet":"max-snippet:-1","max-image-preview":"max-image-preview:large","max-video-preview":"max-video-preview:-1"},"canonical":"https:\/\/www.em.com.br\/emfoco\/2026\/02\/25\/como-reduzir-olhos-cansados-e-dores-de-cabeca-sem-sair-da-frente-do-computador\/","og_locale":"pt_BR","og_type":"article","og_title":"Como reduzir olhos cansados e dores de cabe\u00e7a sem sair da frente do computador - Estado de Minas - Em foco","og_description":"Olhos cansados surgem ap\u00f3s horas em frente \u00e0 tela. Pausas, exerc\u00edcios e ajustes no ambiente aliviam cansa\u00e7o e melhoram o foco.","og_url":"https:\/\/www.em.com.br\/emfoco\/2026\/02\/25\/como-reduzir-olhos-cansados-e-dores-de-cabeca-sem-sair-da-frente-do-computador\/","og_site_name":"Estado de Minas - Em foco","article_published_time":"2026-02-25T12:25:46+00:00","article_modified_time":"2026-02-24T21:04:59+00:00","og_image":[{"width":1280,"height":720,"url":"https:\/\/www.em.com.br\/emfoco\/wp-content\/uploads\/2026\/02\/Gemini_Generated_Image_qmyoghqmyoghqmyo-1.png","type":"image\/png"}],"author":"Daniely Cardoso","twitter_card":"summary_large_image","twitter_misc":{"Escrito por":"Daniely Cardoso","Est. tempo de leitura":"5 minutos"},"schema":{"@context":"https:\/\/schema.org","@graph":[{"@type":"WebPage","@id":"https:\/\/www.em.com.br\/emfoco\/2026\/02\/25\/como-reduzir-olhos-cansados-e-dores-de-cabeca-sem-sair-da-frente-do-computador\/","url":"https:\/\/www.em.com.br\/emfoco\/2026\/02\/25\/como-reduzir-olhos-cansados-e-dores-de-cabeca-sem-sair-da-frente-do-computador\/","name":"Como reduzir olhos cansados e dores de cabe\u00e7a sem sair da frente do computador - Estado de Minas - Em foco","isPartOf":{"@id":"https:\/\/www.em.com.br\/emfoco\/#website"},"primaryImageOfPage":{"@id":"https:\/\/www.em.com.br\/emfoco\/2026\/02\/25\/como-reduzir-olhos-cansados-e-dores-de-cabeca-sem-sair-da-frente-do-computador\/#primaryimage"},"image":{"@id":"https:\/\/www.em.com.br\/emfoco\/2026\/02\/25\/como-reduzir-olhos-cansados-e-dores-de-cabeca-sem-sair-da-frente-do-computador\/#primaryimage"},"thumbnailUrl":"https:\/\/www.em.com.br\/emfoco\/wp-content\/uploads\/2026\/02\/Gemini_Generated_Image_qmyoghqmyoghqmyo-1.png","datePublished":"2026-02-25T12:25:46+00:00","dateModified":"2026-02-24T21:04:59+00:00","author":{"@id":"https:\/\/www.em.com.br\/emfoco\/#\/schema\/person\/0a8186d72f2c3a5c6276d90b41f271a0"},"description":"Olhos cansados surgem ap\u00f3s horas em frente \u00e0 tela. Pausas, exerc\u00edcios e ajustes no ambiente aliviam cansa\u00e7o e melhoram o foco.","breadcrumb":{"@id":"https:\/\/www.em.com.br\/emfoco\/2026\/02\/25\/como-reduzir-olhos-cansados-e-dores-de-cabeca-sem-sair-da-frente-do-computador\/#breadcrumb"},"inLanguage":"pt-BR","potentialAction":[{"@type":"ReadAction","target":["https:\/\/www.em.com.br\/emfoco\/2026\/02\/25\/como-reduzir-olhos-cansados-e-dores-de-cabeca-sem-sair-da-frente-do-computador\/"]}]},{"@type":"ImageObject","inLanguage":"pt-BR","@id":"https:\/\/www.em.com.br\/emfoco\/2026\/02\/25\/como-reduzir-olhos-cansados-e-dores-de-cabeca-sem-sair-da-frente-do-computador\/#primaryimage","url":"https:\/\/www.em.com.br\/emfoco\/wp-content\/uploads\/2026\/02\/Gemini_Generated_Image_qmyoghqmyoghqmyo-1.png","contentUrl":"https:\/\/www.em.com.br\/emfoco\/wp-content\/uploads\/2026\/02\/Gemini_Generated_Image_qmyoghqmyoghqmyo-1.png","width":1280,"height":720,"caption":"Especialistas em sa\u00fade ocular explicam que pequenas pausas e exerc\u00edcios simples"},{"@type":"BreadcrumbList","@id":"https:\/\/www.em.com.br\/emfoco\/2026\/02\/25\/como-reduzir-olhos-cansados-e-dores-de-cabeca-sem-sair-da-frente-do-computador\/#breadcrumb","itemListElement":[{"@type":"ListItem","position":1,"name":"In\u00edcio","item":"https:\/\/www.em.com.br\/emfoco\/"},{"@type":"ListItem","position":2,"name":"Como reduzir olhos cansados e dores de cabe\u00e7a sem sair da frente do computador"}]},{"@type":"WebSite","@id":"https:\/\/www.em.com.br\/emfoco\/#website","url":"https:\/\/www.em.com.br\/emfoco\/","name":"Estado de Minas - Em foco","description":"Acompanhe as \u00faltimas not\u00edcias e fique bem informado sobre tudo o que acontece em Minas Gerais, Brasil e no mundo.","potentialAction":[{"@type":"SearchAction","target":{"@type":"EntryPoint","urlTemplate":"https:\/\/www.em.com.br\/emfoco\/?s={search_term_string}"},"query-input":{"@type":"PropertyValueSpecification","valueRequired":true,"valueName":"search_term_string"}}],"inLanguage":"pt-BR"},{"@type":"Person","@id":"https:\/\/www.em.com.br\/emfoco\/#\/schema\/person\/0a8186d72f2c3a5c6276d90b41f271a0","name":"Daniely Cardoso","image":{"@type":"ImageObject","inLanguage":"pt-BR","@id":"https:\/\/www.em.com.br\/emfoco\/#\/schema\/person\/image\/","url":"https:\/\/secure.gravatar.com\/avatar\/4b80ddbd124d1f071b626d52d62e5dff?s=96&d=mm&r=g","contentUrl":"https:\/\/secure.gravatar.com\/avatar\/4b80ddbd124d1f071b626d52d62e5dff?s=96&d=mm&r=g","caption":"Daniely Cardoso"},"url":"https:\/\/www.em.com.br\/emfoco\/author\/danielymyth\/"}]}},"_links":{"self":[{"href":"https:\/\/www.em.com.br\/emfoco\/wp-json\/wp\/v2\/posts\/173238","targetHints":{"allow":["GET"]}}],"collection":[{"href":"https:\/\/www.em.com.br\/emfoco\/wp-json\/wp\/v2\/posts"}],"about":[{"href":"https:\/\/www.em.com.br\/emfoco\/wp-json\/wp\/v2\/types\/post"}],"author":[{"embeddable":true,"href":"https:\/\/www.em.com.br\/emfoco\/wp-json\/wp\/v2\/users\/9"}],"replies":[{"embeddable":true,"href":"https:\/\/www.em.com.br\/emfoco\/wp-json\/wp\/v2\/comments?post=173238"}],"version-history":[{"count":2,"href":"https:\/\/www.em.com.br\/emfoco\/wp-json\/wp\/v2\/posts\/173238\/revisions"}],"predecessor-version":[{"id":173500,"href":"https:\/\/www.em.com.br\/emfoco\/wp-json\/wp\/v2\/posts\/173238\/revisions\/173500"}],"wp:featuredmedia":[{"embeddable":true,"href":"https:\/\/www.em.com.br\/emfoco\/wp-json\/wp\/v2\/media\/173499"}],"wp:attachment":[{"href":"https:\/\/www.em.com.br\/emfoco\/wp-json\/wp\/v2\/media?parent=173238"}],"wp:term":[{"taxonomy":"category","embeddable":true,"href":"https:\/\/www.em.com.br\/emfoco\/wp-json\/wp\/v2\/categories?post=173238"},{"taxonomy":"post_tag","embeddable":true,"href":"https:\/\/www.em.com.br\/emfoco\/wp-json\/wp\/v2\/tags?post=173238"}],"curies":[{"name":"wp","href":"https:\/\/api.w.org\/{rel}","templated":true}]}}