{"id":172944,"date":"2026-02-24T19:35:00","date_gmt":"2026-02-24T22:35:00","guid":{"rendered":"https:\/\/www.em.com.br\/emfoco\/?p=172944"},"modified":"2026-02-23T14:41:57","modified_gmt":"2026-02-23T17:41:57","slug":"porteiro-demitido-por-pegar-uma-bala-tem-justa-causa-revertida-e-decisao-reacende-debate-sobre-limites-do-poder-disciplinar-das-empresas","status":"publish","type":"post","link":"https:\/\/www.em.com.br\/emfoco\/2026\/02\/24\/porteiro-demitido-por-pegar-uma-bala-tem-justa-causa-revertida-e-decisao-reacende-debate-sobre-limites-do-poder-disciplinar-das-empresas\/","title":{"rendered":"Porteiro demitido por pegar uma bala tem justa causa revertida e decis\u00e3o reacende debate sobre limites do poder disciplinar das empresas"},"content":{"rendered":"\n<p>A <strong>justa causa anulada<\/strong> pela Justi\u00e7a do Trabalho de Minas Gerais reacendeu o debate sobre proporcionalidade nas puni\u00e7\u00f5es. Um porteiro foi demitido ap\u00f3s pegar uma bala Halls durante o plant\u00e3o, mas o tribunal considerou a medida excessiva diante das circunst\u00e2ncias.<\/p>\n\n\n\n<h2 class=\"wp-block-heading\">Por que a demiss\u00e3o por justa causa foi revertida?<\/h2>\n\n\n\n<p>A decis\u00e3o foi tomada pela <strong><a href=\"https:\/\/portal.trt3.jus.br\/internet\/institucional\/2-grau\/composicao\" target=\"_blank\" rel=\"noreferrer noopener\">Oitava Turma do TRT-MG<\/a><\/strong>, que confirmou senten\u00e7a da 1\u00aa Vara do Trabalho de Uberaba. O colegiado entendeu que a penalidade aplicada foi desproporcional ao fato atribu\u00eddo ao trabalhador.<\/p>\n\n\n\n<p>Para o relator, desembargador <strong>Jos\u00e9 Nilton Ferreira Pandelot<\/strong>, era necess\u00e1rio analisar o contexto e a gravidade concreta da conduta. A simples retirada de uma bala, sem hist\u00f3rico disciplinar negativo, n\u00e3o justificaria a puni\u00e7\u00e3o m\u00e1xima prevista na CLT.<\/p>\n\n\n\n<figure class=\"wp-block-image size-large\"><img loading=\"lazy\" decoding=\"async\" width=\"1024\" height=\"576\" src=\"https:\/\/www.em.com.br\/emfoco\/wp-content\/uploads\/2026\/02\/1-17-1024x576.jpg\" alt=\"Porteiro demitido por pegar uma bala tem justa causa revertida e decis\u00e3o reacende debate sobre limites do poder disciplinar das empresas\" class=\"wp-image-173027\" srcset=\"https:\/\/www.em.com.br\/emfoco\/wp-content\/uploads\/2026\/02\/1-17-1024x576.jpg 1024w, https:\/\/www.em.com.br\/emfoco\/wp-content\/uploads\/2026\/02\/1-17-300x169.jpg 300w, https:\/\/www.em.com.br\/emfoco\/wp-content\/uploads\/2026\/02\/1-17-768x432.jpg 768w, https:\/\/www.em.com.br\/emfoco\/wp-content\/uploads\/2026\/02\/1-17-750x422.jpg 750w, https:\/\/www.em.com.br\/emfoco\/wp-content\/uploads\/2026\/02\/1-17-1140x641.jpg 1140w, https:\/\/www.em.com.br\/emfoco\/wp-content\/uploads\/2026\/02\/1-17.jpg 1280w\" sizes=\"auto, (max-width: 1024px) 100vw, 1024px\" \/><figcaption class=\"wp-element-caption\">Tribunal mineiro considera penalidade m\u00e1xima desproporcional \u00e0 conduta do trabalhador<\/figcaption><\/figure>\n\n\n\n<h2 class=\"wp-block-heading\">Quais foram os fatos considerados no julgamento?<\/h2>\n\n\n\n<p>Segundo o processo, o porteiro pegou uma bala Halls por volta das 23h50, quando transportava um baleiro dentro do hospital. Ele informou que pagaria no plant\u00e3o seguinte, j\u00e1 que a loja estava fechada naquele momento. Entre os pontos analisados pela Justi\u00e7a, destacam-se:<\/p>\n\n\n\n<ul class=\"wp-block-list\">\n<li><strong>Aus\u00eancia de defesa pr\u00e9via<\/strong>: o trabalhador foi dispensado no dia seguinte, sem oportunidade formal de apresentar explica\u00e7\u00f5es antes da aplica\u00e7\u00e3o da penalidade.<\/li>\n\n\n\n<li><strong>Imagens de seguran\u00e7a<\/strong>: a empresa alegou quebra de confian\u00e7a com base em registros internos, fundamentando-se no artigo 482 da CLT.<\/li>\n\n\n\n<li><strong>Fun\u00e7\u00e3o exercida<\/strong>: o porteiro n\u00e3o tinha atribui\u00e7\u00e3o de vigil\u00e2ncia patrimonial, o que enfraqueceu a tese de viola\u00e7\u00e3o grave de confian\u00e7a.<\/li>\n<\/ul>\n\n\n\n<h2 class=\"wp-block-heading\">O que pesou a favor do trabalhador?<\/h2>\n\n\n\n<p>Uma testemunha afirmou que era comum funcion\u00e1rios pegarem balas e acertarem o pagamento no plant\u00e3o seguinte. Esse <strong>costume tolerado<\/strong> indicou poss\u00edvel permissividade da empresa quanto \u00e0 pr\u00e1tica, reduzindo a gravidade do ato.<\/p>\n\n\n\n<p>Tamb\u00e9m n\u00e3o havia registros de advert\u00eancias anteriores nem norma expressa proibindo a conduta. Para o tribunal, a aus\u00eancia de puni\u00e7\u00f5es pr\u00e9vias refor\u00e7ou a d\u00favida razo\u00e1vel sobre a exist\u00eancia de <strong>quebra efetiva de <a href=\"https:\/\/www.em.com.br\/emfoco\/2026\/01\/30\/motorista-usa-confianca-para-desviar-r-88-mil-de-idosa-apos-fazer-48-transferencias\/\" target=\"_blank\" rel=\"noreferrer noopener\">confian\u00e7a<\/a><\/strong>.<\/p>\n\n\n\n<figure class=\"wp-block-image size-large\"><img loading=\"lazy\" decoding=\"async\" width=\"1024\" height=\"576\" src=\"https:\/\/www.em.com.br\/emfoco\/wp-content\/uploads\/2026\/02\/1-18-1024x576.jpg\" alt=\"Porteiro demitido por pegar uma bala tem justa causa revertida e decis\u00e3o reacende debate sobre limites do poder disciplinar das empresas\" class=\"wp-image-173030\" srcset=\"https:\/\/www.em.com.br\/emfoco\/wp-content\/uploads\/2026\/02\/1-18-1024x576.jpg 1024w, https:\/\/www.em.com.br\/emfoco\/wp-content\/uploads\/2026\/02\/1-18-300x169.jpg 300w, https:\/\/www.em.com.br\/emfoco\/wp-content\/uploads\/2026\/02\/1-18-768x432.jpg 768w, https:\/\/www.em.com.br\/emfoco\/wp-content\/uploads\/2026\/02\/1-18-750x422.jpg 750w, https:\/\/www.em.com.br\/emfoco\/wp-content\/uploads\/2026\/02\/1-18-1140x641.jpg 1140w, https:\/\/www.em.com.br\/emfoco\/wp-content\/uploads\/2026\/02\/1-18.jpg 1280w\" sizes=\"auto, (max-width: 1024px) 100vw, 1024px\" \/><figcaption class=\"wp-element-caption\">Hist\u00f3rico disciplinar limpo e falta de proibi\u00e7\u00e3o expressa favoreceram decis\u00e3o judicial<\/figcaption><\/figure>\n\n\n\n<h2 class=\"wp-block-heading\">Quais verbas o porteiro receber\u00e1 ap\u00f3s a decis\u00e3o?<\/h2>\n\n\n\n<p>Com a revers\u00e3o da dispensa motivada, o contrato passou a ser considerado rescindido sem justa causa. Isso garante ao trabalhador o recebimento integral das verbas rescis\u00f3rias t\u00edpicas dessa modalidade, conforme definido pelo tribunal, incluindo:<\/p>\n\n\n\n<ul class=\"wp-block-list\">\n<li><strong>Aviso-pr\u00e9vio<\/strong>: pagamento correspondente ao per\u00edodo legal, assegurando transi\u00e7\u00e3o financeira ap\u00f3s o desligamento.<\/li>\n\n\n\n<li><strong>13\u00ba sal\u00e1rio e f\u00e9rias proporcionais<\/strong>: acrescidas do adicional de um ter\u00e7o constitucional.<\/li>\n\n\n\n<li><strong>Multa de 40% do FGTS<\/strong>: incidindo sobre o saldo depositado durante o contrato de trabalho.<\/li>\n<\/ul>\n\n\n\n<h2 class=\"wp-block-heading\">A decis\u00e3o ainda pode ser contestada?<\/h2>\n\n\n\n<p>O julgamento foi un\u00e2nime e o processo j\u00e1 est\u00e1 <strong>arquivado definitivamente<\/strong>, sem possibilidade de novos recursos. Com isso, o entendimento do TRT-MG torna-se definitivo no caso concreto analisado.<\/p>\n\n\n\n<p>A decis\u00e3o refor\u00e7a o princ\u00edpio da <strong>proporcionalidade na aplica\u00e7\u00e3o da justa causa<\/strong>, exigindo an\u00e1lise detalhada das circunst\u00e2ncias antes da ado\u00e7\u00e3o da penalidade mais severa prevista na legisla\u00e7\u00e3o trabalhista.<\/p>\n","protected":false},"excerpt":{"rendered":"<p>A justa causa anulada pela Justi\u00e7a do Trabalho de Minas Gerais reacendeu o debate sobre proporcionalidade nas puni\u00e7\u00f5es. Um porteiro foi demitido ap\u00f3s pegar uma bala Halls durante o plant\u00e3o, mas o tribunal considerou a medida excessiva diante das circunst\u00e2ncias. Por que a demiss\u00e3o por justa causa foi revertida? A decis\u00e3o foi tomada pela Oitava [&hellip;]<\/p>\n","protected":false},"author":13,"featured_media":173028,"comment_status":"open","ping_status":"open","sticky":false,"template":"","format":"standard","meta":{"jnews-multi-image_gallery":[],"jnews_single_post":{"format":"standard"},"jnews_primary_category":[],"jnews_social_meta":[],"jnews_override_counter":[],"footnotes":""},"categories":[28],"tags":[2287,16151,207],"class_list":["post-172944","post","type-post","status-publish","format-standard","has-post-thumbnail","hentry","category-economia","tag-demissao","tag-justa-causa","tag-minas-gerais"],"yoast_head":"<!-- This site is optimized with the Yoast SEO plugin v23.8 - https:\/\/yoast.com\/wordpress\/plugins\/seo\/ -->\n<title>Porteiro demitido por pegar uma bala tem justa causa revertida e decis\u00e3o reacende debate sobre limites do poder disciplinar das empresas - Estado de Minas - Em foco<\/title>\n<meta name=\"description\" content=\"A Justi\u00e7a anulou a justa causa por uma bala Halls e refor\u00e7ou que puni\u00e7\u00f5es desproporcionais n\u00e3o podem ser aplicadas pelas empresas.\" \/>\n<meta name=\"robots\" content=\"index, follow, max-snippet:-1, max-image-preview:large, max-video-preview:-1\" \/>\n<link rel=\"canonical\" href=\"https:\/\/www.em.com.br\/emfoco\/2026\/02\/24\/porteiro-demitido-por-pegar-uma-bala-tem-justa-causa-revertida-e-decisao-reacende-debate-sobre-limites-do-poder-disciplinar-das-empresas\/\" \/>\n<meta property=\"og:locale\" content=\"pt_BR\" \/>\n<meta property=\"og:type\" content=\"article\" \/>\n<meta property=\"og:title\" content=\"Porteiro demitido por pegar uma bala tem justa causa revertida e decis\u00e3o reacende debate sobre limites do poder disciplinar das empresas - Estado de Minas - Em foco\" \/>\n<meta property=\"og:description\" content=\"A Justi\u00e7a anulou a justa causa por uma bala Halls e refor\u00e7ou que puni\u00e7\u00f5es desproporcionais n\u00e3o podem ser aplicadas pelas empresas.\" \/>\n<meta property=\"og:url\" content=\"https:\/\/www.em.com.br\/emfoco\/2026\/02\/24\/porteiro-demitido-por-pegar-uma-bala-tem-justa-causa-revertida-e-decisao-reacende-debate-sobre-limites-do-poder-disciplinar-das-empresas\/\" \/>\n<meta property=\"og:site_name\" content=\"Estado de Minas - Em foco\" \/>\n<meta property=\"article:published_time\" content=\"2026-02-24T22:35:00+00:00\" \/>\n<meta property=\"article:modified_time\" content=\"2026-02-23T17:41:57+00:00\" \/>\n<meta property=\"og:image\" content=\"https:\/\/www.em.com.br\/emfoco\/wp-content\/uploads\/2026\/02\/2-15.jpg\" \/>\n\t<meta property=\"og:image:width\" content=\"1280\" \/>\n\t<meta property=\"og:image:height\" content=\"720\" \/>\n\t<meta property=\"og:image:type\" content=\"image\/jpeg\" \/>\n<meta name=\"author\" content=\"Gabriel Martins\" \/>\n<meta name=\"twitter:card\" content=\"summary_large_image\" \/>\n<meta name=\"twitter:label1\" content=\"Escrito por\" \/>\n\t<meta name=\"twitter:data1\" content=\"Gabriel Martins\" \/>\n\t<meta name=\"twitter:label2\" content=\"Est. tempo de leitura\" \/>\n\t<meta name=\"twitter:data2\" content=\"4 minutos\" \/>\n<!-- \/ Yoast SEO plugin. -->","yoast_head_json":{"title":"Porteiro demitido por pegar uma bala tem justa causa revertida e decis\u00e3o reacende debate sobre limites do poder disciplinar das empresas - Estado de Minas - Em foco","description":"A Justi\u00e7a anulou a justa causa por uma bala Halls e refor\u00e7ou que puni\u00e7\u00f5es desproporcionais n\u00e3o podem ser aplicadas pelas empresas.","robots":{"index":"index","follow":"follow","max-snippet":"max-snippet:-1","max-image-preview":"max-image-preview:large","max-video-preview":"max-video-preview:-1"},"canonical":"https:\/\/www.em.com.br\/emfoco\/2026\/02\/24\/porteiro-demitido-por-pegar-uma-bala-tem-justa-causa-revertida-e-decisao-reacende-debate-sobre-limites-do-poder-disciplinar-das-empresas\/","og_locale":"pt_BR","og_type":"article","og_title":"Porteiro demitido por pegar uma bala tem justa causa revertida e decis\u00e3o reacende debate sobre limites do poder disciplinar das empresas - Estado de Minas - Em foco","og_description":"A Justi\u00e7a anulou a justa causa por uma bala Halls e refor\u00e7ou que puni\u00e7\u00f5es desproporcionais n\u00e3o podem ser aplicadas pelas empresas.","og_url":"https:\/\/www.em.com.br\/emfoco\/2026\/02\/24\/porteiro-demitido-por-pegar-uma-bala-tem-justa-causa-revertida-e-decisao-reacende-debate-sobre-limites-do-poder-disciplinar-das-empresas\/","og_site_name":"Estado de Minas - Em foco","article_published_time":"2026-02-24T22:35:00+00:00","article_modified_time":"2026-02-23T17:41:57+00:00","og_image":[{"width":1280,"height":720,"url":"https:\/\/www.em.com.br\/emfoco\/wp-content\/uploads\/2026\/02\/2-15.jpg","type":"image\/jpeg"}],"author":"Gabriel Martins","twitter_card":"summary_large_image","twitter_misc":{"Escrito por":"Gabriel Martins","Est. tempo de leitura":"4 minutos"},"schema":{"@context":"https:\/\/schema.org","@graph":[{"@type":"WebPage","@id":"https:\/\/www.em.com.br\/emfoco\/2026\/02\/24\/porteiro-demitido-por-pegar-uma-bala-tem-justa-causa-revertida-e-decisao-reacende-debate-sobre-limites-do-poder-disciplinar-das-empresas\/","url":"https:\/\/www.em.com.br\/emfoco\/2026\/02\/24\/porteiro-demitido-por-pegar-uma-bala-tem-justa-causa-revertida-e-decisao-reacende-debate-sobre-limites-do-poder-disciplinar-das-empresas\/","name":"Porteiro demitido por pegar uma bala tem justa causa revertida e decis\u00e3o reacende debate sobre limites do poder disciplinar das empresas - Estado de Minas - Em foco","isPartOf":{"@id":"https:\/\/www.em.com.br\/emfoco\/#website"},"primaryImageOfPage":{"@id":"https:\/\/www.em.com.br\/emfoco\/2026\/02\/24\/porteiro-demitido-por-pegar-uma-bala-tem-justa-causa-revertida-e-decisao-reacende-debate-sobre-limites-do-poder-disciplinar-das-empresas\/#primaryimage"},"image":{"@id":"https:\/\/www.em.com.br\/emfoco\/2026\/02\/24\/porteiro-demitido-por-pegar-uma-bala-tem-justa-causa-revertida-e-decisao-reacende-debate-sobre-limites-do-poder-disciplinar-das-empresas\/#primaryimage"},"thumbnailUrl":"https:\/\/www.em.com.br\/emfoco\/wp-content\/uploads\/2026\/02\/2-15.jpg","datePublished":"2026-02-24T22:35:00+00:00","dateModified":"2026-02-23T17:41:57+00:00","author":{"@id":"https:\/\/www.em.com.br\/emfoco\/#\/schema\/person\/1c9ddeab18b98abeffef834667bcf08a"},"description":"A Justi\u00e7a anulou a justa causa por uma bala Halls e refor\u00e7ou que puni\u00e7\u00f5es desproporcionais n\u00e3o podem ser aplicadas pelas empresas.","breadcrumb":{"@id":"https:\/\/www.em.com.br\/emfoco\/2026\/02\/24\/porteiro-demitido-por-pegar-uma-bala-tem-justa-causa-revertida-e-decisao-reacende-debate-sobre-limites-do-poder-disciplinar-das-empresas\/#breadcrumb"},"inLanguage":"pt-BR","potentialAction":[{"@type":"ReadAction","target":["https:\/\/www.em.com.br\/emfoco\/2026\/02\/24\/porteiro-demitido-por-pegar-uma-bala-tem-justa-causa-revertida-e-decisao-reacende-debate-sobre-limites-do-poder-disciplinar-das-empresas\/"]}]},{"@type":"ImageObject","inLanguage":"pt-BR","@id":"https:\/\/www.em.com.br\/emfoco\/2026\/02\/24\/porteiro-demitido-por-pegar-uma-bala-tem-justa-causa-revertida-e-decisao-reacende-debate-sobre-limites-do-poder-disciplinar-das-empresas\/#primaryimage","url":"https:\/\/www.em.com.br\/emfoco\/wp-content\/uploads\/2026\/02\/2-15.jpg","contentUrl":"https:\/\/www.em.com.br\/emfoco\/wp-content\/uploads\/2026\/02\/2-15.jpg","width":1280,"height":720,"caption":"Justi\u00e7a do Trabalho anula demiss\u00e3o por justa causa motivada por retirada de bala"},{"@type":"BreadcrumbList","@id":"https:\/\/www.em.com.br\/emfoco\/2026\/02\/24\/porteiro-demitido-por-pegar-uma-bala-tem-justa-causa-revertida-e-decisao-reacende-debate-sobre-limites-do-poder-disciplinar-das-empresas\/#breadcrumb","itemListElement":[{"@type":"ListItem","position":1,"name":"In\u00edcio","item":"https:\/\/www.em.com.br\/emfoco\/"},{"@type":"ListItem","position":2,"name":"Porteiro demitido por pegar uma bala tem justa causa revertida e decis\u00e3o reacende debate sobre limites do poder disciplinar das empresas"}]},{"@type":"WebSite","@id":"https:\/\/www.em.com.br\/emfoco\/#website","url":"https:\/\/www.em.com.br\/emfoco\/","name":"Estado de Minas - Em foco","description":"Acompanhe as \u00faltimas not\u00edcias e fique bem informado sobre tudo o que acontece em Minas Gerais, Brasil e no mundo.","potentialAction":[{"@type":"SearchAction","target":{"@type":"EntryPoint","urlTemplate":"https:\/\/www.em.com.br\/emfoco\/?s={search_term_string}"},"query-input":{"@type":"PropertyValueSpecification","valueRequired":true,"valueName":"search_term_string"}}],"inLanguage":"pt-BR"},{"@type":"Person","@id":"https:\/\/www.em.com.br\/emfoco\/#\/schema\/person\/1c9ddeab18b98abeffef834667bcf08a","name":"Gabriel Martins","image":{"@type":"ImageObject","inLanguage":"pt-BR","@id":"https:\/\/www.em.com.br\/emfoco\/#\/schema\/person\/image\/","url":"https:\/\/secure.gravatar.com\/avatar\/f0f1e2efdfd88f1ad2cb08c5c2731e50?s=96&d=mm&r=g","contentUrl":"https:\/\/secure.gravatar.com\/avatar\/f0f1e2efdfd88f1ad2cb08c5c2731e50?s=96&d=mm&r=g","caption":"Gabriel Martins"},"sameAs":["https:\/\/www.em.com.br\/emfoco\/"],"url":"https:\/\/www.em.com.br\/emfoco\/author\/gabrielmartinsmyth\/"}]}},"_links":{"self":[{"href":"https:\/\/www.em.com.br\/emfoco\/wp-json\/wp\/v2\/posts\/172944","targetHints":{"allow":["GET"]}}],"collection":[{"href":"https:\/\/www.em.com.br\/emfoco\/wp-json\/wp\/v2\/posts"}],"about":[{"href":"https:\/\/www.em.com.br\/emfoco\/wp-json\/wp\/v2\/types\/post"}],"author":[{"embeddable":true,"href":"https:\/\/www.em.com.br\/emfoco\/wp-json\/wp\/v2\/users\/13"}],"replies":[{"embeddable":true,"href":"https:\/\/www.em.com.br\/emfoco\/wp-json\/wp\/v2\/comments?post=172944"}],"version-history":[{"count":1,"href":"https:\/\/www.em.com.br\/emfoco\/wp-json\/wp\/v2\/posts\/172944\/revisions"}],"predecessor-version":[{"id":173031,"href":"https:\/\/www.em.com.br\/emfoco\/wp-json\/wp\/v2\/posts\/172944\/revisions\/173031"}],"wp:featuredmedia":[{"embeddable":true,"href":"https:\/\/www.em.com.br\/emfoco\/wp-json\/wp\/v2\/media\/173028"}],"wp:attachment":[{"href":"https:\/\/www.em.com.br\/emfoco\/wp-json\/wp\/v2\/media?parent=172944"}],"wp:term":[{"taxonomy":"category","embeddable":true,"href":"https:\/\/www.em.com.br\/emfoco\/wp-json\/wp\/v2\/categories?post=172944"},{"taxonomy":"post_tag","embeddable":true,"href":"https:\/\/www.em.com.br\/emfoco\/wp-json\/wp\/v2\/tags?post=172944"}],"curies":[{"name":"wp","href":"https:\/\/api.w.org\/{rel}","templated":true}]}}