{"id":172941,"date":"2026-02-24T11:55:00","date_gmt":"2026-02-24T14:55:00","guid":{"rendered":"https:\/\/www.em.com.br\/emfoco\/?p=172941"},"modified":"2026-02-23T14:21:30","modified_gmt":"2026-02-23T17:21:30","slug":"proposta-de-afastar-tabacarias-das-escolas-coloca-pressao-nacional-e-acende-alerta-sobre-a-escalada-de-vapes-entre-adolescentes","status":"publish","type":"post","link":"https:\/\/www.em.com.br\/emfoco\/2026\/02\/24\/proposta-de-afastar-tabacarias-das-escolas-coloca-pressao-nacional-e-acende-alerta-sobre-a-escalada-de-vapes-entre-adolescentes\/","title":{"rendered":"Proposta de afastar tabacarias das escolas coloca press\u00e3o nacional e acende alerta sobre a escalada de vapes entre adolescentes"},"content":{"rendered":"\n<p>O debate sobre a <strong>nova lei contra cigarros e vapes<\/strong> ganha for\u00e7a com a proposta de limitar tabacarias a 500 metros de escolas e endurecer regras antifumo. A medida surge ap\u00f3s o avan\u00e7o dos dispositivos eletr\u00f4nicos entre jovens e pode inspirar mudan\u00e7as nacionais.<\/p>\n\n\n\n<h2 class=\"wp-block-heading\">O que muda com a nova lei contra cigarros e vapes?<\/h2>\n\n\n\n<p>A proposta usa como base a <strong>Lei Antifumo de Curitiba<\/strong> e cria uma restri\u00e7\u00e3o territorial in\u00e9dita: impedir o funcionamento de tabacarias a menos de 500 metros de escolas p\u00fablicas ou privadas. A inten\u00e7\u00e3o \u00e9 reduzir exposi\u00e7\u00e3o precoce e refor\u00e7ar a <strong>prote\u00e7\u00e3o \u00e0 <a href=\"https:\/\/www.em.com.br\/emfoco\/2026\/01\/05\/fortaleza-vive-mais-uma-virada-marcada-por-fogos-barulhentos-descumprimento-da-lei-e-prejuizos-a-saude-publica-e-animal\/\" target=\"_blank\" rel=\"noreferrer noopener\">sa\u00fade p\u00fablica<\/a><\/strong>.<\/p>\n\n\n\n<p>Diferente de uma proibi\u00e7\u00e3o total, o texto aposta em <strong>zonas de prote\u00e7\u00e3o escolar<\/strong>, preservando a atividade econ\u00f4mica, mas controlando o entorno de ambientes educativos. O foco passa do consumo em locais fechados para o controle estrat\u00e9gico da oferta.<\/p>\n\n\n\n<figure class=\"wp-block-image size-large\"><img loading=\"lazy\" decoding=\"async\" width=\"1024\" height=\"576\" src=\"https:\/\/www.em.com.br\/emfoco\/wp-content\/uploads\/2026\/02\/1-13-1024x576.jpg\" alt=\"Proposta de afastar tabacarias das escolas coloca press\u00e3o nacional e acende alerta sobre a escalada de vapes entre adolescentes\" class=\"wp-image-172986\" srcset=\"https:\/\/www.em.com.br\/emfoco\/wp-content\/uploads\/2026\/02\/1-13-1024x576.jpg 1024w, https:\/\/www.em.com.br\/emfoco\/wp-content\/uploads\/2026\/02\/1-13-300x169.jpg 300w, https:\/\/www.em.com.br\/emfoco\/wp-content\/uploads\/2026\/02\/1-13-768x432.jpg 768w, https:\/\/www.em.com.br\/emfoco\/wp-content\/uploads\/2026\/02\/1-13-750x422.jpg 750w, https:\/\/www.em.com.br\/emfoco\/wp-content\/uploads\/2026\/02\/1-13-1140x641.jpg 1140w, https:\/\/www.em.com.br\/emfoco\/wp-content\/uploads\/2026\/02\/1-13.jpg 1280w\" sizes=\"auto, (max-width: 1024px) 100vw, 1024px\" \/><figcaption class=\"wp-element-caption\">Projeto cria zonas de prote\u00e7\u00e3o proibindo venda em raio de quinhentos metros<\/figcaption><\/figure>\n\n\n\n<h2 class=\"wp-block-heading\">Como funciona a regra de 500 metros perto de escolas?<\/h2>\n\n\n\n<p>O projeto detalha crit\u00e9rios objetivos de medi\u00e7\u00e3o e atualiza\u00e7\u00e3o da legisla\u00e7\u00e3o municipal, ampliando o alcance da <strong>pol\u00edtica antifumo<\/strong>. A ideia \u00e9 tornar a regra clara e aplic\u00e1vel, como mostram os pontos definidos a seguir.<\/p>\n\n\n\n<ul class=\"wp-block-list\">\n<li>A dist\u00e2ncia ser\u00e1 de <strong>500 metros<\/strong> entre escola e tabacaria.<\/li>\n\n\n\n<li>A medi\u00e7\u00e3o considera o ponto mais pr\u00f3ximo entre os limites dos im\u00f3veis.<\/li>\n\n\n\n<li>A regra vale para institui\u00e7\u00f5es p\u00fablicas e privadas, em qualquer n\u00edvel de ensino.<\/li>\n<\/ul>\n\n\n\n<h2 class=\"wp-block-heading\">Por que os vapes est\u00e3o no centro do debate?<\/h2>\n\n\n\n<p>O crescimento dos <strong>dispositivos eletr\u00f4nicos para fumar<\/strong>, conhecidos como vapes ou pods, preocupa autoridades pelo aumento entre adolescentes. O apelo visual, os sabores e a percep\u00e7\u00e3o equivocada de menor risco ampliam a ades\u00e3o nas escolas.<\/p>\n\n\n\n<p>Especialistas apontam que a <strong>normaliza\u00e7\u00e3o do consumo<\/strong> perto do ambiente escolar favorece inicia\u00e7\u00e3o precoce e depend\u00eancia. A proximidade dos pontos de venda \u00e9 vista como fator que facilita acesso e refor\u00e7a est\u00edmulos cotidianos ao uso.<\/p>\n\n\n\n<p>Confira o v\u00eddeo compartilhado pelo portal <strong><a href=\"https:\/\/www.tiktok.com\/@g1\" target=\"_blank\" rel=\"noreferrer noopener\"><strong>g1<\/strong><\/a><\/strong> no TikTok falando sobre a conscientiza\u00e7\u00e3o do uso de vapes e cigarros eletr\u00f4nicos no Brasil.<\/p>\n\n\n\n<blockquote class=\"tiktok-embed\" cite=\"https:\/\/www.tiktok.com\/@g1\/video\/7493929356780244229\" data-video-id=\"7493929356780244229\" style=\"max-width: 605px;min-width: 325px;\" > <section> <a target=\"_blank\" title=\"@g1\" href=\"https:\/\/www.tiktok.com\/@g1?refer=embed\">@g1<\/a> Ilegal no Brasil &#8211; O Minist\u00e9rio da Sa\u00fade iniciou uma campanha de conscientiza\u00e7\u00e3o da popula\u00e7\u00e3o sobre o uso do vape, o cigarro eletr\u00f4nico. O p\u00fablico-alvo principal \u00e9 os jovens, adolescentes e adultos. Uma pesquisa mostrou que 70% dos usu\u00e1rios de cigarros eletr\u00f4nicos t\u00eam entre 15 e 24 anos. A Anvisa j\u00e1 conseguiu derrubar mais de mil sites que vendem o produto, considerado ilegal no Brasil. Al\u00e9m do fumo em si, que tem diversas subst\u00e2ncias t\u00f3xicas e pode gerar problemas irrevers\u00edveis, os m\u00e9dicos se preocupam com os riscos da bateria explodir e gerar les\u00f5es e queimaduras na boca dos fumantes. Saiba mais no <a title=\"g1\" target=\"_blank\" href=\"https:\/\/www.tiktok.com\/tag\/g1?refer=embed\">#g1<\/a> <a title=\"tiktoknot\u00edcias\" target=\"_blank\" href=\"https:\/\/www.tiktok.com\/tag\/tiktoknot%C3%ADcias?refer=embed\">#tiktoknot\u00edcias<\/a> #vape <a title=\"minist\u00e9riodasa\u00fade\" target=\"_blank\" href=\"https:\/\/www.tiktok.com\/tag\/minist%C3%A9riodasa%C3%BAde?refer=embed\">#minist\u00e9riodasa\u00fade<\/a> <a title=\"conscientiza\u00e7\u00e3o\" target=\"_blank\" href=\"https:\/\/www.tiktok.com\/tag\/conscientiza%C3%A7%C3%A3o?refer=embed\">#conscientiza\u00e7\u00e3o<\/a> <a target=\"_blank\" title=\"\u266c som original  - g1\" href=\"https:\/\/www.tiktok.com\/music\/som-original-g1-7493929399831137079?refer=embed\">\u266c som original  &#8211; g1<\/a> <\/section> <\/blockquote> <script async src=\"https:\/\/www.tiktok.com\/embed.js\"><\/script>\n\n\n\n<h2 class=\"wp-block-heading\">O que j\u00e1 est\u00e1 em vigor em Curitiba desde 2023?<\/h2>\n\n\n\n<p>A legisla\u00e7\u00e3o municipal j\u00e1 havia sido atualizada para incluir expressamente os cigarros eletr\u00f4nicos nas proibi\u00e7\u00f5es de uso coletivo. A amplia\u00e7\u00e3o fortaleceu a base jur\u00eddica para o novo debate, como mostram os pontos pr\u00e1ticos a seguir.<\/p>\n\n\n\n<ul class=\"wp-block-list\">\n<li>A <strong>Lei n\u00ba 16.266\/2023<\/strong> incluiu os DEFs na proibi\u00e7\u00e3o municipal.<\/li>\n\n\n\n<li>Ambientes coletivos p\u00fablicos e privados j\u00e1 vetam uso desses dispositivos.<\/li>\n\n\n\n<li>Placas de sinaliza\u00e7\u00e3o devem mencionar a veda\u00e7\u00e3o aos cigarros eletr\u00f4nicos.<\/li>\n<\/ul>\n\n\n\n<h2 class=\"wp-block-heading\">A proposta pode se tornar refer\u00eancia nacional?<\/h2>\n\n\n\n<p>O modelo discutido pode servir como base para uma <strong>atualiza\u00e7\u00e3o nacional da legisla\u00e7\u00e3o antifumo<\/strong>, consolidando regras territoriais e ampliando fiscaliza\u00e7\u00e3o. A estrat\u00e9gia \u00e9 transformar experi\u00eancias locais em padr\u00e3o jur\u00eddico replic\u00e1vel.<\/p>\n\n\n\n<p>Se avan\u00e7ar, a nova etapa deve combinar <strong>restri\u00e7\u00e3o de oferta pr\u00f3xima a escolas<\/strong> com controle do uso em locais coletivos. O objetivo central \u00e9 frear a entrada de jovens no consumo e reduzir impactos futuros no sistema de sa\u00fade.<\/p>\n","protected":false},"excerpt":{"rendered":"<p>O debate sobre a nova lei contra cigarros e vapes ganha for\u00e7a com a proposta de limitar tabacarias a 500 metros de escolas e endurecer regras antifumo. A medida surge ap\u00f3s o avan\u00e7o dos dispositivos eletr\u00f4nicos entre jovens e pode inspirar mudan\u00e7as nacionais. O que muda com a nova lei contra cigarros e vapes? A [&hellip;]<\/p>\n","protected":false},"author":13,"featured_media":172987,"comment_status":"open","ping_status":"open","sticky":false,"template":"","format":"standard","meta":{"jnews-multi-image_gallery":[],"jnews_single_post":{"format":"standard"},"jnews_primary_category":[],"jnews_social_meta":[],"jnews_override_counter":[],"footnotes":""},"categories":[28],"tags":[17138,25115,22522],"class_list":["post-172941","post","type-post","status-publish","format-standard","has-post-thumbnail","hentry","category-economia","tag-cigarros-eletronicos","tag-lei-antifumo","tag-vapes"],"yoast_head":"<!-- This site is optimized with the Yoast SEO plugin v23.8 - https:\/\/yoast.com\/wordpress\/plugins\/seo\/ -->\n<title>Proposta de afastar tabacarias das escolas coloca press\u00e3o nacional e acende alerta sobre a escalada de vapes entre adolescentes - Estado de Minas - Em foco<\/title>\n<meta name=\"description\" content=\"O aumento do uso de vapes entre jovens impulsiona proposta que restringe tabacarias pr\u00f3ximas a escolas em todo o pa\u00eds.\" \/>\n<meta name=\"robots\" content=\"index, follow, max-snippet:-1, max-image-preview:large, max-video-preview:-1\" \/>\n<link rel=\"canonical\" href=\"https:\/\/www.em.com.br\/emfoco\/2026\/02\/24\/proposta-de-afastar-tabacarias-das-escolas-coloca-pressao-nacional-e-acende-alerta-sobre-a-escalada-de-vapes-entre-adolescentes\/\" \/>\n<meta property=\"og:locale\" content=\"pt_BR\" \/>\n<meta property=\"og:type\" content=\"article\" \/>\n<meta property=\"og:title\" content=\"Proposta de afastar tabacarias das escolas coloca press\u00e3o nacional e acende alerta sobre a escalada de vapes entre adolescentes - Estado de Minas - Em foco\" \/>\n<meta property=\"og:description\" content=\"O aumento do uso de vapes entre jovens impulsiona proposta que restringe tabacarias pr\u00f3ximas a escolas em todo o pa\u00eds.\" \/>\n<meta property=\"og:url\" content=\"https:\/\/www.em.com.br\/emfoco\/2026\/02\/24\/proposta-de-afastar-tabacarias-das-escolas-coloca-pressao-nacional-e-acende-alerta-sobre-a-escalada-de-vapes-entre-adolescentes\/\" \/>\n<meta property=\"og:site_name\" content=\"Estado de Minas - Em foco\" \/>\n<meta property=\"article:published_time\" content=\"2026-02-24T14:55:00+00:00\" \/>\n<meta property=\"article:modified_time\" content=\"2026-02-23T17:21:30+00:00\" \/>\n<meta property=\"og:image\" content=\"https:\/\/www.em.com.br\/emfoco\/wp-content\/uploads\/2026\/02\/2-11.jpg\" \/>\n\t<meta property=\"og:image:width\" content=\"1280\" \/>\n\t<meta property=\"og:image:height\" content=\"720\" \/>\n\t<meta property=\"og:image:type\" content=\"image\/jpeg\" \/>\n<meta name=\"author\" content=\"Gabriel Martins\" \/>\n<meta name=\"twitter:card\" content=\"summary_large_image\" \/>\n<meta name=\"twitter:label1\" content=\"Escrito por\" \/>\n\t<meta name=\"twitter:data1\" content=\"Gabriel Martins\" \/>\n\t<meta name=\"twitter:label2\" content=\"Est. tempo de leitura\" \/>\n\t<meta name=\"twitter:data2\" content=\"4 minutos\" \/>\n<!-- \/ Yoast SEO plugin. -->","yoast_head_json":{"title":"Proposta de afastar tabacarias das escolas coloca press\u00e3o nacional e acende alerta sobre a escalada de vapes entre adolescentes - Estado de Minas - Em foco","description":"O aumento do uso de vapes entre jovens impulsiona proposta que restringe tabacarias pr\u00f3ximas a escolas em todo o pa\u00eds.","robots":{"index":"index","follow":"follow","max-snippet":"max-snippet:-1","max-image-preview":"max-image-preview:large","max-video-preview":"max-video-preview:-1"},"canonical":"https:\/\/www.em.com.br\/emfoco\/2026\/02\/24\/proposta-de-afastar-tabacarias-das-escolas-coloca-pressao-nacional-e-acende-alerta-sobre-a-escalada-de-vapes-entre-adolescentes\/","og_locale":"pt_BR","og_type":"article","og_title":"Proposta de afastar tabacarias das escolas coloca press\u00e3o nacional e acende alerta sobre a escalada de vapes entre adolescentes - Estado de Minas - Em foco","og_description":"O aumento do uso de vapes entre jovens impulsiona proposta que restringe tabacarias pr\u00f3ximas a escolas em todo o pa\u00eds.","og_url":"https:\/\/www.em.com.br\/emfoco\/2026\/02\/24\/proposta-de-afastar-tabacarias-das-escolas-coloca-pressao-nacional-e-acende-alerta-sobre-a-escalada-de-vapes-entre-adolescentes\/","og_site_name":"Estado de Minas - Em foco","article_published_time":"2026-02-24T14:55:00+00:00","article_modified_time":"2026-02-23T17:21:30+00:00","og_image":[{"width":1280,"height":720,"url":"https:\/\/www.em.com.br\/emfoco\/wp-content\/uploads\/2026\/02\/2-11.jpg","type":"image\/jpeg"}],"author":"Gabriel Martins","twitter_card":"summary_large_image","twitter_misc":{"Escrito por":"Gabriel Martins","Est. tempo de leitura":"4 minutos"},"schema":{"@context":"https:\/\/schema.org","@graph":[{"@type":"WebPage","@id":"https:\/\/www.em.com.br\/emfoco\/2026\/02\/24\/proposta-de-afastar-tabacarias-das-escolas-coloca-pressao-nacional-e-acende-alerta-sobre-a-escalada-de-vapes-entre-adolescentes\/","url":"https:\/\/www.em.com.br\/emfoco\/2026\/02\/24\/proposta-de-afastar-tabacarias-das-escolas-coloca-pressao-nacional-e-acende-alerta-sobre-a-escalada-de-vapes-entre-adolescentes\/","name":"Proposta de afastar tabacarias das escolas coloca press\u00e3o nacional e acende alerta sobre a escalada de vapes entre adolescentes - Estado de Minas - Em foco","isPartOf":{"@id":"https:\/\/www.em.com.br\/emfoco\/#website"},"primaryImageOfPage":{"@id":"https:\/\/www.em.com.br\/emfoco\/2026\/02\/24\/proposta-de-afastar-tabacarias-das-escolas-coloca-pressao-nacional-e-acende-alerta-sobre-a-escalada-de-vapes-entre-adolescentes\/#primaryimage"},"image":{"@id":"https:\/\/www.em.com.br\/emfoco\/2026\/02\/24\/proposta-de-afastar-tabacarias-das-escolas-coloca-pressao-nacional-e-acende-alerta-sobre-a-escalada-de-vapes-entre-adolescentes\/#primaryimage"},"thumbnailUrl":"https:\/\/www.em.com.br\/emfoco\/wp-content\/uploads\/2026\/02\/2-11.jpg","datePublished":"2026-02-24T14:55:00+00:00","dateModified":"2026-02-23T17:21:30+00:00","author":{"@id":"https:\/\/www.em.com.br\/emfoco\/#\/schema\/person\/1c9ddeab18b98abeffef834667bcf08a"},"description":"O aumento do uso de vapes entre jovens impulsiona proposta que restringe tabacarias pr\u00f3ximas a escolas em todo o pa\u00eds.","breadcrumb":{"@id":"https:\/\/www.em.com.br\/emfoco\/2026\/02\/24\/proposta-de-afastar-tabacarias-das-escolas-coloca-pressao-nacional-e-acende-alerta-sobre-a-escalada-de-vapes-entre-adolescentes\/#breadcrumb"},"inLanguage":"pt-BR","potentialAction":[{"@type":"ReadAction","target":["https:\/\/www.em.com.br\/emfoco\/2026\/02\/24\/proposta-de-afastar-tabacarias-das-escolas-coloca-pressao-nacional-e-acende-alerta-sobre-a-escalada-de-vapes-entre-adolescentes\/"]}]},{"@type":"ImageObject","inLanguage":"pt-BR","@id":"https:\/\/www.em.com.br\/emfoco\/2026\/02\/24\/proposta-de-afastar-tabacarias-das-escolas-coloca-pressao-nacional-e-acende-alerta-sobre-a-escalada-de-vapes-entre-adolescentes\/#primaryimage","url":"https:\/\/www.em.com.br\/emfoco\/wp-content\/uploads\/2026\/02\/2-11.jpg","contentUrl":"https:\/\/www.em.com.br\/emfoco\/wp-content\/uploads\/2026\/02\/2-11.jpg","width":1280,"height":720,"caption":"Nova proposta de lei restringe tabacarias pr\u00f3ximas a escolas para proteger jovens"},{"@type":"BreadcrumbList","@id":"https:\/\/www.em.com.br\/emfoco\/2026\/02\/24\/proposta-de-afastar-tabacarias-das-escolas-coloca-pressao-nacional-e-acende-alerta-sobre-a-escalada-de-vapes-entre-adolescentes\/#breadcrumb","itemListElement":[{"@type":"ListItem","position":1,"name":"In\u00edcio","item":"https:\/\/www.em.com.br\/emfoco\/"},{"@type":"ListItem","position":2,"name":"Proposta de afastar tabacarias das escolas coloca press\u00e3o nacional e acende alerta sobre a escalada de vapes entre adolescentes"}]},{"@type":"WebSite","@id":"https:\/\/www.em.com.br\/emfoco\/#website","url":"https:\/\/www.em.com.br\/emfoco\/","name":"Estado de Minas - Em foco","description":"Acompanhe as \u00faltimas not\u00edcias e fique bem informado sobre tudo o que acontece em Minas Gerais, Brasil e no mundo.","potentialAction":[{"@type":"SearchAction","target":{"@type":"EntryPoint","urlTemplate":"https:\/\/www.em.com.br\/emfoco\/?s={search_term_string}"},"query-input":{"@type":"PropertyValueSpecification","valueRequired":true,"valueName":"search_term_string"}}],"inLanguage":"pt-BR"},{"@type":"Person","@id":"https:\/\/www.em.com.br\/emfoco\/#\/schema\/person\/1c9ddeab18b98abeffef834667bcf08a","name":"Gabriel Martins","image":{"@type":"ImageObject","inLanguage":"pt-BR","@id":"https:\/\/www.em.com.br\/emfoco\/#\/schema\/person\/image\/","url":"https:\/\/secure.gravatar.com\/avatar\/f0f1e2efdfd88f1ad2cb08c5c2731e50?s=96&d=mm&r=g","contentUrl":"https:\/\/secure.gravatar.com\/avatar\/f0f1e2efdfd88f1ad2cb08c5c2731e50?s=96&d=mm&r=g","caption":"Gabriel Martins"},"sameAs":["https:\/\/www.em.com.br\/emfoco\/"],"url":"https:\/\/www.em.com.br\/emfoco\/author\/gabrielmartinsmyth\/"}]}},"_links":{"self":[{"href":"https:\/\/www.em.com.br\/emfoco\/wp-json\/wp\/v2\/posts\/172941","targetHints":{"allow":["GET"]}}],"collection":[{"href":"https:\/\/www.em.com.br\/emfoco\/wp-json\/wp\/v2\/posts"}],"about":[{"href":"https:\/\/www.em.com.br\/emfoco\/wp-json\/wp\/v2\/types\/post"}],"author":[{"embeddable":true,"href":"https:\/\/www.em.com.br\/emfoco\/wp-json\/wp\/v2\/users\/13"}],"replies":[{"embeddable":true,"href":"https:\/\/www.em.com.br\/emfoco\/wp-json\/wp\/v2\/comments?post=172941"}],"version-history":[{"count":1,"href":"https:\/\/www.em.com.br\/emfoco\/wp-json\/wp\/v2\/posts\/172941\/revisions"}],"predecessor-version":[{"id":172991,"href":"https:\/\/www.em.com.br\/emfoco\/wp-json\/wp\/v2\/posts\/172941\/revisions\/172991"}],"wp:featuredmedia":[{"embeddable":true,"href":"https:\/\/www.em.com.br\/emfoco\/wp-json\/wp\/v2\/media\/172987"}],"wp:attachment":[{"href":"https:\/\/www.em.com.br\/emfoco\/wp-json\/wp\/v2\/media?parent=172941"}],"wp:term":[{"taxonomy":"category","embeddable":true,"href":"https:\/\/www.em.com.br\/emfoco\/wp-json\/wp\/v2\/categories?post=172941"},{"taxonomy":"post_tag","embeddable":true,"href":"https:\/\/www.em.com.br\/emfoco\/wp-json\/wp\/v2\/tags?post=172941"}],"curies":[{"name":"wp","href":"https:\/\/api.w.org\/{rel}","templated":true}]}}