{"id":172888,"date":"2026-02-24T20:55:00","date_gmt":"2026-02-24T23:55:00","guid":{"rendered":"https:\/\/www.em.com.br\/emfoco\/?p=172888"},"modified":"2026-02-23T16:10:17","modified_gmt":"2026-02-23T19:10:17","slug":"marco-de-alegria-4-signos-entram-em-fase-de-emocoes-inesqueciveis","status":"publish","type":"post","link":"https:\/\/www.em.com.br\/emfoco\/2026\/02\/24\/marco-de-alegria-4-signos-entram-em-fase-de-emocoes-inesqueciveis\/","title":{"rendered":"Mar\u00e7o de alegria: 4 signos entram em fase de emo\u00e7\u00f5es inesquec\u00edveis"},"content":{"rendered":"\n<p>Mar\u00e7o costuma ser lembrado como um per\u00edodo de mudan\u00e7as e recome\u00e7os e, na astrologia, o m\u00eas ganha um destaque especial. Em <strong>2026<\/strong>, muitos astr\u00f3logos apontam que esse ciclo vai mexer diretamente com os sentimentos, despertando l\u00e1grimas de emo\u00e7\u00e3o, especialmente para quem vem insistindo em seus sonhos e aguardando sinais concretos de avan\u00e7o na vida.<\/p>\n\n\n\n<h2 class=\"wp-block-heading\">Por que mar\u00e7o \u00e9 um m\u00eas t\u00e3o especial na astrologia<\/h2>\n\n\n\n<p>Do ponto de vista astrol\u00f3gico, mar\u00e7o marca a transi\u00e7\u00e3o entre o fim de um ano zodiacal e o in\u00edcio de outro, com a passagem do Sol por Peixes e depois por \u00c1ries. Essa combina\u00e7\u00e3o se relaciona tanto ao encerramento de ciclos quanto \u00e0 coragem de iniciar novos cap\u00edtulos, favorecendo decis\u00f5es mais conscientes.<\/p>\n\n\n\n<p>Quando outros planetas se somam a esse cen\u00e1rio, certos <a href=\"https:\/\/www.em.com.br\/emfoco\/2026\/02\/22\/recado-dos-buzios-5-signos-recebem-aviso-urgente-que-pode-mudar-decisoes-importantes\/\" target=\"_blank\" rel=\"noreferrer noopener\">signos <\/a>tendem a sentir com mais intensidade os reflexos dessas mudan\u00e7as. Profiss\u00e3o, dinheiro e vida afetiva ganham destaque, com foco em colheita de resultados ap\u00f3s esfor\u00e7o cont\u00ednuo, reconcilia\u00e7\u00f5es e novas parcerias mais alinhadas com o que cada um realmente deseja.<\/p>\n\n\n\n<figure class=\"wp-block-image size-large\"><img loading=\"lazy\" decoding=\"async\" width=\"1024\" height=\"576\" src=\"https:\/\/www.em.com.br\/emfoco\/wp-content\/uploads\/2026\/02\/Gemini_Generated_Image_5ayco75ayco75ayc-1-1024x576.png\" alt=\"Um novo ciclo come\u00e7a e mexe com quatro signos\" class=\"wp-image-172895\" srcset=\"https:\/\/www.em.com.br\/emfoco\/wp-content\/uploads\/2026\/02\/Gemini_Generated_Image_5ayco75ayco75ayc-1-1024x576.png 1024w, https:\/\/www.em.com.br\/emfoco\/wp-content\/uploads\/2026\/02\/Gemini_Generated_Image_5ayco75ayco75ayc-1-300x169.png 300w, https:\/\/www.em.com.br\/emfoco\/wp-content\/uploads\/2026\/02\/Gemini_Generated_Image_5ayco75ayco75ayc-1-768x432.png 768w, https:\/\/www.em.com.br\/emfoco\/wp-content\/uploads\/2026\/02\/Gemini_Generated_Image_5ayco75ayco75ayc-1-750x422.png 750w, https:\/\/www.em.com.br\/emfoco\/wp-content\/uploads\/2026\/02\/Gemini_Generated_Image_5ayco75ayco75ayc-1-1140x641.png 1140w, https:\/\/www.em.com.br\/emfoco\/wp-content\/uploads\/2026\/02\/Gemini_Generated_Image_5ayco75ayco75ayc-1.png 1280w\" sizes=\"auto, (max-width: 1024px) 100vw, 1024px\" \/><figcaption class=\"wp-element-caption\">Um novo ciclo come\u00e7a e mexe com quatro signos<\/figcaption><\/figure>\n\n\n\n<h2 class=\"wp-block-heading\">Quais signos podem chorar de felicidade em mar\u00e7o de 2026<\/h2>\n\n\n\n<p>Entre as previs\u00f5es mais comentadas, quatro signos aparecem com destaque:\u00a0<strong>Touro<\/strong>,\u00a0<strong>C\u00e2ncer<\/strong>,\u00a0<strong>Escorpi\u00e3o<\/strong>\u00a0e\u00a0<strong>Aqu\u00e1rio<\/strong>. A express\u00e3o \u201c<a href=\"https:\/\/www.tempo.com\/noticias\/ciencia\/chorar-de-felicidade-um-paradoxo-emocional-explicado-pela-ciencia.html\" target=\"_blank\" rel=\"noreferrer noopener\">chorar de felicidade<\/a>\u201d descreve momentos em que esses nativos podem se sentir profundamente tocados por boas not\u00edcias, conquistas inesperadas ou mudan\u00e7as que aliviam fases mais pesadas.<\/p>\n\n\n\n<p>Para alguns, a emo\u00e7\u00e3o vem de resultados materiais e estabilidade; para outros, de encontros afetivos marcantes ou oportunidades que pareciam improv\u00e1veis. Em todos os casos, a t\u00f4nica \u00e9 a sensa\u00e7\u00e3o de que um novo cap\u00edtulo est\u00e1 se abrindo de forma positiva e mais madura.<\/p>\n\n\n\n<h2 class=\"wp-block-heading\">Como Touro, C\u00e2ncer, Escorpi\u00e3o e Aqu\u00e1rio podem ser impactados<\/h2>\n\n\n\n<p>Para&nbsp;<strong>Touro<\/strong>, a palavra-chave \u00e9&nbsp;<strong>recompensa<\/strong>, com avan\u00e7os concretos em carreira e finan\u00e7as. Em&nbsp;<strong>C\u00e2ncer<\/strong>, o foco recai em afeto e v\u00ednculos emocionais, favorecendo reaproxima\u00e7\u00f5es e relacionamentos com potencial de estabilidade. J\u00e1&nbsp;<strong>Escorpi\u00e3o<\/strong>&nbsp;vive um per\u00edodo de renova\u00e7\u00e3o, encerrando etapas intensas e celebrando metas antigas. Para&nbsp;<strong>Aqu\u00e1rio<\/strong>, a t\u00f4nica \u00e9 surpresa positiva e abertura para experi\u00eancias diferentes.<\/p>\n\n\n\n<p>Esses movimentos costumam ser descritos como um \u201cdivisor de \u00e1guas\u201d na vida desses signos, ativando \u00e1reas espec\u00edficas de forma mais sens\u00edvel e concreta. Entre os principais temas em destaque para eles, \u00e9 poss\u00edvel destacar:<\/p>\n\n\n\n<ul class=\"wp-block-list\">\n<li><strong>Touro<\/strong>: melhorias no trabalho, reconhecimento e ajustes financeiros importantes;<\/li>\n\n\n\n<li><strong>C\u00e2ncer<\/strong>: reaproxima\u00e7\u00f5es, gestos rom\u00e2nticos e fortalecimento de la\u00e7os familiares;<\/li>\n\n\n\n<li><strong>Escorpi\u00e3o<\/strong>: fechamento de ciclos dif\u00edceis e sensa\u00e7\u00e3o de al\u00edvio ap\u00f3s decis\u00f5es firmes;<\/li>\n\n\n\n<li><strong>Aqu\u00e1rio<\/strong>: convites inesperados, novos projetos e ideias antigas finalmente ganhando forma.<\/li>\n<\/ul>\n\n\n\n<figure class=\"wp-block-image\"><img decoding=\"async\" src=\"https:\/\/www.em.com.br\/emfoco\/wp-content\/uploads\/2026\/02\/ChatGPT-Image-18-de-fev.-de-2026-10_32_17-1-1024x576.png\" alt=\"\"\/><figcaption class=\"wp-element-caption\">O ciclo mais intenso para certos signos<\/figcaption><\/figure>\n\n\n\n<h2 class=\"wp-block-heading\">Como aproveitar melhor as boas energias de mar\u00e7o<\/h2>\n\n\n\n<p>Mesmo n\u00e3o sendo uma ci\u00eancia exata, a astrologia pode servir como guia simb\u00f3lico para organizar metas e atitudes. Quando mar\u00e7o \u00e9 apontado como um m\u00eas promissor, vale usar esse impulso para agir com mais foco, abrir espa\u00e7o para novidades e fortalecer a pr\u00f3pria autoconfian\u00e7a diante das oportunidades.<\/p>\n\n\n\n<p>Algumas atitudes pr\u00e1ticas ajudam a transformar esse potencial em resultados mais palp\u00e1veis no dia a dia:<\/p>\n\n\n\n<ol class=\"wp-block-list\">\n<li><strong>Rever prioridades<\/strong>: entender o que realmente merece aten\u00e7\u00e3o na carreira, finan\u00e7as e rela\u00e7\u00f5es.<\/li>\n\n\n\n<li><strong>Formalizar planos<\/strong>: tirar ideias da cabe\u00e7a e organizar tudo em listas, calend\u00e1rios ou projetos.<\/li>\n\n\n\n<li><strong>Abrir espa\u00e7o para novas oportunidades<\/strong>: aceitar convites, responder contatos e testar caminhos diferentes.<\/li>\n\n\n\n<li><strong>Cuidar da vida emocional<\/strong>: reservar tempo para descanso, lazer e conversas profundas.<\/li>\n\n\n\n<li><strong>Registrar conquistas<\/strong>: anotar resultados positivos, por menores que pare\u00e7am, para acompanhar a pr\u00f3pria evolu\u00e7\u00e3o.<\/li>\n<\/ol>\n\n\n\n<h2 class=\"wp-block-heading\">O que mar\u00e7o de 2026 pode ensinar sobre recome\u00e7os<\/h2>\n\n\n\n<p>Mar\u00e7o de 2026 n\u00e3o se resume a previs\u00f5es favor\u00e1veis para alguns signos: ele funciona como um convite geral para reconhecer avan\u00e7os, encerrar o que j\u00e1 n\u00e3o faz sentido e acolher as emo\u00e7\u00f5es que surgem quando algo finalmente come\u00e7a a dar certo. Esse clima de renova\u00e7\u00e3o incentiva decis\u00f5es mais corajosas e alinhadas com a pr\u00f3pria verdade.<\/p>\n\n\n\n<p>Se voc\u00ea sente que est\u00e1 \u00e0 beira de um novo cap\u00edtulo, este \u00e9 o momento de agir: use mar\u00e7o para ajustar rotas, assumir compromissos com seus desejos e n\u00e3o adiar mais conversas, escolhas e movimentos que voc\u00ea sabe que s\u00e3o necess\u00e1rios. N\u00e3o espere o \u201cmomento perfeito\u201d \u2014 transforme este m\u00eas no ponto de virada que voc\u00ea vai lembrar com orgulho l\u00e1 na frente.<\/p>\n","protected":false},"excerpt":{"rendered":"<p>Mar\u00e7o costuma ser lembrado como um per\u00edodo de mudan\u00e7as e recome\u00e7os e, na astrologia, o m\u00eas ganha um destaque especial. Em 2026, muitos astr\u00f3logos apontam que esse ciclo vai mexer diretamente com os sentimentos, despertando l\u00e1grimas de emo\u00e7\u00e3o, especialmente para quem vem insistindo em seus sonhos e aguardando sinais concretos de avan\u00e7o na vida. Por [&hellip;]<\/p>\n","protected":false},"author":11,"featured_media":172896,"comment_status":"open","ping_status":"open","sticky":false,"template":"","format":"standard","meta":{"jnews-multi-image_gallery":[],"jnews_single_post":{"format":"standard"},"jnews_primary_category":[],"jnews_social_meta":[],"jnews_override_counter":[],"footnotes":""},"categories":[1,25],"tags":[171,25109,4938,25108,168],"class_list":["post-172888","post","type-post","status-publish","format-standard","has-post-thumbnail","hentry","category-noticias","category-signos","tag-horoscopo","tag-lagrimas-de-felicidade","tag-marco","tag-recomeco-e-conquistas","tag-signos"],"yoast_head":"<!-- This site is optimized with the Yoast SEO plugin v23.8 - https:\/\/yoast.com\/wordpress\/plugins\/seo\/ -->\n<title>Mar\u00e7o de alegria: 4 signos entram em fase de emo\u00e7\u00f5es inesquec\u00edveis - Estado de Minas - Em foco<\/title>\n<meta name=\"description\" content=\"Mar\u00e7o de 2026 pode trazer l\u00e1grimas de felicidade para Touro, C\u00e2ncer, Escorpi\u00e3o e Aqu\u00e1rio. Entenda o que a astrologia revela sobre essa fase.\" \/>\n<meta name=\"robots\" content=\"index, follow, max-snippet:-1, max-image-preview:large, max-video-preview:-1\" \/>\n<link rel=\"canonical\" href=\"https:\/\/www.em.com.br\/emfoco\/2026\/02\/24\/marco-de-alegria-4-signos-entram-em-fase-de-emocoes-inesqueciveis\/\" \/>\n<meta property=\"og:locale\" content=\"pt_BR\" \/>\n<meta property=\"og:type\" content=\"article\" \/>\n<meta property=\"og:title\" content=\"Mar\u00e7o de alegria: 4 signos entram em fase de emo\u00e7\u00f5es inesquec\u00edveis - Estado de Minas - Em foco\" \/>\n<meta property=\"og:description\" content=\"Mar\u00e7o de 2026 pode trazer l\u00e1grimas de felicidade para Touro, C\u00e2ncer, Escorpi\u00e3o e Aqu\u00e1rio. Entenda o que a astrologia revela sobre essa fase.\" \/>\n<meta property=\"og:url\" content=\"https:\/\/www.em.com.br\/emfoco\/2026\/02\/24\/marco-de-alegria-4-signos-entram-em-fase-de-emocoes-inesqueciveis\/\" \/>\n<meta property=\"og:site_name\" content=\"Estado de Minas - Em foco\" \/>\n<meta property=\"article:published_time\" content=\"2026-02-24T23:55:00+00:00\" \/>\n<meta property=\"article:modified_time\" content=\"2026-02-23T19:10:17+00:00\" \/>\n<meta property=\"og:image\" content=\"https:\/\/www.em.com.br\/emfoco\/wp-content\/uploads\/2026\/02\/Gemini_Generated_Image_wiyot8wiyot8wiyo-1.png\" \/>\n\t<meta property=\"og:image:width\" content=\"1280\" \/>\n\t<meta property=\"og:image:height\" content=\"720\" \/>\n\t<meta property=\"og:image:type\" content=\"image\/png\" \/>\n<meta name=\"author\" content=\"Andre\u0301 Rangel\u00a0\" \/>\n<meta name=\"twitter:card\" content=\"summary_large_image\" \/>\n<meta name=\"twitter:label1\" content=\"Escrito por\" \/>\n\t<meta name=\"twitter:data1\" content=\"Andre\u0301 Rangel\u00a0\" \/>\n\t<meta name=\"twitter:label2\" content=\"Est. tempo de leitura\" \/>\n\t<meta name=\"twitter:data2\" content=\"5 minutos\" \/>\n<!-- \/ Yoast SEO plugin. -->","yoast_head_json":{"title":"Mar\u00e7o de alegria: 4 signos entram em fase de emo\u00e7\u00f5es inesquec\u00edveis - Estado de Minas - Em foco","description":"Mar\u00e7o de 2026 pode trazer l\u00e1grimas de felicidade para Touro, C\u00e2ncer, Escorpi\u00e3o e Aqu\u00e1rio. Entenda o que a astrologia revela sobre essa fase.","robots":{"index":"index","follow":"follow","max-snippet":"max-snippet:-1","max-image-preview":"max-image-preview:large","max-video-preview":"max-video-preview:-1"},"canonical":"https:\/\/www.em.com.br\/emfoco\/2026\/02\/24\/marco-de-alegria-4-signos-entram-em-fase-de-emocoes-inesqueciveis\/","og_locale":"pt_BR","og_type":"article","og_title":"Mar\u00e7o de alegria: 4 signos entram em fase de emo\u00e7\u00f5es inesquec\u00edveis - Estado de Minas - Em foco","og_description":"Mar\u00e7o de 2026 pode trazer l\u00e1grimas de felicidade para Touro, C\u00e2ncer, Escorpi\u00e3o e Aqu\u00e1rio. Entenda o que a astrologia revela sobre essa fase.","og_url":"https:\/\/www.em.com.br\/emfoco\/2026\/02\/24\/marco-de-alegria-4-signos-entram-em-fase-de-emocoes-inesqueciveis\/","og_site_name":"Estado de Minas - Em foco","article_published_time":"2026-02-24T23:55:00+00:00","article_modified_time":"2026-02-23T19:10:17+00:00","og_image":[{"width":1280,"height":720,"url":"https:\/\/www.em.com.br\/emfoco\/wp-content\/uploads\/2026\/02\/Gemini_Generated_Image_wiyot8wiyot8wiyo-1.png","type":"image\/png"}],"author":"Andre\u0301 Rangel\u00a0","twitter_card":"summary_large_image","twitter_misc":{"Escrito por":"Andre\u0301 Rangel\u00a0","Est. tempo de leitura":"5 minutos"},"schema":{"@context":"https:\/\/schema.org","@graph":[{"@type":"WebPage","@id":"https:\/\/www.em.com.br\/emfoco\/2026\/02\/24\/marco-de-alegria-4-signos-entram-em-fase-de-emocoes-inesqueciveis\/","url":"https:\/\/www.em.com.br\/emfoco\/2026\/02\/24\/marco-de-alegria-4-signos-entram-em-fase-de-emocoes-inesqueciveis\/","name":"Mar\u00e7o de alegria: 4 signos entram em fase de emo\u00e7\u00f5es inesquec\u00edveis - Estado de Minas - Em foco","isPartOf":{"@id":"https:\/\/www.em.com.br\/emfoco\/#website"},"primaryImageOfPage":{"@id":"https:\/\/www.em.com.br\/emfoco\/2026\/02\/24\/marco-de-alegria-4-signos-entram-em-fase-de-emocoes-inesqueciveis\/#primaryimage"},"image":{"@id":"https:\/\/www.em.com.br\/emfoco\/2026\/02\/24\/marco-de-alegria-4-signos-entram-em-fase-de-emocoes-inesqueciveis\/#primaryimage"},"thumbnailUrl":"https:\/\/www.em.com.br\/emfoco\/wp-content\/uploads\/2026\/02\/Gemini_Generated_Image_wiyot8wiyot8wiyo-1.png","datePublished":"2026-02-24T23:55:00+00:00","dateModified":"2026-02-23T19:10:17+00:00","author":{"@id":"https:\/\/www.em.com.br\/emfoco\/#\/schema\/person\/60eda09c1fedf0d6891f4cef4b60b8b8"},"description":"Mar\u00e7o de 2026 pode trazer l\u00e1grimas de felicidade para Touro, C\u00e2ncer, Escorpi\u00e3o e Aqu\u00e1rio. Entenda o que a astrologia revela sobre essa fase.","breadcrumb":{"@id":"https:\/\/www.em.com.br\/emfoco\/2026\/02\/24\/marco-de-alegria-4-signos-entram-em-fase-de-emocoes-inesqueciveis\/#breadcrumb"},"inLanguage":"pt-BR","potentialAction":[{"@type":"ReadAction","target":["https:\/\/www.em.com.br\/emfoco\/2026\/02\/24\/marco-de-alegria-4-signos-entram-em-fase-de-emocoes-inesqueciveis\/"]}]},{"@type":"ImageObject","inLanguage":"pt-BR","@id":"https:\/\/www.em.com.br\/emfoco\/2026\/02\/24\/marco-de-alegria-4-signos-entram-em-fase-de-emocoes-inesqueciveis\/#primaryimage","url":"https:\/\/www.em.com.br\/emfoco\/wp-content\/uploads\/2026\/02\/Gemini_Generated_Image_wiyot8wiyot8wiyo-1.png","contentUrl":"https:\/\/www.em.com.br\/emfoco\/wp-content\/uploads\/2026\/02\/Gemini_Generated_Image_wiyot8wiyot8wiyo-1.png","width":1280,"height":720,"caption":"Um novo ciclo come\u00e7a e mexe com esses signos"},{"@type":"BreadcrumbList","@id":"https:\/\/www.em.com.br\/emfoco\/2026\/02\/24\/marco-de-alegria-4-signos-entram-em-fase-de-emocoes-inesqueciveis\/#breadcrumb","itemListElement":[{"@type":"ListItem","position":1,"name":"In\u00edcio","item":"https:\/\/www.em.com.br\/emfoco\/"},{"@type":"ListItem","position":2,"name":"Mar\u00e7o de alegria: 4 signos entram em fase de emo\u00e7\u00f5es inesquec\u00edveis"}]},{"@type":"WebSite","@id":"https:\/\/www.em.com.br\/emfoco\/#website","url":"https:\/\/www.em.com.br\/emfoco\/","name":"Estado de Minas - Em foco","description":"Acompanhe as \u00faltimas not\u00edcias e fique bem informado sobre tudo o que acontece em Minas Gerais, Brasil e no mundo.","potentialAction":[{"@type":"SearchAction","target":{"@type":"EntryPoint","urlTemplate":"https:\/\/www.em.com.br\/emfoco\/?s={search_term_string}"},"query-input":{"@type":"PropertyValueSpecification","valueRequired":true,"valueName":"search_term_string"}}],"inLanguage":"pt-BR"},{"@type":"Person","@id":"https:\/\/www.em.com.br\/emfoco\/#\/schema\/person\/60eda09c1fedf0d6891f4cef4b60b8b8","name":"Andre\u0301 Rangel\u00a0","image":{"@type":"ImageObject","inLanguage":"pt-BR","@id":"https:\/\/www.em.com.br\/emfoco\/#\/schema\/person\/image\/","url":"https:\/\/secure.gravatar.com\/avatar\/6234dc814c77c8ef6d8bba622c787efc?s=96&d=mm&r=g","contentUrl":"https:\/\/secure.gravatar.com\/avatar\/6234dc814c77c8ef6d8bba622c787efc?s=96&d=mm&r=g","caption":"Andre\u0301 Rangel\u00a0"},"url":"https:\/\/www.em.com.br\/emfoco\/author\/luizmyth\/"}]}},"_links":{"self":[{"href":"https:\/\/www.em.com.br\/emfoco\/wp-json\/wp\/v2\/posts\/172888","targetHints":{"allow":["GET"]}}],"collection":[{"href":"https:\/\/www.em.com.br\/emfoco\/wp-json\/wp\/v2\/posts"}],"about":[{"href":"https:\/\/www.em.com.br\/emfoco\/wp-json\/wp\/v2\/types\/post"}],"author":[{"embeddable":true,"href":"https:\/\/www.em.com.br\/emfoco\/wp-json\/wp\/v2\/users\/11"}],"replies":[{"embeddable":true,"href":"https:\/\/www.em.com.br\/emfoco\/wp-json\/wp\/v2\/comments?post=172888"}],"version-history":[{"count":3,"href":"https:\/\/www.em.com.br\/emfoco\/wp-json\/wp\/v2\/posts\/172888\/revisions"}],"predecessor-version":[{"id":172901,"href":"https:\/\/www.em.com.br\/emfoco\/wp-json\/wp\/v2\/posts\/172888\/revisions\/172901"}],"wp:featuredmedia":[{"embeddable":true,"href":"https:\/\/www.em.com.br\/emfoco\/wp-json\/wp\/v2\/media\/172896"}],"wp:attachment":[{"href":"https:\/\/www.em.com.br\/emfoco\/wp-json\/wp\/v2\/media?parent=172888"}],"wp:term":[{"taxonomy":"category","embeddable":true,"href":"https:\/\/www.em.com.br\/emfoco\/wp-json\/wp\/v2\/categories?post=172888"},{"taxonomy":"post_tag","embeddable":true,"href":"https:\/\/www.em.com.br\/emfoco\/wp-json\/wp\/v2\/tags?post=172888"}],"curies":[{"name":"wp","href":"https:\/\/api.w.org\/{rel}","templated":true}]}}