{"id":17287,"date":"2025-02-13T13:20:00","date_gmt":"2025-02-13T16:20:00","guid":{"rendered":"https:\/\/www.em.com.br\/emfoco\/?p=17287"},"modified":"2025-06-18T19:57:50","modified_gmt":"2025-06-18T22:57:50","slug":"autonomia-de-750-km-mercedes-benz-apresenta-novo-eletrico-inovador","status":"publish","type":"post","link":"https:\/\/www.em.com.br\/emfoco\/2025\/02\/13\/autonomia-de-750-km-mercedes-benz-apresenta-novo-eletrico-inovador\/","title":{"rendered":"Autonomia de 750 km! Mercedes-Benz apresenta novo el\u00e9trico inovador"},"content":{"rendered":"\n<p>O <a href=\"https:\/\/www2.mercedes-benz.com.br\/passengercars\/models\/coupe\/cla\/overview.html\" target=\"_blank\" rel=\"noreferrer noopener\"><strong>Mercedes-Benz CLA<\/strong> <\/a>el\u00e9trico 2025 representa uma estrat\u00e9gia arriscada da montadora <strong><a href=\"https:\/\/www.em.com.br\/emfoco\/2025\/05\/16\/novo-audi-a6-e-tron-chega-ao-brasil-para-revolucionar-o-mercado-de-sedans-eletricos\/\" target=\"_blank\" rel=\"noreferrer noopener\">alem\u00e3 <\/a><\/strong>em um momento de transi\u00e7\u00e3o confusa no mercado global de ve\u00edculos eletrificados. Embora a marca aposte na plataforma <strong>MMA<\/strong> como solu\u00e7\u00e3o revolucion\u00e1ria, o timing do lan\u00e7amento coincide com desacelera\u00e7\u00e3o nas vendas de el\u00e9tricos em diversos mercados-chave.<\/p>\n\n\n\n<p>A promessa de transformar o setor automotivo atrav\u00e9s de recarga ultrarr\u00e1pida e arquitetura de 800V pode soar ambiciosa demais para um mercado que ainda luta contra limita\u00e7\u00f5es de infraestrutura e resist\u00eancia do consumidor. A <strong>Mercedes-Benz<\/strong> corre o risco de superestimar a demanda por ve\u00edculos premium eletrificados, especialmente considerando o cen\u00e1rio econ\u00f4mico global atual.<\/p>\n\n\n\n<h2 class=\"wp-block-heading\"><strong>Por que a estrat\u00e9gia de m\u00faltiplas vers\u00f5es pode confundir o consumidor?<\/strong><\/h2>\n\n\n\n<p>A decis\u00e3o da <strong>Mercedes-Benz<\/strong> de oferecer vers\u00f5es el\u00e9tricas, h\u00edbridas e a combust\u00e3o para o <strong>CLA<\/strong> revela indecis\u00e3o estrat\u00e9gica que pode prejudicar o posicionamento do modelo. Em vez de focar em uma proposta clara, a marca dilui sua mensagem ao tentar agradar todos os perfis de consumidor simultaneamente.<\/p>\n\n\n\n<p>Esta abordagem dispersa recursos de marketing e desenvolvimento, impedindo que qualquer vers\u00e3o se destaque verdadeiramente no mercado. Consumidores podem interpretar essa diversidade como falta de convic\u00e7\u00e3o da marca sobre o futuro da mobilidade, prejudicando a credibilidade do projeto como um todo.<\/p>\n\n\n\n<figure class=\"wp-block-image size-full\"><img loading=\"lazy\" decoding=\"async\" width=\"1280\" height=\"720\" src=\"https:\/\/www.em.com.br\/emfoco\/wp-content\/uploads\/2025\/01\/Mercedes-Benz-CLA_1750287341593.jpg\" alt=\"\" class=\"wp-image-63568\" srcset=\"https:\/\/www.em.com.br\/emfoco\/wp-content\/uploads\/2025\/01\/Mercedes-Benz-CLA_1750287341593.jpg 1280w, https:\/\/www.em.com.br\/emfoco\/wp-content\/uploads\/2025\/01\/Mercedes-Benz-CLA_1750287341593-300x169.jpg 300w, https:\/\/www.em.com.br\/emfoco\/wp-content\/uploads\/2025\/01\/Mercedes-Benz-CLA_1750287341593-1024x576.jpg 1024w, https:\/\/www.em.com.br\/emfoco\/wp-content\/uploads\/2025\/01\/Mercedes-Benz-CLA_1750287341593-768x432.jpg 768w, https:\/\/www.em.com.br\/emfoco\/wp-content\/uploads\/2025\/01\/Mercedes-Benz-CLA_1750287341593-750x422.jpg 750w, https:\/\/www.em.com.br\/emfoco\/wp-content\/uploads\/2025\/01\/Mercedes-Benz-CLA_1750287341593-1140x641.jpg 1140w\" sizes=\"auto, (max-width: 1280px) 100vw, 1280px\" \/><figcaption class=\"wp-element-caption\">Mercedes-Benz CLA &#8211; Cr\u00e9ditos: depositphotos.com \/ everyonensk<\/figcaption><\/figure>\n\n\n\n<h2 class=\"wp-block-heading\"><strong>A recarga r\u00e1pida compensa as limita\u00e7\u00f5es de infraestrutura?<\/strong><\/h2>\n\n\n\n<p>Embora a capacidade de recuperar autonomia em 10 minutos seja tecnicamente impressionante, esta vantagem se torna irrelevante diante da escassez de esta\u00e7\u00f5es de recarga de alta pot\u00eancia. A maioria dos mercados globais ainda carece de infraestrutura adequada para suportar a arquitetura de 800V prometida pelo <strong>CLA<\/strong>.<\/p>\n\n\n\n<p>A disparidade entre capacidade t\u00e9cnica e realidade pr\u00e1tica pode gerar frustra\u00e7\u00e3o entre propriet\u00e1rios que adquirirem o ve\u00edculo baseados nas promessas de conveni\u00eancia. O investimento em tecnologia avan\u00e7ada perde sentido quando a infraestrutura dispon\u00edvel n\u00e3o permite sua utiliza\u00e7\u00e3o plena.<\/p>\n\n\n\n<h2 class=\"wp-block-heading\"><strong>O timing de 2025 \u00e9 adequado para o mercado brasileiro?<\/strong><\/h2>\n\n\n\n<p>O lan\u00e7amento do <strong>CLA<\/strong> el\u00e9trico em 2025 pode encontrar um mercado brasileiro ainda mais resistente a ve\u00edculos eletrificados do que atualmente. As incertezas regulat\u00f3rias sobre incentivos fiscais e a instabilidade econ\u00f4mica nacional criam cen\u00e1rio desfavor\u00e1vel para produtos premium de nova tecnologia.<\/p>\n\n\n\n<p>A <strong>Mercedes-Benz<\/strong> pode enfrentar dificuldades adicionais relacionadas ao custo de importa\u00e7\u00e3o e \u00e0 aus\u00eancia de cadeia de fornecimento local para componentes eletr\u00f4nicos avan\u00e7ados. Estes fatores podem tornar o <strong>CLA<\/strong> el\u00e9trico proibitivamente caro para a maioria dos consumidores brasileiros interessados em eletrifica\u00e7\u00e3o.<\/p>\n\n\n\n<h2 class=\"wp-block-heading\"><strong>A plataforma MMA justifica o investimento em desenvolvimento?<\/strong><\/h2>\n\n\n\n<p>A plataforma <strong>MMA<\/strong> representa investimento significativo em pesquisa e desenvolvimento, mas sua aplica\u00e7\u00e3o exclusiva em ve\u00edculos de segmento premium limita o retorno potencial. Outras montadoras optam por plataformas mais vers\u00e1teis que atendem m\u00faltiplos segmentos, diluindo custos de desenvolvimento.<\/p>\n\n\n\n<p>Esta especializa\u00e7\u00e3o pode tornar a <strong>Mercedes-Benz<\/strong> vulner\u00e1vel a mudan\u00e7as no comportamento do consumidor, especialmente se a demanda por ve\u00edculos el\u00e9tricos premium n\u00e3o atender \u00e0s proje\u00e7\u00f5es otimistas da empresa. O risco tecnol\u00f3gico concentrado em uma \u00fanica plataforma pode comprometer a flexibilidade estrat\u00e9gica futura.<\/p>\n\n\n\n<h2 class=\"wp-block-heading\"><strong>Como o CLA el\u00e9trico se posiciona frente \u00e0 concorr\u00eancia chinesa emergente?<\/strong><\/h2>\n\n\n\n<p>O <strong>Mercedes-Benz CLA<\/strong> el\u00e9trico 2025 enfrenta amea\u00e7a crescente de fabricantes chineses que oferecem tecnologia compar\u00e1vel a pre\u00e7os substancialmente menores. Marcas como <strong>BYD<\/strong> e <strong>NIO<\/strong> j\u00e1 demonstram capacidade de produzir ve\u00edculos eletrificados com autonomia e recarga r\u00e1pida a custos mais acess\u00edveis.<\/p>\n\n\n\n<p>A vantagem tradicional da engenharia alem\u00e3 pode n\u00e3o ser suficiente para justificar o premium de pre\u00e7o exigido pela <strong>Mercedes-Benz<\/strong> em um mercado cada vez mais sens\u00edvel ao custo-benef\u00edcio. A press\u00e3o competitiva dos fabricantes asi\u00e1ticos pode for\u00e7ar a marca alem\u00e3 a reposicionar sua estrat\u00e9gia de pre\u00e7os, comprometendo margens de lucro.<\/p>\n\n\n\n<p>A depend\u00eancia excessiva do prest\u00edgio da marca pode se mostrar insuficiente diante de consumidores que priorizam funcionalidade e valor sobre status, especialmente em um contexto de maior consci\u00eancia ambiental e econ\u00f4mica.<\/p>\n","protected":false},"excerpt":{"rendered":"<p>O Mercedes-Benz CLA el\u00e9trico 2025 representa uma estrat\u00e9gia arriscada da montadora alem\u00e3 em um momento de transi\u00e7\u00e3o confusa no mercado global de ve\u00edculos eletrificados. Embora a marca aposte na plataforma MMA como solu\u00e7\u00e3o revolucion\u00e1ria, o timing do lan\u00e7amento coincide com desacelera\u00e7\u00e3o nas vendas de el\u00e9tricos em diversos mercados-chave. A promessa de transformar o setor automotivo [&hellip;]<\/p>\n","protected":false},"author":5,"featured_media":63563,"comment_status":"open","ping_status":"open","sticky":false,"template":"","format":"standard","meta":{"jnews-multi-image_gallery":[],"jnews_single_post":{"format":"standard"},"jnews_primary_category":[],"jnews_social_meta":[],"jnews_override_counter":[],"footnotes":""},"categories":[27,1],"tags":[1159,2641,2640],"class_list":["post-17287","post","type-post","status-publish","format-standard","has-post-thumbnail","hentry","category-carros","category-noticias","tag-carros-eletricos","tag-cla","tag-mercedes"],"yoast_head":"<!-- This site is optimized with the Yoast SEO plugin v23.8 - https:\/\/yoast.com\/wordpress\/plugins\/seo\/ -->\n<title>Autonomia de 750 km! Mercedes-Benz apresenta novo el\u00e9trico inovador - Estado de Minas - Em foco<\/title>\n<meta name=\"description\" content=\"O Mercedes-Benz CLA el\u00e9trico traz recarga de 10 minutos, autonomia estendida e design inovador. Um carro para o futuro!\" \/>\n<meta name=\"robots\" content=\"index, follow, max-snippet:-1, max-image-preview:large, max-video-preview:-1\" \/>\n<link rel=\"canonical\" href=\"https:\/\/www.em.com.br\/emfoco\/2025\/02\/13\/autonomia-de-750-km-mercedes-benz-apresenta-novo-eletrico-inovador\/\" \/>\n<meta property=\"og:locale\" content=\"pt_BR\" \/>\n<meta property=\"og:type\" content=\"article\" \/>\n<meta property=\"og:title\" content=\"Autonomia de 750 km! Mercedes-Benz apresenta novo el\u00e9trico inovador - Estado de Minas - Em foco\" \/>\n<meta property=\"og:description\" content=\"O Mercedes-Benz CLA el\u00e9trico traz recarga de 10 minutos, autonomia estendida e design inovador. Um carro para o futuro!\" \/>\n<meta property=\"og:url\" content=\"https:\/\/www.em.com.br\/emfoco\/2025\/02\/13\/autonomia-de-750-km-mercedes-benz-apresenta-novo-eletrico-inovador\/\" \/>\n<meta property=\"og:site_name\" content=\"Estado de Minas - Em foco\" \/>\n<meta property=\"article:published_time\" content=\"2025-02-13T16:20:00+00:00\" \/>\n<meta property=\"article:modified_time\" content=\"2025-06-18T22:57:50+00:00\" \/>\n<meta property=\"og:image\" content=\"https:\/\/www.em.com.br\/emfoco\/wp-content\/uploads\/2025\/01\/mercedez_1750287253238.jpg\" \/>\n\t<meta property=\"og:image:width\" content=\"1280\" \/>\n\t<meta property=\"og:image:height\" content=\"720\" \/>\n\t<meta property=\"og:image:type\" content=\"image\/jpeg\" \/>\n<meta name=\"author\" content=\"N\u00fabia Rangel\" \/>\n<meta name=\"twitter:card\" content=\"summary_large_image\" \/>\n<meta name=\"twitter:label1\" content=\"Escrito por\" \/>\n\t<meta name=\"twitter:data1\" content=\"N\u00fabia Rangel\" \/>\n\t<meta name=\"twitter:label2\" content=\"Est. tempo de leitura\" \/>\n\t<meta name=\"twitter:data2\" content=\"4 minutos\" \/>\n<!-- \/ Yoast SEO plugin. -->","yoast_head_json":{"title":"Autonomia de 750 km! Mercedes-Benz apresenta novo el\u00e9trico inovador - Estado de Minas - Em foco","description":"O Mercedes-Benz CLA el\u00e9trico traz recarga de 10 minutos, autonomia estendida e design inovador. Um carro para o futuro!","robots":{"index":"index","follow":"follow","max-snippet":"max-snippet:-1","max-image-preview":"max-image-preview:large","max-video-preview":"max-video-preview:-1"},"canonical":"https:\/\/www.em.com.br\/emfoco\/2025\/02\/13\/autonomia-de-750-km-mercedes-benz-apresenta-novo-eletrico-inovador\/","og_locale":"pt_BR","og_type":"article","og_title":"Autonomia de 750 km! Mercedes-Benz apresenta novo el\u00e9trico inovador - Estado de Minas - Em foco","og_description":"O Mercedes-Benz CLA el\u00e9trico traz recarga de 10 minutos, autonomia estendida e design inovador. Um carro para o futuro!","og_url":"https:\/\/www.em.com.br\/emfoco\/2025\/02\/13\/autonomia-de-750-km-mercedes-benz-apresenta-novo-eletrico-inovador\/","og_site_name":"Estado de Minas - Em foco","article_published_time":"2025-02-13T16:20:00+00:00","article_modified_time":"2025-06-18T22:57:50+00:00","og_image":[{"width":1280,"height":720,"url":"https:\/\/www.em.com.br\/emfoco\/wp-content\/uploads\/2025\/01\/mercedez_1750287253238.jpg","type":"image\/jpeg"}],"author":"N\u00fabia Rangel","twitter_card":"summary_large_image","twitter_misc":{"Escrito por":"N\u00fabia Rangel","Est. tempo de leitura":"4 minutos"},"schema":{"@context":"https:\/\/schema.org","@graph":[{"@type":"WebPage","@id":"https:\/\/www.em.com.br\/emfoco\/2025\/02\/13\/autonomia-de-750-km-mercedes-benz-apresenta-novo-eletrico-inovador\/","url":"https:\/\/www.em.com.br\/emfoco\/2025\/02\/13\/autonomia-de-750-km-mercedes-benz-apresenta-novo-eletrico-inovador\/","name":"Autonomia de 750 km! Mercedes-Benz apresenta novo el\u00e9trico inovador - Estado de Minas - Em foco","isPartOf":{"@id":"https:\/\/www.em.com.br\/emfoco\/#website"},"primaryImageOfPage":{"@id":"https:\/\/www.em.com.br\/emfoco\/2025\/02\/13\/autonomia-de-750-km-mercedes-benz-apresenta-novo-eletrico-inovador\/#primaryimage"},"image":{"@id":"https:\/\/www.em.com.br\/emfoco\/2025\/02\/13\/autonomia-de-750-km-mercedes-benz-apresenta-novo-eletrico-inovador\/#primaryimage"},"thumbnailUrl":"https:\/\/www.em.com.br\/emfoco\/wp-content\/uploads\/2025\/01\/mercedez_1750287253238.jpg","datePublished":"2025-02-13T16:20:00+00:00","dateModified":"2025-06-18T22:57:50+00:00","author":{"@id":"https:\/\/www.em.com.br\/emfoco\/#\/schema\/person\/524437ef54f8a5d32591b143307f2e20"},"description":"O Mercedes-Benz CLA el\u00e9trico traz recarga de 10 minutos, autonomia estendida e design inovador. Um carro para o futuro!","breadcrumb":{"@id":"https:\/\/www.em.com.br\/emfoco\/2025\/02\/13\/autonomia-de-750-km-mercedes-benz-apresenta-novo-eletrico-inovador\/#breadcrumb"},"inLanguage":"pt-BR","potentialAction":[{"@type":"ReadAction","target":["https:\/\/www.em.com.br\/emfoco\/2025\/02\/13\/autonomia-de-750-km-mercedes-benz-apresenta-novo-eletrico-inovador\/"]}]},{"@type":"ImageObject","inLanguage":"pt-BR","@id":"https:\/\/www.em.com.br\/emfoco\/2025\/02\/13\/autonomia-de-750-km-mercedes-benz-apresenta-novo-eletrico-inovador\/#primaryimage","url":"https:\/\/www.em.com.br\/emfoco\/wp-content\/uploads\/2025\/01\/mercedez_1750287253238.jpg","contentUrl":"https:\/\/www.em.com.br\/emfoco\/wp-content\/uploads\/2025\/01\/mercedez_1750287253238.jpg","width":1280,"height":720,"caption":"Mercedes-Benz - Cr\u00e9ditos: depositphotos.com \/ jeramey.lende.gmail.com"},{"@type":"BreadcrumbList","@id":"https:\/\/www.em.com.br\/emfoco\/2025\/02\/13\/autonomia-de-750-km-mercedes-benz-apresenta-novo-eletrico-inovador\/#breadcrumb","itemListElement":[{"@type":"ListItem","position":1,"name":"In\u00edcio","item":"https:\/\/www.em.com.br\/emfoco\/"},{"@type":"ListItem","position":2,"name":"Autonomia de 750 km! Mercedes-Benz apresenta novo el\u00e9trico inovador"}]},{"@type":"WebSite","@id":"https:\/\/www.em.com.br\/emfoco\/#website","url":"https:\/\/www.em.com.br\/emfoco\/","name":"Estado de Minas - Em foco","description":"Acompanhe as \u00faltimas not\u00edcias e fique bem informado sobre tudo o que acontece em Minas Gerais, Brasil e no mundo.","potentialAction":[{"@type":"SearchAction","target":{"@type":"EntryPoint","urlTemplate":"https:\/\/www.em.com.br\/emfoco\/?s={search_term_string}"},"query-input":{"@type":"PropertyValueSpecification","valueRequired":true,"valueName":"search_term_string"}}],"inLanguage":"pt-BR"},{"@type":"Person","@id":"https:\/\/www.em.com.br\/emfoco\/#\/schema\/person\/524437ef54f8a5d32591b143307f2e20","name":"N\u00fabia Rangel","image":{"@type":"ImageObject","inLanguage":"pt-BR","@id":"https:\/\/www.em.com.br\/emfoco\/#\/schema\/person\/image\/","url":"https:\/\/secure.gravatar.com\/avatar\/47cff2827a5ba23c37e8068c86817ea4?s=96&d=mm&r=g","contentUrl":"https:\/\/secure.gravatar.com\/avatar\/47cff2827a5ba23c37e8068c86817ea4?s=96&d=mm&r=g","caption":"N\u00fabia Rangel"},"sameAs":["https:\/\/www.em.com.br\/emfoco\/"],"url":"https:\/\/www.em.com.br\/emfoco\/author\/nubiamyth\/"}]}},"_links":{"self":[{"href":"https:\/\/www.em.com.br\/emfoco\/wp-json\/wp\/v2\/posts\/17287","targetHints":{"allow":["GET"]}}],"collection":[{"href":"https:\/\/www.em.com.br\/emfoco\/wp-json\/wp\/v2\/posts"}],"about":[{"href":"https:\/\/www.em.com.br\/emfoco\/wp-json\/wp\/v2\/types\/post"}],"author":[{"embeddable":true,"href":"https:\/\/www.em.com.br\/emfoco\/wp-json\/wp\/v2\/users\/5"}],"replies":[{"embeddable":true,"href":"https:\/\/www.em.com.br\/emfoco\/wp-json\/wp\/v2\/comments?post=17287"}],"version-history":[{"count":6,"href":"https:\/\/www.em.com.br\/emfoco\/wp-json\/wp\/v2\/posts\/17287\/revisions"}],"predecessor-version":[{"id":63574,"href":"https:\/\/www.em.com.br\/emfoco\/wp-json\/wp\/v2\/posts\/17287\/revisions\/63574"}],"wp:featuredmedia":[{"embeddable":true,"href":"https:\/\/www.em.com.br\/emfoco\/wp-json\/wp\/v2\/media\/63563"}],"wp:attachment":[{"href":"https:\/\/www.em.com.br\/emfoco\/wp-json\/wp\/v2\/media?parent=17287"}],"wp:term":[{"taxonomy":"category","embeddable":true,"href":"https:\/\/www.em.com.br\/emfoco\/wp-json\/wp\/v2\/categories?post=17287"},{"taxonomy":"post_tag","embeddable":true,"href":"https:\/\/www.em.com.br\/emfoco\/wp-json\/wp\/v2\/tags?post=17287"}],"curies":[{"name":"wp","href":"https:\/\/api.w.org\/{rel}","templated":true}]}}