{"id":172817,"date":"2026-02-24T13:25:28","date_gmt":"2026-02-24T16:25:28","guid":{"rendered":"https:\/\/www.em.com.br\/emfoco\/?p=172817"},"modified":"2026-02-23T15:39:04","modified_gmt":"2026-02-23T18:39:04","slug":"onde-colocar-o-limoeiro-em-vaso-para-ter-folhas-verdes-e-limoes-o-ano-todo","status":"publish","type":"post","link":"https:\/\/www.em.com.br\/emfoco\/2026\/02\/24\/onde-colocar-o-limoeiro-em-vaso-para-ter-folhas-verdes-e-limoes-o-ano-todo\/","title":{"rendered":"Onde colocar o limoeiro em vaso para ter folhas verdes e lim\u00f5es o ano todo"},"content":{"rendered":"\n<p>Voc\u00ea j\u00e1 imaginou colher seus pr\u00f3prios <b>lim\u00f5es<\/b> mesmo morando em <b>apartamento<\/b> ou com pouco espa\u00e7o? O <b>limoeiro<\/b> em vaso tornou isso poss\u00edvel para muita gente, e com alguns cuidados simples ele pode encher sua varanda de verde, flores perfumadas e frutos o ano todo.<\/p>\n\n\n\n<h2 class=\"wp-block-heading\">Qual \u00e9 o melhor lugar para colocar o limoeiro em vaso<\/h2>\n\n\n\n<p>A palavra-chave principal para esse tema \u00e9 <b>limoeiro em vaso<\/b>, e ela est\u00e1 diretamente ligada \u00e0 quantidade de <b>luz solar<\/b> que a planta recebe. De forma geral, o limoeiro precisa de sol direto entre 6 e 8 horas por dia para se manter vigoroso, produtivo e com <b>folhas<\/b> bonitas.<\/p>\n\n\n\n<p>Em varandas, sacadas e terra\u00e7os, ele costuma ir bem quando fica em \u00e1reas abertas, sem sombra constante de muros altos ou pr\u00e9dios pr\u00f3ximos. Se morar no Hemisf\u00e9rio Sul, uma orienta\u00e7\u00e3o voltada para o <b>norte<\/b> ou noroeste costuma favorecer o limoeiro em vaso, pois esses lados recebem mais <b>luminosidade<\/b> ao longo do dia, garantindo melhor forma\u00e7\u00e3o de <b>flores<\/b> e frutos.<\/p>\n\n\n\n<figure class=\"wp-block-embed is-type-rich is-provider-pinterest wp-block-embed-pinterest\"><div class=\"wp-block-embed__wrapper\">\n<iframe loading=\"lazy\" title=\"Planta\u00e7\u00e3o feito com carinho P\u00e9 de lim\u00e3o\" src=\"https:\/\/assets.pinterest.com\/ext\/embed.html?id=16677461114609212&#038;src=oembed\" height=\"899\" width=\"450\" frameborder=\"0\" scrolling=\"no\" ><\/iframe>\n<\/div><\/figure>\n\n\n\n<p>Leia tamb\u00e9m:&nbsp;<a href=\"https:\/\/www.em.com.br\/emfoco\/2025\/08\/15\/agua-morna-com-limao-pela-manha-possui-beneficios-de-verdade-ou-e-apenas-um-mito\/\" target=\"_blank\" rel=\"noopener\">\u00c1gua morna com lim\u00e3o pela manh\u00e3 possui benef\u00edcios de verdade ou \u00e9 apenas um mito?<\/a><\/p>\n\n\n\n<h2 class=\"wp-block-heading\">Como usar a luz e o espa\u00e7o a favor do limoeiro em vaso<\/h2>\n\n\n\n<p>Quando o espa\u00e7o \u00e9 limitado, uma boa estrat\u00e9gia \u00e9 <b>girar<\/b> o vaso a cada algumas semanas, para que todas as partes da copa recebam sol. Isso evita que a planta cres\u00e7a torta em dire\u00e7\u00e3o \u00e0 luz e que alguns <b>ramos<\/b> fiquem fracos por falta de claridade, melhorando at\u00e9 a circula\u00e7\u00e3o de <b>ar<\/b> entre as folhas.<\/p>\n\n\n\n<p>Vale observar tamb\u00e9m o que acontece ao redor do limoeiro em vaso ao longo do dia. \u00c1reas com sombra projetada por <b>toldos<\/b>, \u00e1rvores maiores ou estruturas fixas podem reduzir bastante a incid\u00eancia de luz direta, fazendo a planta produzir mais <b>folhas<\/b> do que flores e frutos, principalmente se o vaso estiver muito pr\u00f3ximo de <b>paredes<\/b> altas.<\/p>\n\n\n\n<figure class=\"wp-block-embed is-type-rich is-provider-pinterest wp-block-embed-pinterest\"><div class=\"wp-block-embed__wrapper\">\n<iframe loading=\"lazy\" title=\"Isso mesmo, \u00e9 poss\u00edvel cultivar lim\u00e3o, laranja, tangerina e muitas outras frutas c\u00edtricas em vasos de forma pr\u00e1tica e f\u00e1cil. Se voc\u00ea quer aprender como cultivar essas frutas deliciosas em sua pr\u00f3pria casa n\u00e3o pode perder nossas dicas incr\u00edveis sobre como ter frutas c\u00edtricas no vaso. Deixe o mundo mais verde com a Plantei! #plantas #frutascitricas #cuidadoscomasplantas #lojaplantei #biologia #botanica #saltogrande#gardencenter\" src=\"https:\/\/assets.pinterest.com\/ext\/embed.html?id=4644405860034399&#038;src=oembed\" height=\"899\" width=\"450\" frameborder=\"0\" scrolling=\"no\" ><\/iframe>\n<\/div><\/figure>\n\n\n\n<h2 class=\"wp-block-heading\">Quais sinais mostram se o limoeiro em vaso est\u00e1 bem posicionado<\/h2>\n\n\n\n<p>O pr\u00f3prio limoeiro em vaso \u201cconta\u201d se est\u00e1 <b>feliz<\/b> no lugar onde foi colocado. Quando bem posicionado, costuma apresentar folhas <b>verde-escuras<\/b> e brilhantes, brota\u00e7\u00f5es novas com frequ\u00eancia e ramos firmes. A florada aparece nas \u00e9pocas certas e os pequenos frutos seguem se desenvolvendo sem cair <b>cedo<\/b> demais.<\/p>\n\n\n\n<p>Alguns sinais, por\u00e9m, indicam que o limoeiro em vaso n\u00e3o est\u00e1 recebendo as condi\u00e7\u00f5es ideais e merece aten\u00e7\u00e3o especial:<\/p>\n\n\n\n<ul class=\"wp-block-list\">\n<li><b>Folhas amareladas<\/b>, principalmente nas partes internas da copa, sugerem pouca luz ou excesso de <b>umidade<\/b>.<\/li>\n\n\n\n<li><b>Queda<\/b> de flores antes da forma\u00e7\u00e3o dos frutos pode estar ligada a vento forte, frio intenso ou falta de <b>sol<\/b> direto.<\/li>\n\n\n\n<li><b>Crescimento<\/b> muito lento e galhos longos, finos e com poucas folhas indicam ambiente <b>sombreado<\/b>.<\/li>\n\n\n\n<li><b>Folhas<\/b> queimadas nas bordas podem apontar sol muito forte combinado com regas <b>irregulares<\/b>.<\/li>\n<\/ul>\n\n\n\n<p>Para voc\u00ea que gosta de plantar, separamos um v\u00eddeo do canal <a href=\"https:\/\/www.youtube.com\/@hortamineira1234\" target=\"_blank\" rel=\"noreferrer noopener\">Horta Mineira<\/a> com dicas para plantar lim\u00e3o fresco em vasos:<\/p>\n\n\n\n<figure class=\"wp-block-embed is-type-video is-provider-youtube wp-block-embed-youtube wp-embed-aspect-16-9 wp-has-aspect-ratio\"><div class=\"wp-block-embed__wrapper\">\n<div class=\"jeg_video_container jeg_video_content\"><iframe loading=\"lazy\" title=\"COMO PLANTAR LIM\u00c3O EM VASO CORRETAMENTE\" width=\"500\" height=\"281\" src=\"https:\/\/www.youtube.com\/embed\/GZ7sl_KeNOc?feature=oembed\" frameborder=\"0\" allow=\"accelerometer; autoplay; clipboard-write; encrypted-media; gyroscope; picture-in-picture; web-share\" referrerpolicy=\"strict-origin-when-cross-origin\" allowfullscreen><\/iframe><\/div>\n<\/div><\/figure>\n\n\n\n<h2 class=\"wp-block-heading\">O que fazer ao notar problemas no limoeiro em vaso<\/h2>\n\n\n\n<p>Ao perceber qualquer um desses sinais, o primeiro passo costuma ser testar uma nova <b>posi\u00e7\u00e3o<\/b> para o limoeiro em vaso, com mais luz e mais abrigo ao mesmo tempo. Pequenas mudan\u00e7as, como aproxim\u00e1-lo de uma \u00e1rea mais <b>clara<\/b> ou afast\u00e1-lo de correntes de ar, muitas vezes s\u00e3o suficientes para recuperar o <b>vigor<\/b> da planta.<\/p>\n\n\n\n<p>\u00c9 importante ter paci\u00eancia: o limoeiro leva algumas semanas para responder \u00e0s mudan\u00e7as. Observe o surgimento de novas <b>folhas<\/b>, a cor da copa e a retomada da flora\u00e7\u00e3o como sinais de que ele est\u00e1 se adaptando melhor ao novo <b>local<\/b>, lembrando que o ciclo de recupera\u00e7\u00e3o pode variar conforme a <b>esta\u00e7\u00e3o<\/b>.<\/p>\n\n\n\n<figure class=\"wp-block-embed is-type-rich is-provider-pinterest wp-block-embed-pinterest\"><div class=\"wp-block-embed__wrapper\">\n<iframe loading=\"lazy\" title=\"\ud83c\udf3f Que tal ter lim\u00f5es fresquinhos ao alcance das m\u00e3os? \ud83c\udf3f  Voc\u00ea sabia que \u00e9 poss\u00edvel cultivar um lim\u00e3o galego em vaso? \ud83c\udf4b Al\u00e9m de ser super pr\u00e1tico para pequenos espa\u00e7os, ele traz um charme \u00fanico para sua casa ou varanda.  Plante e colha o seu pr\u00f3prio lim\u00e3o! Cultivar \u00e9 f\u00e1cil, terap\u00eautico e perfeito para quem ama o frescor de alimentos colhidos na hora.  \ud83c\udf31 Adquira o seu e transforme seu cantinho em um verdadeiro pomar urbano! \u2728  Dica extra: O aroma das folhas ainda deixa o ambiente mais aconchega...\" src=\"https:\/\/assets.pinterest.com\/ext\/embed.html?id=752312312799110955&#038;src=oembed\" height=\"899\" width=\"450\" frameborder=\"0\" scrolling=\"no\" ><\/iframe>\n<\/div><\/figure>\n\n\n\n<h2 class=\"wp-block-heading\">Como proteger o limoeiro em vaso do vento e do frio<\/h2>\n\n\n\n<p>Al\u00e9m da luz, o lugar onde o limoeiro em vaso fica precisa proteg\u00ea-lo de <b>ventos<\/b> fortes e temperaturas muito baixas. Rajadas intensas podem quebrar ramos, derrubar flores e ressecar rapidamente o <b>substrato<\/b>, especialmente em varandas altas.<\/p>\n\n\n\n<p>No inverno, o limoeiro em vaso sofre mais em regi\u00f5es com geadas ou noites muito frias. Uma pr\u00e1tica comum \u00e9 aproximar o vaso de <b>paredes<\/b> que ret\u00eam calor ao longo do dia, sem encostar em superf\u00edcies geladas, e usar mantas pr\u00f3prias para <b>plantas<\/b> em noites de frio mais extremo, al\u00e9m de evitar podas <b>dr\u00e1sticas<\/b> nessa \u00e9poca.<\/p>\n","protected":false},"excerpt":{"rendered":"<p>Voc\u00ea j\u00e1 imaginou colher seus pr\u00f3prios lim\u00f5es mesmo morando em apartamento ou com pouco espa\u00e7o? O limoeiro em vaso tornou isso poss\u00edvel para muita gente, e com alguns cuidados simples ele pode encher sua varanda de verde, flores perfumadas e frutos o ano todo. Qual \u00e9 o melhor lugar para colocar o limoeiro em vaso [&hellip;]<\/p>\n","protected":false},"author":9,"featured_media":173055,"comment_status":"open","ping_status":"open","sticky":false,"template":"","format":"standard","meta":{"jnews-multi-image_gallery":[],"jnews_single_post":{"format":"standard"},"jnews_primary_category":[],"jnews_social_meta":[],"jnews_override_counter":[],"footnotes":""},"categories":[8691,8819,1],"tags":[7701,5555,5880],"class_list":["post-172817","post","type-post","status-publish","format-standard","has-post-thumbnail","hentry","category-bem-estar","category-curiosidades","category-noticias","tag-como-plantar","tag-limoeiro","tag-vasos"],"yoast_head":"<!-- This site is optimized with the Yoast SEO plugin v23.8 - https:\/\/yoast.com\/wordpress\/plugins\/seo\/ -->\n<title>Onde colocar o limoeiro em vaso para ter folhas verdes e lim\u00f5es o ano todo - Estado de Minas - Em foco<\/title>\n<meta name=\"description\" content=\"Aprenda a cultivar um limoeiro em vaso, descubra o melhor lugar para ele receber sol e saiba como identificar se a planta est\u00e1 saud\u00e1vel.\" \/>\n<meta name=\"robots\" content=\"index, follow, max-snippet:-1, max-image-preview:large, max-video-preview:-1\" \/>\n<link rel=\"canonical\" href=\"https:\/\/www.em.com.br\/emfoco\/2026\/02\/24\/onde-colocar-o-limoeiro-em-vaso-para-ter-folhas-verdes-e-limoes-o-ano-todo\/\" \/>\n<meta property=\"og:locale\" content=\"pt_BR\" \/>\n<meta property=\"og:type\" content=\"article\" \/>\n<meta property=\"og:title\" content=\"Onde colocar o limoeiro em vaso para ter folhas verdes e lim\u00f5es o ano todo - Estado de Minas - Em foco\" \/>\n<meta property=\"og:description\" content=\"Aprenda a cultivar um limoeiro em vaso, descubra o melhor lugar para ele receber sol e saiba como identificar se a planta est\u00e1 saud\u00e1vel.\" \/>\n<meta property=\"og:url\" content=\"https:\/\/www.em.com.br\/emfoco\/2026\/02\/24\/onde-colocar-o-limoeiro-em-vaso-para-ter-folhas-verdes-e-limoes-o-ano-todo\/\" \/>\n<meta property=\"og:site_name\" content=\"Estado de Minas - Em foco\" \/>\n<meta property=\"article:published_time\" content=\"2026-02-24T16:25:28+00:00\" \/>\n<meta property=\"article:modified_time\" content=\"2026-02-23T18:39:04+00:00\" \/>\n<meta property=\"og:image\" content=\"https:\/\/www.em.com.br\/emfoco\/wp-content\/uploads\/2026\/02\/Gemini_Generated_Image_81p7b881p7b881p7-2.png\" \/>\n\t<meta property=\"og:image:width\" content=\"1280\" \/>\n\t<meta property=\"og:image:height\" content=\"720\" \/>\n\t<meta property=\"og:image:type\" content=\"image\/png\" \/>\n<meta name=\"author\" content=\"Daniely Cardoso\" \/>\n<meta name=\"twitter:card\" content=\"summary_large_image\" \/>\n<meta name=\"twitter:label1\" content=\"Escrito por\" \/>\n\t<meta name=\"twitter:data1\" content=\"Daniely Cardoso\" \/>\n\t<meta name=\"twitter:label2\" content=\"Est. tempo de leitura\" \/>\n\t<meta name=\"twitter:data2\" content=\"4 minutos\" \/>\n<!-- \/ Yoast SEO plugin. -->","yoast_head_json":{"title":"Onde colocar o limoeiro em vaso para ter folhas verdes e lim\u00f5es o ano todo - Estado de Minas - Em foco","description":"Aprenda a cultivar um limoeiro em vaso, descubra o melhor lugar para ele receber sol e saiba como identificar se a planta est\u00e1 saud\u00e1vel.","robots":{"index":"index","follow":"follow","max-snippet":"max-snippet:-1","max-image-preview":"max-image-preview:large","max-video-preview":"max-video-preview:-1"},"canonical":"https:\/\/www.em.com.br\/emfoco\/2026\/02\/24\/onde-colocar-o-limoeiro-em-vaso-para-ter-folhas-verdes-e-limoes-o-ano-todo\/","og_locale":"pt_BR","og_type":"article","og_title":"Onde colocar o limoeiro em vaso para ter folhas verdes e lim\u00f5es o ano todo - Estado de Minas - Em foco","og_description":"Aprenda a cultivar um limoeiro em vaso, descubra o melhor lugar para ele receber sol e saiba como identificar se a planta est\u00e1 saud\u00e1vel.","og_url":"https:\/\/www.em.com.br\/emfoco\/2026\/02\/24\/onde-colocar-o-limoeiro-em-vaso-para-ter-folhas-verdes-e-limoes-o-ano-todo\/","og_site_name":"Estado de Minas - Em foco","article_published_time":"2026-02-24T16:25:28+00:00","article_modified_time":"2026-02-23T18:39:04+00:00","og_image":[{"width":1280,"height":720,"url":"https:\/\/www.em.com.br\/emfoco\/wp-content\/uploads\/2026\/02\/Gemini_Generated_Image_81p7b881p7b881p7-2.png","type":"image\/png"}],"author":"Daniely Cardoso","twitter_card":"summary_large_image","twitter_misc":{"Escrito por":"Daniely Cardoso","Est. tempo de leitura":"4 minutos"},"schema":{"@context":"https:\/\/schema.org","@graph":[{"@type":"WebPage","@id":"https:\/\/www.em.com.br\/emfoco\/2026\/02\/24\/onde-colocar-o-limoeiro-em-vaso-para-ter-folhas-verdes-e-limoes-o-ano-todo\/","url":"https:\/\/www.em.com.br\/emfoco\/2026\/02\/24\/onde-colocar-o-limoeiro-em-vaso-para-ter-folhas-verdes-e-limoes-o-ano-todo\/","name":"Onde colocar o limoeiro em vaso para ter folhas verdes e lim\u00f5es o ano todo - Estado de Minas - Em foco","isPartOf":{"@id":"https:\/\/www.em.com.br\/emfoco\/#website"},"primaryImageOfPage":{"@id":"https:\/\/www.em.com.br\/emfoco\/2026\/02\/24\/onde-colocar-o-limoeiro-em-vaso-para-ter-folhas-verdes-e-limoes-o-ano-todo\/#primaryimage"},"image":{"@id":"https:\/\/www.em.com.br\/emfoco\/2026\/02\/24\/onde-colocar-o-limoeiro-em-vaso-para-ter-folhas-verdes-e-limoes-o-ano-todo\/#primaryimage"},"thumbnailUrl":"https:\/\/www.em.com.br\/emfoco\/wp-content\/uploads\/2026\/02\/Gemini_Generated_Image_81p7b881p7b881p7-2.png","datePublished":"2026-02-24T16:25:28+00:00","dateModified":"2026-02-23T18:39:04+00:00","author":{"@id":"https:\/\/www.em.com.br\/emfoco\/#\/schema\/person\/0a8186d72f2c3a5c6276d90b41f271a0"},"description":"Aprenda a cultivar um limoeiro em vaso, descubra o melhor lugar para ele receber sol e saiba como identificar se a planta est\u00e1 saud\u00e1vel.","breadcrumb":{"@id":"https:\/\/www.em.com.br\/emfoco\/2026\/02\/24\/onde-colocar-o-limoeiro-em-vaso-para-ter-folhas-verdes-e-limoes-o-ano-todo\/#breadcrumb"},"inLanguage":"pt-BR","potentialAction":[{"@type":"ReadAction","target":["https:\/\/www.em.com.br\/emfoco\/2026\/02\/24\/onde-colocar-o-limoeiro-em-vaso-para-ter-folhas-verdes-e-limoes-o-ano-todo\/"]}]},{"@type":"ImageObject","inLanguage":"pt-BR","@id":"https:\/\/www.em.com.br\/emfoco\/2026\/02\/24\/onde-colocar-o-limoeiro-em-vaso-para-ter-folhas-verdes-e-limoes-o-ano-todo\/#primaryimage","url":"https:\/\/www.em.com.br\/emfoco\/wp-content\/uploads\/2026\/02\/Gemini_Generated_Image_81p7b881p7b881p7-2.png","contentUrl":"https:\/\/www.em.com.br\/emfoco\/wp-content\/uploads\/2026\/02\/Gemini_Generated_Image_81p7b881p7b881p7-2.png","width":1280,"height":720,"caption":"Vale observar tamb\u00e9m o que acontece ao redor do limoeiro em vaso ao longo do dia."},{"@type":"BreadcrumbList","@id":"https:\/\/www.em.com.br\/emfoco\/2026\/02\/24\/onde-colocar-o-limoeiro-em-vaso-para-ter-folhas-verdes-e-limoes-o-ano-todo\/#breadcrumb","itemListElement":[{"@type":"ListItem","position":1,"name":"In\u00edcio","item":"https:\/\/www.em.com.br\/emfoco\/"},{"@type":"ListItem","position":2,"name":"Onde colocar o limoeiro em vaso para ter folhas verdes e lim\u00f5es o ano todo"}]},{"@type":"WebSite","@id":"https:\/\/www.em.com.br\/emfoco\/#website","url":"https:\/\/www.em.com.br\/emfoco\/","name":"Estado de Minas - Em foco","description":"Acompanhe as \u00faltimas not\u00edcias e fique bem informado sobre tudo o que acontece em Minas Gerais, Brasil e no mundo.","potentialAction":[{"@type":"SearchAction","target":{"@type":"EntryPoint","urlTemplate":"https:\/\/www.em.com.br\/emfoco\/?s={search_term_string}"},"query-input":{"@type":"PropertyValueSpecification","valueRequired":true,"valueName":"search_term_string"}}],"inLanguage":"pt-BR"},{"@type":"Person","@id":"https:\/\/www.em.com.br\/emfoco\/#\/schema\/person\/0a8186d72f2c3a5c6276d90b41f271a0","name":"Daniely Cardoso","image":{"@type":"ImageObject","inLanguage":"pt-BR","@id":"https:\/\/www.em.com.br\/emfoco\/#\/schema\/person\/image\/","url":"https:\/\/secure.gravatar.com\/avatar\/4b80ddbd124d1f071b626d52d62e5dff?s=96&d=mm&r=g","contentUrl":"https:\/\/secure.gravatar.com\/avatar\/4b80ddbd124d1f071b626d52d62e5dff?s=96&d=mm&r=g","caption":"Daniely Cardoso"},"url":"https:\/\/www.em.com.br\/emfoco\/author\/danielymyth\/"}]}},"_links":{"self":[{"href":"https:\/\/www.em.com.br\/emfoco\/wp-json\/wp\/v2\/posts\/172817","targetHints":{"allow":["GET"]}}],"collection":[{"href":"https:\/\/www.em.com.br\/emfoco\/wp-json\/wp\/v2\/posts"}],"about":[{"href":"https:\/\/www.em.com.br\/emfoco\/wp-json\/wp\/v2\/types\/post"}],"author":[{"embeddable":true,"href":"https:\/\/www.em.com.br\/emfoco\/wp-json\/wp\/v2\/users\/9"}],"replies":[{"embeddable":true,"href":"https:\/\/www.em.com.br\/emfoco\/wp-json\/wp\/v2\/comments?post=172817"}],"version-history":[{"count":3,"href":"https:\/\/www.em.com.br\/emfoco\/wp-json\/wp\/v2\/posts\/172817\/revisions"}],"predecessor-version":[{"id":173131,"href":"https:\/\/www.em.com.br\/emfoco\/wp-json\/wp\/v2\/posts\/172817\/revisions\/173131"}],"wp:featuredmedia":[{"embeddable":true,"href":"https:\/\/www.em.com.br\/emfoco\/wp-json\/wp\/v2\/media\/173055"}],"wp:attachment":[{"href":"https:\/\/www.em.com.br\/emfoco\/wp-json\/wp\/v2\/media?parent=172817"}],"wp:term":[{"taxonomy":"category","embeddable":true,"href":"https:\/\/www.em.com.br\/emfoco\/wp-json\/wp\/v2\/categories?post=172817"},{"taxonomy":"post_tag","embeddable":true,"href":"https:\/\/www.em.com.br\/emfoco\/wp-json\/wp\/v2\/tags?post=172817"}],"curies":[{"name":"wp","href":"https:\/\/api.w.org\/{rel}","templated":true}]}}