{"id":17271,"date":"2025-02-07T08:20:00","date_gmt":"2025-02-07T11:20:00","guid":{"rendered":"https:\/\/www.em.com.br\/emfoco\/?p=17271"},"modified":"2025-02-06T17:48:16","modified_gmt":"2025-02-06T20:48:16","slug":"vai-rolar-climao-descubra-o-que-os-astros-dizem","status":"publish","type":"post","link":"https:\/\/www.em.com.br\/emfoco\/2025\/02\/07\/vai-rolar-climao-descubra-o-que-os-astros-dizem\/","title":{"rendered":"Vai rolar clim\u00e3o? Descubra o que os astros dizem para o dia 7 de fevereiro"},"content":{"rendered":"\n<p><strong>Bora conferir o que os <a href=\"https:\/\/www.em.com.br\/emfoco\/2025\/02\/06\/astros-inspirados-6-de-fevereiro-ta-on\/\" target=\"_blank\" rel=\"noreferrer noopener\">astros <\/a>prepararam pra voc\u00ea hoje?<\/strong> O dia promete vibes intensas, com reviravoltas, crushes inesperados e aquele toque de drama que a gente ama. Respira fundo, ajusta a coroa e vem ver o que os signos reservam para este 7 de fevereiro!<\/p>\n\n\n\n<h2 class=\"wp-block-heading\">\u2648 \u00c1ries \u2013 Ousadia e alegria, beb\u00ea! \ud83d\udd25<\/h2>\n\n\n\n<p>Hoje \u00e9 dia de botar fogo no parquinho (no bom sentido, t\u00e1?). Sua energia t\u00e1 l\u00e1 no alto, ent\u00e3o aproveita pra brilhar, paquerar e fazer acontecer. S\u00f3 cuidado pra n\u00e3o atropelar os sentimentos alheios, ok? Nem todo mundo aguenta seu ritmo fren\u00e9tico!<\/p>\n\n\n<div class=\"wp-block-image\">\n<figure class=\"aligncenter size-large\"><img loading=\"lazy\" decoding=\"async\" width=\"1024\" height=\"576\" src=\"https:\/\/www.em.com.br\/emfoco\/wp-content\/uploads\/2024\/12\/Horoscopo_Aries-1024x576.jpg\" alt=\"Vai rolar clim\u00e3o? Descubra o que os astros dizem\" class=\"wp-image-3771\" srcset=\"https:\/\/www.em.com.br\/emfoco\/wp-content\/uploads\/2024\/12\/Horoscopo_Aries-1024x576.jpg 1024w, https:\/\/www.em.com.br\/emfoco\/wp-content\/uploads\/2024\/12\/Horoscopo_Aries-300x169.jpg 300w, https:\/\/www.em.com.br\/emfoco\/wp-content\/uploads\/2024\/12\/Horoscopo_Aries-768x432.jpg 768w, https:\/\/www.em.com.br\/emfoco\/wp-content\/uploads\/2024\/12\/Horoscopo_Aries-750x422.jpg 750w, https:\/\/www.em.com.br\/emfoco\/wp-content\/uploads\/2024\/12\/Horoscopo_Aries-1140x641.jpg 1140w, https:\/\/www.em.com.br\/emfoco\/wp-content\/uploads\/2024\/12\/Horoscopo_Aries.jpg 1280w\" sizes=\"auto, (max-width: 1024px) 100vw, 1024px\" \/><figcaption class=\"wp-element-caption\">Hor\u00f3scopo_Aries &#8211; Cr\u00e9ditos: depositphotos.com \/ HayDmitriy<\/figcaption><\/figure><\/div>\n\n\n<h2 class=\"wp-block-heading\">\u2649 Touro \u2013 Amor e comida: o match perfeito \ud83c\udf70<\/h2>\n\n\n\n<p>Se tem uma coisa que pode te fazer feliz hoje, \u00e9 um date bem gostoso \u2013 e tanto faz se for com algu\u00e9m ou com um prato de comida. O dia pede aconchego e prazer. Ent\u00e3o, que tal mandar aquela mensagem pro contatinho ou reservar um jantarzinho especial?<\/p>\n\n\n\n<h2 class=\"wp-block-heading\">\u264a G\u00eameos \u2013 O rei\/rainha do carisma \ud83d\udc51<\/h2>\n\n\n\n<p>Se tem algu\u00e9m que vai dominar as conversas hoje, esse algu\u00e9m \u00e9 voc\u00ea! A comunica\u00e7\u00e3o t\u00e1 afiada, e qualquer papo pode virar um flerte irresist\u00edvel. S\u00f3 cuidado pra n\u00e3o prometer mundos e fundos, porque depois vai ter que dar conta!<\/p>\n\n\n\n<h2 class=\"wp-block-heading\">\u264b C\u00e2ncer \u2013 Sentimental sim, e com orgulho! \ud83d\udc96<\/h2>\n\n\n\n<p>Hoje seu cora\u00e7\u00e3o t\u00e1 mais sens\u00edvel que final de novela mexicana. Isso pode ser \u00f3timo pra momentos fofos, mas tamb\u00e9m pode te deixar meio carente. Se bater a bad, liga pra um amigo ou coloca uma m\u00fasica pra levantar o astral!<\/p>\n\n\n\n<h2 class=\"wp-block-heading\">\u264c Le\u00e3o \u2013 Luz, c\u00e2mera, close certo! \ud83c\udfac<\/h2>\n\n\n\n<p>Voc\u00ea j\u00e1 acordou sabendo que \u00e9 o evento principal, n\u00e9? O dia favorece encontros, postagens que v\u00e3o bombar e momentos ic\u00f4nicos. S\u00f3 lembra de deixar os outros brilharem um pouquinho tamb\u00e9m, t\u00e1? O estrelato pode ser compartilhado!<\/p>\n\n\n\n<h2 class=\"wp-block-heading\">\u264d Virgem \u2013 Organiza, mas sem surtar! \ud83d\udccb<\/h2>\n\n\n\n<p>A energia do dia pede foco, mas sem paranoia. Planeje suas tarefas, mas sem entrar no modo \u201cnervos \u00e0 flor da pele\u201d. E se precisar de um tempo pra relaxar, tudo bem! Afinal, at\u00e9 os mais organizados precisam de uma pausa.<\/p>\n\n\n\n<h2 class=\"wp-block-heading\">\u264e Libra \u2013 O poder da sedu\u00e7\u00e3o t\u00e1 ON \ud83d\udc8b<\/h2>\n\n\n\n<p>Se tem um signo que pode sair de casa e voltar com pelo menos tr\u00eas contatinhos novos, esse signo \u00e9 voc\u00ea! O charme t\u00e1 irresist\u00edvel, e qualquer intera\u00e7\u00e3o pode render boas hist\u00f3rias. Use esse poder com sabedoria!<\/p>\n\n\n\n<h2 class=\"wp-block-heading\">\u264f Escorpi\u00e3o \u2013 Perigoso e misterioso&#8230; ou s\u00f3 dram\u00e1tico? \ud83d\ude0f<\/h2>\n\n\n\n<p>O dia t\u00e1 com uma energia intensa, daquele jeito que voc\u00ea ama. Se quiser causar, escolha bem suas batalhas \u2013 nem todo embate vale seu veneno. Mas se a inten\u00e7\u00e3o for seduzir, a vit\u00f3ria \u00e9 garantida!<\/p>\n\n\n\n<h2 class=\"wp-block-heading\">\u2650 Sagit\u00e1rio \u2013 Aventureiro do zod\u00edaco \ud83c\udf0d<\/h2>\n\n\n\n<p>Hoje a vontade de explorar coisas novas t\u00e1 fort\u00edssima! Pode ser uma viagem, um rol\u00ea diferente ou at\u00e9 um crush inesperado. S\u00f3 cuidado pra n\u00e3o prometer presen\u00e7a e sumir depois, hein?<\/p>\n\n\n\n<h2 class=\"wp-block-heading\">\u2651 Capric\u00f3rnio \u2013 Money first, emo\u00e7\u00f5es depois \ud83d\udcb0<\/h2>\n\n\n\n<p>O dia pede foco na sua carreira e nos seus projetos, mas n\u00e3o esquece que voc\u00ea tamb\u00e9m merece um tempinho pra relaxar. No amor, pode rolar uma conex\u00e3o interessante \u2013 desde que voc\u00ea esteja disposto a dar espa\u00e7o pra isso.<\/p>\n\n\n<div class=\"wp-block-image\">\n<figure class=\"aligncenter size-large\"><img loading=\"lazy\" decoding=\"async\" width=\"1024\" height=\"576\" src=\"https:\/\/www.em.com.br\/emfoco\/wp-content\/uploads\/2024\/12\/Horoscopo_Capricornio-1024x576.jpg\" alt=\"Vai rolar clim\u00e3o? Descubra o que os astros dizem\" class=\"wp-image-4612\" srcset=\"https:\/\/www.em.com.br\/emfoco\/wp-content\/uploads\/2024\/12\/Horoscopo_Capricornio-1024x576.jpg 1024w, https:\/\/www.em.com.br\/emfoco\/wp-content\/uploads\/2024\/12\/Horoscopo_Capricornio-300x169.jpg 300w, https:\/\/www.em.com.br\/emfoco\/wp-content\/uploads\/2024\/12\/Horoscopo_Capricornio-768x432.jpg 768w, https:\/\/www.em.com.br\/emfoco\/wp-content\/uploads\/2024\/12\/Horoscopo_Capricornio-750x422.jpg 750w, https:\/\/www.em.com.br\/emfoco\/wp-content\/uploads\/2024\/12\/Horoscopo_Capricornio-1140x641.jpg 1140w, https:\/\/www.em.com.br\/emfoco\/wp-content\/uploads\/2024\/12\/Horoscopo_Capricornio.jpg 1280w\" sizes=\"auto, (max-width: 1024px) 100vw, 1024px\" \/><figcaption class=\"wp-element-caption\">Horoscopo_Capricornio Cr\u00e9ditos: depositphotos.com \/ HayDmitriy<\/figcaption><\/figure><\/div>\n\n\n<h2 class=\"wp-block-heading\">\u2652 Aqu\u00e1rio \u2013 Revolu\u00e7\u00e3o e liberdade! \ud83c\udf08<\/h2>\n\n\n\n<p>Se tem algo que voc\u00ea n\u00e3o quer hoje, \u00e9 rotina chata! O dia pede novidades, conversas estimulantes e at\u00e9 uma pitada de rebeldia. Que tal fazer algo diferente e sair da bolha? Os astros apoiam!<\/p>\n\n\n\n<h2 class=\"wp-block-heading\">\u2653 Peixes \u2013 Sonha, mas mant\u00e9m o p\u00e9 no ch\u00e3o \ud83c\udf0a<\/h2>\n\n\n\n<p>A imagina\u00e7\u00e3o t\u00e1 a mil, e isso \u00e9 \u00f3timo pra criar e se inspirar. Mas cuidado pra n\u00e3o viajar demais e esquecer dos compromissos. E no amor? Um clima de romance t\u00e1 no ar&#8230; aproveite sem medo!<\/p>\n\n\n\n<h3 class=\"wp-block-heading\">\u2728 Resumo do dia:<\/h3>\n\n\n\n<p>Os astros est\u00e3o vibrando energia de movimento, flerte e intensidade. Hoje \u00e9 um dia perfeito pra se jogar nas oportunidades, mas sem perder a no\u00e7\u00e3o (por favor!). Seja no amor, no trabalho ou no rol\u00ea, aproveite com sabedoria e sempre com muito glamour!<\/p>\n","protected":false},"excerpt":{"rendered":"<p>Bora conferir o que os astros prepararam pra voc\u00ea hoje? O dia promete vibes intensas, com reviravoltas, crushes inesperados e aquele toque de drama que a gente ama. Respira fundo, ajusta a coroa e vem ver o que os signos reservam para este 7 de fevereiro! \u2648 \u00c1ries \u2013 Ousadia e alegria, beb\u00ea! \ud83d\udd25 Hoje [&hellip;]<\/p>\n","protected":false},"author":7,"featured_media":3770,"comment_status":"open","ping_status":"open","sticky":false,"template":"","format":"standard","meta":{"jnews-multi-image_gallery":[],"jnews_single_post":{"format":"standard"},"jnews_primary_category":[],"jnews_social_meta":[],"jnews_override_counter":[],"footnotes":""},"categories":[25],"tags":[297,171,1215,168,294],"class_list":["post-17271","post","type-post","status-publish","format-standard","has-post-thumbnail","hentry","category-signos","tag-astrologia","tag-horoscopo","tag-previsoes","tag-signos","tag-zodiaco"],"yoast_head":"<!-- This site is optimized with the Yoast SEO plugin v23.8 - https:\/\/yoast.com\/wordpress\/plugins\/seo\/ -->\n<title>Vai rolar clim\u00e3o? Descubra o que os astros dizem para o dia 7 de fevereiro - Estado de Minas - Em foco<\/title>\n<meta name=\"description\" content=\"Descubra o que os astros reservam para voc\u00ea neste 7 de fevereiro! Amor, drama, sedu\u00e7\u00e3o e muito close certo no hor\u00f3scopo do dia.\" \/>\n<meta name=\"robots\" content=\"index, follow, max-snippet:-1, max-image-preview:large, max-video-preview:-1\" \/>\n<link rel=\"canonical\" href=\"https:\/\/www.em.com.br\/emfoco\/2025\/02\/07\/vai-rolar-climao-descubra-o-que-os-astros-dizem\/\" \/>\n<meta property=\"og:locale\" content=\"pt_BR\" \/>\n<meta property=\"og:type\" content=\"article\" \/>\n<meta property=\"og:title\" content=\"Vai rolar clim\u00e3o? Descubra o que os astros dizem para o dia 7 de fevereiro - Estado de Minas - Em foco\" \/>\n<meta property=\"og:description\" content=\"Descubra o que os astros reservam para voc\u00ea neste 7 de fevereiro! Amor, drama, sedu\u00e7\u00e3o e muito close certo no hor\u00f3scopo do dia.\" \/>\n<meta property=\"og:url\" content=\"https:\/\/www.em.com.br\/emfoco\/2025\/02\/07\/vai-rolar-climao-descubra-o-que-os-astros-dizem\/\" \/>\n<meta property=\"og:site_name\" content=\"Estado de Minas - Em foco\" \/>\n<meta property=\"article:published_time\" content=\"2025-02-07T11:20:00+00:00\" \/>\n<meta property=\"article:modified_time\" content=\"2025-02-06T20:48:16+00:00\" \/>\n<meta property=\"og:image\" content=\"https:\/\/www.em.com.br\/emfoco\/wp-content\/uploads\/2024\/12\/Horoscopo_1733627421350.jpg\" \/>\n\t<meta property=\"og:image:width\" content=\"1280\" \/>\n\t<meta property=\"og:image:height\" content=\"720\" \/>\n\t<meta property=\"og:image:type\" content=\"image\/jpeg\" \/>\n<meta name=\"author\" content=\"Kelvin\" \/>\n<meta name=\"twitter:card\" content=\"summary_large_image\" \/>\n<meta name=\"twitter:label1\" content=\"Escrito por\" \/>\n\t<meta name=\"twitter:data1\" content=\"Kelvin\" \/>\n\t<meta name=\"twitter:label2\" content=\"Est. tempo de leitura\" \/>\n\t<meta name=\"twitter:data2\" content=\"5 minutos\" \/>\n<!-- \/ Yoast SEO plugin. -->","yoast_head_json":{"title":"Vai rolar clim\u00e3o? Descubra o que os astros dizem para o dia 7 de fevereiro - Estado de Minas - Em foco","description":"Descubra o que os astros reservam para voc\u00ea neste 7 de fevereiro! Amor, drama, sedu\u00e7\u00e3o e muito close certo no hor\u00f3scopo do dia.","robots":{"index":"index","follow":"follow","max-snippet":"max-snippet:-1","max-image-preview":"max-image-preview:large","max-video-preview":"max-video-preview:-1"},"canonical":"https:\/\/www.em.com.br\/emfoco\/2025\/02\/07\/vai-rolar-climao-descubra-o-que-os-astros-dizem\/","og_locale":"pt_BR","og_type":"article","og_title":"Vai rolar clim\u00e3o? Descubra o que os astros dizem para o dia 7 de fevereiro - Estado de Minas - Em foco","og_description":"Descubra o que os astros reservam para voc\u00ea neste 7 de fevereiro! Amor, drama, sedu\u00e7\u00e3o e muito close certo no hor\u00f3scopo do dia.","og_url":"https:\/\/www.em.com.br\/emfoco\/2025\/02\/07\/vai-rolar-climao-descubra-o-que-os-astros-dizem\/","og_site_name":"Estado de Minas - Em foco","article_published_time":"2025-02-07T11:20:00+00:00","article_modified_time":"2025-02-06T20:48:16+00:00","og_image":[{"width":1280,"height":720,"url":"https:\/\/www.em.com.br\/emfoco\/wp-content\/uploads\/2024\/12\/Horoscopo_1733627421350.jpg","type":"image\/jpeg"}],"author":"Kelvin","twitter_card":"summary_large_image","twitter_misc":{"Escrito por":"Kelvin","Est. tempo de leitura":"5 minutos"},"schema":{"@context":"https:\/\/schema.org","@graph":[{"@type":"WebPage","@id":"https:\/\/www.em.com.br\/emfoco\/2025\/02\/07\/vai-rolar-climao-descubra-o-que-os-astros-dizem\/","url":"https:\/\/www.em.com.br\/emfoco\/2025\/02\/07\/vai-rolar-climao-descubra-o-que-os-astros-dizem\/","name":"Vai rolar clim\u00e3o? Descubra o que os astros dizem para o dia 7 de fevereiro - Estado de Minas - Em foco","isPartOf":{"@id":"https:\/\/www.em.com.br\/emfoco\/#website"},"primaryImageOfPage":{"@id":"https:\/\/www.em.com.br\/emfoco\/2025\/02\/07\/vai-rolar-climao-descubra-o-que-os-astros-dizem\/#primaryimage"},"image":{"@id":"https:\/\/www.em.com.br\/emfoco\/2025\/02\/07\/vai-rolar-climao-descubra-o-que-os-astros-dizem\/#primaryimage"},"thumbnailUrl":"https:\/\/www.em.com.br\/emfoco\/wp-content\/uploads\/2024\/12\/Horoscopo_1733627421350.jpg","datePublished":"2025-02-07T11:20:00+00:00","dateModified":"2025-02-06T20:48:16+00:00","author":{"@id":"https:\/\/www.em.com.br\/emfoco\/#\/schema\/person\/fb0a7f48c6fbb94b83f413a80f61917d"},"description":"Descubra o que os astros reservam para voc\u00ea neste 7 de fevereiro! Amor, drama, sedu\u00e7\u00e3o e muito close certo no hor\u00f3scopo do dia.","breadcrumb":{"@id":"https:\/\/www.em.com.br\/emfoco\/2025\/02\/07\/vai-rolar-climao-descubra-o-que-os-astros-dizem\/#breadcrumb"},"inLanguage":"pt-BR","potentialAction":[{"@type":"ReadAction","target":["https:\/\/www.em.com.br\/emfoco\/2025\/02\/07\/vai-rolar-climao-descubra-o-que-os-astros-dizem\/"]}]},{"@type":"ImageObject","inLanguage":"pt-BR","@id":"https:\/\/www.em.com.br\/emfoco\/2025\/02\/07\/vai-rolar-climao-descubra-o-que-os-astros-dizem\/#primaryimage","url":"https:\/\/www.em.com.br\/emfoco\/wp-content\/uploads\/2024\/12\/Horoscopo_1733627421350.jpg","contentUrl":"https:\/\/www.em.com.br\/emfoco\/wp-content\/uploads\/2024\/12\/Horoscopo_1733627421350.jpg","width":1280,"height":720,"caption":"Hor\u00f3scopo - Cr\u00e9ditos: depositphotos.com \/ HayDmitriy"},{"@type":"BreadcrumbList","@id":"https:\/\/www.em.com.br\/emfoco\/2025\/02\/07\/vai-rolar-climao-descubra-o-que-os-astros-dizem\/#breadcrumb","itemListElement":[{"@type":"ListItem","position":1,"name":"In\u00edcio","item":"https:\/\/www.em.com.br\/emfoco\/"},{"@type":"ListItem","position":2,"name":"Vai rolar clim\u00e3o? Descubra o que os astros dizem para o dia 7 de fevereiro"}]},{"@type":"WebSite","@id":"https:\/\/www.em.com.br\/emfoco\/#website","url":"https:\/\/www.em.com.br\/emfoco\/","name":"Estado de Minas - Em foco","description":"Acompanhe as \u00faltimas not\u00edcias e fique bem informado sobre tudo o que acontece em Minas Gerais, Brasil e no mundo.","potentialAction":[{"@type":"SearchAction","target":{"@type":"EntryPoint","urlTemplate":"https:\/\/www.em.com.br\/emfoco\/?s={search_term_string}"},"query-input":{"@type":"PropertyValueSpecification","valueRequired":true,"valueName":"search_term_string"}}],"inLanguage":"pt-BR"},{"@type":"Person","@id":"https:\/\/www.em.com.br\/emfoco\/#\/schema\/person\/fb0a7f48c6fbb94b83f413a80f61917d","name":"Kelvin","image":{"@type":"ImageObject","inLanguage":"pt-BR","@id":"https:\/\/www.em.com.br\/emfoco\/#\/schema\/person\/image\/","url":"https:\/\/secure.gravatar.com\/avatar\/e74f84337e6bf6c4c5e88fbdffa05270?s=96&d=mm&r=g","contentUrl":"https:\/\/secure.gravatar.com\/avatar\/e74f84337e6bf6c4c5e88fbdffa05270?s=96&d=mm&r=g","caption":"Kelvin"},"sameAs":["https:\/\/www.em.com.br\/emfoco"],"url":"https:\/\/www.em.com.br\/emfoco\/author\/kelvinmyth\/"}]}},"_links":{"self":[{"href":"https:\/\/www.em.com.br\/emfoco\/wp-json\/wp\/v2\/posts\/17271","targetHints":{"allow":["GET"]}}],"collection":[{"href":"https:\/\/www.em.com.br\/emfoco\/wp-json\/wp\/v2\/posts"}],"about":[{"href":"https:\/\/www.em.com.br\/emfoco\/wp-json\/wp\/v2\/types\/post"}],"author":[{"embeddable":true,"href":"https:\/\/www.em.com.br\/emfoco\/wp-json\/wp\/v2\/users\/7"}],"replies":[{"embeddable":true,"href":"https:\/\/www.em.com.br\/emfoco\/wp-json\/wp\/v2\/comments?post=17271"}],"version-history":[{"count":2,"href":"https:\/\/www.em.com.br\/emfoco\/wp-json\/wp\/v2\/posts\/17271\/revisions"}],"predecessor-version":[{"id":17468,"href":"https:\/\/www.em.com.br\/emfoco\/wp-json\/wp\/v2\/posts\/17271\/revisions\/17468"}],"wp:featuredmedia":[{"embeddable":true,"href":"https:\/\/www.em.com.br\/emfoco\/wp-json\/wp\/v2\/media\/3770"}],"wp:attachment":[{"href":"https:\/\/www.em.com.br\/emfoco\/wp-json\/wp\/v2\/media?parent=17271"}],"wp:term":[{"taxonomy":"category","embeddable":true,"href":"https:\/\/www.em.com.br\/emfoco\/wp-json\/wp\/v2\/categories?post=17271"},{"taxonomy":"post_tag","embeddable":true,"href":"https:\/\/www.em.com.br\/emfoco\/wp-json\/wp\/v2\/tags?post=17271"}],"curies":[{"name":"wp","href":"https:\/\/api.w.org\/{rel}","templated":true}]}}