{"id":17267,"date":"2025-02-07T08:00:35","date_gmt":"2025-02-07T11:00:35","guid":{"rendered":"https:\/\/www.em.com.br\/emfoco\/?p=17267"},"modified":"2025-02-06T17:48:05","modified_gmt":"2025-02-06T20:48:05","slug":"salario-minimo-aumentou-veja-quanto-voce-vai-ganhar","status":"publish","type":"post","link":"https:\/\/www.em.com.br\/emfoco\/2025\/02\/07\/salario-minimo-aumentou-veja-quanto-voce-vai-ganhar\/","title":{"rendered":"Governo Federal sanciona o novo reajuste do sal\u00e1rio m\u00ednimo! Confira quais ser\u00e3o as mudan\u00e7as"},"content":{"rendered":"\n<p>O <strong>sal\u00e1rio m\u00ednimo <\/strong>para o ano de 2025 foi fixado em R$ 1.518, <a href=\"https:\/\/www.em.com.br\/emfoco\/2025\/02\/05\/ai-me-o-robo-inteligente-da-tcl-que-interage-e-grava-momentos-infantis\/\" target=\"_blank\" rel=\"noreferrer noopener\">representando <\/a>um aumento de 7,5% em rela\u00e7\u00e3o ao valor de 2024, que era de R$ 1.412. Este reajuste, que entrou em vigor no dia 1\u00ba de janeiro, reflete a pol\u00edtica de corre\u00e7\u00e3o salarial que busca manter o poder de compra dos trabalhadores brasileiros. Embora o novo valor tenha sido estabelecido no in\u00edcio do ano, os trabalhadores come\u00e7am a receber a quantia reajustada apenas em fevereiro, seguindo a pr\u00e1tica de remunera\u00e7\u00e3o ap\u00f3s o t\u00e9rmino do m\u00eas trabalhado.<\/p>\n\n\n\n<p>O c\u00e1lculo do reajuste do sal\u00e1rio m\u00ednimo \u00e9 uma quest\u00e3o de grande import\u00e2ncia para milh\u00f5es de brasileiros, uma vez que afeta diretamente a renda de aproximadamente 59 milh\u00f5es de pessoas. Este grupo inclui n\u00e3o apenas trabalhadores ativos, mas tamb\u00e9m cerca de 19 milh\u00f5es de aposentados e pensionistas, segundo dados do <strong>Departamento Intersindical de Estat\u00edstica e Estudos Socioecon\u00f4micos <\/strong>(<strong><a href=\"https:\/\/www.dieese.org.br\/\" target=\"_blank\" rel=\"noreferrer noopener\">Dieese<\/a><\/strong>).<\/p>\n\n\n\n<h2 class=\"wp-block-heading\">Como \u00e9 Calculado o Reajuste do Sal\u00e1rio M\u00ednimo?<\/h2>\n\n\n\n<p>O reajuste do sal\u00e1rio m\u00ednimo para 2025 foi calculado com base em dois principais fatores: a infla\u00e7\u00e3o acumulada e o crescimento do <strong>Produto Interno Bruto <\/strong>(<strong>PIB<\/strong>). A infla\u00e7\u00e3o, medida pelo <strong>\u00cdndice Nacional de Pre\u00e7os ao Consumidor <\/strong>(<strong>INPC<\/strong>), acumulou 4,84% nos \u00faltimos 12 meses at\u00e9 novembro de 2024. Para compensar essa infla\u00e7\u00e3o, o sal\u00e1rio m\u00ednimo foi ajustado em 4,84%.<\/p>\n\n\n\n<p>Al\u00e9m disso, foi adicionado um incremento de 2,5% ao reajuste, refletindo o crescimento do PIB. Este aumento representa o ganho real acima da infla\u00e7\u00e3o, permitindo que o sal\u00e1rio m\u00ednimo n\u00e3o apenas mantenha o poder de compra, mas tamb\u00e9m ofere\u00e7a um pequeno aumento real no rendimento dos trabalhadores.<\/p>\n\n\n<div class=\"wp-block-image\">\n<figure class=\"aligncenter size-large\"><img loading=\"lazy\" decoding=\"async\" width=\"1024\" height=\"576\" src=\"https:\/\/www.em.com.br\/emfoco\/wp-content\/uploads\/2024\/12\/Brazil-Money_1735506339454-1024x576.jpg\" alt=\"Sal\u00e1rio m\u00ednimo aumentou! veja quanto voc\u00ea vai ganhar\" class=\"wp-image-7526\" srcset=\"https:\/\/www.em.com.br\/emfoco\/wp-content\/uploads\/2024\/12\/Brazil-Money_1735506339454-1024x576.jpg 1024w, https:\/\/www.em.com.br\/emfoco\/wp-content\/uploads\/2024\/12\/Brazil-Money_1735506339454-300x169.jpg 300w, https:\/\/www.em.com.br\/emfoco\/wp-content\/uploads\/2024\/12\/Brazil-Money_1735506339454-768x432.jpg 768w, https:\/\/www.em.com.br\/emfoco\/wp-content\/uploads\/2024\/12\/Brazil-Money_1735506339454-750x422.jpg 750w, https:\/\/www.em.com.br\/emfoco\/wp-content\/uploads\/2024\/12\/Brazil-Money_1735506339454-1140x641.jpg 1140w, https:\/\/www.em.com.br\/emfoco\/wp-content\/uploads\/2024\/12\/Brazil-Money_1735506339454.jpg 1280w\" sizes=\"auto, (max-width: 1024px) 100vw, 1024px\" \/><figcaption class=\"wp-element-caption\">Dinheiro &#8211; Cr\u00e9ditos: depositphotos.com \/ rmcarvalhobsb<\/figcaption><\/figure><\/div>\n\n\n<h2 class=\"wp-block-heading\">Por que o Sal\u00e1rio M\u00ednimo \u00e9 importante?<\/h2>\n\n\n\n<p>O sal\u00e1rio m\u00ednimo \u00e9 uma refer\u00eancia crucial para a economia brasileira, pois serve como base para o reajuste de diversos benef\u00edcios sociais. Entre eles est\u00e3o o Benef\u00edcio de Presta\u00e7\u00e3o Continuada (BPC), o abono salarial e o seguro-desemprego. Dessa forma, o aumento do sal\u00e1rio m\u00ednimo tem um impacto direto na vida de milh\u00f5es de brasileiros que dependem desses benef\u00edcios para complementar sua renda.<\/p>\n\n\n\n<p>Al\u00e9m disso, o sal\u00e1rio m\u00ednimo influencia as negocia\u00e7\u00f5es salariais em diversos setores da economia, servindo como um piso para os sal\u00e1rios pagos no mercado de trabalho. Portanto, seu reajuste \u00e9 um tema de grande relev\u00e2ncia para a sociedade como um todo.<\/p>\n\n\n\n<h2 class=\"wp-block-heading\">Qual \u00e9 o impacto do reajuste para os Brasileiros?<\/h2>\n\n\n\n<p>O aumento do sal\u00e1rio m\u00ednimo para R$ 1.518 em 2025 traz um al\u00edvio financeiro para muitos brasileiros, especialmente aqueles que dependem exclusivamente desse rendimento. No entanto, o impacto do reajuste vai al\u00e9m do aumento direto na renda. Ele tamb\u00e9m influencia o poder de compra, uma vez que o sal\u00e1rio m\u00ednimo \u00e9 utilizado como refer\u00eancia para diversos pre\u00e7os e tarifas na economia.<\/p>\n\n\n\n<p>Por outro lado, \u00e9 importante considerar que o aumento do sal\u00e1rio m\u00ednimo tamb\u00e9m pode ter efeitos sobre a infla\u00e7\u00e3o, uma vez que pode levar a um aumento nos custos de produ\u00e7\u00e3o e, consequentemente, nos pre\u00e7os dos produtos e servi\u00e7os. Assim, o desafio \u00e9 equilibrar o aumento do poder de compra dos trabalhadores com a manuten\u00e7\u00e3o da estabilidade econ\u00f4mica.<\/p>\n\n\n\n<h2 class=\"wp-block-heading\">O futuro do Sal\u00e1rio M\u00ednimo no Brasil<\/h2>\n\n\n\n<p>A pol\u00edtica de reajuste do sal\u00e1rio m\u00ednimo no Brasil tem sido objeto de debates e ajustes ao longo dos anos. Em 2023, o Congresso Nacional aprovou uma nova metodologia de c\u00e1lculo, que come\u00e7ou a ser aplicada em 2024. Essa pol\u00edtica busca garantir que o sal\u00e1rio m\u00ednimo acompanhe a infla\u00e7\u00e3o e o crescimento econ\u00f4mico, proporcionando um ganho real para os trabalhadores.<\/p>\n\n\n\n<p>Para o futuro, espera-se que o sal\u00e1rio m\u00ednimo continue a ser um instrumento importante de pol\u00edtica econ\u00f4mica e social, contribuindo para a redu\u00e7\u00e3o das desigualdades e a melhoria das condi\u00e7\u00f5es de vida da popula\u00e7\u00e3o brasileira. A continuidade dessa pol\u00edtica depender\u00e1 de fatores econ\u00f4micos e pol\u00edticos, bem como do compromisso das autoridades em garantir um crescimento sustent\u00e1vel e inclusivo.<\/p>\n","protected":false},"excerpt":{"rendered":"<p>O sal\u00e1rio m\u00ednimo para o ano de 2025 foi fixado em R$ 1.518, representando um aumento de 7,5% em rela\u00e7\u00e3o ao valor de 2024, que era de R$ 1.412. Este reajuste, que entrou em vigor no dia 1\u00ba de janeiro, reflete a pol\u00edtica de corre\u00e7\u00e3o salarial que busca manter o poder de compra dos trabalhadores [&hellip;]<\/p>\n","protected":false},"author":7,"featured_media":1978,"comment_status":"open","ping_status":"open","sticky":false,"template":"","format":"standard","meta":{"jnews-multi-image_gallery":[],"jnews_single_post":{"format":"standard"},"jnews_primary_category":[],"jnews_social_meta":[],"jnews_override_counter":[],"footnotes":""},"categories":[28],"tags":[158,160,1437,717],"class_list":["post-17267","post","type-post","status-publish","format-standard","has-post-thumbnail","hentry","category-economia","tag-brasil","tag-economia","tag-reajuste-salarial","tag-salario-minimo"],"yoast_head":"<!-- This site is optimized with the Yoast SEO plugin v23.8 - https:\/\/yoast.com\/wordpress\/plugins\/seo\/ -->\n<title>Governo Federal sanciona o novo reajuste do sal\u00e1rio m\u00ednimo! Confira quais ser\u00e3o as mudan\u00e7as - Estado de Minas - Em foco<\/title>\n<meta name=\"description\" content=\"Descubra quanto aumentou o sal\u00e1rio m\u00ednimo em 2025! Saiba como o reajuste impacta seu bolso e os benef\u00edcios.\" \/>\n<meta name=\"robots\" content=\"index, follow, max-snippet:-1, max-image-preview:large, max-video-preview:-1\" \/>\n<link rel=\"canonical\" href=\"https:\/\/www.em.com.br\/emfoco\/2025\/02\/07\/salario-minimo-aumentou-veja-quanto-voce-vai-ganhar\/\" \/>\n<meta property=\"og:locale\" content=\"pt_BR\" \/>\n<meta property=\"og:type\" content=\"article\" \/>\n<meta property=\"og:title\" content=\"Governo Federal sanciona o novo reajuste do sal\u00e1rio m\u00ednimo! Confira quais ser\u00e3o as mudan\u00e7as - Estado de Minas - Em foco\" \/>\n<meta property=\"og:description\" content=\"Descubra quanto aumentou o sal\u00e1rio m\u00ednimo em 2025! Saiba como o reajuste impacta seu bolso e os benef\u00edcios.\" \/>\n<meta property=\"og:url\" content=\"https:\/\/www.em.com.br\/emfoco\/2025\/02\/07\/salario-minimo-aumentou-veja-quanto-voce-vai-ganhar\/\" \/>\n<meta property=\"og:site_name\" content=\"Estado de Minas - Em foco\" \/>\n<meta property=\"article:published_time\" content=\"2025-02-07T11:00:35+00:00\" \/>\n<meta property=\"article:modified_time\" content=\"2025-02-06T20:48:05+00:00\" \/>\n<meta property=\"og:image\" content=\"https:\/\/www.em.com.br\/emfoco\/wp-content\/uploads\/2024\/11\/Real-Brasileiro_1732816663324.jpg\" \/>\n\t<meta property=\"og:image:width\" content=\"1280\" \/>\n\t<meta property=\"og:image:height\" content=\"720\" \/>\n\t<meta property=\"og:image:type\" content=\"image\/jpeg\" \/>\n<meta name=\"author\" content=\"Kelvin\" \/>\n<meta name=\"twitter:card\" content=\"summary_large_image\" \/>\n<meta name=\"twitter:label1\" content=\"Escrito por\" \/>\n\t<meta name=\"twitter:data1\" content=\"Kelvin\" \/>\n\t<meta name=\"twitter:label2\" content=\"Est. tempo de leitura\" \/>\n\t<meta name=\"twitter:data2\" content=\"4 minutos\" \/>\n<!-- \/ Yoast SEO plugin. -->","yoast_head_json":{"title":"Governo Federal sanciona o novo reajuste do sal\u00e1rio m\u00ednimo! Confira quais ser\u00e3o as mudan\u00e7as - Estado de Minas - Em foco","description":"Descubra quanto aumentou o sal\u00e1rio m\u00ednimo em 2025! Saiba como o reajuste impacta seu bolso e os benef\u00edcios.","robots":{"index":"index","follow":"follow","max-snippet":"max-snippet:-1","max-image-preview":"max-image-preview:large","max-video-preview":"max-video-preview:-1"},"canonical":"https:\/\/www.em.com.br\/emfoco\/2025\/02\/07\/salario-minimo-aumentou-veja-quanto-voce-vai-ganhar\/","og_locale":"pt_BR","og_type":"article","og_title":"Governo Federal sanciona o novo reajuste do sal\u00e1rio m\u00ednimo! Confira quais ser\u00e3o as mudan\u00e7as - Estado de Minas - Em foco","og_description":"Descubra quanto aumentou o sal\u00e1rio m\u00ednimo em 2025! Saiba como o reajuste impacta seu bolso e os benef\u00edcios.","og_url":"https:\/\/www.em.com.br\/emfoco\/2025\/02\/07\/salario-minimo-aumentou-veja-quanto-voce-vai-ganhar\/","og_site_name":"Estado de Minas - Em foco","article_published_time":"2025-02-07T11:00:35+00:00","article_modified_time":"2025-02-06T20:48:05+00:00","og_image":[{"width":1280,"height":720,"url":"https:\/\/www.em.com.br\/emfoco\/wp-content\/uploads\/2024\/11\/Real-Brasileiro_1732816663324.jpg","type":"image\/jpeg"}],"author":"Kelvin","twitter_card":"summary_large_image","twitter_misc":{"Escrito por":"Kelvin","Est. tempo de leitura":"4 minutos"},"schema":{"@context":"https:\/\/schema.org","@graph":[{"@type":"WebPage","@id":"https:\/\/www.em.com.br\/emfoco\/2025\/02\/07\/salario-minimo-aumentou-veja-quanto-voce-vai-ganhar\/","url":"https:\/\/www.em.com.br\/emfoco\/2025\/02\/07\/salario-minimo-aumentou-veja-quanto-voce-vai-ganhar\/","name":"Governo Federal sanciona o novo reajuste do sal\u00e1rio m\u00ednimo! Confira quais ser\u00e3o as mudan\u00e7as - Estado de Minas - Em foco","isPartOf":{"@id":"https:\/\/www.em.com.br\/emfoco\/#website"},"primaryImageOfPage":{"@id":"https:\/\/www.em.com.br\/emfoco\/2025\/02\/07\/salario-minimo-aumentou-veja-quanto-voce-vai-ganhar\/#primaryimage"},"image":{"@id":"https:\/\/www.em.com.br\/emfoco\/2025\/02\/07\/salario-minimo-aumentou-veja-quanto-voce-vai-ganhar\/#primaryimage"},"thumbnailUrl":"https:\/\/www.em.com.br\/emfoco\/wp-content\/uploads\/2024\/11\/Real-Brasileiro_1732816663324.jpg","datePublished":"2025-02-07T11:00:35+00:00","dateModified":"2025-02-06T20:48:05+00:00","author":{"@id":"https:\/\/www.em.com.br\/emfoco\/#\/schema\/person\/fb0a7f48c6fbb94b83f413a80f61917d"},"description":"Descubra quanto aumentou o sal\u00e1rio m\u00ednimo em 2025! Saiba como o reajuste impacta seu bolso e os benef\u00edcios.","breadcrumb":{"@id":"https:\/\/www.em.com.br\/emfoco\/2025\/02\/07\/salario-minimo-aumentou-veja-quanto-voce-vai-ganhar\/#breadcrumb"},"inLanguage":"pt-BR","potentialAction":[{"@type":"ReadAction","target":["https:\/\/www.em.com.br\/emfoco\/2025\/02\/07\/salario-minimo-aumentou-veja-quanto-voce-vai-ganhar\/"]}]},{"@type":"ImageObject","inLanguage":"pt-BR","@id":"https:\/\/www.em.com.br\/emfoco\/2025\/02\/07\/salario-minimo-aumentou-veja-quanto-voce-vai-ganhar\/#primaryimage","url":"https:\/\/www.em.com.br\/emfoco\/wp-content\/uploads\/2024\/11\/Real-Brasileiro_1732816663324.jpg","contentUrl":"https:\/\/www.em.com.br\/emfoco\/wp-content\/uploads\/2024\/11\/Real-Brasileiro_1732816663324.jpg","width":1280,"height":720,"caption":"Dinheiro de Beneficio - Cr\u00e9ditos: depositphotos.com \/ joasouza"},{"@type":"BreadcrumbList","@id":"https:\/\/www.em.com.br\/emfoco\/2025\/02\/07\/salario-minimo-aumentou-veja-quanto-voce-vai-ganhar\/#breadcrumb","itemListElement":[{"@type":"ListItem","position":1,"name":"In\u00edcio","item":"https:\/\/www.em.com.br\/emfoco\/"},{"@type":"ListItem","position":2,"name":"Governo Federal sanciona o novo reajuste do sal\u00e1rio m\u00ednimo! Confira quais ser\u00e3o as mudan\u00e7as"}]},{"@type":"WebSite","@id":"https:\/\/www.em.com.br\/emfoco\/#website","url":"https:\/\/www.em.com.br\/emfoco\/","name":"Estado de Minas - Em foco","description":"Acompanhe as \u00faltimas not\u00edcias e fique bem informado sobre tudo o que acontece em Minas Gerais, Brasil e no mundo.","potentialAction":[{"@type":"SearchAction","target":{"@type":"EntryPoint","urlTemplate":"https:\/\/www.em.com.br\/emfoco\/?s={search_term_string}"},"query-input":{"@type":"PropertyValueSpecification","valueRequired":true,"valueName":"search_term_string"}}],"inLanguage":"pt-BR"},{"@type":"Person","@id":"https:\/\/www.em.com.br\/emfoco\/#\/schema\/person\/fb0a7f48c6fbb94b83f413a80f61917d","name":"Kelvin","image":{"@type":"ImageObject","inLanguage":"pt-BR","@id":"https:\/\/www.em.com.br\/emfoco\/#\/schema\/person\/image\/","url":"https:\/\/secure.gravatar.com\/avatar\/e74f84337e6bf6c4c5e88fbdffa05270?s=96&d=mm&r=g","contentUrl":"https:\/\/secure.gravatar.com\/avatar\/e74f84337e6bf6c4c5e88fbdffa05270?s=96&d=mm&r=g","caption":"Kelvin"},"sameAs":["https:\/\/www.em.com.br\/emfoco"],"url":"https:\/\/www.em.com.br\/emfoco\/author\/kelvinmyth\/"}]}},"_links":{"self":[{"href":"https:\/\/www.em.com.br\/emfoco\/wp-json\/wp\/v2\/posts\/17267","targetHints":{"allow":["GET"]}}],"collection":[{"href":"https:\/\/www.em.com.br\/emfoco\/wp-json\/wp\/v2\/posts"}],"about":[{"href":"https:\/\/www.em.com.br\/emfoco\/wp-json\/wp\/v2\/types\/post"}],"author":[{"embeddable":true,"href":"https:\/\/www.em.com.br\/emfoco\/wp-json\/wp\/v2\/users\/7"}],"replies":[{"embeddable":true,"href":"https:\/\/www.em.com.br\/emfoco\/wp-json\/wp\/v2\/comments?post=17267"}],"version-history":[{"count":5,"href":"https:\/\/www.em.com.br\/emfoco\/wp-json\/wp\/v2\/posts\/17267\/revisions"}],"predecessor-version":[{"id":17473,"href":"https:\/\/www.em.com.br\/emfoco\/wp-json\/wp\/v2\/posts\/17267\/revisions\/17473"}],"wp:featuredmedia":[{"embeddable":true,"href":"https:\/\/www.em.com.br\/emfoco\/wp-json\/wp\/v2\/media\/1978"}],"wp:attachment":[{"href":"https:\/\/www.em.com.br\/emfoco\/wp-json\/wp\/v2\/media?parent=17267"}],"wp:term":[{"taxonomy":"category","embeddable":true,"href":"https:\/\/www.em.com.br\/emfoco\/wp-json\/wp\/v2\/categories?post=17267"},{"taxonomy":"post_tag","embeddable":true,"href":"https:\/\/www.em.com.br\/emfoco\/wp-json\/wp\/v2\/tags?post=17267"}],"curies":[{"name":"wp","href":"https:\/\/api.w.org\/{rel}","templated":true}]}}