{"id":17262,"date":"2025-02-07T07:20:04","date_gmt":"2025-02-07T10:20:04","guid":{"rendered":"https:\/\/www.em.com.br\/emfoco\/?p=17262"},"modified":"2025-02-06T17:40:32","modified_gmt":"2025-02-06T20:40:32","slug":"fim-do-bolsa-familia-confira","status":"publish","type":"post","link":"https:\/\/www.em.com.br\/emfoco\/2025\/02\/07\/fim-do-bolsa-familia-confira\/","title":{"rendered":"Governo Brasileiro emite comunicado para benefici\u00e1rios do Bolsa Fam\u00edlia"},"content":{"rendered":"\n<p>O <strong>Bolsa Fam\u00edlia <\/strong>\u00e9 um programa social do governo brasileiro que visa auxiliar <a href=\"https:\/\/www.em.com.br\/emfoco\/2025\/02\/06\/familias-brasileiras-podem-comemorar-o-novo-pagamento-de-r-800-do-bolsa-familia\/\" target=\"_blank\" rel=\"noreferrer noopener\">fam\u00edlias <\/a>de baixa renda com pagamentos mensais. Em 2025, o valor do benef\u00edcio \u00e9 de R$ 600, mas para receb\u00ea-lo, \u00e9 necess\u00e1rio que as fam\u00edlias cumpram certos crit\u00e9rios estabelecidos pelo governo. Recentemente, foram divulgadas diretrizes sobre os casos que podem levar ao cancelamento do benef\u00edcio.<\/p>\n\n\n\n<p>Desde 2023, o <strong>Minist\u00e9rio do Desenvolvimento <\/strong>e <strong>Assist\u00eancia Social<\/strong>, <strong>Fam\u00edlia <\/strong>e <strong>Combate <\/strong>\u00e0 <strong>Fome <\/strong>(<strong>MDS<\/strong>) tem intensificado esfor\u00e7os para identificar pagamentos indevidos. Isso faz parte de uma estrat\u00e9gia para garantir que o benef\u00edcio chegue a quem realmente precisa. As fam\u00edlias que n\u00e3o atendem aos crit\u00e9rios estabelecidos podem ter o Bolsa Fam\u00edlia suspenso ou cancelado.<\/p>\n\n\n<div class=\"wp-block-image\">\n<figure class=\"aligncenter size-large\"><img loading=\"lazy\" decoding=\"async\" width=\"1024\" height=\"576\" src=\"https:\/\/www.em.com.br\/emfoco\/wp-content\/uploads\/2024\/12\/Bolsa-Familia_1735505944372-1024x576.jpg\" alt=\"Fim do Bolsa Fam\u00edlia? Confira\" class=\"wp-image-7522\" srcset=\"https:\/\/www.em.com.br\/emfoco\/wp-content\/uploads\/2024\/12\/Bolsa-Familia_1735505944372-1024x576.jpg 1024w, https:\/\/www.em.com.br\/emfoco\/wp-content\/uploads\/2024\/12\/Bolsa-Familia_1735505944372-300x169.jpg 300w, https:\/\/www.em.com.br\/emfoco\/wp-content\/uploads\/2024\/12\/Bolsa-Familia_1735505944372-768x432.jpg 768w, https:\/\/www.em.com.br\/emfoco\/wp-content\/uploads\/2024\/12\/Bolsa-Familia_1735505944372-750x422.jpg 750w, https:\/\/www.em.com.br\/emfoco\/wp-content\/uploads\/2024\/12\/Bolsa-Familia_1735505944372-1140x641.jpg 1140w, https:\/\/www.em.com.br\/emfoco\/wp-content\/uploads\/2024\/12\/Bolsa-Familia_1735505944372.jpg 1280w\" sizes=\"auto, (max-width: 1024px) 100vw, 1024px\" \/><figcaption class=\"wp-element-caption\">Bolsa Familia &#8211; Cr\u00e9ditos: depositphotos.com \/ joasouza<\/figcaption><\/figure><\/div>\n\n\n<h2 class=\"wp-block-heading\">Quais s\u00e3o os crit\u00e9rios para receber o Bolsa Fam\u00edlia?<\/h2>\n\n\n\n<p>Para ser eleg\u00edvel ao Bolsa Fam\u00edlia, \u00e9 necess\u00e1rio estar devidamente cadastrado no <strong>Cadastro \u00danico (<a href=\"https:\/\/www.gov.br\/pt-br\/servicos\/consultar-dados-do-cadastro-unico-cadunico\" target=\"_blank\" rel=\"noreferrer noopener\">Cad\u00danico<\/a>) do Governo Federal<\/strong>. Al\u00e9m disso, a renda mensal por pessoa da fam\u00edlia n\u00e3o pode ultrapassar R$ 218. Esses crit\u00e9rios s\u00e3o fundamentais para garantir que o benef\u00edcio seja direcionado \u00e0s fam\u00edlias que realmente necessitam de apoio financeiro.<\/p>\n\n\n\n<p>O Cad\u00danico \u00e9 uma ferramenta essencial para a identifica\u00e7\u00e3o e sele\u00e7\u00e3o das fam\u00edlias que podem participar de programas sociais. Manter as informa\u00e7\u00f5es atualizadas nesse cadastro \u00e9 crucial para a continuidade do recebimento do benef\u00edcio.<\/p>\n\n\n\n<h2 class=\"wp-block-heading\">Quais s\u00e3o os motivos que podem levar ao cancelamento do Bolsa Fam\u00edlia?<\/h2>\n\n\n\n<p>Existem v\u00e1rias raz\u00f5es pelas quais o Bolsa Fam\u00edlia pode ser cancelado. Um dos principais motivos \u00e9 a renda familiar ultrapassar o limite permitido. Se a renda per capita da fam\u00edlia exceder R$ 218, o benef\u00edcio pode ser suspenso. Al\u00e9m disso, a falta de atualiza\u00e7\u00e3o no Cadastro \u00danico \u00e9 outro fator que pode levar ao cancelamento.<\/p>\n\n\n\n<p>O cumprimento de compromissos nas \u00e1reas de sa\u00fade e educa\u00e7\u00e3o tamb\u00e9m \u00e9 essencial. As fam\u00edlias devem garantir que as vacinas das crian\u00e7as estejam em dia, que as crian\u00e7as e adolescentes frequentem a escola regularmente e que as gestantes realizem o acompanhamento pr\u00e9-natal. O descumprimento dessas condi\u00e7\u00f5es pode resultar na perda do benef\u00edcio.<\/p>\n\n\n\n<h2 class=\"wp-block-heading\">Como \u00e9 feito o comunicado de cancelamento?<\/h2>\n\n\n\n<p>Em caso de cancelamento do Bolsa Fam\u00edlia, o Governo Federal realiza a comunica\u00e7\u00e3o de forma oficial. As fam\u00edlias s\u00e3o notificadas sobre a suspens\u00e3o ou cancelamento do benef\u00edcio, permitindo que tomem as medidas necess\u00e1rias para regularizar sua situa\u00e7\u00e3o, se poss\u00edvel.<\/p>\n\n\n\n<p>\u00c9 importante que as fam\u00edlias benefici\u00e1rias fiquem atentas \u00e0s regras e mantenham suas informa\u00e7\u00f5es sempre atualizadas para evitar surpresas desagrad\u00e1veis. O Bolsa Fam\u00edlia \u00e9 um recurso vital para muitas fam\u00edlias brasileiras, e seguir as diretrizes estabelecidas \u00e9 fundamental para a continuidade do apoio financeiro.<\/p>\n","protected":false},"excerpt":{"rendered":"<p>O Bolsa Fam\u00edlia \u00e9 um programa social do governo brasileiro que visa auxiliar fam\u00edlias de baixa renda com pagamentos mensais. Em 2025, o valor do benef\u00edcio \u00e9 de R$ 600, mas para receb\u00ea-lo, \u00e9 necess\u00e1rio que as fam\u00edlias cumpram certos crit\u00e9rios estabelecidos pelo governo. Recentemente, foram divulgadas diretrizes sobre os casos que podem levar ao [&hellip;]<\/p>\n","protected":false},"author":7,"featured_media":2670,"comment_status":"open","ping_status":"open","sticky":false,"template":"","format":"standard","meta":{"jnews-multi-image_gallery":[],"jnews_single_post":{"format":"standard"},"jnews_primary_category":[],"jnews_social_meta":[],"jnews_override_counter":[],"footnotes":""},"categories":[28],"tags":[],"class_list":["post-17262","post","type-post","status-publish","format-standard","has-post-thumbnail","hentry","category-economia"],"yoast_head":"<!-- This site is optimized with the Yoast SEO plugin v23.8 - https:\/\/yoast.com\/wordpress\/plugins\/seo\/ -->\n<title>Governo Brasileiro emite comunicado para benefici\u00e1rios do Bolsa Fam\u00edlia - Estado de Minas - Em foco<\/title>\n<meta name=\"description\" content=\"Governo Brasileiro emite comunicado importante para benefici\u00e1rios do Bolsa Fam\u00edlia, esclarecendo mudan\u00e7as e novos procedimentos.\" \/>\n<meta name=\"robots\" content=\"index, follow, max-snippet:-1, max-image-preview:large, max-video-preview:-1\" \/>\n<link rel=\"canonical\" href=\"https:\/\/www.em.com.br\/emfoco\/2025\/02\/07\/fim-do-bolsa-familia-confira\/\" \/>\n<meta property=\"og:locale\" content=\"pt_BR\" \/>\n<meta property=\"og:type\" content=\"article\" \/>\n<meta property=\"og:title\" content=\"Governo Brasileiro emite comunicado para benefici\u00e1rios do Bolsa Fam\u00edlia - Estado de Minas - Em foco\" \/>\n<meta property=\"og:description\" content=\"Governo Brasileiro emite comunicado importante para benefici\u00e1rios do Bolsa Fam\u00edlia, esclarecendo mudan\u00e7as e novos procedimentos.\" \/>\n<meta property=\"og:url\" content=\"https:\/\/www.em.com.br\/emfoco\/2025\/02\/07\/fim-do-bolsa-familia-confira\/\" \/>\n<meta property=\"og:site_name\" content=\"Estado de Minas - Em foco\" \/>\n<meta property=\"article:published_time\" content=\"2025-02-07T10:20:04+00:00\" \/>\n<meta property=\"article:modified_time\" content=\"2025-02-06T20:40:32+00:00\" \/>\n<meta property=\"og:image\" content=\"https:\/\/www.em.com.br\/emfoco\/wp-content\/uploads\/2024\/12\/Bolsa-familia_1733103822172.jpg\" \/>\n\t<meta property=\"og:image:width\" content=\"1280\" \/>\n\t<meta property=\"og:image:height\" content=\"720\" \/>\n\t<meta property=\"og:image:type\" content=\"image\/jpeg\" \/>\n<meta name=\"author\" content=\"Kelvin\" \/>\n<meta name=\"twitter:card\" content=\"summary_large_image\" \/>\n<meta name=\"twitter:label1\" content=\"Escrito por\" \/>\n\t<meta name=\"twitter:data1\" content=\"Kelvin\" \/>\n\t<meta name=\"twitter:label2\" content=\"Est. tempo de leitura\" \/>\n\t<meta name=\"twitter:data2\" content=\"3 minutos\" \/>\n<!-- \/ Yoast SEO plugin. -->","yoast_head_json":{"title":"Governo Brasileiro emite comunicado para benefici\u00e1rios do Bolsa Fam\u00edlia - Estado de Minas - Em foco","description":"Governo Brasileiro emite comunicado importante para benefici\u00e1rios do Bolsa Fam\u00edlia, esclarecendo mudan\u00e7as e novos procedimentos.","robots":{"index":"index","follow":"follow","max-snippet":"max-snippet:-1","max-image-preview":"max-image-preview:large","max-video-preview":"max-video-preview:-1"},"canonical":"https:\/\/www.em.com.br\/emfoco\/2025\/02\/07\/fim-do-bolsa-familia-confira\/","og_locale":"pt_BR","og_type":"article","og_title":"Governo Brasileiro emite comunicado para benefici\u00e1rios do Bolsa Fam\u00edlia - Estado de Minas - Em foco","og_description":"Governo Brasileiro emite comunicado importante para benefici\u00e1rios do Bolsa Fam\u00edlia, esclarecendo mudan\u00e7as e novos procedimentos.","og_url":"https:\/\/www.em.com.br\/emfoco\/2025\/02\/07\/fim-do-bolsa-familia-confira\/","og_site_name":"Estado de Minas - Em foco","article_published_time":"2025-02-07T10:20:04+00:00","article_modified_time":"2025-02-06T20:40:32+00:00","og_image":[{"width":1280,"height":720,"url":"https:\/\/www.em.com.br\/emfoco\/wp-content\/uploads\/2024\/12\/Bolsa-familia_1733103822172.jpg","type":"image\/jpeg"}],"author":"Kelvin","twitter_card":"summary_large_image","twitter_misc":{"Escrito por":"Kelvin","Est. tempo de leitura":"3 minutos"},"schema":{"@context":"https:\/\/schema.org","@graph":[{"@type":"WebPage","@id":"https:\/\/www.em.com.br\/emfoco\/2025\/02\/07\/fim-do-bolsa-familia-confira\/","url":"https:\/\/www.em.com.br\/emfoco\/2025\/02\/07\/fim-do-bolsa-familia-confira\/","name":"Governo Brasileiro emite comunicado para benefici\u00e1rios do Bolsa Fam\u00edlia - Estado de Minas - Em foco","isPartOf":{"@id":"https:\/\/www.em.com.br\/emfoco\/#website"},"primaryImageOfPage":{"@id":"https:\/\/www.em.com.br\/emfoco\/2025\/02\/07\/fim-do-bolsa-familia-confira\/#primaryimage"},"image":{"@id":"https:\/\/www.em.com.br\/emfoco\/2025\/02\/07\/fim-do-bolsa-familia-confira\/#primaryimage"},"thumbnailUrl":"https:\/\/www.em.com.br\/emfoco\/wp-content\/uploads\/2024\/12\/Bolsa-familia_1733103822172.jpg","datePublished":"2025-02-07T10:20:04+00:00","dateModified":"2025-02-06T20:40:32+00:00","author":{"@id":"https:\/\/www.em.com.br\/emfoco\/#\/schema\/person\/fb0a7f48c6fbb94b83f413a80f61917d"},"description":"Governo Brasileiro emite comunicado importante para benefici\u00e1rios do Bolsa Fam\u00edlia, esclarecendo mudan\u00e7as e novos procedimentos.","breadcrumb":{"@id":"https:\/\/www.em.com.br\/emfoco\/2025\/02\/07\/fim-do-bolsa-familia-confira\/#breadcrumb"},"inLanguage":"pt-BR","potentialAction":[{"@type":"ReadAction","target":["https:\/\/www.em.com.br\/emfoco\/2025\/02\/07\/fim-do-bolsa-familia-confira\/"]}]},{"@type":"ImageObject","inLanguage":"pt-BR","@id":"https:\/\/www.em.com.br\/emfoco\/2025\/02\/07\/fim-do-bolsa-familia-confira\/#primaryimage","url":"https:\/\/www.em.com.br\/emfoco\/wp-content\/uploads\/2024\/12\/Bolsa-familia_1733103822172.jpg","contentUrl":"https:\/\/www.em.com.br\/emfoco\/wp-content\/uploads\/2024\/12\/Bolsa-familia_1733103822172.jpg","width":1280,"height":720,"caption":"dinheiro - Cr\u00e9ditos: depositphotos.com \/ joasouza"},{"@type":"BreadcrumbList","@id":"https:\/\/www.em.com.br\/emfoco\/2025\/02\/07\/fim-do-bolsa-familia-confira\/#breadcrumb","itemListElement":[{"@type":"ListItem","position":1,"name":"In\u00edcio","item":"https:\/\/www.em.com.br\/emfoco\/"},{"@type":"ListItem","position":2,"name":"Governo Brasileiro emite comunicado para benefici\u00e1rios do Bolsa Fam\u00edlia"}]},{"@type":"WebSite","@id":"https:\/\/www.em.com.br\/emfoco\/#website","url":"https:\/\/www.em.com.br\/emfoco\/","name":"Estado de Minas - Em foco","description":"Acompanhe as \u00faltimas not\u00edcias e fique bem informado sobre tudo o que acontece em Minas Gerais, Brasil e no mundo.","potentialAction":[{"@type":"SearchAction","target":{"@type":"EntryPoint","urlTemplate":"https:\/\/www.em.com.br\/emfoco\/?s={search_term_string}"},"query-input":{"@type":"PropertyValueSpecification","valueRequired":true,"valueName":"search_term_string"}}],"inLanguage":"pt-BR"},{"@type":"Person","@id":"https:\/\/www.em.com.br\/emfoco\/#\/schema\/person\/fb0a7f48c6fbb94b83f413a80f61917d","name":"Kelvin","image":{"@type":"ImageObject","inLanguage":"pt-BR","@id":"https:\/\/www.em.com.br\/emfoco\/#\/schema\/person\/image\/","url":"https:\/\/secure.gravatar.com\/avatar\/e74f84337e6bf6c4c5e88fbdffa05270?s=96&d=mm&r=g","contentUrl":"https:\/\/secure.gravatar.com\/avatar\/e74f84337e6bf6c4c5e88fbdffa05270?s=96&d=mm&r=g","caption":"Kelvin"},"sameAs":["https:\/\/www.em.com.br\/emfoco"],"url":"https:\/\/www.em.com.br\/emfoco\/author\/kelvinmyth\/"}]}},"_links":{"self":[{"href":"https:\/\/www.em.com.br\/emfoco\/wp-json\/wp\/v2\/posts\/17262","targetHints":{"allow":["GET"]}}],"collection":[{"href":"https:\/\/www.em.com.br\/emfoco\/wp-json\/wp\/v2\/posts"}],"about":[{"href":"https:\/\/www.em.com.br\/emfoco\/wp-json\/wp\/v2\/types\/post"}],"author":[{"embeddable":true,"href":"https:\/\/www.em.com.br\/emfoco\/wp-json\/wp\/v2\/users\/7"}],"replies":[{"embeddable":true,"href":"https:\/\/www.em.com.br\/emfoco\/wp-json\/wp\/v2\/comments?post=17262"}],"version-history":[{"count":4,"href":"https:\/\/www.em.com.br\/emfoco\/wp-json\/wp\/v2\/posts\/17262\/revisions"}],"predecessor-version":[{"id":17469,"href":"https:\/\/www.em.com.br\/emfoco\/wp-json\/wp\/v2\/posts\/17262\/revisions\/17469"}],"wp:featuredmedia":[{"embeddable":true,"href":"https:\/\/www.em.com.br\/emfoco\/wp-json\/wp\/v2\/media\/2670"}],"wp:attachment":[{"href":"https:\/\/www.em.com.br\/emfoco\/wp-json\/wp\/v2\/media?parent=17262"}],"wp:term":[{"taxonomy":"category","embeddable":true,"href":"https:\/\/www.em.com.br\/emfoco\/wp-json\/wp\/v2\/categories?post=17262"},{"taxonomy":"post_tag","embeddable":true,"href":"https:\/\/www.em.com.br\/emfoco\/wp-json\/wp\/v2\/tags?post=17262"}],"curies":[{"name":"wp","href":"https:\/\/api.w.org\/{rel}","templated":true}]}}