{"id":172386,"date":"2026-02-23T14:45:00","date_gmt":"2026-02-23T17:45:00","guid":{"rendered":"https:\/\/www.em.com.br\/emfoco\/?p=172386"},"modified":"2026-02-21T13:16:19","modified_gmt":"2026-02-21T16:16:19","slug":"como-transformar-potes-usados-de-geleia-em-lindos-organizadores-para-sua-cozinha","status":"publish","type":"post","link":"https:\/\/www.em.com.br\/emfoco\/2026\/02\/23\/como-transformar-potes-usados-de-geleia-em-lindos-organizadores-para-sua-cozinha\/","title":{"rendered":"Como transformar potes usados de gel\u00e9ia em lindos organizadores para sua cozinha"},"content":{"rendered":"\n<p><strong>Reutilizar potes de vidro<\/strong> de geleia e conservas \u00e9 uma solu\u00e7\u00e3o sustent\u00e1vel e elegante para organizar a despensa sem gastar nada. Al\u00e9m de ecol\u00f3gico, o <strong>vidro \u00e9 material n\u00e3o poroso<\/strong>, n\u00e3o libera subst\u00e2ncias como bisfenol A e n\u00e3o ret\u00e9m odores ou sabores.<\/p>\n\n\n\n<h2 class=\"wp-block-heading\">Por que o vidro \u00e9 considerado o melhor material para armazenar alimentos?<\/h2>\n\n\n\n<p>Especialistas em <strong>seguran\u00e7a alimentar<\/strong> apontam o vidro como ideal para mantimentos secos por n\u00e3o reagir quimicamente com os alimentos. Diferente de certos pl\u00e1sticos, ele n\u00e3o transfere compostos indesejados nem absorve cheiros anteriores.<\/p>\n\n\n\n<p>Por ser um material <strong>n\u00e3o poroso e imperme\u00e1vel<\/strong>, mant\u00e9m gr\u00e3os, farinhas e <strong><a href=\"https:\/\/www.em.com.br\/emfoco\/2026\/02\/04\/da-varanda-para-o-prato-saiba-como-plantar-e-colher-temperos-saudaveis-sem-precisar-de-quintal\/\" target=\"_blank\" rel=\"noreferrer noopener\">temperos <\/a><\/strong>protegidos da contamina\u00e7\u00e3o cruzada. Essa caracter\u00edstica preserva sabor, aroma e qualidade por per\u00edodos mais longos.<\/p>\n\n\n\n<figure class=\"wp-block-image size-large\"><img loading=\"lazy\" decoding=\"async\" width=\"1024\" height=\"576\" src=\"https:\/\/www.em.com.br\/emfoco\/wp-content\/uploads\/2026\/02\/1-3-1024x576.jpg\" alt=\"Como transformar potes usados de gel\u00e9ia em lindos organizadores para sua cozinha\" class=\"wp-image-172410\" srcset=\"https:\/\/www.em.com.br\/emfoco\/wp-content\/uploads\/2026\/02\/1-3-1024x576.jpg 1024w, https:\/\/www.em.com.br\/emfoco\/wp-content\/uploads\/2026\/02\/1-3-300x169.jpg 300w, https:\/\/www.em.com.br\/emfoco\/wp-content\/uploads\/2026\/02\/1-3-768x432.jpg 768w, https:\/\/www.em.com.br\/emfoco\/wp-content\/uploads\/2026\/02\/1-3-750x422.jpg 750w, https:\/\/www.em.com.br\/emfoco\/wp-content\/uploads\/2026\/02\/1-3-1140x641.jpg 1140w, https:\/\/www.em.com.br\/emfoco\/wp-content\/uploads\/2026\/02\/1-3.jpg 1280w\" sizes=\"auto, (max-width: 1024px) 100vw, 1024px\" \/><figcaption class=\"wp-element-caption\">Especialistas em seguran\u00e7a alimentar recomendam o vidro por ser material n\u00e3o poroso<\/figcaption><\/figure>\n\n\n\n<h2 class=\"wp-block-heading\">Como remover r\u00f3tulos e cola sem danificar o pote?<\/h2>\n\n\n\n<p>O acabamento profissional come\u00e7a pela remo\u00e7\u00e3o correta de r\u00f3tulos e res\u00edduos de cola. T\u00e9cnicas simples garantem vidro limpo e pronto para reutiliza\u00e7\u00e3o. Entre as etapas mais eficazes est\u00e3o as que voc\u00ea confere a seguir.<\/p>\n\n\n\n<ul class=\"wp-block-list\">\n<li><strong>\u00c1gua quente com detergente<\/strong>: mergulhe por 30 minutos para soltar o papel facilmente.<\/li>\n\n\n\n<li><strong>Pasta de \u00f3leo e bicarbonato<\/strong>: misture partes iguais, aplique na cola e aguarde 10 minutos.<\/li>\n\n\n\n<li><strong>Esponja lado macio<\/strong>: esfregue suavemente para dissolver o adesivo sem riscar o vidro.<\/li>\n<\/ul>\n\n\n\n<h2 class=\"wp-block-heading\">Qual \u00e9 o processo correto de higieniza\u00e7\u00e3o e secagem?<\/h2>\n\n\n\n<p>Ap\u00f3s limpar, lave os recipientes com <strong>\u00e1gua quente e sab\u00e3o neutro<\/strong>. Para armazenar ingredientes secos por longos per\u00edodos, recomenda-se a <strong>esteriliza\u00e7\u00e3o<\/strong> em \u00e1gua fervente por 15 minutos, incluindo as tampas.<\/p>\n\n\n\n<p>A etapa crucial \u00e9 a <strong>secagem total<\/strong>. Qualquer umidade interna pode favorecer fungos e mofos. Deixe escorrer de cabe\u00e7a para baixo e finalize com papel toalha para eliminar vest\u00edgios invis\u00edveis de \u00e1gua.<\/p>\n\n\n\n<p>Confira o v\u00eddeo compartilhado pelo canal do TikTok <strong><a href=\"https:\/\/www.tiktok.com\/@diyyomarinus\" target=\"_blank\" rel=\"noreferrer noopener\"><strong>diyyomarinus<\/strong><\/a><\/strong> dando mais dicas e ideias de como reaproveitar potes de vidros que iriam para o lixo.<\/p>\n\n\n\n<blockquote class=\"tiktok-embed\" cite=\"https:\/\/www.tiktok.com\/@diyyomarinus\/video\/7227189572290104582\" data-video-id=\"7227189572290104582\" style=\"max-width: 605px;min-width: 325px;\" > <section> <a target=\"_blank\" title=\"@diyyomarinus\" href=\"https:\/\/www.tiktok.com\/@diyyomarinus?refer=embed\">@diyyomarinus<\/a> IDEIA\ud83d\udca1DIY com POTE de VIDRO\ud83d\udd25 Nunca jogue fora\ud83d\udeab   <a title=\"diybrasil\" target=\"_blank\" href=\"https:\/\/www.tiktok.com\/tag\/diybrasil?refer=embed\">#diybrasil<\/a>  <a title=\"decora\u00e7\u00e3o\" target=\"_blank\" href=\"https:\/\/www.tiktok.com\/tag\/decora%C3%A7%C3%A3o?refer=embed\">#decora\u00e7\u00e3o<\/a>  <a title=\"fa\u00e7avoc\u00eamesmo\" target=\"_blank\" href=\"https:\/\/www.tiktok.com\/tag\/fa%C3%A7avoc%C3%AAmesmo?refer=embed\">#fa\u00e7avoc\u00eamesmo<\/a>  <a title=\"portatempero\" target=\"_blank\" href=\"https:\/\/www.tiktok.com\/tag\/portatempero?refer=embed\">#portatempero<\/a>  <a title=\"artesanato\" target=\"_blank\" href=\"https:\/\/www.tiktok.com\/tag\/artesanato?refer=embed\">#artesanato<\/a> <a title=\"dolixoaoluxo\u267b\" target=\"_blank\" href=\"https:\/\/www.tiktok.com\/tag\/dolixoaoluxo%E2%99%BB?refer=embed\">#dolixoaoluxo\u267b<\/a>  <a title=\"decoracaoacessivel\" target=\"_blank\" href=\"https:\/\/www.tiktok.com\/tag\/decoracaoacessivel?refer=embed\">#decoracaoacessivel<\/a> <a target=\"_blank\" title=\"\u266c som original - Havena Rocha\" href=\"https:\/\/www.tiktok.com\/music\/som-original-7227189582395722501?refer=embed\">\u266c som original &#8211; Havena Rocha<\/a> <\/section> <\/blockquote> <script async src=\"https:\/\/www.tiktok.com\/embed.js\"><\/script>\n\n\n\n<h2 class=\"wp-block-heading\">O que guardar em cada tamanho e quais erros evitar?<\/h2>\n\n\n\n<p>Escolher o tamanho certo otimiza espa\u00e7o e conserva\u00e7\u00e3o. Al\u00e9m disso, evitar falhas comuns garante seguran\u00e7a e durabilidade. Entre os cuidados e aplica\u00e7\u00f5es mais recomendados est\u00e3o os seguintes pontos pr\u00e1ticos.<\/p>\n\n\n\n<ul class=\"wp-block-list\">\n<li><strong>Potes pequenos<\/strong>: ideais para temperos e sementes, preservam melhor o aroma.<\/li>\n\n\n\n<li><strong>Potes m\u00e9dios<\/strong>: perfeitos para castanhas, frutas secas e aveia, protegem da umidade.<\/li>\n\n\n\n<li><strong>Potes grandes<\/strong>: adequados para arroz, feij\u00e3o e macarr\u00e3o, facilitam visualiza\u00e7\u00e3o do estoque.<\/li>\n<\/ul>\n\n\n\n<p>Evite tampas enferrujadas, nunca armazene alimentos quentes e confira sempre a veda\u00e7\u00e3o. Para ganhar espa\u00e7o, \u00e9 poss\u00edvel parafusar tampas sob prateleiras e rosquear os potes, liberando a base do arm\u00e1rio de forma inteligente.<\/p>\n","protected":false},"excerpt":{"rendered":"<p>Reutilizar potes de vidro de geleia e conservas \u00e9 uma solu\u00e7\u00e3o sustent\u00e1vel e elegante para organizar a despensa sem gastar nada. Al\u00e9m de ecol\u00f3gico, o vidro \u00e9 material n\u00e3o poroso, n\u00e3o libera subst\u00e2ncias como bisfenol A e n\u00e3o ret\u00e9m odores ou sabores. Por que o vidro \u00e9 considerado o melhor material para armazenar alimentos? Especialistas [&hellip;]<\/p>\n","protected":false},"author":13,"featured_media":172409,"comment_status":"open","ping_status":"open","sticky":false,"template":"","format":"standard","meta":{"jnews-multi-image_gallery":[],"jnews_single_post":{"format":"standard"},"jnews_primary_category":[],"jnews_social_meta":[],"jnews_override_counter":[],"footnotes":""},"categories":[8819],"tags":[5115,17603,25054],"class_list":["post-172386","post","type-post","status-publish","format-standard","has-post-thumbnail","hentry","category-curiosidades","tag-diy","tag-organizadores","tag-potes-de-geleia-2"],"yoast_head":"<!-- This site is optimized with the Yoast SEO plugin v23.8 - https:\/\/yoast.com\/wordpress\/plugins\/seo\/ -->\n<title>Como transformar potes usados de gel\u00e9ia em lindos organizadores para sua cozinha - Estado de Minas - Em foco<\/title>\n<meta name=\"description\" content=\"Potes de vidro reaproveitados organizam a despensa com higiene e eleg\u00e2ncia, sem cheiros, res\u00edduos e sem gastar nada.\" \/>\n<meta name=\"robots\" content=\"index, follow, max-snippet:-1, max-image-preview:large, max-video-preview:-1\" \/>\n<link rel=\"canonical\" href=\"https:\/\/www.em.com.br\/emfoco\/2026\/02\/23\/como-transformar-potes-usados-de-geleia-em-lindos-organizadores-para-sua-cozinha\/\" \/>\n<meta property=\"og:locale\" content=\"pt_BR\" \/>\n<meta property=\"og:type\" content=\"article\" \/>\n<meta property=\"og:title\" content=\"Como transformar potes usados de gel\u00e9ia em lindos organizadores para sua cozinha - Estado de Minas - Em foco\" \/>\n<meta property=\"og:description\" content=\"Potes de vidro reaproveitados organizam a despensa com higiene e eleg\u00e2ncia, sem cheiros, res\u00edduos e sem gastar nada.\" \/>\n<meta property=\"og:url\" content=\"https:\/\/www.em.com.br\/emfoco\/2026\/02\/23\/como-transformar-potes-usados-de-geleia-em-lindos-organizadores-para-sua-cozinha\/\" \/>\n<meta property=\"og:site_name\" content=\"Estado de Minas - Em foco\" \/>\n<meta property=\"article:published_time\" content=\"2026-02-23T17:45:00+00:00\" \/>\n<meta property=\"article:modified_time\" content=\"2026-02-21T16:16:19+00:00\" \/>\n<meta property=\"og:image\" content=\"https:\/\/www.em.com.br\/emfoco\/wp-content\/uploads\/2026\/02\/1-2.jpg\" \/>\n\t<meta property=\"og:image:width\" content=\"1280\" \/>\n\t<meta property=\"og:image:height\" content=\"720\" \/>\n\t<meta property=\"og:image:type\" content=\"image\/jpeg\" \/>\n<meta name=\"author\" content=\"Gabriel Martins\" \/>\n<meta name=\"twitter:card\" content=\"summary_large_image\" \/>\n<meta name=\"twitter:label1\" content=\"Escrito por\" \/>\n\t<meta name=\"twitter:data1\" content=\"Gabriel Martins\" \/>\n\t<meta name=\"twitter:label2\" content=\"Est. tempo de leitura\" \/>\n\t<meta name=\"twitter:data2\" content=\"3 minutos\" \/>\n<!-- \/ Yoast SEO plugin. -->","yoast_head_json":{"title":"Como transformar potes usados de gel\u00e9ia em lindos organizadores para sua cozinha - Estado de Minas - Em foco","description":"Potes de vidro reaproveitados organizam a despensa com higiene e eleg\u00e2ncia, sem cheiros, res\u00edduos e sem gastar nada.","robots":{"index":"index","follow":"follow","max-snippet":"max-snippet:-1","max-image-preview":"max-image-preview:large","max-video-preview":"max-video-preview:-1"},"canonical":"https:\/\/www.em.com.br\/emfoco\/2026\/02\/23\/como-transformar-potes-usados-de-geleia-em-lindos-organizadores-para-sua-cozinha\/","og_locale":"pt_BR","og_type":"article","og_title":"Como transformar potes usados de gel\u00e9ia em lindos organizadores para sua cozinha - Estado de Minas - Em foco","og_description":"Potes de vidro reaproveitados organizam a despensa com higiene e eleg\u00e2ncia, sem cheiros, res\u00edduos e sem gastar nada.","og_url":"https:\/\/www.em.com.br\/emfoco\/2026\/02\/23\/como-transformar-potes-usados-de-geleia-em-lindos-organizadores-para-sua-cozinha\/","og_site_name":"Estado de Minas - Em foco","article_published_time":"2026-02-23T17:45:00+00:00","article_modified_time":"2026-02-21T16:16:19+00:00","og_image":[{"width":1280,"height":720,"url":"https:\/\/www.em.com.br\/emfoco\/wp-content\/uploads\/2026\/02\/1-2.jpg","type":"image\/jpeg"}],"author":"Gabriel Martins","twitter_card":"summary_large_image","twitter_misc":{"Escrito por":"Gabriel Martins","Est. tempo de leitura":"3 minutos"},"schema":{"@context":"https:\/\/schema.org","@graph":[{"@type":"WebPage","@id":"https:\/\/www.em.com.br\/emfoco\/2026\/02\/23\/como-transformar-potes-usados-de-geleia-em-lindos-organizadores-para-sua-cozinha\/","url":"https:\/\/www.em.com.br\/emfoco\/2026\/02\/23\/como-transformar-potes-usados-de-geleia-em-lindos-organizadores-para-sua-cozinha\/","name":"Como transformar potes usados de gel\u00e9ia em lindos organizadores para sua cozinha - Estado de Minas - Em foco","isPartOf":{"@id":"https:\/\/www.em.com.br\/emfoco\/#website"},"primaryImageOfPage":{"@id":"https:\/\/www.em.com.br\/emfoco\/2026\/02\/23\/como-transformar-potes-usados-de-geleia-em-lindos-organizadores-para-sua-cozinha\/#primaryimage"},"image":{"@id":"https:\/\/www.em.com.br\/emfoco\/2026\/02\/23\/como-transformar-potes-usados-de-geleia-em-lindos-organizadores-para-sua-cozinha\/#primaryimage"},"thumbnailUrl":"https:\/\/www.em.com.br\/emfoco\/wp-content\/uploads\/2026\/02\/1-2.jpg","datePublished":"2026-02-23T17:45:00+00:00","dateModified":"2026-02-21T16:16:19+00:00","author":{"@id":"https:\/\/www.em.com.br\/emfoco\/#\/schema\/person\/1c9ddeab18b98abeffef834667bcf08a"},"description":"Potes de vidro reaproveitados organizam a despensa com higiene e eleg\u00e2ncia, sem cheiros, res\u00edduos e sem gastar nada.","breadcrumb":{"@id":"https:\/\/www.em.com.br\/emfoco\/2026\/02\/23\/como-transformar-potes-usados-de-geleia-em-lindos-organizadores-para-sua-cozinha\/#breadcrumb"},"inLanguage":"pt-BR","potentialAction":[{"@type":"ReadAction","target":["https:\/\/www.em.com.br\/emfoco\/2026\/02\/23\/como-transformar-potes-usados-de-geleia-em-lindos-organizadores-para-sua-cozinha\/"]}]},{"@type":"ImageObject","inLanguage":"pt-BR","@id":"https:\/\/www.em.com.br\/emfoco\/2026\/02\/23\/como-transformar-potes-usados-de-geleia-em-lindos-organizadores-para-sua-cozinha\/#primaryimage","url":"https:\/\/www.em.com.br\/emfoco\/wp-content\/uploads\/2026\/02\/1-2.jpg","contentUrl":"https:\/\/www.em.com.br\/emfoco\/wp-content\/uploads\/2026\/02\/1-2.jpg","width":1280,"height":720,"caption":"Vidro reutilizado organiza a despensa de forma elegante e muito segura"},{"@type":"BreadcrumbList","@id":"https:\/\/www.em.com.br\/emfoco\/2026\/02\/23\/como-transformar-potes-usados-de-geleia-em-lindos-organizadores-para-sua-cozinha\/#breadcrumb","itemListElement":[{"@type":"ListItem","position":1,"name":"In\u00edcio","item":"https:\/\/www.em.com.br\/emfoco\/"},{"@type":"ListItem","position":2,"name":"Como transformar potes usados de gel\u00e9ia em lindos organizadores para sua cozinha"}]},{"@type":"WebSite","@id":"https:\/\/www.em.com.br\/emfoco\/#website","url":"https:\/\/www.em.com.br\/emfoco\/","name":"Estado de Minas - Em foco","description":"Acompanhe as \u00faltimas not\u00edcias e fique bem informado sobre tudo o que acontece em Minas Gerais, Brasil e no mundo.","potentialAction":[{"@type":"SearchAction","target":{"@type":"EntryPoint","urlTemplate":"https:\/\/www.em.com.br\/emfoco\/?s={search_term_string}"},"query-input":{"@type":"PropertyValueSpecification","valueRequired":true,"valueName":"search_term_string"}}],"inLanguage":"pt-BR"},{"@type":"Person","@id":"https:\/\/www.em.com.br\/emfoco\/#\/schema\/person\/1c9ddeab18b98abeffef834667bcf08a","name":"Gabriel Martins","image":{"@type":"ImageObject","inLanguage":"pt-BR","@id":"https:\/\/www.em.com.br\/emfoco\/#\/schema\/person\/image\/","url":"https:\/\/secure.gravatar.com\/avatar\/f0f1e2efdfd88f1ad2cb08c5c2731e50?s=96&d=mm&r=g","contentUrl":"https:\/\/secure.gravatar.com\/avatar\/f0f1e2efdfd88f1ad2cb08c5c2731e50?s=96&d=mm&r=g","caption":"Gabriel Martins"},"sameAs":["https:\/\/www.em.com.br\/emfoco\/"],"url":"https:\/\/www.em.com.br\/emfoco\/author\/gabrielmartinsmyth\/"}]}},"_links":{"self":[{"href":"https:\/\/www.em.com.br\/emfoco\/wp-json\/wp\/v2\/posts\/172386","targetHints":{"allow":["GET"]}}],"collection":[{"href":"https:\/\/www.em.com.br\/emfoco\/wp-json\/wp\/v2\/posts"}],"about":[{"href":"https:\/\/www.em.com.br\/emfoco\/wp-json\/wp\/v2\/types\/post"}],"author":[{"embeddable":true,"href":"https:\/\/www.em.com.br\/emfoco\/wp-json\/wp\/v2\/users\/13"}],"replies":[{"embeddable":true,"href":"https:\/\/www.em.com.br\/emfoco\/wp-json\/wp\/v2\/comments?post=172386"}],"version-history":[{"count":1,"href":"https:\/\/www.em.com.br\/emfoco\/wp-json\/wp\/v2\/posts\/172386\/revisions"}],"predecessor-version":[{"id":172411,"href":"https:\/\/www.em.com.br\/emfoco\/wp-json\/wp\/v2\/posts\/172386\/revisions\/172411"}],"wp:featuredmedia":[{"embeddable":true,"href":"https:\/\/www.em.com.br\/emfoco\/wp-json\/wp\/v2\/media\/172409"}],"wp:attachment":[{"href":"https:\/\/www.em.com.br\/emfoco\/wp-json\/wp\/v2\/media?parent=172386"}],"wp:term":[{"taxonomy":"category","embeddable":true,"href":"https:\/\/www.em.com.br\/emfoco\/wp-json\/wp\/v2\/categories?post=172386"},{"taxonomy":"post_tag","embeddable":true,"href":"https:\/\/www.em.com.br\/emfoco\/wp-json\/wp\/v2\/tags?post=172386"}],"curies":[{"name":"wp","href":"https:\/\/api.w.org\/{rel}","templated":true}]}}