{"id":172033,"date":"2026-02-23T17:55:00","date_gmt":"2026-02-23T20:55:00","guid":{"rendered":"https:\/\/www.em.com.br\/emfoco\/?p=172033"},"modified":"2026-02-20T15:15:31","modified_gmt":"2026-02-20T18:15:31","slug":"como-plantar-ameixa-no-quintal-ou-vaso-e-garantir-frutos-doces-com-sol-pleno-e-cuidados-simples","status":"publish","type":"post","link":"https:\/\/www.em.com.br\/emfoco\/2026\/02\/23\/como-plantar-ameixa-no-quintal-ou-vaso-e-garantir-frutos-doces-com-sol-pleno-e-cuidados-simples\/","title":{"rendered":"Como plantar ameixa no quintal ou vaso e garantir frutos doces com sol pleno e cuidados simples"},"content":{"rendered":"\n<p>Ter uma <strong>ameixeira<\/strong> no quintal \u00e9 unir beleza e sabor no mesmo espa\u00e7o. A \u00e1rvore floresce com tons brancos ou rosados e pode produzir frutos doces at\u00e9 em vasos grandes, desde que receba <strong>sol pleno<\/strong> e cuidados adequados.<\/p>\n\n\n\n<h2 class=\"wp-block-heading\">Vale a pena plantar ameixeira no quintal ou vaso?<\/h2>\n\n\n\n<p>A <strong><a href=\"https:\/\/www.em.com.br\/emfoco\/2026\/01\/14\/nem-limao-nem-laranja-a-arvore-frutifera-que-nao-levanta-o-solo-com-suas-raizes-e-requer-poucos-cuidados-de-jardinagem\/\" target=\"_blank\" rel=\"noreferrer noopener\">\u00e1rvore frut\u00edfera<\/a><\/strong> aprecia pelo menos seis horas di\u00e1rias de sol e espa\u00e7o bem iluminado. No quintal, recomenda-se manter dist\u00e2ncia de tr\u00eas a quatro metros de outras plantas para garantir boa circula\u00e7\u00e3o de ar.<\/p>\n\n\n\n<p>Quem mora em apartamento tamb\u00e9m pode cultivar a planta em vaso de 40 a 50 litros, com drenagem eficiente e substrato rico em mat\u00e9ria org\u00e2nica. A escolha da variedade ideal para o <strong>clima da regi\u00e3o<\/strong> faz toda diferen\u00e7a na produ\u00e7\u00e3o.<\/p>\n\n\n\n<p>Confira o v\u00eddeo compartilhado pelo canal do TikTok <strong><a href=\"https:\/\/www.tiktok.com\/@zaya.lives\" target=\"_blank\" rel=\"noreferrer noopener\"><strong>zaya.lives<\/strong><\/a><\/strong> ensinando como plantar ameixa em casa e nunca mais precisar comprar no supermercado.<\/p>\n\n\n\n<blockquote class=\"tiktok-embed\" cite=\"https:\/\/www.tiktok.com\/@zaya.lives\/video\/7184564664154459397\" data-video-id=\"7184564664154459397\" style=\"max-width: 605px;min-width: 325px;\" > <section> <a target=\"_blank\" title=\"@zaya.lives\" href=\"https:\/\/www.tiktok.com\/@zaya.lives?refer=embed\">@zaya.lives<\/a> Como plantar AMEIXA \ud83d\udc69\ud83c\udffd\u200d\ud83c\udf3e <a title=\"comoplantar\" target=\"_blank\" href=\"https:\/\/www.tiktok.com\/tag\/comoplantar?refer=embed\">#comoplantar<\/a> <a title=\"vidanocampo\" target=\"_blank\" href=\"https:\/\/www.tiktok.com\/tag\/vidanocampo?refer=embed\">#vidanocampo<\/a> <a title=\"hortaorganica\" target=\"_blank\" href=\"https:\/\/www.tiktok.com\/tag\/hortaorganica?refer=embed\">#hortaorganica<\/a> <a title=\"plantasdotiktok\" target=\"_blank\" href=\"https:\/\/www.tiktok.com\/tag\/plantasdotiktok?refer=embed\">#plantasdotiktok<\/a> <a title=\"hortaemcasa\" target=\"_blank\" href=\"https:\/\/www.tiktok.com\/tag\/hortaemcasa?refer=embed\">#hortaemcasa<\/a> <a target=\"_blank\" title=\"\u266c Forest &#47; Nature &#47; Birds &#47; Environmental Sound(1329509) - TrickSTAR MUSIC\" href=\"https:\/\/www.tiktok.com\/music\/Forest-Nature-Birds-Environmental-Sound-1329509-7157041087670913025?refer=embed\">\u266c Forest &#47; Nature &#47; Birds &#47; Environmental Sound(1329509) &#8211; TrickSTAR MUSIC<\/a> <\/section> <\/blockquote> <script async src=\"https:\/\/www.tiktok.com\/embed.js\"><\/script>\n\n\n\n<h2 class=\"wp-block-heading\">Como escolher a muda ideal para produzir mais r\u00e1pido?<\/h2>\n\n\n\n<p>Optar por uma <strong>muda enxertada<\/strong> reduz drasticamente o tempo de espera pela colheita. Enquanto sementes podem levar de cinco a oito anos, plantas enxertadas costumam frutificar entre dois e tr\u00eas anos. Antes de comprar, observe os crit\u00e9rios a seguir.<\/p>\n\n\n\n<ul class=\"wp-block-list\">\n<li><strong>Origem confi\u00e1vel<\/strong>: prefira hortos ou viveiros especializados.<\/li>\n\n\n\n<li><strong>Adapta\u00e7\u00e3o clim\u00e1tica<\/strong>: confirme se a variedade suporta frio intenso ou calor moderado.<\/li>\n\n\n\n<li><strong>Enxertia saud\u00e1vel<\/strong>: verifique uni\u00e3o firme entre copa e porta-enxerto.<\/li>\n<\/ul>\n\n\n\n<h2 class=\"wp-block-heading\">Quais cuidados garantem frutos maiores e saud\u00e1veis?<\/h2>\n\n\n\n<p>A <strong>rega regular<\/strong> mant\u00e9m o solo \u00famido, mas sem encharcar. No primeiro ano, recomenda-se irrigar tr\u00eas vezes por semana. Ap\u00f3s a fase adulta, diminua a frequ\u00eancia, especialmente fora da \u00e9poca de frutifica\u00e7\u00e3o.<\/p>\n\n\n\n<p>A aduba\u00e7\u00e3o trimestral com <strong>NPK 10-10-10<\/strong> ou adubo org\u00e2nico fortalece a planta. A poda no inverno, quando as folhas caem, remove galhos secos e melhora a entrada de luz, favorecendo frutos mais desenvolvidos.<\/p>\n\n\n\n<figure class=\"wp-block-image size-large\"><img loading=\"lazy\" decoding=\"async\" width=\"1024\" height=\"576\" src=\"https:\/\/www.em.com.br\/emfoco\/wp-content\/uploads\/2026\/02\/Imagem-1-143-1024x576.jpg\" alt=\"Como plantar ameixa no quintal ou vaso e garantir frutos doces com sol pleno e cuidados simples\" class=\"wp-image-172069\" srcset=\"https:\/\/www.em.com.br\/emfoco\/wp-content\/uploads\/2026\/02\/Imagem-1-143-1024x576.jpg 1024w, https:\/\/www.em.com.br\/emfoco\/wp-content\/uploads\/2026\/02\/Imagem-1-143-300x169.jpg 300w, https:\/\/www.em.com.br\/emfoco\/wp-content\/uploads\/2026\/02\/Imagem-1-143-768x432.jpg 768w, https:\/\/www.em.com.br\/emfoco\/wp-content\/uploads\/2026\/02\/Imagem-1-143-750x422.jpg 750w, https:\/\/www.em.com.br\/emfoco\/wp-content\/uploads\/2026\/02\/Imagem-1-143-1140x641.jpg 1140w, https:\/\/www.em.com.br\/emfoco\/wp-content\/uploads\/2026\/02\/Imagem-1-143.jpg 1280w\" sizes=\"auto, (max-width: 1024px) 100vw, 1024px\" \/><figcaption class=\"wp-element-caption\">Aduba\u00e7\u00e3o trimestral e podas estrat\u00e9gicas garantem o desenvolvimento saud\u00e1vel da planta<\/figcaption><\/figure>\n\n\n\n<h2 class=\"wp-block-heading\">Como evitar pragas e identificar a hora da colheita?<\/h2>\n\n\n\n<p>A preven\u00e7\u00e3o \u00e9 simples e evita preju\u00edzos \u00e0 <strong>produ\u00e7\u00e3o dom\u00e9stica<\/strong>. Pulg\u00f5es e fungos s\u00e3o os principais desafios, mas solu\u00e7\u00f5es caseiras resolvem a maioria dos casos. Observe tamb\u00e9m os sinais de amadurecimento listados abaixo.<\/p>\n\n\n\n<ul class=\"wp-block-list\">\n<li><strong>Pulg\u00f5es<\/strong>: borrife \u00e1gua com sab\u00e3o neutro nas folhas afetadas.<\/li>\n\n\n\n<li><strong>Fungos<\/strong>: utilize Calda Bordalesa ou polvilhe canela nos cortes de poda.<\/li>\n\n\n\n<li><strong>Ponto de colheita<\/strong>: cor intensa, leve maciez ao toque e aroma doce indicam matura\u00e7\u00e3o.<\/li>\n<\/ul>\n\n\n\n<p>No inverno, a ameixeira perde todas as folhas por ser uma <strong>planta dec\u00eddua<\/strong>. Essa fase de descanso \u00e9 natural e ideal para limpeza e poda estrat\u00e9gica antes da nova flora\u00e7\u00e3o primaveril.<\/p>\n","protected":false},"excerpt":{"rendered":"<p>Ter uma ameixeira no quintal \u00e9 unir beleza e sabor no mesmo espa\u00e7o. A \u00e1rvore floresce com tons brancos ou rosados e pode produzir frutos doces at\u00e9 em vasos grandes, desde que receba sol pleno e cuidados adequados. Vale a pena plantar ameixeira no quintal ou vaso? A \u00e1rvore frut\u00edfera aprecia pelo menos seis horas [&hellip;]<\/p>\n","protected":false},"author":13,"featured_media":0,"comment_status":"open","ping_status":"open","sticky":false,"template":"","format":"standard","meta":{"jnews-multi-image_gallery":[],"jnews_single_post":{"format":"standard"},"jnews_primary_category":[],"jnews_social_meta":[],"jnews_override_counter":[],"footnotes":""},"categories":[8819],"tags":[25020,9217,3358],"class_list":["post-172033","post","type-post","status-publish","format-standard","hentry","category-curiosidades","tag-ameixeira","tag-como-plantar-ameixa","tag-jardinagem"],"yoast_head":"<!-- This site is optimized with the Yoast SEO plugin v23.8 - https:\/\/yoast.com\/wordpress\/plugins\/seo\/ -->\n<title>Como plantar ameixa no quintal ou vaso e garantir frutos doces com sol pleno e cuidados simples - Estado de Minas - Em foco<\/title>\n<meta name=\"description\" content=\"Aprenda como plantar ameixeira no quintal ou vaso e conquistar frutos doces com sol pleno, drenagem boa e cuidados simples no dia a dia.\" \/>\n<meta name=\"robots\" content=\"index, follow, max-snippet:-1, max-image-preview:large, max-video-preview:-1\" \/>\n<link rel=\"canonical\" href=\"https:\/\/www.em.com.br\/emfoco\/2026\/02\/23\/como-plantar-ameixa-no-quintal-ou-vaso-e-garantir-frutos-doces-com-sol-pleno-e-cuidados-simples\/\" \/>\n<meta property=\"og:locale\" content=\"pt_BR\" \/>\n<meta property=\"og:type\" content=\"article\" \/>\n<meta property=\"og:title\" content=\"Como plantar ameixa no quintal ou vaso e garantir frutos doces com sol pleno e cuidados simples - Estado de Minas - Em foco\" \/>\n<meta property=\"og:description\" content=\"Aprenda como plantar ameixeira no quintal ou vaso e conquistar frutos doces com sol pleno, drenagem boa e cuidados simples no dia a dia.\" \/>\n<meta property=\"og:url\" content=\"https:\/\/www.em.com.br\/emfoco\/2026\/02\/23\/como-plantar-ameixa-no-quintal-ou-vaso-e-garantir-frutos-doces-com-sol-pleno-e-cuidados-simples\/\" \/>\n<meta property=\"og:site_name\" content=\"Estado de Minas - Em foco\" \/>\n<meta property=\"article:published_time\" content=\"2026-02-23T20:55:00+00:00\" \/>\n<meta property=\"article:modified_time\" content=\"2026-02-20T18:15:31+00:00\" \/>\n<meta property=\"og:image\" content=\"https:\/\/www.em.com.br\/emfoco\/wp-content\/uploads\/2026\/02\/Imagem-1-143.jpg\" \/>\n\t<meta property=\"og:image:width\" content=\"1280\" \/>\n\t<meta property=\"og:image:height\" content=\"720\" \/>\n\t<meta property=\"og:image:type\" content=\"image\/jpeg\" \/>\n<meta name=\"author\" content=\"Gabriel Martins\" \/>\n<meta name=\"twitter:card\" content=\"summary_large_image\" \/>\n<meta name=\"twitter:label1\" content=\"Escrito por\" \/>\n\t<meta name=\"twitter:data1\" content=\"Gabriel Martins\" \/>\n\t<meta name=\"twitter:label2\" content=\"Est. tempo de leitura\" \/>\n\t<meta name=\"twitter:data2\" content=\"3 minutos\" \/>\n<!-- \/ Yoast SEO plugin. -->","yoast_head_json":{"title":"Como plantar ameixa no quintal ou vaso e garantir frutos doces com sol pleno e cuidados simples - Estado de Minas - Em foco","description":"Aprenda como plantar ameixeira no quintal ou vaso e conquistar frutos doces com sol pleno, drenagem boa e cuidados simples no dia a dia.","robots":{"index":"index","follow":"follow","max-snippet":"max-snippet:-1","max-image-preview":"max-image-preview:large","max-video-preview":"max-video-preview:-1"},"canonical":"https:\/\/www.em.com.br\/emfoco\/2026\/02\/23\/como-plantar-ameixa-no-quintal-ou-vaso-e-garantir-frutos-doces-com-sol-pleno-e-cuidados-simples\/","og_locale":"pt_BR","og_type":"article","og_title":"Como plantar ameixa no quintal ou vaso e garantir frutos doces com sol pleno e cuidados simples - Estado de Minas - Em foco","og_description":"Aprenda como plantar ameixeira no quintal ou vaso e conquistar frutos doces com sol pleno, drenagem boa e cuidados simples no dia a dia.","og_url":"https:\/\/www.em.com.br\/emfoco\/2026\/02\/23\/como-plantar-ameixa-no-quintal-ou-vaso-e-garantir-frutos-doces-com-sol-pleno-e-cuidados-simples\/","og_site_name":"Estado de Minas - Em foco","article_published_time":"2026-02-23T20:55:00+00:00","article_modified_time":"2026-02-20T18:15:31+00:00","og_image":[{"width":1280,"height":720,"url":"https:\/\/www.em.com.br\/emfoco\/wp-content\/uploads\/2026\/02\/Imagem-1-143.jpg","type":"image\/jpeg"}],"author":"Gabriel Martins","twitter_card":"summary_large_image","twitter_misc":{"Escrito por":"Gabriel Martins","Est. tempo de leitura":"3 minutos"},"schema":{"@context":"https:\/\/schema.org","@graph":[{"@type":"WebPage","@id":"https:\/\/www.em.com.br\/emfoco\/2026\/02\/23\/como-plantar-ameixa-no-quintal-ou-vaso-e-garantir-frutos-doces-com-sol-pleno-e-cuidados-simples\/","url":"https:\/\/www.em.com.br\/emfoco\/2026\/02\/23\/como-plantar-ameixa-no-quintal-ou-vaso-e-garantir-frutos-doces-com-sol-pleno-e-cuidados-simples\/","name":"Como plantar ameixa no quintal ou vaso e garantir frutos doces com sol pleno e cuidados simples - Estado de Minas - Em foco","isPartOf":{"@id":"https:\/\/www.em.com.br\/emfoco\/#website"},"primaryImageOfPage":{"@id":"https:\/\/www.em.com.br\/emfoco\/2026\/02\/23\/como-plantar-ameixa-no-quintal-ou-vaso-e-garantir-frutos-doces-com-sol-pleno-e-cuidados-simples\/#primaryimage"},"image":{"@id":"https:\/\/www.em.com.br\/emfoco\/2026\/02\/23\/como-plantar-ameixa-no-quintal-ou-vaso-e-garantir-frutos-doces-com-sol-pleno-e-cuidados-simples\/#primaryimage"},"thumbnailUrl":"https:\/\/www.em.com.br\/emfoco\/wp-content\/uploads\/2026\/02\/Imagem-1-143-1024x576.jpg","datePublished":"2026-02-23T20:55:00+00:00","dateModified":"2026-02-20T18:15:31+00:00","author":{"@id":"https:\/\/www.em.com.br\/emfoco\/#\/schema\/person\/1c9ddeab18b98abeffef834667bcf08a"},"description":"Aprenda como plantar ameixeira no quintal ou vaso e conquistar frutos doces com sol pleno, drenagem boa e cuidados simples no dia a dia.","breadcrumb":{"@id":"https:\/\/www.em.com.br\/emfoco\/2026\/02\/23\/como-plantar-ameixa-no-quintal-ou-vaso-e-garantir-frutos-doces-com-sol-pleno-e-cuidados-simples\/#breadcrumb"},"inLanguage":"pt-BR","potentialAction":[{"@type":"ReadAction","target":["https:\/\/www.em.com.br\/emfoco\/2026\/02\/23\/como-plantar-ameixa-no-quintal-ou-vaso-e-garantir-frutos-doces-com-sol-pleno-e-cuidados-simples\/"]}]},{"@type":"ImageObject","inLanguage":"pt-BR","@id":"https:\/\/www.em.com.br\/emfoco\/2026\/02\/23\/como-plantar-ameixa-no-quintal-ou-vaso-e-garantir-frutos-doces-com-sol-pleno-e-cuidados-simples\/#primaryimage","url":"https:\/\/www.em.com.br\/emfoco\/wp-content\/uploads\/2026\/02\/Imagem-1-143.jpg","contentUrl":"https:\/\/www.em.com.br\/emfoco\/wp-content\/uploads\/2026\/02\/Imagem-1-143.jpg","width":1280,"height":720,"caption":"Aduba\u00e7\u00e3o trimestral e podas estrat\u00e9gicas garantem o desenvolvimento saud\u00e1vel da planta"},{"@type":"BreadcrumbList","@id":"https:\/\/www.em.com.br\/emfoco\/2026\/02\/23\/como-plantar-ameixa-no-quintal-ou-vaso-e-garantir-frutos-doces-com-sol-pleno-e-cuidados-simples\/#breadcrumb","itemListElement":[{"@type":"ListItem","position":1,"name":"In\u00edcio","item":"https:\/\/www.em.com.br\/emfoco\/"},{"@type":"ListItem","position":2,"name":"Como plantar ameixa no quintal ou vaso e garantir frutos doces com sol pleno e cuidados simples"}]},{"@type":"WebSite","@id":"https:\/\/www.em.com.br\/emfoco\/#website","url":"https:\/\/www.em.com.br\/emfoco\/","name":"Estado de Minas - Em foco","description":"Acompanhe as \u00faltimas not\u00edcias e fique bem informado sobre tudo o que acontece em Minas Gerais, Brasil e no mundo.","potentialAction":[{"@type":"SearchAction","target":{"@type":"EntryPoint","urlTemplate":"https:\/\/www.em.com.br\/emfoco\/?s={search_term_string}"},"query-input":{"@type":"PropertyValueSpecification","valueRequired":true,"valueName":"search_term_string"}}],"inLanguage":"pt-BR"},{"@type":"Person","@id":"https:\/\/www.em.com.br\/emfoco\/#\/schema\/person\/1c9ddeab18b98abeffef834667bcf08a","name":"Gabriel Martins","image":{"@type":"ImageObject","inLanguage":"pt-BR","@id":"https:\/\/www.em.com.br\/emfoco\/#\/schema\/person\/image\/","url":"https:\/\/secure.gravatar.com\/avatar\/f0f1e2efdfd88f1ad2cb08c5c2731e50?s=96&d=mm&r=g","contentUrl":"https:\/\/secure.gravatar.com\/avatar\/f0f1e2efdfd88f1ad2cb08c5c2731e50?s=96&d=mm&r=g","caption":"Gabriel Martins"},"sameAs":["https:\/\/www.em.com.br\/emfoco\/"],"url":"https:\/\/www.em.com.br\/emfoco\/author\/gabrielmartinsmyth\/"}]}},"_links":{"self":[{"href":"https:\/\/www.em.com.br\/emfoco\/wp-json\/wp\/v2\/posts\/172033","targetHints":{"allow":["GET"]}}],"collection":[{"href":"https:\/\/www.em.com.br\/emfoco\/wp-json\/wp\/v2\/posts"}],"about":[{"href":"https:\/\/www.em.com.br\/emfoco\/wp-json\/wp\/v2\/types\/post"}],"author":[{"embeddable":true,"href":"https:\/\/www.em.com.br\/emfoco\/wp-json\/wp\/v2\/users\/13"}],"replies":[{"embeddable":true,"href":"https:\/\/www.em.com.br\/emfoco\/wp-json\/wp\/v2\/comments?post=172033"}],"version-history":[{"count":1,"href":"https:\/\/www.em.com.br\/emfoco\/wp-json\/wp\/v2\/posts\/172033\/revisions"}],"predecessor-version":[{"id":172070,"href":"https:\/\/www.em.com.br\/emfoco\/wp-json\/wp\/v2\/posts\/172033\/revisions\/172070"}],"wp:attachment":[{"href":"https:\/\/www.em.com.br\/emfoco\/wp-json\/wp\/v2\/media?parent=172033"}],"wp:term":[{"taxonomy":"category","embeddable":true,"href":"https:\/\/www.em.com.br\/emfoco\/wp-json\/wp\/v2\/categories?post=172033"},{"taxonomy":"post_tag","embeddable":true,"href":"https:\/\/www.em.com.br\/emfoco\/wp-json\/wp\/v2\/tags?post=172033"}],"curies":[{"name":"wp","href":"https:\/\/api.w.org\/{rel}","templated":true}]}}