{"id":172027,"date":"2026-02-20T16:18:00","date_gmt":"2026-02-20T19:18:00","guid":{"rendered":"https:\/\/www.em.com.br\/emfoco\/?p=172027"},"modified":"2026-02-20T14:23:57","modified_gmt":"2026-02-20T17:23:57","slug":"apos-40-anos-uma-fabrica-de-moveis-entre-as-mais-conhecidas-fechou-as-portas-e-dezenas-de-trabalhadores-sao-demitidos","status":"publish","type":"post","link":"https:\/\/www.em.com.br\/emfoco\/2026\/02\/20\/apos-40-anos-uma-fabrica-de-moveis-entre-as-mais-conhecidas-fechou-as-portas-e-dezenas-de-trabalhadores-sao-demitidos\/","title":{"rendered":"Ap\u00f3s 40 anos, uma f\u00e1brica de m\u00f3veis entre as mais conhecidas fechou as portas e dezenas de trabalhadores s\u00e3o demitidos"},"content":{"rendered":"\n<p>A not\u00edcia do fechamento de uma tradicional f\u00e1brica de m\u00f3veis em <strong>Buenos Aires<\/strong> reacende o debate sobre a situa\u00e7\u00e3o da <strong>ind\u00fastria moveleira na Argentina<\/strong> e seus desafios atuais. Depois de cerca de quarenta anos em atividade, a empresa decidiu encerrar suas opera\u00e7\u00f5es na Grande Buenos Aires, afetando dezenas de trabalhadores e se somando a outros casos recentes de demiss\u00f5es em um cen\u00e1rio de desemprego e subemprego elevados.<\/p>\n\n\n\n<h2 class=\"wp-block-heading\">Qual \u00e9 o papel da ind\u00fastria moveleira na economia argentina?<\/h2>\n\n\n\n<p>A <strong>ind\u00fastria de m\u00f3veis na Argentina<\/strong> \u00e9 um segmento importante dentro dos bens dur\u00e1veis, como arm\u00e1rios, camas, mesas e sof\u00e1s, que as fam\u00edlias compram para uso de longo prazo. O setor vai do trabalho mais artesanal, quase todo manual, at\u00e9 linhas de produ\u00e7\u00e3o padronizadas, com m\u00e1quinas e tecnologias mais avan\u00e7adas.<\/p>\n\n\n\n<p>Em muitos polos industriais, essa ind\u00fastria funciona como porta de entrada para trabalhadores com diferentes n\u00edveis de experi\u00eancia, absorvendo m\u00e3o de obra de carpintaria, estofamento, costura industrial, design e log\u00edstica. Em v\u00e1rias cidades, f\u00e1bricas de m\u00f3veis ajudam a sustentar o emprego formal e impulsionam pequenos neg\u00f3cios de madeira, tecidos, ferragens e transporte.<\/p>\n\n\n\n<ul class=\"wp-block-list\">\n<li>Gera\u00e7\u00e3o de empregos diretos em produ\u00e7\u00e3o, montagem e acabamento;<\/li>\n\n\n\n<li>Est\u00edmulo a cadeias de fornecedores locais, como madeireiras e transportadoras;<\/li>\n\n\n\n<li>Contribui\u00e7\u00e3o para a arrecada\u00e7\u00e3o de impostos e dinamiza\u00e7\u00e3o do com\u00e9rcio regional.<\/li>\n<\/ul>\n\n\n<div class=\"wp-block-image\">\n<figure class=\"aligncenter size-large\"><img loading=\"lazy\" decoding=\"async\" width=\"1024\" height=\"585\" src=\"https:\/\/www.em.com.br\/emfoco\/wp-content\/uploads\/2026\/02\/freepik__interior-de-fbrica-de-mveis-em-funcionamento-com-o__5458-1024x585.jpeg\" alt=\"Ap\u00f3s 40 anos, uma das f\u00e1bricas de m\u00f3veis mais conhecidas fechou as portas e dezenas de trabalhadores s\u00e3o demitidos\" class=\"wp-image-172039\"\/><figcaption class=\"wp-element-caption\">Fechamento de f\u00e1brica de m\u00f3veis exp\u00f5e desafios da ind\u00fastria moveleira argentina e amea\u00e7a empregos locais<\/figcaption><\/figure><\/div>\n\n\n<h2 class=\"wp-block-heading\">Por que o fechamento de uma f\u00e1brica de m\u00f3veis impacta tanto a comunidade?<\/h2>\n\n\n\n<p>A <strong>f\u00e1brica de m\u00f3veis<\/strong> envolve muito mais do que o pr\u00e9dio industrial: abrange um conjunto de pessoas, empresas e servi\u00e7os que dependem desse n\u00facleo produtivo. Cada planta costuma reunir setores de corte de madeira, montagem, acabamento, estofaria, costura e log\u00edstica, articulando toda uma rede econ\u00f4mica.<\/p>\n\n\n\n<p>Quando uma <em>f\u00e1brica de m\u00f3veis<\/em> <a href=\"https:\/\/www.em.com.br\/emfoco\/emfoco\/2026\/02\/17\/supermercados-como-assai-carrefour-e-atacadao-adotam-novas-regras-de-transparencia-em-2026\/\" target=\"_blank\" rel=\"noreferrer noopener\">encerra suas atividades<\/a>, os efeitos s\u00e3o r\u00e1pidos e vis\u00edveis: fornecedores perdem um cliente central, transportadoras reduzem rotas, e o com\u00e9rcio do entorno sofre com a queda na circula\u00e7\u00e3o de renda. No caso recente de Buenos Aires, mais de 40 trabalhadores foram demitidos sem possibilidade de realoca\u00e7\u00e3o, afetando diretamente a renda familiar e a estabilidade profissional.<\/p>\n\n\n\n<ul class=\"wp-block-list\">\n<li>Redu\u00e7\u00e3o do consumo em mercados, farm\u00e1cias, padarias e servi\u00e7os locais;<\/li>\n\n\n\n<li>Dificuldade de recoloca\u00e7\u00e3o para profissionais especializados em carpintaria e costura;<\/li>\n\n\n\n<li>Aumento potencial de trabalhos informais e tempor\u00e1rios na regi\u00e3o afetada.<\/li>\n<\/ul>\n\n\n\n<h2 class=\"wp-block-heading\">Quais s\u00e3o os principais fatores que explicam o fechamento de f\u00e1bricas de m\u00f3veis?<\/h2>\n\n\n\n<p>Especialistas em ind\u00fastria apontam uma combina\u00e7\u00e3o de fatores de curto e longo prazo para explicar o fechamento de f\u00e1bricas como a de Buenos Aires. No setor moveleiro argentino, destacam-se quest\u00f5es ligadas \u00e0 demanda, \u00e0 concorr\u00eancia externa, aos custos produtivos e \u00e0 necessidade constante de moderniza\u00e7\u00e3o.<\/p>\n\n\n\n<p>A queda da renda das fam\u00edlias, o cr\u00e9dito mais caro e a maior pesquisa por pre\u00e7os baixos pressionam as vendas de m\u00f3veis. Ao mesmo tempo, o ingresso de produtos importados mais baratos e os elevados custos log\u00edsticos e energ\u00e9ticos diminuem a competitividade das empresas locais, que muitas vezes adiam investimentos ou encerram unidades inteiras.<\/p>\n\n\n\n<style>\n.wp-industria-bloco {\n  max-width: 960px;\n  margin: 28px auto;\n  font-family: -apple-system, BlinkMacSystemFont, \"Segoe UI\", Roboto, Arial, sans-serif;\n}\n\n.wp-industria-container {\n  background: linear-gradient(135deg, #ffffff, #f8fafc);\n  border: 1px solid #cbd5f5;\n  border-radius: 18px;\n  padding: 24px;\n  box-shadow: 0 10px 26px rgba(0,0,0,0.05);\n}\n\n\/* Cabe\u00e7alho *\/\n.wp-industria-header {\n  text-align: center;\n  margin-bottom: 26px;\n}\n\n.wp-industria-title {\n  font-size: 20px;\n  font-weight: 600;\n  color: #1e293b;\n  margin-bottom: 6px;\n}\n\n.wp-industria-subtitle {\n  font-size: 14.5px;\n  color: #64748b;\n}\n\n\/* Layout estilo cart\u00f5es verticais com indicador lateral *\/\n.wp-industria-list {\n  display: flex;\n  flex-direction: column;\n  gap: 14px;\n}\n\n.wp-industria-item {\n  display: flex;\n  gap: 16px;\n  align-items: flex-start;\n  background: #ffffff;\n  border: 1px solid #e2e8f0;\n  border-left: 6px solid #4f46e5;\n  border-radius: 12px;\n  padding: 16px 18px;\n  box-shadow: 0 4px 14px rgba(0,0,0,0.04);\n}\n\n.wp-industria-num {\n  min-width: 32px;\n  height: 32px;\n  border-radius: 8px;\n  background: linear-gradient(135deg, #6366f1, #4f46e5);\n  color: #ffffff;\n  font-size: 14px;\n  font-weight: 600;\n  display: flex;\n  align-items: center;\n  justify-content: center;\n}\n\n.wp-industria-text strong {\n  display: block;\n  font-size: 15.5px;\n  color: #3730a3;\n  margin-bottom: 3px;\n}\n\n.wp-industria-text span {\n  font-size: 14.5px;\n  color: #374151;\n  line-height: 1.6;\n}\n\n\/* Responsivo *\/\n@media (max-width: 600px) {\n  .wp-industria-container {\n    padding: 18px 14px;\n  }\n\n  .wp-industria-title {\n    font-size: 18px;\n  }\n\n  .wp-industria-text strong {\n    font-size: 15px;\n  }\n\n  .wp-industria-text span {\n    font-size: 14px;\n  }\n}\n<\/style>\n\n<div class=\"wp-industria-bloco\">\n  <div class=\"wp-industria-container\">\n\n    <div class=\"wp-industria-header\">\n      <div class=\"wp-industria-title\">Principais desafios enfrentados pela ind\u00fastria<\/div>\n      <div class=\"wp-industria-subtitle\">Fatores que impactam competitividade e crescimento<\/div>\n    <\/div>\n\n    <div class=\"wp-industria-list\">\n\n      <div class=\"wp-industria-item\">\n        <div class=\"wp-industria-num\">1<\/div>\n        <div class=\"wp-industria-text\">\n          <strong>Queda da demanda interna<\/strong>\n          <span>O adiamento de compras de alto valor reduz o ritmo de produ\u00e7\u00e3o.<\/span>\n        <\/div>\n      <\/div>\n\n      <div class=\"wp-industria-item\">\n        <div class=\"wp-industria-num\">2<\/div>\n        <div class=\"wp-industria-text\">\n          <strong>Concorr\u00eancia de importados<\/strong>\n          <span>Produtos estrangeiros com menor custo pressionam o mercado nacional.<\/span>\n        <\/div>\n      <\/div>\n\n      <div class=\"wp-industria-item\">\n        <div class=\"wp-industria-num\">3<\/div>\n        <div class=\"wp-industria-text\">\n          <strong>Custos de transporte e energia<\/strong>\n          <span>Despesas elevadas encarecem a opera\u00e7\u00e3o e reduzem a margem de lucro.<\/span>\n        <\/div>\n      <\/div>\n\n      <div class=\"wp-industria-item\">\n        <div class=\"wp-industria-num\">4<\/div>\n        <div class=\"wp-industria-text\">\n          <strong>Falta de moderniza\u00e7\u00e3o<\/strong>\n          <span>Atraso na ado\u00e7\u00e3o de tecnologias e processos limita a efici\u00eancia produtiva.<\/span>\n        <\/div>\n      <\/div>\n\n    <\/div>\n\n  <\/div>\n<\/div>\n\n\n\n<h2 class=\"wp-block-heading\">Como o fechamento de f\u00e1bricas de m\u00f3veis afeta emprego e indicadores sociais?<\/h2>\n\n\n\n<p>O fechamento de uma unidade produtiva est\u00e1 diretamente ligado aos dados do mercado de trabalho e \u00e0 qualidade dos empregos dispon\u00edveis. Na Argentina, a taxa de desemprego em 2025 ficou em torno de <strong>7,6%<\/strong>, com diferen\u00e7as relevantes entre homens e mulheres, al\u00e9m de alta subocupa\u00e7\u00e3o e informalidade.<\/p>\n\n\n\n<p>Cada <strong>fechamento de f\u00e1brica de m\u00f3veis<\/strong> insere mais trabalhadores em um mercado j\u00e1 pressionado, especialmente em regi\u00f5es onde a ind\u00fastria est\u00e1 encolhendo. Muitos profissionais com experi\u00eancia pr\u00e1tica forte acabam migrando para atividades informais, bicos e trabalhos tempor\u00e1rios, o que aumenta a vulnerabilidade econ\u00f4mica das fam\u00edlias e a demanda por apoio social.<\/p>\n\n\n\n<ul class=\"wp-block-list\">\n<li>Eleva\u00e7\u00e3o da procura por programas de assist\u00eancia p\u00fablica e benef\u00edcios sociais;<\/li>\n\n\n\n<li>Press\u00e3o adicional sobre servi\u00e7os municipais de sa\u00fade, educa\u00e7\u00e3o e assist\u00eancia;<\/li>\n\n\n\n<li>Poss\u00edvel migra\u00e7\u00e3o interna em busca de novas oportunidades de emprego.<\/li>\n<\/ul>\n\n\n\n<h2 class=\"wp-block-heading\">Quais caminhos existem para o futuro da ind\u00fastria moveleira na Argentina?<\/h2>\n\n\n\n<p>Os pr\u00f3ximos passos da <strong>ind\u00fastria de m\u00f3veis<\/strong> no pa\u00eds tendem a envolver ajustes de escala, busca por maior efici\u00eancia e mudan\u00e7a de foco de mercado. Muitas empresas estudam concentrar esfor\u00e7os em linhas com maior valor agregado, como m\u00f3veis planejados, sob medida, de design diferenciado ou com certifica\u00e7\u00f5es ambientais, al\u00e9m de fortalecer canais de venda online.<\/p>\n\n\n\n<p>Pol\u00edticas p\u00fablicas tamb\u00e9m podem ser decisivas para sustentar empregos e estimular investimentos, por meio de cr\u00e9dito mais acess\u00edvel, incentivos \u00e0 moderniza\u00e7\u00e3o e apoio \u00e0 exporta\u00e7\u00e3o. Linhas de financiamento para compra de m\u00e1quinas, programas de qualifica\u00e7\u00e3o profissional e medidas que garantam concorr\u00eancia justa frente aos produtos importados s\u00e3o caminhos frequentemente apontados para tornar a ind\u00fastria moveleira argentina mais competitiva e resiliente.<\/p>\n\n\n\n<ul class=\"wp-block-list\">\n<li>Incentivos fiscais e credit\u00edcios para moderniza\u00e7\u00e3o de parques fabris;<\/li>\n\n\n\n<li>Capacita\u00e7\u00e3o em design, gest\u00e3o e com\u00e9rcio eletr\u00f4nico para pequenas e m\u00e9dias empresas;<\/li>\n\n\n\n<li>Estrat\u00e9gias de inser\u00e7\u00e3o internacional em nichos de m\u00f3veis de maior valor agregado.<\/li>\n<\/ul>\n","protected":false},"excerpt":{"rendered":"<p>A not\u00edcia do fechamento de uma tradicional f\u00e1brica de m\u00f3veis em Buenos Aires reacende o debate sobre a situa\u00e7\u00e3o da ind\u00fastria moveleira na Argentina e seus desafios atuais. Depois de cerca de quarenta anos em atividade, a empresa decidiu encerrar suas opera\u00e7\u00f5es na Grande Buenos Aires, afetando dezenas de trabalhadores e se somando a outros [&hellip;]<\/p>\n","protected":false},"author":10,"featured_media":172040,"comment_status":"open","ping_status":"open","sticky":false,"template":"","format":"standard","meta":{"jnews-multi-image_gallery":[],"jnews_single_post":{"format":"standard"},"jnews_primary_category":[],"jnews_social_meta":[],"jnews_override_counter":[],"footnotes":""},"categories":[28],"tags":[2287,9801,10179],"class_list":["post-172027","post","type-post","status-publish","format-standard","has-post-thumbnail","hentry","category-economia","tag-demissao","tag-fabrica-de-moveis","tag-fechamento"],"yoast_head":"<!-- This site is optimized with the Yoast SEO plugin v23.8 - https:\/\/yoast.com\/wordpress\/plugins\/seo\/ -->\n<title>Ap\u00f3s 40 anos, uma f\u00e1brica de m\u00f3veis entre as mais conhecidas fechou as portas e dezenas de trabalhadores s\u00e3o demitidos - Estado de Minas - Em foco<\/title>\n<meta name=\"description\" content=\"Fechamento de f\u00e1brica de m\u00f3veis demite trabalhadores, revela custos, importados baratos e pressiona a ind\u00fastria moveleira a se modernizar.\" \/>\n<meta name=\"robots\" content=\"index, follow, max-snippet:-1, max-image-preview:large, max-video-preview:-1\" \/>\n<link rel=\"canonical\" href=\"https:\/\/www.em.com.br\/emfoco\/2026\/02\/20\/apos-40-anos-uma-fabrica-de-moveis-entre-as-mais-conhecidas-fechou-as-portas-e-dezenas-de-trabalhadores-sao-demitidos\/\" \/>\n<meta property=\"og:locale\" content=\"pt_BR\" \/>\n<meta property=\"og:type\" content=\"article\" \/>\n<meta property=\"og:title\" content=\"Ap\u00f3s 40 anos, uma f\u00e1brica de m\u00f3veis entre as mais conhecidas fechou as portas e dezenas de trabalhadores s\u00e3o demitidos - Estado de Minas - Em foco\" \/>\n<meta property=\"og:description\" content=\"Fechamento de f\u00e1brica de m\u00f3veis demite trabalhadores, revela custos, importados baratos e pressiona a ind\u00fastria moveleira a se modernizar.\" \/>\n<meta property=\"og:url\" content=\"https:\/\/www.em.com.br\/emfoco\/2026\/02\/20\/apos-40-anos-uma-fabrica-de-moveis-entre-as-mais-conhecidas-fechou-as-portas-e-dezenas-de-trabalhadores-sao-demitidos\/\" \/>\n<meta property=\"og:site_name\" content=\"Estado de Minas - Em foco\" \/>\n<meta property=\"article:published_time\" content=\"2026-02-20T19:18:00+00:00\" \/>\n<meta property=\"article:modified_time\" content=\"2026-02-20T17:23:57+00:00\" \/>\n<meta property=\"og:image\" content=\"https:\/\/www.em.com.br\/emfoco\/wp-content\/uploads\/2026\/02\/freepik__galpo-industrial-de-fbrica-de-mveis-com-porto-fech__5457-e1771607992958.jpeg\" \/>\n\t<meta property=\"og:image:width\" content=\"1280\" \/>\n\t<meta property=\"og:image:height\" content=\"731\" \/>\n\t<meta property=\"og:image:type\" content=\"image\/jpeg\" \/>\n<meta name=\"author\" content=\"Patryck Reinehr\" \/>\n<meta name=\"twitter:card\" content=\"summary_large_image\" \/>\n<meta name=\"twitter:label1\" content=\"Escrito por\" \/>\n\t<meta name=\"twitter:data1\" content=\"Patryck Reinehr\" \/>\n\t<meta name=\"twitter:label2\" content=\"Est. tempo de leitura\" \/>\n\t<meta name=\"twitter:data2\" content=\"6 minutos\" \/>\n<!-- \/ Yoast SEO plugin. -->","yoast_head_json":{"title":"Ap\u00f3s 40 anos, uma f\u00e1brica de m\u00f3veis entre as mais conhecidas fechou as portas e dezenas de trabalhadores s\u00e3o demitidos - Estado de Minas - Em foco","description":"Fechamento de f\u00e1brica de m\u00f3veis demite trabalhadores, revela custos, importados baratos e pressiona a ind\u00fastria moveleira a se modernizar.","robots":{"index":"index","follow":"follow","max-snippet":"max-snippet:-1","max-image-preview":"max-image-preview:large","max-video-preview":"max-video-preview:-1"},"canonical":"https:\/\/www.em.com.br\/emfoco\/2026\/02\/20\/apos-40-anos-uma-fabrica-de-moveis-entre-as-mais-conhecidas-fechou-as-portas-e-dezenas-de-trabalhadores-sao-demitidos\/","og_locale":"pt_BR","og_type":"article","og_title":"Ap\u00f3s 40 anos, uma f\u00e1brica de m\u00f3veis entre as mais conhecidas fechou as portas e dezenas de trabalhadores s\u00e3o demitidos - Estado de Minas - Em foco","og_description":"Fechamento de f\u00e1brica de m\u00f3veis demite trabalhadores, revela custos, importados baratos e pressiona a ind\u00fastria moveleira a se modernizar.","og_url":"https:\/\/www.em.com.br\/emfoco\/2026\/02\/20\/apos-40-anos-uma-fabrica-de-moveis-entre-as-mais-conhecidas-fechou-as-portas-e-dezenas-de-trabalhadores-sao-demitidos\/","og_site_name":"Estado de Minas - Em foco","article_published_time":"2026-02-20T19:18:00+00:00","article_modified_time":"2026-02-20T17:23:57+00:00","og_image":[{"width":1280,"height":731,"url":"https:\/\/www.em.com.br\/emfoco\/wp-content\/uploads\/2026\/02\/freepik__galpo-industrial-de-fbrica-de-mveis-com-porto-fech__5457-e1771607992958.jpeg","type":"image\/jpeg"}],"author":"Patryck Reinehr","twitter_card":"summary_large_image","twitter_misc":{"Escrito por":"Patryck Reinehr","Est. tempo de leitura":"6 minutos"},"schema":{"@context":"https:\/\/schema.org","@graph":[{"@type":"WebPage","@id":"https:\/\/www.em.com.br\/emfoco\/2026\/02\/20\/apos-40-anos-uma-fabrica-de-moveis-entre-as-mais-conhecidas-fechou-as-portas-e-dezenas-de-trabalhadores-sao-demitidos\/","url":"https:\/\/www.em.com.br\/emfoco\/2026\/02\/20\/apos-40-anos-uma-fabrica-de-moveis-entre-as-mais-conhecidas-fechou-as-portas-e-dezenas-de-trabalhadores-sao-demitidos\/","name":"Ap\u00f3s 40 anos, uma f\u00e1brica de m\u00f3veis entre as mais conhecidas fechou as portas e dezenas de trabalhadores s\u00e3o demitidos - Estado de Minas - Em foco","isPartOf":{"@id":"https:\/\/www.em.com.br\/emfoco\/#website"},"primaryImageOfPage":{"@id":"https:\/\/www.em.com.br\/emfoco\/2026\/02\/20\/apos-40-anos-uma-fabrica-de-moveis-entre-as-mais-conhecidas-fechou-as-portas-e-dezenas-de-trabalhadores-sao-demitidos\/#primaryimage"},"image":{"@id":"https:\/\/www.em.com.br\/emfoco\/2026\/02\/20\/apos-40-anos-uma-fabrica-de-moveis-entre-as-mais-conhecidas-fechou-as-portas-e-dezenas-de-trabalhadores-sao-demitidos\/#primaryimage"},"thumbnailUrl":"https:\/\/www.em.com.br\/emfoco\/wp-content\/uploads\/2026\/02\/freepik__galpo-industrial-de-fbrica-de-mveis-com-porto-fech__5457-e1771607992958.jpeg","datePublished":"2026-02-20T19:18:00+00:00","dateModified":"2026-02-20T17:23:57+00:00","author":{"@id":"https:\/\/www.em.com.br\/emfoco\/#\/schema\/person\/43407752bebcbbb4d0ec79deedc0d7ce"},"description":"Fechamento de f\u00e1brica de m\u00f3veis demite trabalhadores, revela custos, importados baratos e pressiona a ind\u00fastria moveleira a se modernizar.","breadcrumb":{"@id":"https:\/\/www.em.com.br\/emfoco\/2026\/02\/20\/apos-40-anos-uma-fabrica-de-moveis-entre-as-mais-conhecidas-fechou-as-portas-e-dezenas-de-trabalhadores-sao-demitidos\/#breadcrumb"},"inLanguage":"pt-BR","potentialAction":[{"@type":"ReadAction","target":["https:\/\/www.em.com.br\/emfoco\/2026\/02\/20\/apos-40-anos-uma-fabrica-de-moveis-entre-as-mais-conhecidas-fechou-as-portas-e-dezenas-de-trabalhadores-sao-demitidos\/"]}]},{"@type":"ImageObject","inLanguage":"pt-BR","@id":"https:\/\/www.em.com.br\/emfoco\/2026\/02\/20\/apos-40-anos-uma-fabrica-de-moveis-entre-as-mais-conhecidas-fechou-as-portas-e-dezenas-de-trabalhadores-sao-demitidos\/#primaryimage","url":"https:\/\/www.em.com.br\/emfoco\/wp-content\/uploads\/2026\/02\/freepik__galpo-industrial-de-fbrica-de-mveis-com-porto-fech__5457-e1771607992958.jpeg","contentUrl":"https:\/\/www.em.com.br\/emfoco\/wp-content\/uploads\/2026\/02\/freepik__galpo-industrial-de-fbrica-de-mveis-com-porto-fech__5457-e1771607992958.jpeg","width":1280,"height":731,"caption":"F\u00e1brica de m\u00f3veis encerra atividades e reacende debate sobre custos, importados e moderniza\u00e7\u00e3o na Argentina"},{"@type":"BreadcrumbList","@id":"https:\/\/www.em.com.br\/emfoco\/2026\/02\/20\/apos-40-anos-uma-fabrica-de-moveis-entre-as-mais-conhecidas-fechou-as-portas-e-dezenas-de-trabalhadores-sao-demitidos\/#breadcrumb","itemListElement":[{"@type":"ListItem","position":1,"name":"In\u00edcio","item":"https:\/\/www.em.com.br\/emfoco\/"},{"@type":"ListItem","position":2,"name":"Ap\u00f3s 40 anos, uma f\u00e1brica de m\u00f3veis entre as mais conhecidas fechou as portas e dezenas de trabalhadores s\u00e3o demitidos"}]},{"@type":"WebSite","@id":"https:\/\/www.em.com.br\/emfoco\/#website","url":"https:\/\/www.em.com.br\/emfoco\/","name":"Estado de Minas - Em foco","description":"Acompanhe as \u00faltimas not\u00edcias e fique bem informado sobre tudo o que acontece em Minas Gerais, Brasil e no mundo.","potentialAction":[{"@type":"SearchAction","target":{"@type":"EntryPoint","urlTemplate":"https:\/\/www.em.com.br\/emfoco\/?s={search_term_string}"},"query-input":{"@type":"PropertyValueSpecification","valueRequired":true,"valueName":"search_term_string"}}],"inLanguage":"pt-BR"},{"@type":"Person","@id":"https:\/\/www.em.com.br\/emfoco\/#\/schema\/person\/43407752bebcbbb4d0ec79deedc0d7ce","name":"Patryck Reinehr","image":{"@type":"ImageObject","inLanguage":"pt-BR","@id":"https:\/\/www.em.com.br\/emfoco\/#\/schema\/person\/image\/","url":"https:\/\/secure.gravatar.com\/avatar\/570c7fb2898c0e2df0823196891bea88?s=96&d=mm&r=g","contentUrl":"https:\/\/secure.gravatar.com\/avatar\/570c7fb2898c0e2df0823196891bea88?s=96&d=mm&r=g","caption":"Patryck Reinehr"},"url":"https:\/\/www.em.com.br\/emfoco\/author\/patryckmyth\/"}]}},"_links":{"self":[{"href":"https:\/\/www.em.com.br\/emfoco\/wp-json\/wp\/v2\/posts\/172027","targetHints":{"allow":["GET"]}}],"collection":[{"href":"https:\/\/www.em.com.br\/emfoco\/wp-json\/wp\/v2\/posts"}],"about":[{"href":"https:\/\/www.em.com.br\/emfoco\/wp-json\/wp\/v2\/types\/post"}],"author":[{"embeddable":true,"href":"https:\/\/www.em.com.br\/emfoco\/wp-json\/wp\/v2\/users\/10"}],"replies":[{"embeddable":true,"href":"https:\/\/www.em.com.br\/emfoco\/wp-json\/wp\/v2\/comments?post=172027"}],"version-history":[{"count":1,"href":"https:\/\/www.em.com.br\/emfoco\/wp-json\/wp\/v2\/posts\/172027\/revisions"}],"predecessor-version":[{"id":172041,"href":"https:\/\/www.em.com.br\/emfoco\/wp-json\/wp\/v2\/posts\/172027\/revisions\/172041"}],"wp:featuredmedia":[{"embeddable":true,"href":"https:\/\/www.em.com.br\/emfoco\/wp-json\/wp\/v2\/media\/172040"}],"wp:attachment":[{"href":"https:\/\/www.em.com.br\/emfoco\/wp-json\/wp\/v2\/media?parent=172027"}],"wp:term":[{"taxonomy":"category","embeddable":true,"href":"https:\/\/www.em.com.br\/emfoco\/wp-json\/wp\/v2\/categories?post=172027"},{"taxonomy":"post_tag","embeddable":true,"href":"https:\/\/www.em.com.br\/emfoco\/wp-json\/wp\/v2\/tags?post=172027"}],"curies":[{"name":"wp","href":"https:\/\/api.w.org\/{rel}","templated":true}]}}