{"id":172017,"date":"2026-02-20T15:18:00","date_gmt":"2026-02-20T18:18:00","guid":{"rendered":"https:\/\/www.em.com.br\/emfoco\/?p=172017"},"modified":"2026-02-20T13:53:29","modified_gmt":"2026-02-20T16:53:29","slug":"adeus-a-mesa-de-jantar-essa-nova-tendencia-que-vem-da-europa-e-dos-estados-unidos-e-a-substituta-perfeita","status":"publish","type":"post","link":"https:\/\/www.em.com.br\/emfoco\/2026\/02\/20\/adeus-a-mesa-de-jantar-essa-nova-tendencia-que-vem-da-europa-e-dos-estados-unidos-e-a-substituta-perfeita\/","title":{"rendered":"Adeus \u00e0 mesa de jantar: essa nova tend\u00eancia que vem da Europa e dos Estados Unidos \u00e9 a substituta perfeita"},"content":{"rendered":"\n<p>A <strong>mesa de jantar<\/strong> sempre foi o cora\u00e7\u00e3o da sala, mas uma nova tend\u00eancia vinda do exterior est\u00e1 mudando completamente a forma como organizamos e decoramos os ambientes de refei\u00e7\u00e3o. Cada vez mais lares brasileiros est\u00e3o abrindo m\u00e3o do m\u00f3vel tradicional para apostar em solu\u00e7\u00f5es mais funcionais, modernas e integradas, que transformam o espa\u00e7o de conviv\u00eancia em algo muito mais din\u00e2mico e sofisticado.<\/p>\n\n\n\n<h2 class=\"wp-block-heading\">O que est\u00e1 substituindo a mesa de jantar nos lares modernos?<\/h2>\n\n\n\n<p>A grande aposta vinda principalmente dos pa\u00edses escandinavos e dos Estados Unidos s\u00e3o as bancadas integradas \u00e0 cozinha, tamb\u00e9m chamadas de kitchen islands ou ilhas gourmet. Elas unem a \u00e1rea de preparo das refei\u00e7\u00f5es ao espa\u00e7o de conv\u00edvio, criando um ambiente fluido e sem barreiras entre os c\u00f4modos. O resultado \u00e9 uma decora\u00e7\u00e3o mais aberta, arejada e contempor\u00e2nea.<\/p>\n\n\n\n<p>Al\u00e9m das ilhas gourmet, os chamados dining nooks, pequenos cantos aconchegantes com bancos embutidos e mesa compacta, tamb\u00e9m ganham espa\u00e7o nos projetos de interiores brasileiros. Eles ocupam menos \u00e1rea, aproveitam cantos antes desperdi\u00e7ados e entregam um charme r\u00fastico e intimista que a mesa de jantar convencional dificilmente consegue reproduzir.<\/p>\n\n\n\n<h2 class=\"wp-block-heading\">Quais s\u00e3o as vantagens dessa tend\u00eancia para o seu ambiente?<\/h2>\n\n\n\n<p>Substituir a mesa de jantar tradicional por uma <a href=\"https:\/\/www.em.com.br\/emfoco\/emfoco\/2026\/02\/05\/antes-de-jogar-fora-lencois-velhos-veja-como-transforma-los-em-itens-uteis-e-economizar-dinheiro\/\" target=\"_blank\" rel=\"noreferrer noopener\">solu\u00e7\u00e3o integrada<\/a> traz benef\u00edcios concretos para quem busca um ambiente mais pr\u00e1tico e bem aproveitado. Confira as principais vantagens que essa tend\u00eancia oferece para a decora\u00e7\u00e3o e organiza\u00e7\u00e3o do espa\u00e7o:<\/p>\n\n\n\n<ul class=\"wp-block-list\">\n<li><strong>Ganho de espa\u00e7o:<\/strong> solu\u00e7\u00f5es como ilhas e bancos embutidos liberam o centro da sala, deixando o ambiente visualmente mais amplo e com maior circula\u00e7\u00e3o.<\/li>\n\n\n\n<li><strong>Integra\u00e7\u00e3o dos ambientes:<\/strong> a cozinha, a sala e a \u00e1rea de refei\u00e7\u00f5es se tornam um \u00fanico espa\u00e7o coeso, moderno e funcional.<\/li>\n\n\n\n<li><strong>Versatilidade:<\/strong> bancadas e dining nooks servem tanto para refei\u00e7\u00f5es r\u00e1pidas quanto para receber visitas, sem precisar montar ou rearranjar m\u00f3veis.<\/li>\n\n\n\n<li><strong>Est\u00e9tica contempor\u00e2nea:<\/strong> o visual clean e integrado combina com diferentes estilos de decora\u00e7\u00e3o, do minimalista ao industrial.<\/li>\n<\/ul>\n\n\n<div class=\"wp-block-image\">\n<figure class=\"aligncenter size-large\"><img loading=\"lazy\" decoding=\"async\" width=\"1024\" height=\"585\" src=\"https:\/\/www.em.com.br\/emfoco\/wp-content\/uploads\/2026\/02\/freepik__canto-de-cozinha-com-dining-nook-banco-embutido-em__5456-1024x585.jpeg\" alt=\"Adeus \u00e0 mesa de jantar: essa nova tend\u00eancia que vem da Europa \u00e9 a substituta perfeita\" class=\"wp-image-172022\" srcset=\"https:\/\/www.em.com.br\/emfoco\/wp-content\/uploads\/2026\/02\/freepik__canto-de-cozinha-com-dining-nook-banco-embutido-em__5456-1024x585.jpeg 1024w, https:\/\/www.em.com.br\/emfoco\/wp-content\/uploads\/2026\/02\/freepik__canto-de-cozinha-com-dining-nook-banco-embutido-em__5456-300x171.jpeg 300w, https:\/\/www.em.com.br\/emfoco\/wp-content\/uploads\/2026\/02\/freepik__canto-de-cozinha-com-dining-nook-banco-embutido-em__5456-768x439.jpeg 768w, https:\/\/www.em.com.br\/emfoco\/wp-content\/uploads\/2026\/02\/freepik__canto-de-cozinha-com-dining-nook-banco-embutido-em__5456-750x429.jpeg 750w, https:\/\/www.em.com.br\/emfoco\/wp-content\/uploads\/2026\/02\/freepik__canto-de-cozinha-com-dining-nook-banco-embutido-em__5456-1140x651.jpeg 1140w, https:\/\/www.em.com.br\/emfoco\/wp-content\/uploads\/2026\/02\/freepik__canto-de-cozinha-com-dining-nook-banco-embutido-em__5456.jpeg 1344w\" sizes=\"auto, (max-width: 1024px) 100vw, 1024px\" \/><figcaption class=\"wp-element-caption\">Abrir m\u00e3o da mesa cl\u00e1ssica libera sala, integra cozinha e garante estilo contempor\u00e2neo com bancos embutidos<\/figcaption><\/figure><\/div>\n\n\n<h2 class=\"wp-block-heading\">Como adaptar essa tend\u00eancia \u00e0 realidade do lar brasileiro?<\/h2>\n\n\n\n<p>O Brasil tem uma cultura de reuni\u00f5es familiares e almo\u00e7os longos que precisa ser levada em conta na hora de redesenhar o espa\u00e7o. Por isso, a adapta\u00e7\u00e3o inteligente \u00e9 aquela que une o melhor dos dois mundos: a praticidade das novas solu\u00e7\u00f5es com a capacidade de acomodar fam\u00edlia e amigos com conforto.<\/p>\n\n\n\n<p>Uma boa sa\u00edda \u00e9 investir em bancadas extens\u00edveis ou com banquetas que aumentam a capacidade de assentos quando necess\u00e1rio. Outra op\u00e7\u00e3o muito adotada por arquitetos brasileiros \u00e9 manter um pequeno aparador ou m\u00f3vel auxiliar que complementa a ilha central, garantindo superf\u00edcie extra para servir pratos e bebidas sem sobrecarregar o espa\u00e7o principal.<\/p>\n\n\n\n<h2 class=\"wp-block-heading\">Que estilos de decora\u00e7\u00e3o combinam com essa nova proposta?<\/h2>\n\n\n\n<p>Essa tend\u00eancia \u00e9 bastante vers\u00e1til e se encaixa em diferentes propostas est\u00e9ticas para ambientes residenciais. Os estilos que mais se destacam nessa integra\u00e7\u00e3o s\u00e3o os seguintes:<\/p>\n\n\n\n<style>\n.wp-estilos-bloco {\n  max-width: 960px;\n  margin: 28px auto;\n  font-family: -apple-system, BlinkMacSystemFont, \"Segoe UI\", Roboto, Arial, sans-serif;\n}\n\n.wp-estilos-container {\n  background: linear-gradient(135deg, #ffffff, #fafaf9);\n  border: 1px solid #e7e5e4;\n  border-radius: 18px;\n  padding: 24px;\n  box-shadow: 0 10px 26px rgba(0,0,0,0.05);\n}\n\n\/* Cabe\u00e7alho *\/\n.wp-estilos-header {\n  text-align: center;\n  margin-bottom: 24px;\n}\n\n.wp-estilos-title {\n  font-size: 20px;\n  font-weight: 600;\n  color: #44403c;\n  margin-bottom: 6px;\n}\n\n.wp-estilos-subtitle {\n  font-size: 14.5px;\n  color: #6b7280;\n}\n\n\/* Layout estilo cart\u00f5es horizontais *\/\n.wp-estilos-list {\n  display: flex;\n  flex-direction: column;\n  gap: 16px;\n}\n\n.wp-estilo-item {\n  display: grid;\n  grid-template-columns: 180px 1fr;\n  background: #ffffff;\n  border: 1px solid #e7e5e4;\n  border-radius: 14px;\n  overflow: hidden;\n  box-shadow: 0 4px 14px rgba(0,0,0,0.04);\n}\n\n.wp-estilo-nome {\n  background: linear-gradient(135deg, #78716c, #57534e);\n  color: #ffffff;\n  font-weight: 600;\n  font-size: 15.5px;\n  padding: 18px 16px;\n  display: flex;\n  align-items: center;\n}\n\n.wp-estilo-desc {\n  font-size: 14.5px;\n  color: #374151;\n  padding: 18px 18px;\n  line-height: 1.6;\n}\n\n\/* Responsivo *\/\n@media (max-width: 640px) {\n  .wp-estilo-item {\n    grid-template-columns: 1fr;\n  }\n\n  .wp-estilo-nome {\n    border-bottom: 1px solid #e7e5e4;\n  }\n\n  .wp-estilos-container {\n    padding: 18px 14px;\n  }\n\n  .wp-estilos-title {\n    font-size: 18px;\n  }\n\n  .wp-estilo-desc {\n    font-size: 14px;\n  }\n}\n<\/style>\n\n<div class=\"wp-estilos-bloco\">\n  <div class=\"wp-estilos-container\">\n\n    <div class=\"wp-estilos-header\">\n      <div class=\"wp-estilos-title\">Estilos ideais para ilhas e dining nooks<\/div>\n      <div class=\"wp-estilos-subtitle\">Inspira\u00e7\u00f5es que combinam funcionalidade e est\u00e9tica<\/div>\n    <\/div>\n\n    <div class=\"wp-estilos-list\">\n\n      <div class=\"wp-estilo-item\">\n        <div class=\"wp-estilo-nome\">Estilo escandinavo<\/div>\n        <div class=\"wp-estilo-desc\">\n          Tons neutros, madeira clara e linhas simples criam um ambiente acolhedor e equilibrado, perfeito para ilhas e bancos embutidos.\n        <\/div>\n      <\/div>\n\n      <div class=\"wp-estilo-item\">\n        <div class=\"wp-estilo-nome\">Estilo industrial<\/div>\n        <div class=\"wp-estilo-desc\">\n          Bancadas em concreto ou a\u00e7o inox, combinadas com banquetas de metal, proporcionam um visual urbano e sofisticado.\n        <\/div>\n      <\/div>\n\n      <div class=\"wp-estilo-item\">\n        <div class=\"wp-estilo-nome\">Estilo contempor\u00e2neo<\/div>\n        <div class=\"wp-estilo-desc\">\n          Valoriza materiais nobres como quartzo e madeira escura, com ilumina\u00e7\u00e3o pendente estrat\u00e9gica sobre a ilha central.\n        <\/div>\n      <\/div>\n\n      <div class=\"wp-estilo-item\">\n        <div class=\"wp-estilo-nome\">Estilo r\u00fastico moderno<\/div>\n        <div class=\"wp-estilo-desc\">\n          Madeira de demoli\u00e7\u00e3o, palha e tons terrosos criam um dining nook aconchegante e cheio de personalidade.\n        <\/div>\n      <\/div>\n\n    <\/div>\n\n  <\/div>\n<\/div>\n\n\n\n<h2 class=\"wp-block-heading\">Vale a pena abrir m\u00e3o da mesa de jantar de vez?<\/h2>\n\n\n\n<p>A resposta depende do estilo de vida e das necessidades de cada fam\u00edlia. Para quem mora em apartamentos menores, recebe poucas pessoas ou busca uma decora\u00e7\u00e3o mais moderna e integrada, a substitui\u00e7\u00e3o faz todo sentido e representa um avan\u00e7o real na funcionalidade do lar. O ganho em espa\u00e7o e est\u00e9tica \u00e9 imediato e percebido no dia a dia.<\/p>\n\n\n\n<p>Para fam\u00edlias grandes ou que valorizam muito o ritual do almo\u00e7o de domingo com muitos convidados, a alternativa mais inteligente pode ser combinar as duas propostas, mantendo um elemento central funcional e complementando com cadeiras ou banquetas extras. O importante \u00e9 que o ambiente reflita a rotina real de quem vive nele, unindo beleza, praticidade e conforto em cada detalhe.<\/p>\n","protected":false},"excerpt":{"rendered":"<p>A mesa de jantar sempre foi o cora\u00e7\u00e3o da sala, mas uma nova tend\u00eancia vinda do exterior est\u00e1 mudando completamente a forma como organizamos e decoramos os ambientes de refei\u00e7\u00e3o. Cada vez mais lares brasileiros est\u00e3o abrindo m\u00e3o do m\u00f3vel tradicional para apostar em solu\u00e7\u00f5es mais funcionais, modernas e integradas, que transformam o espa\u00e7o de [&hellip;]<\/p>\n","protected":false},"author":10,"featured_media":172023,"comment_status":"open","ping_status":"open","sticky":false,"template":"","format":"standard","meta":{"jnews-multi-image_gallery":[],"jnews_single_post":{"format":"standard"},"jnews_primary_category":[],"jnews_social_meta":[],"jnews_override_counter":[],"footnotes":""},"categories":[1],"tags":[2911,3563,4687,23141],"class_list":["post-172017","post","type-post","status-publish","format-standard","has-post-thumbnail","hentry","category-noticias","tag-casa","tag-cozinha","tag-decoracao","tag-mesa-de-jantar"],"yoast_head":"<!-- This site is optimized with the Yoast SEO plugin v23.8 - https:\/\/yoast.com\/wordpress\/plugins\/seo\/ -->\n<title>Adeus \u00e0 mesa de jantar: essa nova tend\u00eancia que vem da Europa e dos Estados Unidos \u00e9 a substituta perfeita - Estado de Minas - Em foco<\/title>\n<meta name=\"description\" content=\"Novidades da Europa substituem a mesa de jantar, integram cozinha e sala, liberam espa\u00e7o central e acomodam refei\u00e7\u00f5es com estilo contempor\u00e2neo.\" \/>\n<meta name=\"robots\" content=\"index, follow, max-snippet:-1, max-image-preview:large, max-video-preview:-1\" \/>\n<link rel=\"canonical\" href=\"https:\/\/www.em.com.br\/emfoco\/2026\/02\/20\/adeus-a-mesa-de-jantar-essa-nova-tendencia-que-vem-da-europa-e-dos-estados-unidos-e-a-substituta-perfeita\/\" \/>\n<meta property=\"og:locale\" content=\"pt_BR\" \/>\n<meta property=\"og:type\" content=\"article\" \/>\n<meta property=\"og:title\" content=\"Adeus \u00e0 mesa de jantar: essa nova tend\u00eancia que vem da Europa e dos Estados Unidos \u00e9 a substituta perfeita - Estado de Minas - Em foco\" \/>\n<meta property=\"og:description\" content=\"Novidades da Europa substituem a mesa de jantar, integram cozinha e sala, liberam espa\u00e7o central e acomodam refei\u00e7\u00f5es com estilo contempor\u00e2neo.\" \/>\n<meta property=\"og:url\" content=\"https:\/\/www.em.com.br\/emfoco\/2026\/02\/20\/adeus-a-mesa-de-jantar-essa-nova-tendencia-que-vem-da-europa-e-dos-estados-unidos-e-a-substituta-perfeita\/\" \/>\n<meta property=\"og:site_name\" content=\"Estado de Minas - Em foco\" \/>\n<meta property=\"article:published_time\" content=\"2026-02-20T18:18:00+00:00\" \/>\n<meta property=\"article:modified_time\" content=\"2026-02-20T16:53:29+00:00\" \/>\n<meta property=\"og:image\" content=\"https:\/\/www.em.com.br\/emfoco\/wp-content\/uploads\/2026\/02\/freepik__cozinha-moderna-integrada-sala-com-ilha-gourmet-ce__5455-e1771606207461.jpeg\" \/>\n\t<meta property=\"og:image:width\" content=\"1280\" \/>\n\t<meta property=\"og:image:height\" content=\"731\" \/>\n\t<meta property=\"og:image:type\" content=\"image\/jpeg\" \/>\n<meta name=\"author\" content=\"Patryck Reinehr\" \/>\n<meta name=\"twitter:card\" content=\"summary_large_image\" \/>\n<meta name=\"twitter:label1\" content=\"Escrito por\" \/>\n\t<meta name=\"twitter:data1\" content=\"Patryck Reinehr\" \/>\n\t<meta name=\"twitter:label2\" content=\"Est. tempo de leitura\" \/>\n\t<meta name=\"twitter:data2\" content=\"5 minutos\" \/>\n<!-- \/ Yoast SEO plugin. -->","yoast_head_json":{"title":"Adeus \u00e0 mesa de jantar: essa nova tend\u00eancia que vem da Europa e dos Estados Unidos \u00e9 a substituta perfeita - Estado de Minas - Em foco","description":"Novidades da Europa substituem a mesa de jantar, integram cozinha e sala, liberam espa\u00e7o central e acomodam refei\u00e7\u00f5es com estilo contempor\u00e2neo.","robots":{"index":"index","follow":"follow","max-snippet":"max-snippet:-1","max-image-preview":"max-image-preview:large","max-video-preview":"max-video-preview:-1"},"canonical":"https:\/\/www.em.com.br\/emfoco\/2026\/02\/20\/adeus-a-mesa-de-jantar-essa-nova-tendencia-que-vem-da-europa-e-dos-estados-unidos-e-a-substituta-perfeita\/","og_locale":"pt_BR","og_type":"article","og_title":"Adeus \u00e0 mesa de jantar: essa nova tend\u00eancia que vem da Europa e dos Estados Unidos \u00e9 a substituta perfeita - Estado de Minas - Em foco","og_description":"Novidades da Europa substituem a mesa de jantar, integram cozinha e sala, liberam espa\u00e7o central e acomodam refei\u00e7\u00f5es com estilo contempor\u00e2neo.","og_url":"https:\/\/www.em.com.br\/emfoco\/2026\/02\/20\/adeus-a-mesa-de-jantar-essa-nova-tendencia-que-vem-da-europa-e-dos-estados-unidos-e-a-substituta-perfeita\/","og_site_name":"Estado de Minas - Em foco","article_published_time":"2026-02-20T18:18:00+00:00","article_modified_time":"2026-02-20T16:53:29+00:00","og_image":[{"width":1280,"height":731,"url":"https:\/\/www.em.com.br\/emfoco\/wp-content\/uploads\/2026\/02\/freepik__cozinha-moderna-integrada-sala-com-ilha-gourmet-ce__5455-e1771606207461.jpeg","type":"image\/jpeg"}],"author":"Patryck Reinehr","twitter_card":"summary_large_image","twitter_misc":{"Escrito por":"Patryck Reinehr","Est. tempo de leitura":"5 minutos"},"schema":{"@context":"https:\/\/schema.org","@graph":[{"@type":"WebPage","@id":"https:\/\/www.em.com.br\/emfoco\/2026\/02\/20\/adeus-a-mesa-de-jantar-essa-nova-tendencia-que-vem-da-europa-e-dos-estados-unidos-e-a-substituta-perfeita\/","url":"https:\/\/www.em.com.br\/emfoco\/2026\/02\/20\/adeus-a-mesa-de-jantar-essa-nova-tendencia-que-vem-da-europa-e-dos-estados-unidos-e-a-substituta-perfeita\/","name":"Adeus \u00e0 mesa de jantar: essa nova tend\u00eancia que vem da Europa e dos Estados Unidos \u00e9 a substituta perfeita - Estado de Minas - Em foco","isPartOf":{"@id":"https:\/\/www.em.com.br\/emfoco\/#website"},"primaryImageOfPage":{"@id":"https:\/\/www.em.com.br\/emfoco\/2026\/02\/20\/adeus-a-mesa-de-jantar-essa-nova-tendencia-que-vem-da-europa-e-dos-estados-unidos-e-a-substituta-perfeita\/#primaryimage"},"image":{"@id":"https:\/\/www.em.com.br\/emfoco\/2026\/02\/20\/adeus-a-mesa-de-jantar-essa-nova-tendencia-que-vem-da-europa-e-dos-estados-unidos-e-a-substituta-perfeita\/#primaryimage"},"thumbnailUrl":"https:\/\/www.em.com.br\/emfoco\/wp-content\/uploads\/2026\/02\/freepik__cozinha-moderna-integrada-sala-com-ilha-gourmet-ce__5455-e1771606207461.jpeg","datePublished":"2026-02-20T18:18:00+00:00","dateModified":"2026-02-20T16:53:29+00:00","author":{"@id":"https:\/\/www.em.com.br\/emfoco\/#\/schema\/person\/43407752bebcbbb4d0ec79deedc0d7ce"},"description":"Novidades da Europa substituem a mesa de jantar, integram cozinha e sala, liberam espa\u00e7o central e acomodam refei\u00e7\u00f5es com estilo contempor\u00e2neo.","breadcrumb":{"@id":"https:\/\/www.em.com.br\/emfoco\/2026\/02\/20\/adeus-a-mesa-de-jantar-essa-nova-tendencia-que-vem-da-europa-e-dos-estados-unidos-e-a-substituta-perfeita\/#breadcrumb"},"inLanguage":"pt-BR","potentialAction":[{"@type":"ReadAction","target":["https:\/\/www.em.com.br\/emfoco\/2026\/02\/20\/adeus-a-mesa-de-jantar-essa-nova-tendencia-que-vem-da-europa-e-dos-estados-unidos-e-a-substituta-perfeita\/"]}]},{"@type":"ImageObject","inLanguage":"pt-BR","@id":"https:\/\/www.em.com.br\/emfoco\/2026\/02\/20\/adeus-a-mesa-de-jantar-essa-nova-tendencia-que-vem-da-europa-e-dos-estados-unidos-e-a-substituta-perfeita\/#primaryimage","url":"https:\/\/www.em.com.br\/emfoco\/wp-content\/uploads\/2026\/02\/freepik__cozinha-moderna-integrada-sala-com-ilha-gourmet-ce__5455-e1771606207461.jpeg","contentUrl":"https:\/\/www.em.com.br\/emfoco\/wp-content\/uploads\/2026\/02\/freepik__cozinha-moderna-integrada-sala-com-ilha-gourmet-ce__5455-e1771606207461.jpeg","width":1280,"height":731,"caption":"Abrir m\u00e3o da mesa cl\u00e1ssica libera sala, integra cozinha e garante estilo contempor\u00e2neo com bancos embutidos"},{"@type":"BreadcrumbList","@id":"https:\/\/www.em.com.br\/emfoco\/2026\/02\/20\/adeus-a-mesa-de-jantar-essa-nova-tendencia-que-vem-da-europa-e-dos-estados-unidos-e-a-substituta-perfeita\/#breadcrumb","itemListElement":[{"@type":"ListItem","position":1,"name":"In\u00edcio","item":"https:\/\/www.em.com.br\/emfoco\/"},{"@type":"ListItem","position":2,"name":"Adeus \u00e0 mesa de jantar: essa nova tend\u00eancia que vem da Europa e dos Estados Unidos \u00e9 a substituta perfeita"}]},{"@type":"WebSite","@id":"https:\/\/www.em.com.br\/emfoco\/#website","url":"https:\/\/www.em.com.br\/emfoco\/","name":"Estado de Minas - Em foco","description":"Acompanhe as \u00faltimas not\u00edcias e fique bem informado sobre tudo o que acontece em Minas Gerais, Brasil e no mundo.","potentialAction":[{"@type":"SearchAction","target":{"@type":"EntryPoint","urlTemplate":"https:\/\/www.em.com.br\/emfoco\/?s={search_term_string}"},"query-input":{"@type":"PropertyValueSpecification","valueRequired":true,"valueName":"search_term_string"}}],"inLanguage":"pt-BR"},{"@type":"Person","@id":"https:\/\/www.em.com.br\/emfoco\/#\/schema\/person\/43407752bebcbbb4d0ec79deedc0d7ce","name":"Patryck Reinehr","image":{"@type":"ImageObject","inLanguage":"pt-BR","@id":"https:\/\/www.em.com.br\/emfoco\/#\/schema\/person\/image\/","url":"https:\/\/secure.gravatar.com\/avatar\/570c7fb2898c0e2df0823196891bea88?s=96&d=mm&r=g","contentUrl":"https:\/\/secure.gravatar.com\/avatar\/570c7fb2898c0e2df0823196891bea88?s=96&d=mm&r=g","caption":"Patryck Reinehr"},"url":"https:\/\/www.em.com.br\/emfoco\/author\/patryckmyth\/"}]}},"_links":{"self":[{"href":"https:\/\/www.em.com.br\/emfoco\/wp-json\/wp\/v2\/posts\/172017","targetHints":{"allow":["GET"]}}],"collection":[{"href":"https:\/\/www.em.com.br\/emfoco\/wp-json\/wp\/v2\/posts"}],"about":[{"href":"https:\/\/www.em.com.br\/emfoco\/wp-json\/wp\/v2\/types\/post"}],"author":[{"embeddable":true,"href":"https:\/\/www.em.com.br\/emfoco\/wp-json\/wp\/v2\/users\/10"}],"replies":[{"embeddable":true,"href":"https:\/\/www.em.com.br\/emfoco\/wp-json\/wp\/v2\/comments?post=172017"}],"version-history":[{"count":1,"href":"https:\/\/www.em.com.br\/emfoco\/wp-json\/wp\/v2\/posts\/172017\/revisions"}],"predecessor-version":[{"id":172026,"href":"https:\/\/www.em.com.br\/emfoco\/wp-json\/wp\/v2\/posts\/172017\/revisions\/172026"}],"wp:featuredmedia":[{"embeddable":true,"href":"https:\/\/www.em.com.br\/emfoco\/wp-json\/wp\/v2\/media\/172023"}],"wp:attachment":[{"href":"https:\/\/www.em.com.br\/emfoco\/wp-json\/wp\/v2\/media?parent=172017"}],"wp:term":[{"taxonomy":"category","embeddable":true,"href":"https:\/\/www.em.com.br\/emfoco\/wp-json\/wp\/v2\/categories?post=172017"},{"taxonomy":"post_tag","embeddable":true,"href":"https:\/\/www.em.com.br\/emfoco\/wp-json\/wp\/v2\/tags?post=172017"}],"curies":[{"name":"wp","href":"https:\/\/api.w.org\/{rel}","templated":true}]}}