{"id":171964,"date":"2026-02-20T14:18:00","date_gmt":"2026-02-20T17:18:00","guid":{"rendered":"https:\/\/www.em.com.br\/emfoco\/?p=171964"},"modified":"2026-02-20T13:02:25","modified_gmt":"2026-02-20T16:02:25","slug":"proprietarios-de-casas-podem-receber-multas-se-nao-cumprirem-a-lei-para-cercas-vivas-e-arvores","status":"publish","type":"post","link":"https:\/\/www.em.com.br\/emfoco\/2026\/02\/20\/proprietarios-de-casas-podem-receber-multas-se-nao-cumprirem-a-lei-para-cercas-vivas-e-arvores\/","title":{"rendered":"Propriet\u00e1rios de casas podem receber multas se n\u00e3o cumprirem a lei para cercas-vivas e \u00e1rvores"},"content":{"rendered":"\n<p>Muitas pessoas n\u00e3o sabem, mas cercas-vivas e \u00e1rvores mal cuidadas podem gerar multas e at\u00e9 notifica\u00e7\u00f5es formais, principalmente quando invadem cal\u00e7adas, prejudicam a visibilidade ou oferecem riscos. A lei exige que os propriet\u00e1rios mantenham essas \u00e1reas sob controle, garantindo seguran\u00e7a, acessibilidade e boa conviv\u00eancia com vizinhos e pedestres.<\/p>\n\n\n\n<h2 class=\"wp-block-heading\">Por que cercas-vivas e \u00e1rvores podem gerar multas?<\/h2>\n\n\n\n<p>Cercas-vivas e \u00e1rvores s\u00e3o elementos valiosos para a est\u00e9tica e o conforto t\u00e9rmico, mas exigem manuten\u00e7\u00e3o regular. Quando crescem sem controle, podem bloquear a passagem, interferir em fios el\u00e9tricos ou comprometer a visibilidade de motoristas e pedestres, o que gera riscos e pode resultar em penalidades.<\/p>\n\n\n\n<p>A legisla\u00e7\u00e3o municipal costuma responsabilizar diretamente o propriet\u00e1rio pela manuten\u00e7\u00e3o dessas estruturas vegetais. Isso significa que a falta de poda, limpeza ou controle adequado pode levar a notifica\u00e7\u00f5es e multas aplicadas por \u00f3rg\u00e3os respons\u00e1veis pela fiscaliza\u00e7\u00e3o urbana.<\/p>\n\n\n\n<h2 class=\"wp-block-heading\">Quais situa\u00e7\u00f5es mais comuns podem resultar em penalidades?<\/h2>\n\n\n\n<p><a href=\"https:\/\/www.em.com.br\/emfoco\/2026\/01\/21\/nova-regra-proibe-motos-com-duas-pessoas-a-partir-de-terca-feira-infracao-gera-multa-de-r-21-mil\/\" target=\"_blank\" rel=\"noreferrer noopener\">As multas geralmente est\u00e3o relacionadas<\/a> \u00e0 falta de cuidado com o crescimento e posicionamento das plantas. Cercas-vivas e \u00e1rvores precisam ser mantidas dentro dos limites do terreno e n\u00e3o podem comprometer o uso seguro dos espa\u00e7os p\u00fablicos.<\/p>\n\n\n\n<p>Algumas situa\u00e7\u00f5es espec\u00edficas s\u00e3o mais frequentemente fiscalizadas e podem levar \u00e0 aplica\u00e7\u00e3o de penalidades. Conhecer esses casos ajuda a evitar problemas e manter o ambiente regularizado.<\/p>\n\n\n\n<style>\n.wp-arvores-bloco {\n  max-width: 940px;\n  margin: 28px auto;\n  font-family: -apple-system, BlinkMacSystemFont, \"Segoe UI\", Roboto, Arial, sans-serif;\n}\n\n.wp-arvores-container {\n  background: linear-gradient(135deg, #ffffff, #fef2f2);\n  border: 1px solid #fecaca;\n  border-radius: 18px;\n  padding: 24px;\n  box-shadow: 0 10px 26px rgba(0,0,0,0.05);\n}\n\n\/* Cabe\u00e7alho *\/\n.wp-arvores-header {\n  text-align: center;\n  margin-bottom: 24px;\n}\n\n.wp-arvores-title {\n  font-size: 20px;\n  font-weight: 600;\n  color: #991b1b;\n  margin-bottom: 6px;\n}\n\n.wp-arvores-subtitle {\n  font-size: 14.5px;\n  color: #6b7280;\n}\n\n\/* Layout estilo alerta urbano *\/\n.wp-arvores-grid {\n  display: grid;\n  grid-template-columns: repeat(2, 1fr);\n  gap: 14px 18px;\n}\n\n.wp-arvore-item {\n  display: flex;\n  gap: 12px;\n  align-items: flex-start;\n  background: #ffffff;\n  border: 1px solid #fecaca;\n  border-radius: 14px;\n  padding: 16px 18px;\n  box-shadow: 0 4px 14px rgba(0,0,0,0.04);\n  position: relative;\n}\n\n.wp-arvore-alerta {\n  min-width: 36px;\n  height: 36px;\n  border-radius: 10px;\n  background: linear-gradient(135deg, #dc2626, #b91c1c);\n  display: flex;\n  align-items: center;\n  justify-content: center;\n}\n\n.wp-arvore-alerta svg {\n  width: 18px;\n  height: 18px;\n  fill: #ffffff;\n}\n\n.wp-arvore-text strong {\n  display: block;\n  font-size: 15.5px;\n  color: #991b1b;\n  margin-bottom: 4px;\n}\n\n.wp-arvore-text span {\n  font-size: 14.5px;\n  color: #374151;\n  line-height: 1.6;\n}\n\n\/* Responsivo *\/\n@media (max-width: 720px) {\n  .wp-arvores-grid {\n    grid-template-columns: 1fr;\n  }\n\n  .wp-arvores-container {\n    padding: 18px 14px;\n  }\n\n  .wp-arvores-title {\n    font-size: 18px;\n  }\n\n  .wp-arvore-text strong {\n    font-size: 15px;\n  }\n\n  .wp-arvore-text span {\n    font-size: 14px;\n  }\n}\n<\/style>\n\n<div class=\"wp-arvores-bloco\">\n  <div class=\"wp-arvores-container\">\n\n    <div class=\"wp-arvores-header\">\n      <div class=\"wp-arvores-title\">Problemas causados pelo crescimento descontrolado de \u00e1rvores<\/div>\n      <div class=\"wp-arvores-subtitle\">Impactos na mobilidade, seguran\u00e7a e infraestrutura urbana<\/div>\n    <\/div>\n\n    <div class=\"wp-arvores-grid\">\n\n      <div class=\"wp-arvore-item\">\n        <div class=\"wp-arvore-alerta\">\n          <svg viewBox=\"0 0 24 24\">\n            <path d=\"M1 21h22L12 2 1 21zm12-3h-2v-2h2v2zm0-4h-2v-4h2v4z\"\/>\n          <\/svg>\n        <\/div>\n        <div class=\"wp-arvore-text\">\n          <strong>Galhos invadindo cal\u00e7adas<\/strong>\n          <span>Dificultam a circula\u00e7\u00e3o segura de pedestres e pessoas com mobilidade reduzida.<\/span>\n        <\/div>\n      <\/div>\n\n      <div class=\"wp-arvore-item\">\n        <div class=\"wp-arvore-alerta\">\n          <svg viewBox=\"0 0 24 24\">\n            <path d=\"M12 2v20M2 12h20\"\/>\n          <\/svg>\n        <\/div>\n        <div class=\"wp-arvore-text\">\n          <strong>Bloqueio da ilumina\u00e7\u00e3o p\u00fablica<\/strong>\n          <span>Reduz a visibilidade noturna e pode comprometer a seguran\u00e7a.<\/span>\n        <\/div>\n      <\/div>\n\n      <div class=\"wp-arvore-item\">\n        <div class=\"wp-arvore-alerta\">\n          <svg viewBox=\"0 0 24 24\">\n            <path d=\"M13 2L3 14h7v8l10-12h-7z\"\/>\n          <\/svg>\n        <\/div>\n        <div class=\"wp-arvore-text\">\n          <strong>Contato com fia\u00e7\u00e3o el\u00e9trica<\/strong>\n          <span>Aumenta o risco de acidentes, curtos-circuitos e interrup\u00e7\u00f5es de energia.<\/span>\n        <\/div>\n      <\/div>\n\n      <div class=\"wp-arvore-item\">\n        <div class=\"wp-arvore-alerta\">\n          <svg viewBox=\"0 0 24 24\">\n            <path d=\"M3 3h18v6H3zm0 8h12v10H3z\"\/>\n          <\/svg>\n        <\/div>\n        <div class=\"wp-arvore-text\">\n          <strong>Obstru\u00e7\u00e3o de placas e sinais<\/strong>\n          <span>Compromete a sinaliza\u00e7\u00e3o e pode gerar riscos no tr\u00e2nsito.<\/span>\n        <\/div>\n      <\/div>\n\n      <div class=\"wp-arvore-item\">\n        <div class=\"wp-arvore-alerta\">\n          <svg viewBox=\"0 0 24 24\">\n            <path d=\"M12 2l6 7h-4v13h-4V9H6z\"\/>\n          <\/svg>\n        <\/div>\n        <div class=\"wp-arvore-text\">\n          <strong>Crescimento descontrolado<\/strong>\n          <span>Interfere no uso adequado do espa\u00e7o p\u00fablico e na organiza\u00e7\u00e3o urbana.<\/span>\n        <\/div>\n      <\/div>\n\n    <\/div>\n\n  <\/div>\n<\/div>\n\n\n\n<h2 class=\"wp-block-heading\">O que a lei exige dos propriet\u00e1rios em rela\u00e7\u00e3o \u00e0 manuten\u00e7\u00e3o?<\/h2>\n\n\n\n<p>A lei determina que o propriet\u00e1rio deve garantir que cercas-vivas e \u00e1rvores estejam em condi\u00e7\u00f5es seguras e n\u00e3o causem preju\u00edzos ao espa\u00e7o p\u00fablico ou a terceiros. Isso inclui a realiza\u00e7\u00e3o de podas peri\u00f3dicas e a remo\u00e7\u00e3o de partes que representem riscos.<\/p>\n\n\n\n<p>Tamb\u00e9m \u00e9 responsabilidade do propriet\u00e1rio evitar que ra\u00edzes, galhos ou folhas prejudiquem a estrutura urbana ou causem danos a cal\u00e7adas e constru\u00e7\u00f5es. O descumprimento dessas obriga\u00e7\u00f5es pode resultar em notifica\u00e7\u00f5es formais e multas progressivas.<\/p>\n\n\n\n<h2 class=\"wp-block-heading\">Como evitar multas e manter cercas-vivas e \u00e1rvores dentro das normas?<\/h2>\n\n\n\n<p>A preven\u00e7\u00e3o \u00e9 o melhor caminho para evitar penalidades e manter o ambiente organizado e seguro. Pequenas a\u00e7\u00f5es de manuten\u00e7\u00e3o ajudam a controlar o crescimento e garantem que as plantas permane\u00e7am dentro dos limites adequados.<\/p>\n\n\n\n<p>Adotar uma rotina de cuidados simples contribui para preservar a est\u00e9tica e evitar problemas legais. Algumas pr\u00e1ticas s\u00e3o especialmente recomendadas para manter tudo em conformidade.<\/p>\n\n\n\n<ul class=\"wp-block-list\">\n<li><strong>Realizar podas regulares:<\/strong> mant\u00e9m o crescimento sob controle.<\/li>\n\n\n\n<li><strong>Observar a altura:<\/strong> evita bloqueios e riscos \u00e0 seguran\u00e7a.<\/li>\n\n\n\n<li><strong>Verificar proximidade com fios:<\/strong> reduz riscos el\u00e9tricos.<\/li>\n\n\n\n<li><strong>Manter o limite do terreno:<\/strong> evita invas\u00e3o de \u00e1reas p\u00fablicas.<\/li>\n\n\n\n<li><strong>Remover partes secas:<\/strong> melhora a seguran\u00e7a e a apar\u00eancia.<\/li>\n<\/ul>\n\n\n<div class=\"wp-block-image\">\n<figure class=\"aligncenter size-large\"><img loading=\"lazy\" decoding=\"async\" width=\"1024\" height=\"585\" src=\"https:\/\/www.em.com.br\/emfoco\/wp-content\/uploads\/2026\/02\/freepik__calada-residencial-com-cercaviva-alta-invadindo-o-__5449-1024x585.jpeg\" alt=\"Cercas-vivas bem podadas evitam multas, liberam a cal\u00e7ada e mant\u00eam vizinhan\u00e7a segura e satisfeita\" class=\"wp-image-172014\"\/><figcaption class=\"wp-element-caption\">Cercas-vivas bem podadas evitam multas, liberam a cal\u00e7ada e mant\u00eam vizinhan\u00e7a segura e satisfeita<\/figcaption><\/figure><\/div>\n\n\n<h2 class=\"wp-block-heading\">Quais s\u00e3o os benef\u00edcios de manter a manuten\u00e7\u00e3o em dia?<\/h2>\n\n\n\n<p>Al\u00e9m de evitar multas, manter cercas-vivas e \u00e1rvores bem cuidadas melhora a apar\u00eancia do im\u00f3vel e valoriza o ambiente. Um espa\u00e7o organizado transmite sensa\u00e7\u00e3o de cuidado e contribui para uma conviv\u00eancia mais harmoniosa com a vizinhan\u00e7a.<\/p>\n\n\n\n<p>A manuten\u00e7\u00e3o adequada tamb\u00e9m reduz riscos de acidentes e preserva a sa\u00fade das plantas, garantindo um crescimento equilibrado e seguro. Isso transforma o espa\u00e7o em um ambiente funcional, bonito e dentro das exig\u00eancias legais.<\/p>\n\n\n\n<p><\/p>\n","protected":false},"excerpt":{"rendered":"<p>Muitas pessoas n\u00e3o sabem, mas cercas-vivas e \u00e1rvores mal cuidadas podem gerar multas e at\u00e9 notifica\u00e7\u00f5es formais, principalmente quando invadem cal\u00e7adas, prejudicam a visibilidade ou oferecem riscos. A lei exige que os propriet\u00e1rios mantenham essas \u00e1reas sob controle, garantindo seguran\u00e7a, acessibilidade e boa conviv\u00eancia com vizinhos e pedestres. Por que cercas-vivas e \u00e1rvores podem gerar [&hellip;]<\/p>\n","protected":false},"author":10,"featured_media":172013,"comment_status":"open","ping_status":"open","sticky":false,"template":"","format":"standard","meta":{"jnews-multi-image_gallery":[],"jnews_single_post":{"format":"standard"},"jnews_primary_category":[],"jnews_social_meta":[],"jnews_override_counter":[],"footnotes":""},"categories":[28],"tags":[2911,487,4637],"class_list":["post-171964","post","type-post","status-publish","format-standard","has-post-thumbnail","hentry","category-economia","tag-casa","tag-lei","tag-multas"],"yoast_head":"<!-- This site is optimized with the Yoast SEO plugin v23.8 - https:\/\/yoast.com\/wordpress\/plugins\/seo\/ -->\n<title>Propriet\u00e1rios de casas podem receber multas se n\u00e3o cumprirem a lei para cercas-vivas e \u00e1rvores - Estado de Minas - Em foco<\/title>\n<meta name=\"description\" content=\"Cercas-vivas e \u00e1rvores bem podadas evitam multas, liberam a cal\u00e7ada, protegem a fia\u00e7\u00e3o e mant\u00eam boa conviv\u00eancia com pedestres e vizinhos.\" \/>\n<meta name=\"robots\" content=\"index, follow, max-snippet:-1, max-image-preview:large, max-video-preview:-1\" \/>\n<link rel=\"canonical\" href=\"https:\/\/www.em.com.br\/emfoco\/2026\/02\/20\/proprietarios-de-casas-podem-receber-multas-se-nao-cumprirem-a-lei-para-cercas-vivas-e-arvores\/\" \/>\n<meta property=\"og:locale\" content=\"pt_BR\" \/>\n<meta property=\"og:type\" content=\"article\" \/>\n<meta property=\"og:title\" content=\"Propriet\u00e1rios de casas podem receber multas se n\u00e3o cumprirem a lei para cercas-vivas e \u00e1rvores - Estado de Minas - Em foco\" \/>\n<meta property=\"og:description\" content=\"Cercas-vivas e \u00e1rvores bem podadas evitam multas, liberam a cal\u00e7ada, protegem a fia\u00e7\u00e3o e mant\u00eam boa conviv\u00eancia com pedestres e vizinhos.\" \/>\n<meta property=\"og:url\" content=\"https:\/\/www.em.com.br\/emfoco\/2026\/02\/20\/proprietarios-de-casas-podem-receber-multas-se-nao-cumprirem-a-lei-para-cercas-vivas-e-arvores\/\" \/>\n<meta property=\"og:site_name\" content=\"Estado de Minas - Em foco\" \/>\n<meta property=\"article:published_time\" content=\"2026-02-20T17:18:00+00:00\" \/>\n<meta property=\"article:modified_time\" content=\"2026-02-20T16:02:25+00:00\" \/>\n<meta property=\"og:image\" content=\"https:\/\/www.em.com.br\/emfoco\/wp-content\/uploads\/2026\/02\/freepik__cercaviva-bem-podada-alinhada-ao-limite-do-terreno__5450-e1771603171281.jpeg\" \/>\n\t<meta property=\"og:image:width\" content=\"1280\" \/>\n\t<meta property=\"og:image:height\" content=\"731\" \/>\n\t<meta property=\"og:image:type\" content=\"image\/jpeg\" \/>\n<meta name=\"author\" content=\"Patryck Reinehr\" \/>\n<meta name=\"twitter:card\" content=\"summary_large_image\" \/>\n<meta name=\"twitter:label1\" content=\"Escrito por\" \/>\n\t<meta name=\"twitter:data1\" content=\"Patryck Reinehr\" \/>\n\t<meta name=\"twitter:label2\" content=\"Est. tempo de leitura\" \/>\n\t<meta name=\"twitter:data2\" content=\"4 minutos\" \/>\n<!-- \/ Yoast SEO plugin. -->","yoast_head_json":{"title":"Propriet\u00e1rios de casas podem receber multas se n\u00e3o cumprirem a lei para cercas-vivas e \u00e1rvores - Estado de Minas - Em foco","description":"Cercas-vivas e \u00e1rvores bem podadas evitam multas, liberam a cal\u00e7ada, protegem a fia\u00e7\u00e3o e mant\u00eam boa conviv\u00eancia com pedestres e vizinhos.","robots":{"index":"index","follow":"follow","max-snippet":"max-snippet:-1","max-image-preview":"max-image-preview:large","max-video-preview":"max-video-preview:-1"},"canonical":"https:\/\/www.em.com.br\/emfoco\/2026\/02\/20\/proprietarios-de-casas-podem-receber-multas-se-nao-cumprirem-a-lei-para-cercas-vivas-e-arvores\/","og_locale":"pt_BR","og_type":"article","og_title":"Propriet\u00e1rios de casas podem receber multas se n\u00e3o cumprirem a lei para cercas-vivas e \u00e1rvores - Estado de Minas - Em foco","og_description":"Cercas-vivas e \u00e1rvores bem podadas evitam multas, liberam a cal\u00e7ada, protegem a fia\u00e7\u00e3o e mant\u00eam boa conviv\u00eancia com pedestres e vizinhos.","og_url":"https:\/\/www.em.com.br\/emfoco\/2026\/02\/20\/proprietarios-de-casas-podem-receber-multas-se-nao-cumprirem-a-lei-para-cercas-vivas-e-arvores\/","og_site_name":"Estado de Minas - Em foco","article_published_time":"2026-02-20T17:18:00+00:00","article_modified_time":"2026-02-20T16:02:25+00:00","og_image":[{"width":1280,"height":731,"url":"https:\/\/www.em.com.br\/emfoco\/wp-content\/uploads\/2026\/02\/freepik__cercaviva-bem-podada-alinhada-ao-limite-do-terreno__5450-e1771603171281.jpeg","type":"image\/jpeg"}],"author":"Patryck Reinehr","twitter_card":"summary_large_image","twitter_misc":{"Escrito por":"Patryck Reinehr","Est. tempo de leitura":"4 minutos"},"schema":{"@context":"https:\/\/schema.org","@graph":[{"@type":"WebPage","@id":"https:\/\/www.em.com.br\/emfoco\/2026\/02\/20\/proprietarios-de-casas-podem-receber-multas-se-nao-cumprirem-a-lei-para-cercas-vivas-e-arvores\/","url":"https:\/\/www.em.com.br\/emfoco\/2026\/02\/20\/proprietarios-de-casas-podem-receber-multas-se-nao-cumprirem-a-lei-para-cercas-vivas-e-arvores\/","name":"Propriet\u00e1rios de casas podem receber multas se n\u00e3o cumprirem a lei para cercas-vivas e \u00e1rvores - Estado de Minas - Em foco","isPartOf":{"@id":"https:\/\/www.em.com.br\/emfoco\/#website"},"primaryImageOfPage":{"@id":"https:\/\/www.em.com.br\/emfoco\/2026\/02\/20\/proprietarios-de-casas-podem-receber-multas-se-nao-cumprirem-a-lei-para-cercas-vivas-e-arvores\/#primaryimage"},"image":{"@id":"https:\/\/www.em.com.br\/emfoco\/2026\/02\/20\/proprietarios-de-casas-podem-receber-multas-se-nao-cumprirem-a-lei-para-cercas-vivas-e-arvores\/#primaryimage"},"thumbnailUrl":"https:\/\/www.em.com.br\/emfoco\/wp-content\/uploads\/2026\/02\/freepik__cercaviva-bem-podada-alinhada-ao-limite-do-terreno__5450-e1771603171281.jpeg","datePublished":"2026-02-20T17:18:00+00:00","dateModified":"2026-02-20T16:02:25+00:00","author":{"@id":"https:\/\/www.em.com.br\/emfoco\/#\/schema\/person\/43407752bebcbbb4d0ec79deedc0d7ce"},"description":"Cercas-vivas e \u00e1rvores bem podadas evitam multas, liberam a cal\u00e7ada, protegem a fia\u00e7\u00e3o e mant\u00eam boa conviv\u00eancia com pedestres e vizinhos.","breadcrumb":{"@id":"https:\/\/www.em.com.br\/emfoco\/2026\/02\/20\/proprietarios-de-casas-podem-receber-multas-se-nao-cumprirem-a-lei-para-cercas-vivas-e-arvores\/#breadcrumb"},"inLanguage":"pt-BR","potentialAction":[{"@type":"ReadAction","target":["https:\/\/www.em.com.br\/emfoco\/2026\/02\/20\/proprietarios-de-casas-podem-receber-multas-se-nao-cumprirem-a-lei-para-cercas-vivas-e-arvores\/"]}]},{"@type":"ImageObject","inLanguage":"pt-BR","@id":"https:\/\/www.em.com.br\/emfoco\/2026\/02\/20\/proprietarios-de-casas-podem-receber-multas-se-nao-cumprirem-a-lei-para-cercas-vivas-e-arvores\/#primaryimage","url":"https:\/\/www.em.com.br\/emfoco\/wp-content\/uploads\/2026\/02\/freepik__cercaviva-bem-podada-alinhada-ao-limite-do-terreno__5450-e1771603171281.jpeg","contentUrl":"https:\/\/www.em.com.br\/emfoco\/wp-content\/uploads\/2026\/02\/freepik__cercaviva-bem-podada-alinhada-ao-limite-do-terreno__5450-e1771603171281.jpeg","width":1280,"height":731,"caption":"Podas regulares garantem cal\u00e7ada livre, fia\u00e7\u00e3o protegida e afastam notifica\u00e7\u00f5es que pesam no bolso do morador"},{"@type":"BreadcrumbList","@id":"https:\/\/www.em.com.br\/emfoco\/2026\/02\/20\/proprietarios-de-casas-podem-receber-multas-se-nao-cumprirem-a-lei-para-cercas-vivas-e-arvores\/#breadcrumb","itemListElement":[{"@type":"ListItem","position":1,"name":"In\u00edcio","item":"https:\/\/www.em.com.br\/emfoco\/"},{"@type":"ListItem","position":2,"name":"Propriet\u00e1rios de casas podem receber multas se n\u00e3o cumprirem a lei para cercas-vivas e \u00e1rvores"}]},{"@type":"WebSite","@id":"https:\/\/www.em.com.br\/emfoco\/#website","url":"https:\/\/www.em.com.br\/emfoco\/","name":"Estado de Minas - Em foco","description":"Acompanhe as \u00faltimas not\u00edcias e fique bem informado sobre tudo o que acontece em Minas Gerais, Brasil e no mundo.","potentialAction":[{"@type":"SearchAction","target":{"@type":"EntryPoint","urlTemplate":"https:\/\/www.em.com.br\/emfoco\/?s={search_term_string}"},"query-input":{"@type":"PropertyValueSpecification","valueRequired":true,"valueName":"search_term_string"}}],"inLanguage":"pt-BR"},{"@type":"Person","@id":"https:\/\/www.em.com.br\/emfoco\/#\/schema\/person\/43407752bebcbbb4d0ec79deedc0d7ce","name":"Patryck Reinehr","image":{"@type":"ImageObject","inLanguage":"pt-BR","@id":"https:\/\/www.em.com.br\/emfoco\/#\/schema\/person\/image\/","url":"https:\/\/secure.gravatar.com\/avatar\/570c7fb2898c0e2df0823196891bea88?s=96&d=mm&r=g","contentUrl":"https:\/\/secure.gravatar.com\/avatar\/570c7fb2898c0e2df0823196891bea88?s=96&d=mm&r=g","caption":"Patryck Reinehr"},"url":"https:\/\/www.em.com.br\/emfoco\/author\/patryckmyth\/"}]}},"_links":{"self":[{"href":"https:\/\/www.em.com.br\/emfoco\/wp-json\/wp\/v2\/posts\/171964","targetHints":{"allow":["GET"]}}],"collection":[{"href":"https:\/\/www.em.com.br\/emfoco\/wp-json\/wp\/v2\/posts"}],"about":[{"href":"https:\/\/www.em.com.br\/emfoco\/wp-json\/wp\/v2\/types\/post"}],"author":[{"embeddable":true,"href":"https:\/\/www.em.com.br\/emfoco\/wp-json\/wp\/v2\/users\/10"}],"replies":[{"embeddable":true,"href":"https:\/\/www.em.com.br\/emfoco\/wp-json\/wp\/v2\/comments?post=171964"}],"version-history":[{"count":1,"href":"https:\/\/www.em.com.br\/emfoco\/wp-json\/wp\/v2\/posts\/171964\/revisions"}],"predecessor-version":[{"id":172016,"href":"https:\/\/www.em.com.br\/emfoco\/wp-json\/wp\/v2\/posts\/171964\/revisions\/172016"}],"wp:featuredmedia":[{"embeddable":true,"href":"https:\/\/www.em.com.br\/emfoco\/wp-json\/wp\/v2\/media\/172013"}],"wp:attachment":[{"href":"https:\/\/www.em.com.br\/emfoco\/wp-json\/wp\/v2\/media?parent=171964"}],"wp:term":[{"taxonomy":"category","embeddable":true,"href":"https:\/\/www.em.com.br\/emfoco\/wp-json\/wp\/v2\/categories?post=171964"},{"taxonomy":"post_tag","embeddable":true,"href":"https:\/\/www.em.com.br\/emfoco\/wp-json\/wp\/v2\/tags?post=171964"}],"curies":[{"name":"wp","href":"https:\/\/api.w.org\/{rel}","templated":true}]}}