{"id":171962,"date":"2026-02-21T20:45:25","date_gmt":"2026-02-21T23:45:25","guid":{"rendered":"https:\/\/www.em.com.br\/emfoco\/?p=171962"},"modified":"2026-02-20T18:20:38","modified_gmt":"2026-02-20T21:20:38","slug":"manicure-de-salao-em-casa-o-segredo-da-hidratacao-noturna-que-faz-o-esmalte-durar-mais","status":"publish","type":"post","link":"https:\/\/www.em.com.br\/emfoco\/2026\/02\/21\/manicure-de-salao-em-casa-o-segredo-da-hidratacao-noturna-que-faz-o-esmalte-durar-mais\/","title":{"rendered":"Manicure de sal\u00e3o em casa: o segredo da hidrata\u00e7\u00e3o noturna que faz o esmalte durar mais"},"content":{"rendered":"\n<p>Voc\u00ea j\u00e1 deitou na cama pronto para dormir, olhou para as m\u00e3os e percebeu as cut\u00edculas ressecadas e cheias de pelinhas levantadas? A caneta de \u00f3leo deixou de ser apenas um acess\u00f3rio de manicure e virou um pequeno ritual de autocuidado: basta deix\u00e1-la na mesa de cabeceira para lembrar de aplicar antes de apagar a luz, transformando esse gesto simples em um momento de pausa, carinho e aten\u00e7\u00e3o com as m\u00e3os.<\/p>\n\n\n\n<h2 class=\"wp-block-heading\">Caneta de \u00f3leo nas cut\u00edculas com jojoba \u00e9 mesmo t\u00e3o especial<\/h2>\n\n\n\n<p>A caneta de \u00f3leo para cut\u00edculas geralmente \u00e9 feita com \u00f3leos vegetais leves, e o \u00f3leo de jojoba aparece em destaque em muitas formula\u00e7\u00f5es. Ele \u00e9 parecido com o sebo natural da pele, o que faz com que seja bem aceito, f\u00e1cil de espalhar e menos pegajoso do que outros \u00f3leos mais pesados.<\/p>\n\n\n\n<p>A jojoba \u00e9 considerada uma \u201ccera l\u00edquida\u201d, que cria uma pel\u00edcula fininha e flex\u00edvel sobre a pele, ajudando a manter a hidrata\u00e7\u00e3o sem \u201cabafar\u201d a regi\u00e3o. Com o uso frequente, as cut\u00edculas tendem a ficar menos \u00e1speras, com menos fissuras e pelinhas que enroscam em roupas e incomodam no dia a dia.<\/p>\n\n\n\n<figure class=\"wp-block-embed is-type-rich is-provider-pinterest wp-block-embed-pinterest\"><div class=\"wp-block-embed__wrapper\">\n<iframe loading=\"lazy\" title=\"\u00d3leo de jojoba: guia completo de benef\u00edcios e uso\" src=\"https:\/\/assets.pinterest.com\/ext\/embed.html?id=67694800644052594&#038;src=oembed\" height=\"775\" width=\"450\" frameborder=\"0\" scrolling=\"no\" ><\/iframe>\n<\/div><\/figure>\n\n\n\n<p>leia tamb\u00e9m:&nbsp;<a href=\"https:\/\/www.em.com.br\/emfoco\/2026\/02\/20\/como-hidratar-unhas-ressecadas-e-evitar-fungos-usando-oleo-de-melaleuca-antes-de-dormir\/\" target=\"_blank\" rel=\"noopener\">Como hidratar unhas ressecadas e evitar fungos usando \u00f3leo de melaleuca antes de dormir<\/a><\/p>\n\n\n\n<h2 class=\"wp-block-heading\">Como usar a caneta de \u00f3leo nas cut\u00edculas antes de dormir passo a passo<\/h2>\n\n\n\n<p>Usar a caneta de \u00f3leo nas cut\u00edculas \u00e9 r\u00e1pido e n\u00e3o exige nenhuma habilidade de manicure, o que facilita manter o h\u00e1bito. Deix\u00e1-la ao lado da cama ajuda a incluir esse cuidado na rotina noturna, quando as m\u00e3os ficam mais longe da \u00e1gua e de produtos de limpeza.<\/p>\n\n\n\n<ol class=\"wp-block-list\">\n<li>Lavar as m\u00e3os com sabonete suave e secar bem, principalmente ao redor das unhas.<\/li>\n\n\n\n<li>Girar ou pressionar a caneta de \u00f3leo para liberar uma pequena quantidade de produto na ponta aplicadora.<\/li>\n\n\n\n<li>Passar o \u00f3leo diretamente sobre a linha da cut\u00edcula, contornando toda a base da unha.<\/li>\n\n\n\n<li>Massagear com movimentos circulares, espalhando o \u00f3leo tamb\u00e9m sobre a pele ao redor do dedo.<\/li>\n\n\n\n<li>Deixar agir durante a noite, evitando lavar as m\u00e3os logo em seguida.<\/li>\n<\/ol>\n\n\n\n<p>Essa sequ\u00eancia pode ser repetida diariamente ou algumas vezes por semana, conforme o n\u00edvel de ressecamento. A massagem n\u00e3o s\u00f3 ajuda na absor\u00e7\u00e3o do \u00f3leo de jojoba, como tamb\u00e9m cria um momento relaxante antes de dormir, quase como um \u201cboa-noite\u201d para as suas m\u00e3os.<\/p>\n\n\n\n<p>Para voc\u00ea que gosta de se cuidar, separamos um v\u00eddeo do canal <a href=\"https:\/\/www.youtube.com\/@aldaidepinto\" target=\"_blank\" rel=\"noreferrer noopener\">Aldaide Pinto<\/a> com dicas de uso do \u00f3leo de jojoba al\u00e9m daqueles aqui j\u00e1 citados:<\/p>\n\n\n\n<figure class=\"wp-block-embed is-type-video is-provider-youtube wp-block-embed-youtube wp-embed-aspect-16-9 wp-has-aspect-ratio\"><div class=\"wp-block-embed__wrapper\">\n<div class=\"jeg_video_container jeg_video_content\"><iframe loading=\"lazy\" title=\"\u00d3LEO DE JOJOBA: Benef\u00edcios e Formas de Usar \ud83d\udd25 Incr\u00edvel para os Cabelos, Unhas e Pele!\" width=\"500\" height=\"281\" src=\"https:\/\/www.youtube.com\/embed\/Rt3ceLuRvKw?feature=oembed\" frameborder=\"0\" allow=\"accelerometer; autoplay; clipboard-write; encrypted-media; gyroscope; picture-in-picture; web-share\" referrerpolicy=\"strict-origin-when-cross-origin\" allowfullscreen><\/iframe><\/div>\n<\/div><\/figure>\n\n\n\n<h2 class=\"wp-block-heading\">Quais s\u00e3o os principais benef\u00edcios da caneta de \u00f3leo nas cut\u00edculas<\/h2>\n\n\n\n<p>O uso consistente da caneta de \u00f3leo com jojoba costuma trazer uma melhora vis\u00edvel na apar\u00eancia da \u00e1rea ao redor das unhas. Com o tempo, as cut\u00edculas tendem a ficar mais lisas, hidratadas e com menos pelinhas levantadas, o que tamb\u00e9m ajuda o esmalte a durar mais e a manicure a ficar com acabamento mais bonito.<\/p>\n\n\n\n<p>Al\u00e9m disso, muitas canetas combinam outros \u00f3leos vegetais e vitaminas, como a vitamina E, para somar nutri\u00e7\u00e3o e prote\u00e7\u00e3o \u00e0 pele. Entre os benef\u00edcios percebidos por quem inclui esse h\u00e1bito na rotina, est\u00e3o:<\/p>\n\n\n\n<ul class=\"wp-block-list\">\n<li><strong>Hidrata\u00e7\u00e3o direcionada:<\/strong> o formato em caneta permite aplicar o produto exatamente onde a pele est\u00e1 mais seca.<\/li>\n\n\n\n<li><strong>Textura leve:<\/strong> o \u00f3leo de jojoba tende a ser mais confort\u00e1vel, sem aquela sensa\u00e7\u00e3o de excesso de \u00f3leo nos dedos.<\/li>\n\n\n\n<li><strong>Barreira suave de prote\u00e7\u00e3o:<\/strong> forma uma camada fina que ajuda a proteger a cut\u00edcula de agress\u00f5es externas do dia a dia.<\/li>\n\n\n\n<li><strong>Praticidade real:<\/strong> \u00e9 f\u00e1cil de carregar na bolsa ou deixar ao lado da cama, incentivando o uso frequente.<\/li>\n<\/ul>\n\n\n\n<figure class=\"wp-block-embed is-type-rich is-provider-pinterest wp-block-embed-pinterest\"><div class=\"wp-block-embed__wrapper\">\n<iframe loading=\"lazy\" title=\"Que tal conhecer um pouco melhor o que \u00e9 o \u00f3leo de jojoba e tudo o que ele pode fazer pela sua pele? Sabia que o o \u00f3leo de jojoba n\u00e3o \u00e9 um \u00f3leo e sim uma cera protetora? A maior parte do \u00f3leo de jojoba \u00e9 composta por ceramidas que proporciona o aumento da capacidade de reten\u00e7\u00e3o de \u00e1gua da pele, contribuindo para a hidrata\u00e7\u00e3o e suavidade, controla a oleosidade, anti-inflamat\u00f3rio, antioxidante e combate radicais livres\ud83e\udd29 Curtiu? Siga para mais dicas @eferreiradossantos0311\" src=\"https:\/\/assets.pinterest.com\/ext\/embed.html?id=587790188886166786&#038;src=oembed\" height=\"899\" width=\"450\" frameborder=\"0\" scrolling=\"no\" ><\/iframe>\n<\/div><\/figure>\n\n\n\n<h2 class=\"wp-block-heading\">A caneta de \u00f3leo substitui o creme de m\u00e3os tradicional no dia a dia<\/h2>\n\n\n\n<p>Mesmo sendo pr\u00e1tica, a caneta de \u00f3leo para cut\u00edculas n\u00e3o ocupa o lugar do creme de m\u00e3os; na verdade, os dois se completam. O creme hidrata uma \u00e1rea maior, como dorso das m\u00e3os e dedos, enquanto a caneta chega em um ponto bem espec\u00edfico que costuma continuar ressecado mesmo ap\u00f3s usar hidratante comum.<\/p>\n\n\n\n<p>Para quem lava muita lou\u00e7a, trabalha com produtos de limpeza ou usa muito \u00e1lcool em gel, a combina\u00e7\u00e3o \u00e9 especialmente \u00fatil: creme de m\u00e3os ao longo do dia e caneta de \u00f3leo de jojoba na mesa de cabeceira, para um cuidado mais intenso \u00e0 noite. Assim, m\u00e3os e cut\u00edculas recebem aten\u00e7\u00e3o em momentos diferentes, mas com o mesmo objetivo: manter a pele mais bonita, confort\u00e1vel e protegida de forma simples e acess\u00edvel.<\/p>\n","protected":false},"excerpt":{"rendered":"<p>Voc\u00ea j\u00e1 deitou na cama pronto para dormir, olhou para as m\u00e3os e percebeu as cut\u00edculas ressecadas e cheias de pelinhas levantadas? A caneta de \u00f3leo deixou de ser apenas um acess\u00f3rio de manicure e virou um pequeno ritual de autocuidado: basta deix\u00e1-la na mesa de cabeceira para lembrar de aplicar antes de apagar a [&hellip;]<\/p>\n","protected":false},"author":9,"featured_media":172236,"comment_status":"open","ping_status":"open","sticky":false,"template":"","format":"standard","meta":{"jnews-multi-image_gallery":[],"jnews_single_post":{"format":"standard"},"jnews_primary_category":[],"jnews_social_meta":[],"jnews_override_counter":[],"footnotes":""},"categories":[8691,8819,1],"tags":[25006,25007,5354],"class_list":["post-171962","post","type-post","status-publish","format-standard","has-post-thumbnail","hentry","category-bem-estar","category-curiosidades","category-noticias","tag-caneta-de-oleo","tag-jojoba","tag-unhas"],"yoast_head":"<!-- This site is optimized with the Yoast SEO plugin v23.8 - https:\/\/yoast.com\/wordpress\/plugins\/seo\/ -->\n<title>Manicure de sal\u00e3o em casa: o segredo da hidrata\u00e7\u00e3o noturna que faz o esmalte durar mais - Estado de Minas - Em foco<\/title>\n<meta name=\"description\" content=\"Descubra os benef\u00edcios da caneta de \u00f3leo de jojoba para cut\u00edculas e aprenda como esse ritual noturno transforma a sa\u00fade e a apar\u00eancia das suas m\u00e3os.\" \/>\n<meta name=\"robots\" content=\"index, follow, max-snippet:-1, max-image-preview:large, max-video-preview:-1\" \/>\n<link rel=\"canonical\" href=\"https:\/\/www.em.com.br\/emfoco\/2026\/02\/21\/manicure-de-salao-em-casa-o-segredo-da-hidratacao-noturna-que-faz-o-esmalte-durar-mais\/\" \/>\n<meta property=\"og:locale\" content=\"pt_BR\" \/>\n<meta property=\"og:type\" content=\"article\" \/>\n<meta property=\"og:title\" content=\"Manicure de sal\u00e3o em casa: o segredo da hidrata\u00e7\u00e3o noturna que faz o esmalte durar mais - Estado de Minas - Em foco\" \/>\n<meta property=\"og:description\" content=\"Descubra os benef\u00edcios da caneta de \u00f3leo de jojoba para cut\u00edculas e aprenda como esse ritual noturno transforma a sa\u00fade e a apar\u00eancia das suas m\u00e3os.\" \/>\n<meta property=\"og:url\" content=\"https:\/\/www.em.com.br\/emfoco\/2026\/02\/21\/manicure-de-salao-em-casa-o-segredo-da-hidratacao-noturna-que-faz-o-esmalte-durar-mais\/\" \/>\n<meta property=\"og:site_name\" content=\"Estado de Minas - Em foco\" \/>\n<meta property=\"article:published_time\" content=\"2026-02-21T23:45:25+00:00\" \/>\n<meta property=\"article:modified_time\" content=\"2026-02-20T21:20:38+00:00\" \/>\n<meta property=\"og:image\" content=\"https:\/\/www.em.com.br\/emfoco\/wp-content\/uploads\/2026\/02\/Gemini_Generated_Image_3cusny3cusny3cus-1.png\" \/>\n\t<meta property=\"og:image:width\" content=\"1280\" \/>\n\t<meta property=\"og:image:height\" content=\"720\" \/>\n\t<meta property=\"og:image:type\" content=\"image\/png\" \/>\n<meta name=\"author\" content=\"Daniely Cardoso\" \/>\n<meta name=\"twitter:card\" content=\"summary_large_image\" \/>\n<meta name=\"twitter:label1\" content=\"Escrito por\" \/>\n\t<meta name=\"twitter:data1\" content=\"Daniely Cardoso\" \/>\n\t<meta name=\"twitter:label2\" content=\"Est. tempo de leitura\" \/>\n\t<meta name=\"twitter:data2\" content=\"5 minutos\" \/>\n<!-- \/ Yoast SEO plugin. -->","yoast_head_json":{"title":"Manicure de sal\u00e3o em casa: o segredo da hidrata\u00e7\u00e3o noturna que faz o esmalte durar mais - Estado de Minas - Em foco","description":"Descubra os benef\u00edcios da caneta de \u00f3leo de jojoba para cut\u00edculas e aprenda como esse ritual noturno transforma a sa\u00fade e a apar\u00eancia das suas m\u00e3os.","robots":{"index":"index","follow":"follow","max-snippet":"max-snippet:-1","max-image-preview":"max-image-preview:large","max-video-preview":"max-video-preview:-1"},"canonical":"https:\/\/www.em.com.br\/emfoco\/2026\/02\/21\/manicure-de-salao-em-casa-o-segredo-da-hidratacao-noturna-que-faz-o-esmalte-durar-mais\/","og_locale":"pt_BR","og_type":"article","og_title":"Manicure de sal\u00e3o em casa: o segredo da hidrata\u00e7\u00e3o noturna que faz o esmalte durar mais - Estado de Minas - Em foco","og_description":"Descubra os benef\u00edcios da caneta de \u00f3leo de jojoba para cut\u00edculas e aprenda como esse ritual noturno transforma a sa\u00fade e a apar\u00eancia das suas m\u00e3os.","og_url":"https:\/\/www.em.com.br\/emfoco\/2026\/02\/21\/manicure-de-salao-em-casa-o-segredo-da-hidratacao-noturna-que-faz-o-esmalte-durar-mais\/","og_site_name":"Estado de Minas - Em foco","article_published_time":"2026-02-21T23:45:25+00:00","article_modified_time":"2026-02-20T21:20:38+00:00","og_image":[{"width":1280,"height":720,"url":"https:\/\/www.em.com.br\/emfoco\/wp-content\/uploads\/2026\/02\/Gemini_Generated_Image_3cusny3cusny3cus-1.png","type":"image\/png"}],"author":"Daniely Cardoso","twitter_card":"summary_large_image","twitter_misc":{"Escrito por":"Daniely Cardoso","Est. tempo de leitura":"5 minutos"},"schema":{"@context":"https:\/\/schema.org","@graph":[{"@type":"WebPage","@id":"https:\/\/www.em.com.br\/emfoco\/2026\/02\/21\/manicure-de-salao-em-casa-o-segredo-da-hidratacao-noturna-que-faz-o-esmalte-durar-mais\/","url":"https:\/\/www.em.com.br\/emfoco\/2026\/02\/21\/manicure-de-salao-em-casa-o-segredo-da-hidratacao-noturna-que-faz-o-esmalte-durar-mais\/","name":"Manicure de sal\u00e3o em casa: o segredo da hidrata\u00e7\u00e3o noturna que faz o esmalte durar mais - Estado de Minas - Em foco","isPartOf":{"@id":"https:\/\/www.em.com.br\/emfoco\/#website"},"primaryImageOfPage":{"@id":"https:\/\/www.em.com.br\/emfoco\/2026\/02\/21\/manicure-de-salao-em-casa-o-segredo-da-hidratacao-noturna-que-faz-o-esmalte-durar-mais\/#primaryimage"},"image":{"@id":"https:\/\/www.em.com.br\/emfoco\/2026\/02\/21\/manicure-de-salao-em-casa-o-segredo-da-hidratacao-noturna-que-faz-o-esmalte-durar-mais\/#primaryimage"},"thumbnailUrl":"https:\/\/www.em.com.br\/emfoco\/wp-content\/uploads\/2026\/02\/Gemini_Generated_Image_3cusny3cusny3cus-1.png","datePublished":"2026-02-21T23:45:25+00:00","dateModified":"2026-02-20T21:20:38+00:00","author":{"@id":"https:\/\/www.em.com.br\/emfoco\/#\/schema\/person\/0a8186d72f2c3a5c6276d90b41f271a0"},"description":"Descubra os benef\u00edcios da caneta de \u00f3leo de jojoba para cut\u00edculas e aprenda como esse ritual noturno transforma a sa\u00fade e a apar\u00eancia das suas m\u00e3os.","breadcrumb":{"@id":"https:\/\/www.em.com.br\/emfoco\/2026\/02\/21\/manicure-de-salao-em-casa-o-segredo-da-hidratacao-noturna-que-faz-o-esmalte-durar-mais\/#breadcrumb"},"inLanguage":"pt-BR","potentialAction":[{"@type":"ReadAction","target":["https:\/\/www.em.com.br\/emfoco\/2026\/02\/21\/manicure-de-salao-em-casa-o-segredo-da-hidratacao-noturna-que-faz-o-esmalte-durar-mais\/"]}]},{"@type":"ImageObject","inLanguage":"pt-BR","@id":"https:\/\/www.em.com.br\/emfoco\/2026\/02\/21\/manicure-de-salao-em-casa-o-segredo-da-hidratacao-noturna-que-faz-o-esmalte-durar-mais\/#primaryimage","url":"https:\/\/www.em.com.br\/emfoco\/wp-content\/uploads\/2026\/02\/Gemini_Generated_Image_3cusny3cusny3cus-1.png","contentUrl":"https:\/\/www.em.com.br\/emfoco\/wp-content\/uploads\/2026\/02\/Gemini_Generated_Image_3cusny3cusny3cus-1.png","width":1280,"height":720,"caption":"A caneta de \u00f3leo para cut\u00edculas geralmente \u00e9 feita com \u00f3leos vegetais leves"},{"@type":"BreadcrumbList","@id":"https:\/\/www.em.com.br\/emfoco\/2026\/02\/21\/manicure-de-salao-em-casa-o-segredo-da-hidratacao-noturna-que-faz-o-esmalte-durar-mais\/#breadcrumb","itemListElement":[{"@type":"ListItem","position":1,"name":"In\u00edcio","item":"https:\/\/www.em.com.br\/emfoco\/"},{"@type":"ListItem","position":2,"name":"Manicure de sal\u00e3o em casa: o segredo da hidrata\u00e7\u00e3o noturna que faz o esmalte durar mais"}]},{"@type":"WebSite","@id":"https:\/\/www.em.com.br\/emfoco\/#website","url":"https:\/\/www.em.com.br\/emfoco\/","name":"Estado de Minas - Em foco","description":"Acompanhe as \u00faltimas not\u00edcias e fique bem informado sobre tudo o que acontece em Minas Gerais, Brasil e no mundo.","potentialAction":[{"@type":"SearchAction","target":{"@type":"EntryPoint","urlTemplate":"https:\/\/www.em.com.br\/emfoco\/?s={search_term_string}"},"query-input":{"@type":"PropertyValueSpecification","valueRequired":true,"valueName":"search_term_string"}}],"inLanguage":"pt-BR"},{"@type":"Person","@id":"https:\/\/www.em.com.br\/emfoco\/#\/schema\/person\/0a8186d72f2c3a5c6276d90b41f271a0","name":"Daniely Cardoso","image":{"@type":"ImageObject","inLanguage":"pt-BR","@id":"https:\/\/www.em.com.br\/emfoco\/#\/schema\/person\/image\/","url":"https:\/\/secure.gravatar.com\/avatar\/4b80ddbd124d1f071b626d52d62e5dff?s=96&d=mm&r=g","contentUrl":"https:\/\/secure.gravatar.com\/avatar\/4b80ddbd124d1f071b626d52d62e5dff?s=96&d=mm&r=g","caption":"Daniely Cardoso"},"url":"https:\/\/www.em.com.br\/emfoco\/author\/danielymyth\/"}]}},"_links":{"self":[{"href":"https:\/\/www.em.com.br\/emfoco\/wp-json\/wp\/v2\/posts\/171962","targetHints":{"allow":["GET"]}}],"collection":[{"href":"https:\/\/www.em.com.br\/emfoco\/wp-json\/wp\/v2\/posts"}],"about":[{"href":"https:\/\/www.em.com.br\/emfoco\/wp-json\/wp\/v2\/types\/post"}],"author":[{"embeddable":true,"href":"https:\/\/www.em.com.br\/emfoco\/wp-json\/wp\/v2\/users\/9"}],"replies":[{"embeddable":true,"href":"https:\/\/www.em.com.br\/emfoco\/wp-json\/wp\/v2\/comments?post=171962"}],"version-history":[{"count":2,"href":"https:\/\/www.em.com.br\/emfoco\/wp-json\/wp\/v2\/posts\/171962\/revisions"}],"predecessor-version":[{"id":172237,"href":"https:\/\/www.em.com.br\/emfoco\/wp-json\/wp\/v2\/posts\/171962\/revisions\/172237"}],"wp:featuredmedia":[{"embeddable":true,"href":"https:\/\/www.em.com.br\/emfoco\/wp-json\/wp\/v2\/media\/172236"}],"wp:attachment":[{"href":"https:\/\/www.em.com.br\/emfoco\/wp-json\/wp\/v2\/media?parent=171962"}],"wp:term":[{"taxonomy":"category","embeddable":true,"href":"https:\/\/www.em.com.br\/emfoco\/wp-json\/wp\/v2\/categories?post=171962"},{"taxonomy":"post_tag","embeddable":true,"href":"https:\/\/www.em.com.br\/emfoco\/wp-json\/wp\/v2\/tags?post=171962"}],"curies":[{"name":"wp","href":"https:\/\/api.w.org\/{rel}","templated":true}]}}