{"id":171955,"date":"2026-02-21T17:35:55","date_gmt":"2026-02-21T20:35:55","guid":{"rendered":"https:\/\/www.em.com.br\/emfoco\/?p=171955"},"modified":"2026-02-20T18:16:27","modified_gmt":"2026-02-20T21:16:27","slug":"o-segredo-simples-que-faz-suas-orquideas-crescerem-mais-saudaveis-e-bonitas-em-casa","status":"publish","type":"post","link":"https:\/\/www.em.com.br\/emfoco\/2026\/02\/21\/o-segredo-simples-que-faz-suas-orquideas-crescerem-mais-saudaveis-e-bonitas-em-casa\/","title":{"rendered":"O segredo simples que faz suas orqu\u00eddeas crescerem mais saud\u00e1veis e bonitas em casa"},"content":{"rendered":"\n<p>Voc\u00ea j\u00e1 reparou como algumas orqu\u00eddeas parecem mais felizes quando n\u00e3o est\u00e3o presas em vasinhos de pl\u00e1stico? A Phalaenopsis, queridinha das floriculturas, costuma chegar em casa plantada em substrato, mas, na verdade, sua origem ep\u00edfita mostra que ela prefere viver agarrada a troncos de \u00e1rvores, com as ra\u00edzes livres, respirando bem e recebendo luz filtrada, como acontece nas matas.<\/p>\n\n\n\n<h2 class=\"wp-block-heading\">Por que a Phalaenopsis gosta tanto de crescer em troncos<\/h2>\n\n\n\n<p>A Phalaenopsis \u00e9 uma orqu\u00eddea ep\u00edfita, ou seja, ela usa \u00e1rvores como suporte, mas n\u00e3o as \u201cexplora\u201d em busca de nutrientes. Suas ra\u00edzes servem tanto para fixa\u00e7\u00e3o quanto para captar umidade e nutrientes do ar, da chuva e da poeira.<\/p>\n\n\n\n<p>Quando fica presa em substratos muito compactos ou encharcados, essas ra\u00edzes podem ficar sufocadas e apodrecer. J\u00e1 no tronco, com mais ventila\u00e7\u00e3o e secagem r\u00e1pida entre as regas, a planta tende a crescer com mais sa\u00fade e florescer de forma mais est\u00e1vel, desde que luz, umidade e temperatura estejam equilibradas.<\/p>\n\n\n\n<figure class=\"wp-block-embed is-type-rich is-provider-pinterest wp-block-embed-pinterest\"><div class=\"wp-block-embed__wrapper\">\n<iframe loading=\"lazy\" title=\"Ammy - This flower is a Phalaenopsis orchid\ud83e\udd40\ud83c\udf3a\ud83c\udf37, commonly known as the moth orchid\" src=\"https:\/\/assets.pinterest.com\/ext\/embed.html?id=4644405860420045&#038;src=oembed\" height=\"756\" width=\"450\" frameborder=\"0\" scrolling=\"no\" ><\/iframe>\n<\/div><\/figure>\n\n\n\n<p>Leia tamb\u00e9m:&nbsp;<a href=\"https:\/\/www.em.com.br\/emfoco\/2026\/02\/08\/orquidea-perfeita-em-casa-3-segredos-que-transformam-o-cultivo\/\" target=\"_blank\" rel=\"noopener\">Orqu\u00eddea perfeita em casa: 3 segredos que transformam o cultivo<\/a><\/p>\n\n\n\n<h2 class=\"wp-block-heading\">Como funciona o truque da meia-cal\u00e7a para fixar a Phalaenopsis<\/h2>\n\n\n\n<p>Para quem quer tirar a orqu\u00eddea do vaso e lev\u00e1-la para o tronco de uma \u00e1rvore, a meia-cal\u00e7a velha virou um truque popular, barato e simples. Em vez de arames ou abra\u00e7adeiras duras, o tecido macio e el\u00e1stico abra\u00e7a a planta sem machucar, respeitando suas ra\u00edzes sens\u00edveis.<\/p>\n\n\n\n<figure class=\"wp-block-embed is-type-rich is-provider-pinterest wp-block-embed-pinterest\"><div class=\"wp-block-embed__wrapper\">\n<iframe loading=\"lazy\" title=\"Como replantar orqu\u00eddeas na arvore by @amorajardins\" src=\"https:\/\/assets.pinterest.com\/ext\/embed.html?id=1142506999201253203&#038;src=oembed\" height=\"899\" width=\"450\" frameborder=\"0\" scrolling=\"no\" ><\/iframe>\n<\/div><\/figure>\n\n\n\n<p>De modo geral, o processo segue alguns passos b\u00e1sicos e pode ser adaptado conforme o tamanho da planta e o tipo de \u00e1rvore escolhida, sempre com cuidado para manter tudo firme, mas sem aperto exagerado.<\/p>\n\n\n\n<ul class=\"wp-block-list\">\n<li><strong>Escolha do tronco:<\/strong> prefira \u00e1rvores com casca mais rugosa, que ajuda as ra\u00edzes a se fixarem.<\/li>\n\n\n\n<li><strong>Prepara\u00e7\u00e3o da planta:<\/strong> retire a Phalaenopsis do vaso, limpe delicadamente as ra\u00edzes e corte partes podres.<\/li>\n\n\n\n<li><strong>Posicionamento:<\/strong> apoie a orqu\u00eddea no tronco, de forma vertical ou levemente inclinada, com ra\u00edzes em contato direto com a casca.<\/li>\n\n\n\n<li><strong>Fixa\u00e7\u00e3o com meia-cal\u00e7a:<\/strong> use tiras de meia para amarrar planta e tronco com firmeza, mas sem apertar demais.<\/li>\n<\/ul>\n\n\n\n<figure class=\"wp-block-embed is-type-rich is-provider-pinterest wp-block-embed-pinterest\"><div class=\"wp-block-embed__wrapper\">\n<iframe loading=\"lazy\" title=\"\ud83d\udc49 Aprenda a montar um arranjo de orqu\u00eddea em um tronco de madeira! \ud83c\udf34 F\u00c1CIL DE PENDURAR EM QUALQUER LUGAR! \u2764\ufe0f\u200b#orquideas #cuidardasorquideas #floricultura #plantas #amorporplantas #flores #jardinagem #claramenteorquidea #cuidadoscomasplantas #inspira\u00e7\u00e3onatural #florescer\" src=\"https:\/\/assets.pinterest.com\/ext\/embed.html?id=588845720079216734&#038;src=oembed\" height=\"899\" width=\"450\" frameborder=\"0\" scrolling=\"no\" ><\/iframe>\n<\/div><\/figure>\n\n\n\n<h2 class=\"wp-block-heading\">A meia-cal\u00e7a realmente ajuda a n\u00e3o sufocar as ra\u00edzes a\u00e9reas<\/h2>\n\n\n\n<p>As ra\u00edzes grossas da Phalaenopsis s\u00e3o revestidas por um tecido esponjoso chamado velame, que funciona como uma esponja, absorvendo e armazenando \u00e1gua. Se esse tecido \u00e9 comprimido em excesso, a planta respira pior e pode enfraquecer com o tempo.<\/p>\n\n\n\n<p>A meia-cal\u00e7a age como uma \u201ccinta respir\u00e1vel\u201d: permite circula\u00e7\u00e3o de ar e acompanha um pouco o crescimento da planta. Mesmo assim, \u00e9 importante observar periodicamente se o tecido n\u00e3o est\u00e1 marcando as ra\u00edzes ou brota\u00e7\u00f5es, ajustando ou trocando a amarra\u00e7\u00e3o quando necess\u00e1rio.<\/p>\n\n\n\n<p>Para voc\u00ea que gosta de plantar, separamos um v\u00eddeo do canal <a href=\"https:\/\/www.youtube.com\/@SpagnholPlantas1\" target=\"_blank\" rel=\"noreferrer noopener\">Spagnhol Plantas<\/a> com dicas para cuidar e manter sua orqu\u00eddea saud\u00e1vel:<\/p>\n\n\n\n<figure class=\"wp-block-embed is-type-video is-provider-youtube wp-block-embed-youtube wp-embed-aspect-16-9 wp-has-aspect-ratio\"><div class=\"wp-block-embed__wrapper\">\n<div class=\"jeg_video_container jeg_video_content\"><iframe loading=\"lazy\" title=\"ORQU\u00cdDEA PHALAENOPSIS | COMO CUIDAR\" width=\"500\" height=\"281\" src=\"https:\/\/www.youtube.com\/embed\/VatUcoaVd3g?feature=oembed\" frameborder=\"0\" allow=\"accelerometer; autoplay; clipboard-write; encrypted-media; gyroscope; picture-in-picture; web-share\" referrerpolicy=\"strict-origin-when-cross-origin\" allowfullscreen><\/iframe><\/div>\n<\/div><\/figure>\n\n\n\n<h2 class=\"wp-block-heading\">Quais cuidados tornam a liberdade das orqu\u00eddeas mais segura em \u00e1rvores<\/h2>\n\n\n\n<p>Dar \u201cliberdade\u201d \u00e0s orqu\u00eddeas, deixando as ra\u00edzes expostas no tronco, traz vantagens bem vis\u00edveis: menos risco de encharcamento, melhor ventila\u00e7\u00e3o e um visual mais natural no jardim. Muitas pessoas percebem que, depois da adapta\u00e7\u00e3o, a planta fica mais firme e com ra\u00edzes mais fortes.<\/p>\n\n\n\n<p>Por outro lado, \u00e9 preciso olhar com aten\u00e7\u00e3o para o clima da sua regi\u00e3o. Em locais muito secos, talvez seja necess\u00e1rio borrifar \u00e1gua nas ra\u00edzes com mais frequ\u00eancia. Em \u00e1reas muito chuvosas, ajuda escolher \u00e1rvores cuja casca n\u00e3o acumule tanta \u00e1gua, evitando excesso de umidade constante.<\/p>\n\n\n\n<figure class=\"wp-block-embed is-type-rich is-provider-pinterest wp-block-embed-pinterest\"><div class=\"wp-block-embed__wrapper\">\n<iframe loading=\"lazy\" title=\"[COSS] P\u00e1gina de Vendas\" src=\"https:\/\/assets.pinterest.com\/ext\/embed.html?id=844493675005085&#038;src=oembed\" height=\"899\" width=\"450\" frameborder=\"0\" scrolling=\"no\" ><\/iframe>\n<\/div><\/figure>\n\n\n\n<h2 class=\"wp-block-heading\">Como escolher o melhor lugar na \u00e1rvore para sua Phalaenopsis<\/h2>\n\n\n\n<p>A posi\u00e7\u00e3o da orqu\u00eddea na \u00e1rvore faz toda a diferen\u00e7a para a sa\u00fade e a flora\u00e7\u00e3o. Sol muito forte no meio do dia pode queimar as folhas, enquanto sombra demais dificulta o surgimento de novas hastes florais.<\/p>\n\n\n\n<p>O ideal \u00e9 procurar um ponto com luz filtrada, como aquela sombra clara embaixo da copa das \u00e1rvores. Assim, ao combinar uma boa escolha de tronco, o uso cuidadoso da meia-cal\u00e7a e uma rotina regular de observa\u00e7\u00e3o, voc\u00ea permite que a Phalaenopsis cres\u00e7a de forma mais natural, com ra\u00edzes livres explorando a casca e o ar, adaptada ao seu jardim.<\/p>\n","protected":false},"excerpt":{"rendered":"<p>Voc\u00ea j\u00e1 reparou como algumas orqu\u00eddeas parecem mais felizes quando n\u00e3o est\u00e3o presas em vasinhos de pl\u00e1stico? A Phalaenopsis, queridinha das floriculturas, costuma chegar em casa plantada em substrato, mas, na verdade, sua origem ep\u00edfita mostra que ela prefere viver agarrada a troncos de \u00e1rvores, com as ra\u00edzes livres, respirando bem e recebendo luz filtrada, [&hellip;]<\/p>\n","protected":false},"author":9,"featured_media":172208,"comment_status":"open","ping_status":"open","sticky":false,"template":"","format":"standard","meta":{"jnews-multi-image_gallery":[],"jnews_single_post":{"format":"standard"},"jnews_primary_category":[],"jnews_social_meta":[],"jnews_override_counter":[],"footnotes":""},"categories":[8691,8819,1],"tags":[7701,3357,3137],"class_list":["post-171955","post","type-post","status-publish","format-standard","has-post-thumbnail","hentry","category-bem-estar","category-curiosidades","category-noticias","tag-como-plantar","tag-flores","tag-orquideas"],"yoast_head":"<!-- This site is optimized with the Yoast SEO plugin v23.8 - https:\/\/yoast.com\/wordpress\/plugins\/seo\/ -->\n<title>O segredo simples que faz suas orqu\u00eddeas crescerem mais saud\u00e1veis e bonitas em casa - Estado de Minas - Em foco<\/title>\n<meta name=\"description\" content=\"Aprenda o truque da meia-cal\u00e7a para fixar orqu\u00eddeas Phalaenopsis em troncos de \u00e1rvores, garantindo ra\u00edzes saud\u00e1veis e flora\u00e7\u00f5es exuberantes.\" \/>\n<meta name=\"robots\" content=\"index, follow, max-snippet:-1, max-image-preview:large, max-video-preview:-1\" \/>\n<link rel=\"canonical\" href=\"https:\/\/www.em.com.br\/emfoco\/2026\/02\/21\/o-segredo-simples-que-faz-suas-orquideas-crescerem-mais-saudaveis-e-bonitas-em-casa\/\" \/>\n<meta property=\"og:locale\" content=\"pt_BR\" \/>\n<meta property=\"og:type\" content=\"article\" \/>\n<meta property=\"og:title\" content=\"O segredo simples que faz suas orqu\u00eddeas crescerem mais saud\u00e1veis e bonitas em casa - Estado de Minas - Em foco\" \/>\n<meta property=\"og:description\" content=\"Aprenda o truque da meia-cal\u00e7a para fixar orqu\u00eddeas Phalaenopsis em troncos de \u00e1rvores, garantindo ra\u00edzes saud\u00e1veis e flora\u00e7\u00f5es exuberantes.\" \/>\n<meta property=\"og:url\" content=\"https:\/\/www.em.com.br\/emfoco\/2026\/02\/21\/o-segredo-simples-que-faz-suas-orquideas-crescerem-mais-saudaveis-e-bonitas-em-casa\/\" \/>\n<meta property=\"og:site_name\" content=\"Estado de Minas - Em foco\" \/>\n<meta property=\"article:published_time\" content=\"2026-02-21T20:35:55+00:00\" \/>\n<meta property=\"article:modified_time\" content=\"2026-02-20T21:16:27+00:00\" \/>\n<meta property=\"og:image\" content=\"https:\/\/www.em.com.br\/emfoco\/wp-content\/uploads\/2026\/02\/Gemini_Generated_Image_b8xmarb8xmarb8xm-1.png\" \/>\n\t<meta property=\"og:image:width\" content=\"1280\" \/>\n\t<meta property=\"og:image:height\" content=\"720\" \/>\n\t<meta property=\"og:image:type\" content=\"image\/png\" \/>\n<meta name=\"author\" content=\"Daniely Cardoso\" \/>\n<meta name=\"twitter:card\" content=\"summary_large_image\" \/>\n<meta name=\"twitter:label1\" content=\"Escrito por\" \/>\n\t<meta name=\"twitter:data1\" content=\"Daniely Cardoso\" \/>\n\t<meta name=\"twitter:label2\" content=\"Est. tempo de leitura\" \/>\n\t<meta name=\"twitter:data2\" content=\"4 minutos\" \/>\n<!-- \/ Yoast SEO plugin. -->","yoast_head_json":{"title":"O segredo simples que faz suas orqu\u00eddeas crescerem mais saud\u00e1veis e bonitas em casa - Estado de Minas - Em foco","description":"Aprenda o truque da meia-cal\u00e7a para fixar orqu\u00eddeas Phalaenopsis em troncos de \u00e1rvores, garantindo ra\u00edzes saud\u00e1veis e flora\u00e7\u00f5es exuberantes.","robots":{"index":"index","follow":"follow","max-snippet":"max-snippet:-1","max-image-preview":"max-image-preview:large","max-video-preview":"max-video-preview:-1"},"canonical":"https:\/\/www.em.com.br\/emfoco\/2026\/02\/21\/o-segredo-simples-que-faz-suas-orquideas-crescerem-mais-saudaveis-e-bonitas-em-casa\/","og_locale":"pt_BR","og_type":"article","og_title":"O segredo simples que faz suas orqu\u00eddeas crescerem mais saud\u00e1veis e bonitas em casa - Estado de Minas - Em foco","og_description":"Aprenda o truque da meia-cal\u00e7a para fixar orqu\u00eddeas Phalaenopsis em troncos de \u00e1rvores, garantindo ra\u00edzes saud\u00e1veis e flora\u00e7\u00f5es exuberantes.","og_url":"https:\/\/www.em.com.br\/emfoco\/2026\/02\/21\/o-segredo-simples-que-faz-suas-orquideas-crescerem-mais-saudaveis-e-bonitas-em-casa\/","og_site_name":"Estado de Minas - Em foco","article_published_time":"2026-02-21T20:35:55+00:00","article_modified_time":"2026-02-20T21:16:27+00:00","og_image":[{"width":1280,"height":720,"url":"https:\/\/www.em.com.br\/emfoco\/wp-content\/uploads\/2026\/02\/Gemini_Generated_Image_b8xmarb8xmarb8xm-1.png","type":"image\/png"}],"author":"Daniely Cardoso","twitter_card":"summary_large_image","twitter_misc":{"Escrito por":"Daniely Cardoso","Est. tempo de leitura":"4 minutos"},"schema":{"@context":"https:\/\/schema.org","@graph":[{"@type":"WebPage","@id":"https:\/\/www.em.com.br\/emfoco\/2026\/02\/21\/o-segredo-simples-que-faz-suas-orquideas-crescerem-mais-saudaveis-e-bonitas-em-casa\/","url":"https:\/\/www.em.com.br\/emfoco\/2026\/02\/21\/o-segredo-simples-que-faz-suas-orquideas-crescerem-mais-saudaveis-e-bonitas-em-casa\/","name":"O segredo simples que faz suas orqu\u00eddeas crescerem mais saud\u00e1veis e bonitas em casa - Estado de Minas - Em foco","isPartOf":{"@id":"https:\/\/www.em.com.br\/emfoco\/#website"},"primaryImageOfPage":{"@id":"https:\/\/www.em.com.br\/emfoco\/2026\/02\/21\/o-segredo-simples-que-faz-suas-orquideas-crescerem-mais-saudaveis-e-bonitas-em-casa\/#primaryimage"},"image":{"@id":"https:\/\/www.em.com.br\/emfoco\/2026\/02\/21\/o-segredo-simples-que-faz-suas-orquideas-crescerem-mais-saudaveis-e-bonitas-em-casa\/#primaryimage"},"thumbnailUrl":"https:\/\/www.em.com.br\/emfoco\/wp-content\/uploads\/2026\/02\/Gemini_Generated_Image_b8xmarb8xmarb8xm-1.png","datePublished":"2026-02-21T20:35:55+00:00","dateModified":"2026-02-20T21:16:27+00:00","author":{"@id":"https:\/\/www.em.com.br\/emfoco\/#\/schema\/person\/0a8186d72f2c3a5c6276d90b41f271a0"},"description":"Aprenda o truque da meia-cal\u00e7a para fixar orqu\u00eddeas Phalaenopsis em troncos de \u00e1rvores, garantindo ra\u00edzes saud\u00e1veis e flora\u00e7\u00f5es exuberantes.","breadcrumb":{"@id":"https:\/\/www.em.com.br\/emfoco\/2026\/02\/21\/o-segredo-simples-que-faz-suas-orquideas-crescerem-mais-saudaveis-e-bonitas-em-casa\/#breadcrumb"},"inLanguage":"pt-BR","potentialAction":[{"@type":"ReadAction","target":["https:\/\/www.em.com.br\/emfoco\/2026\/02\/21\/o-segredo-simples-que-faz-suas-orquideas-crescerem-mais-saudaveis-e-bonitas-em-casa\/"]}]},{"@type":"ImageObject","inLanguage":"pt-BR","@id":"https:\/\/www.em.com.br\/emfoco\/2026\/02\/21\/o-segredo-simples-que-faz-suas-orquideas-crescerem-mais-saudaveis-e-bonitas-em-casa\/#primaryimage","url":"https:\/\/www.em.com.br\/emfoco\/wp-content\/uploads\/2026\/02\/Gemini_Generated_Image_b8xmarb8xmarb8xm-1.png","contentUrl":"https:\/\/www.em.com.br\/emfoco\/wp-content\/uploads\/2026\/02\/Gemini_Generated_Image_b8xmarb8xmarb8xm-1.png","width":1280,"height":720,"caption":"A Phalaenopsis \u00e9 uma orqu\u00eddea ep\u00edfita, ou seja, ela usa \u00e1rvores como suporte, mas n\u00e3o as \u201cexplora\u201d em busca de nutrientes."},{"@type":"BreadcrumbList","@id":"https:\/\/www.em.com.br\/emfoco\/2026\/02\/21\/o-segredo-simples-que-faz-suas-orquideas-crescerem-mais-saudaveis-e-bonitas-em-casa\/#breadcrumb","itemListElement":[{"@type":"ListItem","position":1,"name":"In\u00edcio","item":"https:\/\/www.em.com.br\/emfoco\/"},{"@type":"ListItem","position":2,"name":"O segredo simples que faz suas orqu\u00eddeas crescerem mais saud\u00e1veis e bonitas em casa"}]},{"@type":"WebSite","@id":"https:\/\/www.em.com.br\/emfoco\/#website","url":"https:\/\/www.em.com.br\/emfoco\/","name":"Estado de Minas - Em foco","description":"Acompanhe as \u00faltimas not\u00edcias e fique bem informado sobre tudo o que acontece em Minas Gerais, Brasil e no mundo.","potentialAction":[{"@type":"SearchAction","target":{"@type":"EntryPoint","urlTemplate":"https:\/\/www.em.com.br\/emfoco\/?s={search_term_string}"},"query-input":{"@type":"PropertyValueSpecification","valueRequired":true,"valueName":"search_term_string"}}],"inLanguage":"pt-BR"},{"@type":"Person","@id":"https:\/\/www.em.com.br\/emfoco\/#\/schema\/person\/0a8186d72f2c3a5c6276d90b41f271a0","name":"Daniely Cardoso","image":{"@type":"ImageObject","inLanguage":"pt-BR","@id":"https:\/\/www.em.com.br\/emfoco\/#\/schema\/person\/image\/","url":"https:\/\/secure.gravatar.com\/avatar\/4b80ddbd124d1f071b626d52d62e5dff?s=96&d=mm&r=g","contentUrl":"https:\/\/secure.gravatar.com\/avatar\/4b80ddbd124d1f071b626d52d62e5dff?s=96&d=mm&r=g","caption":"Daniely Cardoso"},"url":"https:\/\/www.em.com.br\/emfoco\/author\/danielymyth\/"}]}},"_links":{"self":[{"href":"https:\/\/www.em.com.br\/emfoco\/wp-json\/wp\/v2\/posts\/171955","targetHints":{"allow":["GET"]}}],"collection":[{"href":"https:\/\/www.em.com.br\/emfoco\/wp-json\/wp\/v2\/posts"}],"about":[{"href":"https:\/\/www.em.com.br\/emfoco\/wp-json\/wp\/v2\/types\/post"}],"author":[{"embeddable":true,"href":"https:\/\/www.em.com.br\/emfoco\/wp-json\/wp\/v2\/users\/9"}],"replies":[{"embeddable":true,"href":"https:\/\/www.em.com.br\/emfoco\/wp-json\/wp\/v2\/comments?post=171955"}],"version-history":[{"count":3,"href":"https:\/\/www.em.com.br\/emfoco\/wp-json\/wp\/v2\/posts\/171955\/revisions"}],"predecessor-version":[{"id":172229,"href":"https:\/\/www.em.com.br\/emfoco\/wp-json\/wp\/v2\/posts\/171955\/revisions\/172229"}],"wp:featuredmedia":[{"embeddable":true,"href":"https:\/\/www.em.com.br\/emfoco\/wp-json\/wp\/v2\/media\/172208"}],"wp:attachment":[{"href":"https:\/\/www.em.com.br\/emfoco\/wp-json\/wp\/v2\/media?parent=171955"}],"wp:term":[{"taxonomy":"category","embeddable":true,"href":"https:\/\/www.em.com.br\/emfoco\/wp-json\/wp\/v2\/categories?post=171955"},{"taxonomy":"post_tag","embeddable":true,"href":"https:\/\/www.em.com.br\/emfoco\/wp-json\/wp\/v2\/tags?post=171955"}],"curies":[{"name":"wp","href":"https:\/\/api.w.org\/{rel}","templated":true}]}}