{"id":171930,"date":"2026-02-21T12:55:39","date_gmt":"2026-02-21T15:55:39","guid":{"rendered":"https:\/\/www.em.com.br\/emfoco\/?p=171930"},"modified":"2026-02-20T17:09:42","modified_gmt":"2026-02-20T20:09:42","slug":"unhas-impecaveis-por-21-dias-saiba-por-que-as-milky-nails-sao-perfeitas-para-o-esmalte-em-gel","status":"publish","type":"post","link":"https:\/\/www.em.com.br\/emfoco\/2026\/02\/21\/unhas-impecaveis-por-21-dias-saiba-por-que-as-milky-nails-sao-perfeitas-para-o-esmalte-em-gel\/","title":{"rendered":"Unhas impec\u00e1veis por 21 dias: saiba por que as Milky Nails s\u00e3o perfeitas para o esmalte em gel"},"content":{"rendered":"\n<p>Voc\u00ea j\u00e1 reparou como algumas unhas parecem sempre impec\u00e1veis, mesmo depois de semanas? As <strong>milky nails<\/strong> conquistaram quem busca um visual <strong>limpo<\/strong>, delicado e de baixa manuten\u00e7\u00e3o. Em vez da faixa branca marcada da francesinha tradicional, essa proposta aposta em um <strong>rosa<\/strong> transl\u00facido, leitoso, que cobre toda a superf\u00edcie da unha, entregando um acabamento elegante que combina com qualquer estilo e ocasi\u00e3o.<\/p>\n\n\n\n<h2 class=\"wp-block-heading\">O que s\u00e3o milky nails e por que elas viraram tend\u00eancia<\/h2>\n\n\n\n<p>As <strong>milky nails<\/strong> s\u00e3o unhas esmaltadas com cores claras e <b>semiopacas<\/b>, geralmente em tons de <b>rosa<\/b> ou nude com um toque esbranqui\u00e7ado, como se fosse leite misturado ao esmalte. Diferentemente da francesinha branca cl\u00e1ssica, n\u00e3o h\u00e1 divis\u00e3o evidente entre ponta e base, criando um visual uniforme, suave e supervers\u00e1til.<\/p>\n\n\n\n<p>Esse estilo tem tudo a ver com a ideia de <strong>beleza<\/strong> limpa, que valoriza um look discreto, arrumado e f\u00e1cil de manter no dia a dia. Com a rotina corrida e o custo de manuten\u00e7\u00f5es frequentes em gel, fibra ou acr\u00edlico, muitas pessoas preferem esse efeito <b>natural<\/b>, que combina com qualquer comprimento de unha sem perder o ar sofisticado.<\/p>\n\n\n\n<figure class=\"wp-block-embed is-type-rich is-provider-pinterest wp-block-embed-pinterest\"><div class=\"wp-block-embed__wrapper\">\n<iframe loading=\"lazy\" title=\"Milky nails (blanc laiteux)\" src=\"https:\/\/assets.pinterest.com\/ext\/embed.html?id=211174978160923&#038;src=oembed\" height=\"899\" width=\"450\" frameborder=\"0\" scrolling=\"no\" ><\/iframe>\n<\/div><\/figure>\n\n\n\n<p>Leia tamb\u00e9m:&nbsp;<a href=\"https:\/\/www.em.com.br\/emfoco\/2026\/02\/20\/como-hidratar-unhas-ressecadas-e-evitar-fungos-usando-oleo-de-melaleuca-antes-de-dormir\/\" target=\"_blank\" rel=\"noopener\">Como hidratar unhas ressecadas e evitar fungos usando \u00f3leo de melaleuca antes de dormir<\/a><\/p>\n\n\n\n<h2 class=\"wp-block-heading\">Como substituir a francesinha tradicional pela milky nails rosa<\/h2>\n\n\n\n<p>Para trocar a francesinha branca pelo <strong>rosa<\/strong> transl\u00facido, basta mudar o foco da ponta marcada para a <b>cobertura<\/b> total da unha. Em vez da linha branca, o esmalte leitoso \u00e9 aplicado por toda a l\u00e2mina, criando um v\u00e9u de cor delicado. Esse acabamento funciona em esmalta\u00e7\u00e3o comum, em gel, polygel e alongamentos, desde que a espessura seja bem dosada para manter a apar\u00eancia <strong>natural<\/strong>.<\/p>\n\n\n\n<figure class=\"wp-block-embed is-type-rich is-provider-pinterest wp-block-embed-pinterest\"><div class=\"wp-block-embed__wrapper\">\n<iframe loading=\"lazy\" title=\"Milky white nails\" src=\"https:\/\/assets.pinterest.com\/ext\/embed.html?id=985231164920600&#038;src=oembed\" height=\"899\" width=\"450\" frameborder=\"0\" scrolling=\"no\" ><\/iframe>\n<\/div><\/figure>\n\n\n\n<p>Na pr\u00e1tica, o processo costuma seguir etapas simples e f\u00e1ceis de entender, tanto para quem faz em <b>sal\u00e3o<\/b> quanto em casa:<\/p>\n\n\n\n<ul class=\"wp-block-list\">\n<li><b>Prepara\u00e7\u00e3o<\/b> da unha: higieniza\u00e7\u00e3o, remo\u00e7\u00e3o de oleosidade e cuidado com cut\u00edculas.<\/li>\n\n\n\n<li>Escolha da cor: <strong>rosa<\/strong> leitoso, nude rosado ou misturas personalizadas para chegar ao tom desejado.<\/li>\n\n\n\n<li>Aplica\u00e7\u00e3o em camadas <b>finas<\/b>: duas a tr\u00eas dem\u00e3os, de acordo com o n\u00edvel de transpar\u00eancia buscado.<\/li>\n\n\n\n<li>Acabamento com brilho: uso de <strong>top<\/strong> coat para selar e dar acabamento espelhado ou mais discreto.<\/li>\n<\/ul>\n\n\n\n<p>Para voc\u00ea que gosta de se cuidar, separamos um v\u00eddeo do canal da <a href=\"https:\/\/www.youtube.com\/@NatyScalada\" target=\"_blank\" rel=\"noreferrer noopener\">Naty Scalada<\/a> com dicas para fazer uma esmalta\u00e7\u00e3o em casa perfeita:<\/p>\n\n\n\n<figure class=\"wp-block-embed is-type-video is-provider-youtube wp-block-embed-youtube wp-embed-aspect-16-9 wp-has-aspect-ratio\"><div class=\"wp-block-embed__wrapper\">\n<div class=\"jeg_video_container jeg_video_content\"><iframe loading=\"lazy\" title=\"PASSO A PASSO DE UMA ESMALTA\u00c7\u00c3O SEM MANCHAS\" width=\"500\" height=\"281\" src=\"https:\/\/www.youtube.com\/embed\/kgQ0sBco8DA?feature=oembed\" frameborder=\"0\" allow=\"accelerometer; autoplay; clipboard-write; encrypted-media; gyroscope; picture-in-picture; web-share\" referrerpolicy=\"strict-origin-when-cross-origin\" allowfullscreen><\/iframe><\/div>\n<\/div><\/figure>\n\n\n\n<h2 class=\"wp-block-heading\">Milky nails realmente ajudam a disfar\u00e7ar o crescimento da unha<\/h2>\n\n\n\n<p>Uma das maiores <b>vantagens<\/b> das milky nails rosa \u00e9 que elas disfar\u00e7am super bem o crescimento natural. Como n\u00e3o h\u00e1 contraste forte entre a cor do esmalte e o tom da unha, a regi\u00e3o perto da cut\u00edcula parece apenas uma transi\u00e7\u00e3o suave, e n\u00e3o aquele \u201cdegrau\u201d marcado que aparece na francesinha <strong>tradicional<\/strong>.<\/p>\n\n\n\n<p>Em esmalta\u00e7\u00f5es em gel ou alongamentos, isso fica ainda mais pr\u00e1tico, j\u00e1 que muita gente consegue ficar de duas a tr\u00eas semanas sem retoque. Para prolongar o bom aspecto, vale cuidar do comprimento, hidratar bem as <b>cut\u00edculas<\/b> e escolher tons que se aproximem da cor natural do leito da unha, deixando qualquer <strong>falhinha<\/strong> muito menos evidente.<\/p>\n\n\n\n<figure class=\"wp-block-embed is-type-rich is-provider-pinterest wp-block-embed-pinterest\"><div class=\"wp-block-embed__wrapper\">\n<iframe loading=\"lazy\" title=\"milky white nails\" src=\"https:\/\/assets.pinterest.com\/ext\/embed.html?id=3166662233537736&#038;src=oembed\" height=\"665\" width=\"450\" frameborder=\"0\" scrolling=\"no\" ><\/iframe>\n<\/div><\/figure>\n\n\n\n<h2 class=\"wp-block-heading\">Como escolher o tom ideal de rosa transl\u00facido para suas unhas<\/h2>\n\n\n\n<p>A escolha do tom de rosa leitoso faz toda a diferen\u00e7a no resultado final. Em peles mais claras, rosas frios e levemente acinzentados costumam criar aquele efeito de <strong>unha<\/strong> de porcelana. J\u00e1 em peles m\u00e9dias e escuras, nudes rosados mais quentes costumam ser os <b>queridinhos<\/b>, evitando que as unhas fiquem esbranqui\u00e7adas demais.<\/p>\n\n\n\n<p>Tamb\u00e9m vale considerar o ambiente de <strong>trabalho<\/strong>, a frequ\u00eancia com que voc\u00ea gosta de ir ao sal\u00e3o e o tipo de acabamento que prefere, seja mais cremoso, com brilho intenso ou com leve cintil\u00e2ncia. Em muitos sal\u00f5es, profissionais misturam duas ou mais cores para chegar ao rosa transl\u00facido perfeito para cada pessoa, mantendo sempre a proposta principal: unhas rosadas, delicadas e com apar\u00eancia de <b>cuidado<\/b> constante por semanas.<\/p>\n","protected":false},"excerpt":{"rendered":"<p>Voc\u00ea j\u00e1 reparou como algumas unhas parecem sempre impec\u00e1veis, mesmo depois de semanas? As milky nails conquistaram quem busca um visual limpo, delicado e de baixa manuten\u00e7\u00e3o. Em vez da faixa branca marcada da francesinha tradicional, essa proposta aposta em um rosa transl\u00facido, leitoso, que cobre toda a superf\u00edcie da unha, entregando um acabamento elegante [&hellip;]<\/p>\n","protected":false},"author":9,"featured_media":172146,"comment_status":"open","ping_status":"open","sticky":false,"template":"","format":"standard","meta":{"jnews-multi-image_gallery":[],"jnews_single_post":{"format":"standard"},"jnews_primary_category":[],"jnews_social_meta":[],"jnews_override_counter":[],"footnotes":""},"categories":[8691,8819,1],"tags":[2616,25000,5354],"class_list":["post-171930","post","type-post","status-publish","format-standard","has-post-thumbnail","hentry","category-bem-estar","category-curiosidades","category-noticias","tag-beleza","tag-milky-nails","tag-unhas"],"yoast_head":"<!-- This site is optimized with the Yoast SEO plugin v23.8 - https:\/\/yoast.com\/wordpress\/plugins\/seo\/ -->\n<title>Unhas impec\u00e1veis por 21 dias: saiba por que as Milky Nails s\u00e3o perfeitas para o esmalte em gel - Estado de Minas - Em foco<\/title>\n<meta name=\"description\" content=\"Descubra o charme das Milky Nails, a tend\u00eancia de rosa transl\u00facido que substitui a francesinha e disfar\u00e7a o crescimento das unhas com eleg\u00e2ncia.\" \/>\n<meta name=\"robots\" content=\"index, follow, max-snippet:-1, max-image-preview:large, max-video-preview:-1\" \/>\n<link rel=\"canonical\" href=\"https:\/\/www.em.com.br\/emfoco\/2026\/02\/21\/unhas-impecaveis-por-21-dias-saiba-por-que-as-milky-nails-sao-perfeitas-para-o-esmalte-em-gel\/\" \/>\n<meta property=\"og:locale\" content=\"pt_BR\" \/>\n<meta property=\"og:type\" content=\"article\" \/>\n<meta property=\"og:title\" content=\"Unhas impec\u00e1veis por 21 dias: saiba por que as Milky Nails s\u00e3o perfeitas para o esmalte em gel - Estado de Minas - Em foco\" \/>\n<meta property=\"og:description\" content=\"Descubra o charme das Milky Nails, a tend\u00eancia de rosa transl\u00facido que substitui a francesinha e disfar\u00e7a o crescimento das unhas com eleg\u00e2ncia.\" \/>\n<meta property=\"og:url\" content=\"https:\/\/www.em.com.br\/emfoco\/2026\/02\/21\/unhas-impecaveis-por-21-dias-saiba-por-que-as-milky-nails-sao-perfeitas-para-o-esmalte-em-gel\/\" \/>\n<meta property=\"og:site_name\" content=\"Estado de Minas - Em foco\" \/>\n<meta property=\"article:published_time\" content=\"2026-02-21T15:55:39+00:00\" \/>\n<meta property=\"article:modified_time\" content=\"2026-02-20T20:09:42+00:00\" \/>\n<meta property=\"og:image\" content=\"https:\/\/www.em.com.br\/emfoco\/wp-content\/uploads\/2026\/02\/Gemini_Generated_Image_c19uxic19uxic19u-1.png\" \/>\n\t<meta property=\"og:image:width\" content=\"1280\" \/>\n\t<meta property=\"og:image:height\" content=\"720\" \/>\n\t<meta property=\"og:image:type\" content=\"image\/png\" \/>\n<meta name=\"author\" content=\"Daniely Cardoso\" \/>\n<meta name=\"twitter:card\" content=\"summary_large_image\" \/>\n<meta name=\"twitter:label1\" content=\"Escrito por\" \/>\n\t<meta name=\"twitter:data1\" content=\"Daniely Cardoso\" \/>\n\t<meta name=\"twitter:label2\" content=\"Est. tempo de leitura\" \/>\n\t<meta name=\"twitter:data2\" content=\"4 minutos\" \/>\n<!-- \/ Yoast SEO plugin. -->","yoast_head_json":{"title":"Unhas impec\u00e1veis por 21 dias: saiba por que as Milky Nails s\u00e3o perfeitas para o esmalte em gel - Estado de Minas - Em foco","description":"Descubra o charme das Milky Nails, a tend\u00eancia de rosa transl\u00facido que substitui a francesinha e disfar\u00e7a o crescimento das unhas com eleg\u00e2ncia.","robots":{"index":"index","follow":"follow","max-snippet":"max-snippet:-1","max-image-preview":"max-image-preview:large","max-video-preview":"max-video-preview:-1"},"canonical":"https:\/\/www.em.com.br\/emfoco\/2026\/02\/21\/unhas-impecaveis-por-21-dias-saiba-por-que-as-milky-nails-sao-perfeitas-para-o-esmalte-em-gel\/","og_locale":"pt_BR","og_type":"article","og_title":"Unhas impec\u00e1veis por 21 dias: saiba por que as Milky Nails s\u00e3o perfeitas para o esmalte em gel - Estado de Minas - Em foco","og_description":"Descubra o charme das Milky Nails, a tend\u00eancia de rosa transl\u00facido que substitui a francesinha e disfar\u00e7a o crescimento das unhas com eleg\u00e2ncia.","og_url":"https:\/\/www.em.com.br\/emfoco\/2026\/02\/21\/unhas-impecaveis-por-21-dias-saiba-por-que-as-milky-nails-sao-perfeitas-para-o-esmalte-em-gel\/","og_site_name":"Estado de Minas - Em foco","article_published_time":"2026-02-21T15:55:39+00:00","article_modified_time":"2026-02-20T20:09:42+00:00","og_image":[{"width":1280,"height":720,"url":"https:\/\/www.em.com.br\/emfoco\/wp-content\/uploads\/2026\/02\/Gemini_Generated_Image_c19uxic19uxic19u-1.png","type":"image\/png"}],"author":"Daniely Cardoso","twitter_card":"summary_large_image","twitter_misc":{"Escrito por":"Daniely Cardoso","Est. tempo de leitura":"4 minutos"},"schema":{"@context":"https:\/\/schema.org","@graph":[{"@type":"WebPage","@id":"https:\/\/www.em.com.br\/emfoco\/2026\/02\/21\/unhas-impecaveis-por-21-dias-saiba-por-que-as-milky-nails-sao-perfeitas-para-o-esmalte-em-gel\/","url":"https:\/\/www.em.com.br\/emfoco\/2026\/02\/21\/unhas-impecaveis-por-21-dias-saiba-por-que-as-milky-nails-sao-perfeitas-para-o-esmalte-em-gel\/","name":"Unhas impec\u00e1veis por 21 dias: saiba por que as Milky Nails s\u00e3o perfeitas para o esmalte em gel - Estado de Minas - Em foco","isPartOf":{"@id":"https:\/\/www.em.com.br\/emfoco\/#website"},"primaryImageOfPage":{"@id":"https:\/\/www.em.com.br\/emfoco\/2026\/02\/21\/unhas-impecaveis-por-21-dias-saiba-por-que-as-milky-nails-sao-perfeitas-para-o-esmalte-em-gel\/#primaryimage"},"image":{"@id":"https:\/\/www.em.com.br\/emfoco\/2026\/02\/21\/unhas-impecaveis-por-21-dias-saiba-por-que-as-milky-nails-sao-perfeitas-para-o-esmalte-em-gel\/#primaryimage"},"thumbnailUrl":"https:\/\/www.em.com.br\/emfoco\/wp-content\/uploads\/2026\/02\/Gemini_Generated_Image_c19uxic19uxic19u-1.png","datePublished":"2026-02-21T15:55:39+00:00","dateModified":"2026-02-20T20:09:42+00:00","author":{"@id":"https:\/\/www.em.com.br\/emfoco\/#\/schema\/person\/0a8186d72f2c3a5c6276d90b41f271a0"},"description":"Descubra o charme das Milky Nails, a tend\u00eancia de rosa transl\u00facido que substitui a francesinha e disfar\u00e7a o crescimento das unhas com eleg\u00e2ncia.","breadcrumb":{"@id":"https:\/\/www.em.com.br\/emfoco\/2026\/02\/21\/unhas-impecaveis-por-21-dias-saiba-por-que-as-milky-nails-sao-perfeitas-para-o-esmalte-em-gel\/#breadcrumb"},"inLanguage":"pt-BR","potentialAction":[{"@type":"ReadAction","target":["https:\/\/www.em.com.br\/emfoco\/2026\/02\/21\/unhas-impecaveis-por-21-dias-saiba-por-que-as-milky-nails-sao-perfeitas-para-o-esmalte-em-gel\/"]}]},{"@type":"ImageObject","inLanguage":"pt-BR","@id":"https:\/\/www.em.com.br\/emfoco\/2026\/02\/21\/unhas-impecaveis-por-21-dias-saiba-por-que-as-milky-nails-sao-perfeitas-para-o-esmalte-em-gel\/#primaryimage","url":"https:\/\/www.em.com.br\/emfoco\/wp-content\/uploads\/2026\/02\/Gemini_Generated_Image_c19uxic19uxic19u-1.png","contentUrl":"https:\/\/www.em.com.br\/emfoco\/wp-content\/uploads\/2026\/02\/Gemini_Generated_Image_c19uxic19uxic19u-1.png","width":1280,"height":720,"caption":"Al\u00e9m disso, a superf\u00edcie reduzida pede cores suaves, detalhes finos e desenhos limpos, acompanhando o estilo minimalista"},{"@type":"BreadcrumbList","@id":"https:\/\/www.em.com.br\/emfoco\/2026\/02\/21\/unhas-impecaveis-por-21-dias-saiba-por-que-as-milky-nails-sao-perfeitas-para-o-esmalte-em-gel\/#breadcrumb","itemListElement":[{"@type":"ListItem","position":1,"name":"In\u00edcio","item":"https:\/\/www.em.com.br\/emfoco\/"},{"@type":"ListItem","position":2,"name":"Unhas impec\u00e1veis por 21 dias: saiba por que as Milky Nails s\u00e3o perfeitas para o esmalte em gel"}]},{"@type":"WebSite","@id":"https:\/\/www.em.com.br\/emfoco\/#website","url":"https:\/\/www.em.com.br\/emfoco\/","name":"Estado de Minas - Em foco","description":"Acompanhe as \u00faltimas not\u00edcias e fique bem informado sobre tudo o que acontece em Minas Gerais, Brasil e no mundo.","potentialAction":[{"@type":"SearchAction","target":{"@type":"EntryPoint","urlTemplate":"https:\/\/www.em.com.br\/emfoco\/?s={search_term_string}"},"query-input":{"@type":"PropertyValueSpecification","valueRequired":true,"valueName":"search_term_string"}}],"inLanguage":"pt-BR"},{"@type":"Person","@id":"https:\/\/www.em.com.br\/emfoco\/#\/schema\/person\/0a8186d72f2c3a5c6276d90b41f271a0","name":"Daniely Cardoso","image":{"@type":"ImageObject","inLanguage":"pt-BR","@id":"https:\/\/www.em.com.br\/emfoco\/#\/schema\/person\/image\/","url":"https:\/\/secure.gravatar.com\/avatar\/4b80ddbd124d1f071b626d52d62e5dff?s=96&d=mm&r=g","contentUrl":"https:\/\/secure.gravatar.com\/avatar\/4b80ddbd124d1f071b626d52d62e5dff?s=96&d=mm&r=g","caption":"Daniely Cardoso"},"url":"https:\/\/www.em.com.br\/emfoco\/author\/danielymyth\/"}]}},"_links":{"self":[{"href":"https:\/\/www.em.com.br\/emfoco\/wp-json\/wp\/v2\/posts\/171930","targetHints":{"allow":["GET"]}}],"collection":[{"href":"https:\/\/www.em.com.br\/emfoco\/wp-json\/wp\/v2\/posts"}],"about":[{"href":"https:\/\/www.em.com.br\/emfoco\/wp-json\/wp\/v2\/types\/post"}],"author":[{"embeddable":true,"href":"https:\/\/www.em.com.br\/emfoco\/wp-json\/wp\/v2\/users\/9"}],"replies":[{"embeddable":true,"href":"https:\/\/www.em.com.br\/emfoco\/wp-json\/wp\/v2\/comments?post=171930"}],"version-history":[{"count":2,"href":"https:\/\/www.em.com.br\/emfoco\/wp-json\/wp\/v2\/posts\/171930\/revisions"}],"predecessor-version":[{"id":172148,"href":"https:\/\/www.em.com.br\/emfoco\/wp-json\/wp\/v2\/posts\/171930\/revisions\/172148"}],"wp:featuredmedia":[{"embeddable":true,"href":"https:\/\/www.em.com.br\/emfoco\/wp-json\/wp\/v2\/media\/172146"}],"wp:attachment":[{"href":"https:\/\/www.em.com.br\/emfoco\/wp-json\/wp\/v2\/media?parent=171930"}],"wp:term":[{"taxonomy":"category","embeddable":true,"href":"https:\/\/www.em.com.br\/emfoco\/wp-json\/wp\/v2\/categories?post=171930"},{"taxonomy":"post_tag","embeddable":true,"href":"https:\/\/www.em.com.br\/emfoco\/wp-json\/wp\/v2\/tags?post=171930"}],"curies":[{"name":"wp","href":"https:\/\/api.w.org\/{rel}","templated":true}]}}