{"id":171881,"date":"2026-02-20T12:28:00","date_gmt":"2026-02-20T15:28:00","guid":{"rendered":"https:\/\/www.em.com.br\/emfoco\/?p=171881"},"modified":"2026-02-20T11:29:42","modified_gmt":"2026-02-20T14:29:42","slug":"adeus-a-saia-jeans-a-nova-tendencia-que-chegou-da-espanha-e-esta-dominando-no-verao-de-2026","status":"publish","type":"post","link":"https:\/\/www.em.com.br\/emfoco\/2026\/02\/20\/adeus-a-saia-jeans-a-nova-tendencia-que-chegou-da-espanha-e-esta-dominando-no-verao-de-2026\/","title":{"rendered":"Adeus a saia jeans: a nova tend\u00eancia que chegou da Espanha e est\u00e1 dominando no ver\u00e3o de 2026"},"content":{"rendered":"\n<p>A substitui\u00e7\u00e3o da <strong>saia jeans r\u00edgida<\/strong> pela <strong>saia midi fluida<\/strong> est\u00e1 transformando os <strong>looks de ver\u00e3o na Espanha<\/strong>, e o motivo vai muito al\u00e9m da est\u00e9tica. O novo modelo favorece o conforto, melhora a mobilidade do corpo e contribui diretamente para o bem-estar f\u00edsico, permitindo movimentos naturais e leves que valorizam a postura e aumentam a sensa\u00e7\u00e3o de liberdade no dia a dia.<\/p>\n\n\n\n<h2 class=\"wp-block-heading\">Por que a saia midi fluida favorece mais o conforto corporal?<\/h2>\n\n\n\n<p>Diferente da <strong>saia jeans,<\/strong> que costuma ter <a href=\"https:\/\/www.em.com.br\/emfoco\/emfoco\/2026\/02\/11\/adeus-ao-jeans-a-nova-tendencia-que-chegou-da-europa-e-esta-dominando-este-verao\/\" target=\"_blank\" rel=\"noreferrer noopener\">tecido mais pesado e limitar movimentos<\/a>, a <strong>saia midi fluida<\/strong> acompanha o corpo com suavidade. Isso reduz pontos de press\u00e3o na cintura, quadris e pernas, permitindo que a musculatura se movimente sem restri\u00e7\u00f5es, o que \u00e9 essencial para manter o corpo relaxado e ativo.<\/p>\n\n\n\n<p>Essa liberdade de movimento contribui diretamente para o equil\u00edbrio postural e o conforto t\u00e9rmico, especialmente em dias quentes. Tecidos leves ajudam a reduzir o ac\u00famulo de calor, evitando desconfortos e permitindo que o corpo respire melhor, algo fundamental para manter a sensa\u00e7\u00e3o de frescor durante todo o dia.<\/p>\n\n\n\n<h2 class=\"wp-block-heading\">Como essa tend\u00eancia impacta o bem-estar f\u00edsico no dia a dia?<\/h2>\n\n\n\n<p>O uso de roupas que n\u00e3o limitam o corpo influencia diretamente na forma como voc\u00ea se movimenta, caminha e at\u00e9 se posiciona. Quando o tecido \u00e9 leve e fluido, o corpo tende a manter uma postura mais natural, reduzindo tens\u00f5es musculares e favorecendo o conforto prolongado.<\/p>\n\n\n\n<p>Os benef\u00edcios mais percebidos aparecem principalmente durante atividades cotidianas, como caminhar, subir escadas ou permanecer longos per\u00edodos em p\u00e9. A escolha de pe\u00e7as adequadas pode fazer uma diferen\u00e7a significativa na forma como o corpo reage ao longo do dia.<\/p>\n\n\n\n<style>\n.wp-mobilidade-bloco {\n  max-width: 940px;\n  margin: 28px auto;\n  font-family: -apple-system, BlinkMacSystemFont, \"Segoe UI\", Roboto, Arial, sans-serif;\n}\n\n.wp-mobilidade-container {\n  background: linear-gradient(135deg, #ffffff, #eff6ff);\n  border: 1px solid #bfdbfe;\n  border-radius: 18px;\n  padding: 24px;\n  box-shadow: 0 10px 26px rgba(0,0,0,0.05);\n}\n\n\/* Cabe\u00e7alho *\/\n.wp-mobilidade-header {\n  text-align: center;\n  margin-bottom: 22px;\n}\n\n.wp-mobilidade-title {\n  font-size: 20px;\n  font-weight: 600;\n  color: #1e40af;\n  margin-bottom: 6px;\n}\n\n.wp-mobilidade-subtitle {\n  font-size: 14.5px;\n  color: #6b7280;\n}\n\n\/* Layout estilo colunas verticais com divisores *\/\n.wp-mobilidade-grid {\n  display: grid;\n  grid-template-columns: repeat(4, 1fr);\n  gap: 0;\n  border-radius: 14px;\n  overflow: hidden;\n  border: 1px solid #dbeafe;\n}\n\n.wp-mobilidade-item {\n  background: #ffffff;\n  padding: 18px 16px;\n  text-align: center;\n  border-right: 1px solid #dbeafe;\n}\n\n.wp-mobilidade-item:last-child {\n  border-right: none;\n}\n\n.wp-mobilidade-icon {\n  width: 42px;\n  height: 42px;\n  margin: 0 auto 10px auto;\n  border-radius: 12px;\n  background: linear-gradient(135deg, #2563eb, #3b82f6);\n  display: flex;\n  align-items: center;\n  justify-content: center;\n}\n\n.wp-mobilidade-icon svg {\n  width: 20px;\n  height: 20px;\n  fill: #ffffff;\n}\n\n.wp-mobilidade-benefit {\n  font-size: 15.5px;\n  font-weight: 600;\n  color: #1d4ed8;\n  margin-bottom: 6px;\n}\n\n.wp-mobilidade-desc {\n  font-size: 14.5px;\n  color: #374151;\n  line-height: 1.6;\n}\n\n\/* Responsivo *\/\n@media (max-width: 800px) {\n  .wp-mobilidade-grid {\n    grid-template-columns: repeat(2, 1fr);\n  }\n\n  .wp-mobilidade-item {\n    border-right: 1px solid #dbeafe;\n    border-bottom: 1px solid #dbeafe;\n  }\n\n  .wp-mobilidade-item:nth-child(2n) {\n    border-right: none;\n  }\n\n  .wp-mobilidade-item:last-child {\n    border-bottom: none;\n  }\n}\n\n@media (max-width: 480px) {\n  .wp-mobilidade-grid {\n    grid-template-columns: 1fr;\n  }\n\n  .wp-mobilidade-item {\n    border-right: none;\n    border-bottom: 1px solid #dbeafe;\n  }\n\n  .wp-mobilidade-item:last-child {\n    border-bottom: none;\n  }\n\n  .wp-mobilidade-container {\n    padding: 18px 14px;\n  }\n\n  .wp-mobilidade-title {\n    font-size: 18px;\n  }\n\n  .wp-mobilidade-desc {\n    font-size: 14px;\n  }\n}\n<\/style>\n\n<div class=\"wp-mobilidade-bloco\">\n  <div class=\"wp-mobilidade-container\">\n\n    <div class=\"wp-mobilidade-header\">\n      <div class=\"wp-mobilidade-title\">Benef\u00edcios de roupas com melhor conforto e mobilidade<\/div>\n      <div class=\"wp-mobilidade-subtitle\">Mais liberdade, leveza e bem-estar no dia a dia<\/div>\n    <\/div>\n\n    <div class=\"wp-mobilidade-grid\">\n\n      <div class=\"wp-mobilidade-item\">\n        <div class=\"wp-mobilidade-icon\">\n          <svg viewBox=\"0 0 24 24\">\n            <path d=\"M13 2v8h8v2h-8v8h-2v-8H3v-2h8V2z\"\/>\n          <\/svg>\n        <\/div>\n        <div class=\"wp-mobilidade-benefit\">Melhor mobilidade<\/div>\n        <div class=\"wp-mobilidade-desc\">\n          Permite passos mais livres e naturais, sem restri\u00e7\u00f5es.\n        <\/div>\n      <\/div>\n\n      <div class=\"wp-mobilidade-item\">\n        <div class=\"wp-mobilidade-icon\">\n          <svg viewBox=\"0 0 24 24\">\n            <path d=\"M12 22c5-4 8-7 8-11a8 8 0 10-16 0c0 4 3 7 8 11z\"\/>\n          <\/svg>\n        <\/div>\n        <div class=\"wp-mobilidade-benefit\">Menos tens\u00e3o muscular<\/div>\n        <div class=\"wp-mobilidade-desc\">\n          Evita compress\u00e3o excessiva em \u00e1reas sens\u00edveis do corpo.\n        <\/div>\n      <\/div>\n\n      <div class=\"wp-mobilidade-item\">\n        <div class=\"wp-mobilidade-icon\">\n          <svg viewBox=\"0 0 24 24\">\n            <path d=\"M12 3c3 3 6 5 6 9a6 6 0 11-12 0c0-4 3-6 6-9z\"\/>\n          <\/svg>\n        <\/div>\n        <div class=\"wp-mobilidade-benefit\">Maior conforto t\u00e9rmico<\/div>\n        <div class=\"wp-mobilidade-desc\">\n          Tecidos leves ajudam na ventila\u00e7\u00e3o e no equil\u00edbrio da temperatura corporal.\n        <\/div>\n      <\/div>\n\n      <div class=\"wp-mobilidade-item\">\n        <div class=\"wp-mobilidade-icon\">\n          <svg viewBox=\"0 0 24 24\">\n            <path d=\"M4 12h16M12 4v16\"\/>\n          <\/svg>\n        <\/div>\n        <div class=\"wp-mobilidade-benefit\">Mais liberdade funcional<\/div>\n        <div class=\"wp-mobilidade-desc\">\n          Facilita movimentos do cotidiano com mais leveza e naturalidade.\n        <\/div>\n      <\/div>\n\n    <\/div>\n\n  <\/div>\n<\/div>\n\n\n\n<h2 class=\"wp-block-heading\">Por que os looks de ver\u00e3o na Espanha est\u00e3o priorizando pe\u00e7as mais leves?<\/h2>\n\n\n\n<p>Os<strong> looks de ver\u00e3o na Espanha<\/strong> refletem uma busca crescente por conforto e funcionalidade, sem abrir m\u00e3o da eleg\u00e2ncia. O clima quente exige pe\u00e7as que ajudem o corpo a manter uma temperatura equilibrada, evitando desconforto e sensa\u00e7\u00e3o de peso durante o dia.<\/p>\n\n\n\n<p>A saia mini fluida e a saia midi fluida se destacam por oferecerem frescor e liberdade, caracter\u00edsticas que favorecem a circula\u00e7\u00e3o de ar e contribuem para o conforto f\u00edsico. Isso permite que o corpo se adapte melhor ao calor, reduzindo o cansa\u00e7o e aumentando a disposi\u00e7\u00e3o.<\/p>\n\n\n\n<h2 class=\"wp-block-heading\">Quais caracter\u00edsticas tornam a saia midi fluida ideal para o corpo?<\/h2>\n\n\n\n<p>O principal diferencial est\u00e1 no tipo de tecido e no corte, que respeitam o formato natural do corpo sem apertar ou limitar. Isso contribui para uma sensa\u00e7\u00e3o de leveza constante, algo essencial para quem busca conforto aliado \u00e0 est\u00e9tica e ao bem-estar f\u00edsico.<\/p>\n\n\n\n<p>Alguns elementos espec\u00edficos tornam essa pe\u00e7a especialmente ben\u00e9fica para o uso prolongado, principalmente em ambientes quentes e em rotinas com bastante movimento. Esses fatores ajudam a melhorar a experi\u00eancia corporal como um todo.<\/p>\n\n\n\n<ul class=\"wp-block-list\">\n<li><strong>Tecido leve:<\/strong> reduz o peso sobre o corpo e melhora o conforto.<\/li>\n\n\n\n<li><strong>Modelagem solta:<\/strong> permite liberdade total de movimento.<\/li>\n\n\n\n<li><strong>Melhor ventila\u00e7\u00e3o:<\/strong> ajuda o corpo a manter temperatura agrad\u00e1vel.<\/li>\n\n\n\n<li><strong>Menor atrito:<\/strong> evita desconfortos causados por tecidos r\u00edgidos.<\/li>\n<\/ul>\n\n\n<div class=\"wp-block-image\">\n<figure class=\"aligncenter size-large\"><img loading=\"lazy\" decoding=\"async\" width=\"1024\" height=\"585\" src=\"https:\/\/www.em.com.br\/emfoco\/wp-content\/uploads\/2026\/02\/freepik__saia-midi-fluida-leve-em-tecido-claro-e-solto-movi__72937-1024x585.jpeg\" alt=\"Adeus a saia jeans: a nova tend\u00eancia que chegou da Espanha e est\u00e1 dominando no ver\u00e3o de 2026\" class=\"wp-image-171906\"\/><figcaption class=\"wp-element-caption\">Looks de ver\u00e3o na Espanha priorizam saia midi fluida por mais conforto e liberdade<\/figcaption><\/figure><\/div>\n\n\n<h2 class=\"wp-block-heading\">Como escolher o modelo ideal para favorecer conforto e mobilidade?<\/h2>\n\n\n\n<p>Ao escolher uma saia midi fluida no lugar da saia jeans, \u00e9 importante observar tecidos como viscose, algod\u00e3o leve ou materiais respir\u00e1veis, que favorecem a ventila\u00e7\u00e3o e o movimento natural. Esses tecidos ajudam o corpo a se manter confort\u00e1vel mesmo em temperaturas elevadas.<\/p>\n\n\n\n<p>Outro ponto essencial \u00e9 o ajuste na cintura, que deve ser firme, mas n\u00e3o apertado. Um bom ajuste contribui para estabilidade sem comprometer a circula\u00e7\u00e3o ou limitar movimentos, permitindo que o corpo funcione de forma livre e equilibrada ao longo do dia.<\/p>\n","protected":false},"excerpt":{"rendered":"<p>A substitui\u00e7\u00e3o da saia jeans r\u00edgida pela saia midi fluida est\u00e1 transformando os looks de ver\u00e3o na Espanha, e o motivo vai muito al\u00e9m da est\u00e9tica. O novo modelo favorece o conforto, melhora a mobilidade do corpo e contribui diretamente para o bem-estar f\u00edsico, permitindo movimentos naturais e leves que valorizam a postura e aumentam [&hellip;]<\/p>\n","protected":false},"author":10,"featured_media":171907,"comment_status":"open","ping_status":"open","sticky":false,"template":"","format":"standard","meta":{"jnews-multi-image_gallery":[],"jnews_single_post":{"format":"standard"},"jnews_primary_category":[],"jnews_social_meta":[],"jnews_override_counter":[],"footnotes":""},"categories":[1],"tags":[4977,24285,24991,1827],"class_list":["post-171881","post","type-post","status-publish","format-standard","has-post-thumbnail","hentry","category-noticias","tag-moda","tag-saia-jeans","tag-saia-midi-fluida","tag-verao"],"yoast_head":"<!-- This site is optimized with the Yoast SEO plugin v23.8 - https:\/\/yoast.com\/wordpress\/plugins\/seo\/ -->\n<title>Adeus a saia jeans: a nova tend\u00eancia que chegou da Espanha e est\u00e1 dominando no ver\u00e3o de 2026 - Estado de Minas - Em foco<\/title>\n<meta name=\"description\" content=\"A saia midi fluida substitui a saia jeans r\u00edgida nos looks de ver\u00e3o na Espanha, melhora mobilidade e aumenta o conforto corporal.\" \/>\n<meta name=\"robots\" content=\"index, follow, max-snippet:-1, max-image-preview:large, max-video-preview:-1\" \/>\n<link rel=\"canonical\" href=\"https:\/\/www.em.com.br\/emfoco\/2026\/02\/20\/adeus-a-saia-jeans-a-nova-tendencia-que-chegou-da-espanha-e-esta-dominando-no-verao-de-2026\/\" \/>\n<meta property=\"og:locale\" content=\"pt_BR\" \/>\n<meta property=\"og:type\" content=\"article\" \/>\n<meta property=\"og:title\" content=\"Adeus a saia jeans: a nova tend\u00eancia que chegou da Espanha e est\u00e1 dominando no ver\u00e3o de 2026 - Estado de Minas - Em foco\" \/>\n<meta property=\"og:description\" content=\"A saia midi fluida substitui a saia jeans r\u00edgida nos looks de ver\u00e3o na Espanha, melhora mobilidade e aumenta o conforto corporal.\" \/>\n<meta property=\"og:url\" content=\"https:\/\/www.em.com.br\/emfoco\/2026\/02\/20\/adeus-a-saia-jeans-a-nova-tendencia-que-chegou-da-espanha-e-esta-dominando-no-verao-de-2026\/\" \/>\n<meta property=\"og:site_name\" content=\"Estado de Minas - Em foco\" \/>\n<meta property=\"article:published_time\" content=\"2026-02-20T15:28:00+00:00\" \/>\n<meta property=\"article:modified_time\" content=\"2026-02-20T14:29:42+00:00\" \/>\n<meta property=\"og:image\" content=\"https:\/\/www.em.com.br\/emfoco\/wp-content\/uploads\/2026\/02\/freepik__saia-jeans-rgida-pendurada-em-cabide-com-um-grande__72938-e1771597653989.jpeg\" \/>\n\t<meta property=\"og:image:width\" content=\"1280\" \/>\n\t<meta property=\"og:image:height\" content=\"731\" \/>\n\t<meta property=\"og:image:type\" content=\"image\/jpeg\" \/>\n<meta name=\"author\" content=\"Patryck Reinehr\" \/>\n<meta name=\"twitter:card\" content=\"summary_large_image\" \/>\n<meta name=\"twitter:label1\" content=\"Escrito por\" \/>\n\t<meta name=\"twitter:data1\" content=\"Patryck Reinehr\" \/>\n\t<meta name=\"twitter:label2\" content=\"Est. tempo de leitura\" \/>\n\t<meta name=\"twitter:data2\" content=\"5 minutos\" \/>\n<!-- \/ Yoast SEO plugin. -->","yoast_head_json":{"title":"Adeus a saia jeans: a nova tend\u00eancia que chegou da Espanha e est\u00e1 dominando no ver\u00e3o de 2026 - Estado de Minas - Em foco","description":"A saia midi fluida substitui a saia jeans r\u00edgida nos looks de ver\u00e3o na Espanha, melhora mobilidade e aumenta o conforto corporal.","robots":{"index":"index","follow":"follow","max-snippet":"max-snippet:-1","max-image-preview":"max-image-preview:large","max-video-preview":"max-video-preview:-1"},"canonical":"https:\/\/www.em.com.br\/emfoco\/2026\/02\/20\/adeus-a-saia-jeans-a-nova-tendencia-que-chegou-da-espanha-e-esta-dominando-no-verao-de-2026\/","og_locale":"pt_BR","og_type":"article","og_title":"Adeus a saia jeans: a nova tend\u00eancia que chegou da Espanha e est\u00e1 dominando no ver\u00e3o de 2026 - Estado de Minas - Em foco","og_description":"A saia midi fluida substitui a saia jeans r\u00edgida nos looks de ver\u00e3o na Espanha, melhora mobilidade e aumenta o conforto corporal.","og_url":"https:\/\/www.em.com.br\/emfoco\/2026\/02\/20\/adeus-a-saia-jeans-a-nova-tendencia-que-chegou-da-espanha-e-esta-dominando-no-verao-de-2026\/","og_site_name":"Estado de Minas - Em foco","article_published_time":"2026-02-20T15:28:00+00:00","article_modified_time":"2026-02-20T14:29:42+00:00","og_image":[{"width":1280,"height":731,"url":"https:\/\/www.em.com.br\/emfoco\/wp-content\/uploads\/2026\/02\/freepik__saia-jeans-rgida-pendurada-em-cabide-com-um-grande__72938-e1771597653989.jpeg","type":"image\/jpeg"}],"author":"Patryck Reinehr","twitter_card":"summary_large_image","twitter_misc":{"Escrito por":"Patryck Reinehr","Est. tempo de leitura":"5 minutos"},"schema":{"@context":"https:\/\/schema.org","@graph":[{"@type":"WebPage","@id":"https:\/\/www.em.com.br\/emfoco\/2026\/02\/20\/adeus-a-saia-jeans-a-nova-tendencia-que-chegou-da-espanha-e-esta-dominando-no-verao-de-2026\/","url":"https:\/\/www.em.com.br\/emfoco\/2026\/02\/20\/adeus-a-saia-jeans-a-nova-tendencia-que-chegou-da-espanha-e-esta-dominando-no-verao-de-2026\/","name":"Adeus a saia jeans: a nova tend\u00eancia que chegou da Espanha e est\u00e1 dominando no ver\u00e3o de 2026 - Estado de Minas - Em foco","isPartOf":{"@id":"https:\/\/www.em.com.br\/emfoco\/#website"},"primaryImageOfPage":{"@id":"https:\/\/www.em.com.br\/emfoco\/2026\/02\/20\/adeus-a-saia-jeans-a-nova-tendencia-que-chegou-da-espanha-e-esta-dominando-no-verao-de-2026\/#primaryimage"},"image":{"@id":"https:\/\/www.em.com.br\/emfoco\/2026\/02\/20\/adeus-a-saia-jeans-a-nova-tendencia-que-chegou-da-espanha-e-esta-dominando-no-verao-de-2026\/#primaryimage"},"thumbnailUrl":"https:\/\/www.em.com.br\/emfoco\/wp-content\/uploads\/2026\/02\/freepik__saia-jeans-rgida-pendurada-em-cabide-com-um-grande__72938-e1771597653989.jpeg","datePublished":"2026-02-20T15:28:00+00:00","dateModified":"2026-02-20T14:29:42+00:00","author":{"@id":"https:\/\/www.em.com.br\/emfoco\/#\/schema\/person\/43407752bebcbbb4d0ec79deedc0d7ce"},"description":"A saia midi fluida substitui a saia jeans r\u00edgida nos looks de ver\u00e3o na Espanha, melhora mobilidade e aumenta o conforto corporal.","breadcrumb":{"@id":"https:\/\/www.em.com.br\/emfoco\/2026\/02\/20\/adeus-a-saia-jeans-a-nova-tendencia-que-chegou-da-espanha-e-esta-dominando-no-verao-de-2026\/#breadcrumb"},"inLanguage":"pt-BR","potentialAction":[{"@type":"ReadAction","target":["https:\/\/www.em.com.br\/emfoco\/2026\/02\/20\/adeus-a-saia-jeans-a-nova-tendencia-que-chegou-da-espanha-e-esta-dominando-no-verao-de-2026\/"]}]},{"@type":"ImageObject","inLanguage":"pt-BR","@id":"https:\/\/www.em.com.br\/emfoco\/2026\/02\/20\/adeus-a-saia-jeans-a-nova-tendencia-que-chegou-da-espanha-e-esta-dominando-no-verao-de-2026\/#primaryimage","url":"https:\/\/www.em.com.br\/emfoco\/wp-content\/uploads\/2026\/02\/freepik__saia-jeans-rgida-pendurada-em-cabide-com-um-grande__72938-e1771597653989.jpeg","contentUrl":"https:\/\/www.em.com.br\/emfoco\/wp-content\/uploads\/2026\/02\/freepik__saia-jeans-rgida-pendurada-em-cabide-com-um-grande__72938-e1771597653989.jpeg","width":1280,"height":731,"caption":"Looks de ver\u00e3o na Espanha adotam a saia midi fluida por mais leveza, conforto t\u00e9rmico e liberdade de movimento no dia a dia."},{"@type":"BreadcrumbList","@id":"https:\/\/www.em.com.br\/emfoco\/2026\/02\/20\/adeus-a-saia-jeans-a-nova-tendencia-que-chegou-da-espanha-e-esta-dominando-no-verao-de-2026\/#breadcrumb","itemListElement":[{"@type":"ListItem","position":1,"name":"In\u00edcio","item":"https:\/\/www.em.com.br\/emfoco\/"},{"@type":"ListItem","position":2,"name":"Adeus a saia jeans: a nova tend\u00eancia que chegou da Espanha e est\u00e1 dominando no ver\u00e3o de 2026"}]},{"@type":"WebSite","@id":"https:\/\/www.em.com.br\/emfoco\/#website","url":"https:\/\/www.em.com.br\/emfoco\/","name":"Estado de Minas - Em foco","description":"Acompanhe as \u00faltimas not\u00edcias e fique bem informado sobre tudo o que acontece em Minas Gerais, Brasil e no mundo.","potentialAction":[{"@type":"SearchAction","target":{"@type":"EntryPoint","urlTemplate":"https:\/\/www.em.com.br\/emfoco\/?s={search_term_string}"},"query-input":{"@type":"PropertyValueSpecification","valueRequired":true,"valueName":"search_term_string"}}],"inLanguage":"pt-BR"},{"@type":"Person","@id":"https:\/\/www.em.com.br\/emfoco\/#\/schema\/person\/43407752bebcbbb4d0ec79deedc0d7ce","name":"Patryck Reinehr","image":{"@type":"ImageObject","inLanguage":"pt-BR","@id":"https:\/\/www.em.com.br\/emfoco\/#\/schema\/person\/image\/","url":"https:\/\/secure.gravatar.com\/avatar\/570c7fb2898c0e2df0823196891bea88?s=96&d=mm&r=g","contentUrl":"https:\/\/secure.gravatar.com\/avatar\/570c7fb2898c0e2df0823196891bea88?s=96&d=mm&r=g","caption":"Patryck Reinehr"},"url":"https:\/\/www.em.com.br\/emfoco\/author\/patryckmyth\/"}]}},"_links":{"self":[{"href":"https:\/\/www.em.com.br\/emfoco\/wp-json\/wp\/v2\/posts\/171881","targetHints":{"allow":["GET"]}}],"collection":[{"href":"https:\/\/www.em.com.br\/emfoco\/wp-json\/wp\/v2\/posts"}],"about":[{"href":"https:\/\/www.em.com.br\/emfoco\/wp-json\/wp\/v2\/types\/post"}],"author":[{"embeddable":true,"href":"https:\/\/www.em.com.br\/emfoco\/wp-json\/wp\/v2\/users\/10"}],"replies":[{"embeddable":true,"href":"https:\/\/www.em.com.br\/emfoco\/wp-json\/wp\/v2\/comments?post=171881"}],"version-history":[{"count":1,"href":"https:\/\/www.em.com.br\/emfoco\/wp-json\/wp\/v2\/posts\/171881\/revisions"}],"predecessor-version":[{"id":171909,"href":"https:\/\/www.em.com.br\/emfoco\/wp-json\/wp\/v2\/posts\/171881\/revisions\/171909"}],"wp:featuredmedia":[{"embeddable":true,"href":"https:\/\/www.em.com.br\/emfoco\/wp-json\/wp\/v2\/media\/171907"}],"wp:attachment":[{"href":"https:\/\/www.em.com.br\/emfoco\/wp-json\/wp\/v2\/media?parent=171881"}],"wp:term":[{"taxonomy":"category","embeddable":true,"href":"https:\/\/www.em.com.br\/emfoco\/wp-json\/wp\/v2\/categories?post=171881"},{"taxonomy":"post_tag","embeddable":true,"href":"https:\/\/www.em.com.br\/emfoco\/wp-json\/wp\/v2\/tags?post=171881"}],"curies":[{"name":"wp","href":"https:\/\/api.w.org\/{rel}","templated":true}]}}