{"id":171809,"date":"2026-02-21T10:25:00","date_gmt":"2026-02-21T13:25:00","guid":{"rendered":"https:\/\/www.em.com.br\/emfoco\/?p=171809"},"modified":"2026-02-21T01:33:10","modified_gmt":"2026-02-21T04:33:10","slug":"diga-adeus-as-unhas-francesinhas-e-vermelhas-essa-e-a-tendencia-mais-elegante-para-2026","status":"publish","type":"post","link":"https:\/\/www.em.com.br\/emfoco\/2026\/02\/21\/diga-adeus-as-unhas-francesinhas-e-vermelhas-essa-e-a-tendencia-mais-elegante-para-2026\/","title":{"rendered":"Diga adeus \u00e0s unhas francesinhas e vermelhas, essa \u00e9 a tend\u00eancia mais elegante para 2026"},"content":{"rendered":"\n<p>Entre as apostas de beleza para 2026, as\u00a0<strong>unhas estilo Ralph Lauren<\/strong>\u00a0surgem como op\u00e7\u00e3o certeira para quem quer um visual alinhado, moderno e com aquele ar de luxo discreto que combina tanto com o dia a dia quanto com eventos mais especiais, sem exageros ou muita manuten\u00e7\u00e3o.<\/p>\n\n\n\n<h2 class=\"wp-block-heading\">O que s\u00e3o as unhas estilo Ralph Lauren e por que elas remetem ao luxo cl\u00e1ssico<\/h2>\n\n\n\n<p>As chamadas\u00a0<strong><a href=\"https:\/\/www.pinterest.com\/ideas\/ralph-lauren-nails\/949671854738\/\" target=\"_blank\" rel=\"noreferrer noopener\">unhas Ralph Lauren<\/a><\/strong>\u00a0traduzem para a manicure a mesma l\u00f3gica da marca de moda: apar\u00eancia refinada, por\u00e9m descomplicada. A inspira\u00e7\u00e3o vem de elementos como blazers azuis, camisas brancas, bras\u00f5es, listras de uniforme esportivo e toques metalizados discretos, que remetem a um ambiente de luxo tradicional.<\/p>\n\n\n\n<p>Esses c\u00f3digos visuais s\u00e3o adaptados para as unhas por meio de cores cl\u00e1ssicas e detalhes pequenos, mas bem vis\u00edveis de perto. Em vez de desenhos elaborados e muitas cores, o visual privilegia esmalta\u00e7\u00e3o limpa, linhas finas e contrastes sutis entre tons como azul marinho, vermelho profundo, nude, branco creme e dourado suave.<\/p>\n\n\n\n<figure class=\"wp-block-image\"><img decoding=\"async\" src=\"https:\/\/www.em.com.br\/emfoco\/wp-content\/uploads\/2025\/12\/Gemini_Generated_Image_7dwcj07dwcj07dwc-1-1024x576.png\" alt=\"\"\/><figcaption class=\"wp-element-caption\">O detalhe nas unhas que muda todo o visual<\/figcaption><\/figure>\n\n\n\n<h2 class=\"wp-block-heading\">Por que as unhas estilo Ralph Lauren combinam tanto com 2026<\/h2>\n\n\n\n<p>A est\u00e9tica inspirada em Ralph Lauren se adapta com facilidade a essa rotina por trabalhar com cores s\u00f3brias que combinam com vestidos leves, camisas de alfaiataria, pe\u00e7as de linho, jeans escuro e acess\u00f3rios em couro ou metal dourado.<\/p>\n\n\n\n<p>Tons fechados como azul marinho, vinho e bord\u00f4, al\u00e9m de nudes sofisticados, tendem a disfar\u00e7ar pequenos desgastes nas pontas. Isso facilita para quem vai passar v\u00e1rios dias em viagens ou em uma sequ\u00eancia de eventos, mantendo as m\u00e3os apresent\u00e1veis por mais tempo e reduzindo a necessidade de trocar o <a href=\"https:\/\/www.em.com.br\/emfoco\/2026\/02\/15\/as-cores-de-esmaltes-deixam-suas-maos-com-aparencia-mais-jovem-depois-dos-50\/\" target=\"_blank\" rel=\"noreferrer noopener\">esmalte <\/a>ao longo dos dias.<\/p>\n\n\n\n<h2 class=\"wp-block-heading\">Como fazer unhas estilo Ralph Lauren passo a passo em casa ou no sal\u00e3o<\/h2>\n\n\n\n<p>Para reproduzir as&nbsp;<strong>unhas Ralph Lauren<\/strong>&nbsp;em casa ou no sal\u00e3o, uma sequ\u00eancia organizada ajuda a manter o acabamento alinhado e dentro da proposta elegante. O foco est\u00e1 na prepara\u00e7\u00e3o cuidadosa, na escolha certa da paleta e na aplica\u00e7\u00e3o de poucos detalhes, para n\u00e3o fugir do conceito de luxo discreto.<\/p>\n\n\n\n<ol class=\"wp-block-list\">\n<li><strong>Prepara\u00e7\u00e3o das unhas<\/strong>\n<ul class=\"wp-block-list\">\n<li>Remover completamente qualquer esmalte anterior com removedor suave.<\/li>\n\n\n\n<li>Lixar em formato oval ou quadrado arredondado, que combina com o estilo cl\u00e1ssico.<\/li>\n\n\n\n<li>Empurrar delicadamente as cut\u00edculas, evitando cortes profundos na pele.<\/li>\n\n\n\n<li>Aplicar uma base fortalecedora para nivelar a superf\u00edcie e proteger as unhas.<\/li>\n<\/ul>\n<\/li>\n\n\n\n<li><strong>Escolha da paleta de cores<\/strong>\n<ul class=\"wp-block-list\">\n<li>Definir um tom principal, como azul marinho, vinho, vermelho fechado, nude rosado ou bege elegante.<\/li>\n\n\n\n<li>Selecionar uma cor secund\u00e1ria para detalhes: dourado discreto, branco off-white ou vermelho cl\u00e1ssico.<\/li>\n\n\n\n<li>Separar um esmalte transparente com brilho fino, caso se deseje um toque luminoso sutil.<\/li>\n<\/ul>\n<\/li>\n\n\n\n<li><strong>Aplica\u00e7\u00e3o da cor de base<\/strong>\n<ul class=\"wp-block-list\">\n<li>Aplicar uma primeira camada fina do esmalte principal, cobrindo toda a unha.<\/li>\n\n\n\n<li>Aguardar a secagem parcial e repetir com uma segunda camada para cobertura uniforme.<\/li>\n\n\n\n<li>Limpar os cantos com palito e algod\u00e3o embebido em removedor para manter o contorno preciso.<\/li>\n<\/ul>\n<\/li>\n\n\n\n<li><strong>Detalhes no estilo Ralph Lauren<\/strong>\n<ul class=\"wp-block-list\">\n<li>Destacar apenas uma unha por m\u00e3o (geralmente o anelar) com listras verticais finas em dourado ou branco.<\/li>\n\n\n\n<li>Criar uma francesinha colorida em azul marinho ou vermelho escuro sobre base nude, para efeito esportivo elegante.<\/li>\n\n\n\n<li>Tra\u00e7ar uma linha delicada met\u00e1lica perto da cut\u00edcula ou na ponta para um detalhe minimalista.<\/li>\n<\/ul>\n<\/li>\n\n\n\n<li><strong>Finaliza\u00e7\u00e3o e prote\u00e7\u00e3o<\/strong>\n<ul class=\"wp-block-list\">\n<li>Aplicar top coat transparente para selar as cores e garantir brilho uniforme.<\/li>\n\n\n\n<li>Esperar a secagem completa, evitando \u00e1gua quente e atritos nas primeiras horas.<\/li>\n\n\n\n<li>Finalizar com \u00f3leo de cut\u00edcula ou hidratante de m\u00e3os para refor\u00e7ar o aspecto bem cuidado.<\/li>\n<\/ul>\n<\/li>\n<\/ol>\n\n\n\n<figure class=\"wp-block-image\"><img decoding=\"async\" src=\"https:\/\/www.em.com.br\/emfoco\/wp-content\/uploads\/2026\/01\/Gemini_Generated_Image_frguv8frguv8frgu-1-1024x576.png\" alt=\"\"\/><figcaption class=\"wp-element-caption\">O detalhe nas unhas que muda todo o visual<\/figcaption><\/figure>\n\n\n\n<h2 class=\"wp-block-heading\">Quais combina\u00e7\u00f5es de cores valorizam mais o estilo Ralph Lauren<\/h2>\n\n\n\n<p>Algumas combina\u00e7\u00f5es de tons refor\u00e7am imediatamente a identidade das&nbsp;<strong>unhas estilo Ralph Lauren<\/strong>, pois remetem \u00e0 cartela tradicional da marca. Elas funcionam tanto para esmalta\u00e7\u00e3o completa quanto para detalhes discretos, como francesinha invertida, listras finas ou blocos de cor na ponta.<\/p>\n\n\n\n<ul class=\"wp-block-list\">\n<li><strong>Azul marinho e dourado<\/strong>\u00a0\u2013 lembra uniformes de clube e blazers com bot\u00f5es met\u00e1licos, ideal para jantares e eventos noturnos.<\/li>\n\n\n\n<li><strong>Vermelho escuro e branco off-white<\/strong>\u00a0\u2013 cria um contraste cl\u00e1ssico, adequado para festas de dia e de noite.<\/li>\n\n\n\n<li><strong>Nude com vinho<\/strong>\u00a0\u2013 une discri\u00e7\u00e3o e profundidade de cor, perfeito para ambientes de trabalho e ocasi\u00f5es sociais formais.<\/li>\n\n\n\n<li><strong>Bege e azul marinho<\/strong>\u00a0\u2013 refor\u00e7a o clima n\u00e1utico e esportivo chic, comum nas cole\u00e7\u00f5es da grife.<\/li>\n<\/ul>\n\n\n\n<iframe loading=\"lazy\" src=\"https:\/\/assets.pinterest.com\/ext\/embed.html?id=185210603422515495\" height=\"714\" width=\"345\" frameborder=\"0\" scrolling=\"no\" ><\/iframe>\n\n\n\n<h2 class=\"wp-block-heading\">Como aproveitar ao m\u00e1ximo a tend\u00eancia de unhas Ralph Lauren em 2026<\/h2>\n\n\n\n<p>Para incluir essa&nbsp;<strong>tend\u00eancia de unhas elegantes<\/strong>&nbsp;na rotina de 2026, uma boa estrat\u00e9gia \u00e9 manter um rod\u00edzio entre poucas paletas fixas. Ao alternar entre azul marinho, vermelho profundo, nude e vinho, fica mais f\u00e1cil combinar as m\u00e3os com o guarda-roupa sem ter que repensar tudo a cada evento.<\/p>\n\n\n\n<p>N\u00e3o espere a temporada passar para testar esse visual: escolha sua paleta favorita, agende sua pr\u00f3xima manicure e experimente ao menos um detalhe no estilo Ralph Lauren ainda neste in\u00edcio de ano. Suas m\u00e3os podem se tornar o ponto alto dos looks de 2026, com sofistica\u00e7\u00e3o imediata e zero exagero.<\/p>\n","protected":false},"excerpt":{"rendered":"<p>Entre as apostas de beleza para 2026, as\u00a0unhas estilo Ralph Lauren\u00a0surgem como op\u00e7\u00e3o certeira para quem quer um visual alinhado, moderno e com aquele ar de luxo discreto que combina tanto com o dia a dia quanto com eventos mais especiais, sem exageros ou muita manuten\u00e7\u00e3o. O que s\u00e3o as unhas estilo Ralph Lauren e [&hellip;]<\/p>\n","protected":false},"author":11,"featured_media":171817,"comment_status":"open","ping_status":"open","sticky":false,"template":"","format":"standard","meta":{"jnews-multi-image_gallery":[],"jnews_single_post":{"format":"standard"},"jnews_primary_category":[],"jnews_social_meta":[],"jnews_override_counter":[],"footnotes":""},"categories":[8819,1],"tags":[5318,4977,17561,18307],"class_list":["post-171809","post","type-post","status-publish","format-standard","has-post-thumbnail","hentry","category-curiosidades","category-noticias","tag-estilo","tag-moda","tag-tendencia-de-unhas","tag-unha"],"yoast_head":"<!-- This site is optimized with the Yoast SEO plugin v23.8 - https:\/\/yoast.com\/wordpress\/plugins\/seo\/ -->\n<title>Diga adeus \u00e0s unhas francesinhas e vermelhas, essa \u00e9 a tend\u00eancia mais elegante para 2026 - Estado de Minas - Em foco<\/title>\n<meta name=\"description\" content=\"As unhas estilo Ralph Lauren apostam em cores cl\u00e1ssicas e luxo discreto. Veja como adotar essa tend\u00eancia elegante no dia a dia.\" \/>\n<meta name=\"robots\" content=\"index, follow, max-snippet:-1, max-image-preview:large, max-video-preview:-1\" \/>\n<link rel=\"canonical\" href=\"https:\/\/www.em.com.br\/emfoco\/2026\/02\/21\/diga-adeus-as-unhas-francesinhas-e-vermelhas-essa-e-a-tendencia-mais-elegante-para-2026\/\" \/>\n<meta property=\"og:locale\" content=\"pt_BR\" \/>\n<meta property=\"og:type\" content=\"article\" \/>\n<meta property=\"og:title\" content=\"Diga adeus \u00e0s unhas francesinhas e vermelhas, essa \u00e9 a tend\u00eancia mais elegante para 2026 - Estado de Minas - Em foco\" \/>\n<meta property=\"og:description\" content=\"As unhas estilo Ralph Lauren apostam em cores cl\u00e1ssicas e luxo discreto. Veja como adotar essa tend\u00eancia elegante no dia a dia.\" \/>\n<meta property=\"og:url\" content=\"https:\/\/www.em.com.br\/emfoco\/2026\/02\/21\/diga-adeus-as-unhas-francesinhas-e-vermelhas-essa-e-a-tendencia-mais-elegante-para-2026\/\" \/>\n<meta property=\"og:site_name\" content=\"Estado de Minas - Em foco\" \/>\n<meta property=\"article:published_time\" content=\"2026-02-21T13:25:00+00:00\" \/>\n<meta property=\"article:modified_time\" content=\"2026-02-21T04:33:10+00:00\" \/>\n<meta property=\"og:image\" content=\"https:\/\/www.em.com.br\/emfoco\/wp-content\/uploads\/2026\/02\/Gemini_Generated_Image_mibi06mibi06mibi-1.png\" \/>\n\t<meta property=\"og:image:width\" content=\"1280\" \/>\n\t<meta property=\"og:image:height\" content=\"720\" \/>\n\t<meta property=\"og:image:type\" content=\"image\/png\" \/>\n<meta name=\"author\" content=\"Andre\u0301 Rangel\u00a0\" \/>\n<meta name=\"twitter:card\" content=\"summary_large_image\" \/>\n<meta name=\"twitter:label1\" content=\"Escrito por\" \/>\n\t<meta name=\"twitter:data1\" content=\"Andre\u0301 Rangel\u00a0\" \/>\n\t<meta name=\"twitter:label2\" content=\"Est. tempo de leitura\" \/>\n\t<meta name=\"twitter:data2\" content=\"6 minutos\" \/>\n<!-- \/ Yoast SEO plugin. -->","yoast_head_json":{"title":"Diga adeus \u00e0s unhas francesinhas e vermelhas, essa \u00e9 a tend\u00eancia mais elegante para 2026 - Estado de Minas - Em foco","description":"As unhas estilo Ralph Lauren apostam em cores cl\u00e1ssicas e luxo discreto. Veja como adotar essa tend\u00eancia elegante no dia a dia.","robots":{"index":"index","follow":"follow","max-snippet":"max-snippet:-1","max-image-preview":"max-image-preview:large","max-video-preview":"max-video-preview:-1"},"canonical":"https:\/\/www.em.com.br\/emfoco\/2026\/02\/21\/diga-adeus-as-unhas-francesinhas-e-vermelhas-essa-e-a-tendencia-mais-elegante-para-2026\/","og_locale":"pt_BR","og_type":"article","og_title":"Diga adeus \u00e0s unhas francesinhas e vermelhas, essa \u00e9 a tend\u00eancia mais elegante para 2026 - Estado de Minas - Em foco","og_description":"As unhas estilo Ralph Lauren apostam em cores cl\u00e1ssicas e luxo discreto. Veja como adotar essa tend\u00eancia elegante no dia a dia.","og_url":"https:\/\/www.em.com.br\/emfoco\/2026\/02\/21\/diga-adeus-as-unhas-francesinhas-e-vermelhas-essa-e-a-tendencia-mais-elegante-para-2026\/","og_site_name":"Estado de Minas - Em foco","article_published_time":"2026-02-21T13:25:00+00:00","article_modified_time":"2026-02-21T04:33:10+00:00","og_image":[{"width":1280,"height":720,"url":"https:\/\/www.em.com.br\/emfoco\/wp-content\/uploads\/2026\/02\/Gemini_Generated_Image_mibi06mibi06mibi-1.png","type":"image\/png"}],"author":"Andre\u0301 Rangel\u00a0","twitter_card":"summary_large_image","twitter_misc":{"Escrito por":"Andre\u0301 Rangel\u00a0","Est. tempo de leitura":"6 minutos"},"schema":{"@context":"https:\/\/schema.org","@graph":[{"@type":"WebPage","@id":"https:\/\/www.em.com.br\/emfoco\/2026\/02\/21\/diga-adeus-as-unhas-francesinhas-e-vermelhas-essa-e-a-tendencia-mais-elegante-para-2026\/","url":"https:\/\/www.em.com.br\/emfoco\/2026\/02\/21\/diga-adeus-as-unhas-francesinhas-e-vermelhas-essa-e-a-tendencia-mais-elegante-para-2026\/","name":"Diga adeus \u00e0s unhas francesinhas e vermelhas, essa \u00e9 a tend\u00eancia mais elegante para 2026 - Estado de Minas - Em foco","isPartOf":{"@id":"https:\/\/www.em.com.br\/emfoco\/#website"},"primaryImageOfPage":{"@id":"https:\/\/www.em.com.br\/emfoco\/2026\/02\/21\/diga-adeus-as-unhas-francesinhas-e-vermelhas-essa-e-a-tendencia-mais-elegante-para-2026\/#primaryimage"},"image":{"@id":"https:\/\/www.em.com.br\/emfoco\/2026\/02\/21\/diga-adeus-as-unhas-francesinhas-e-vermelhas-essa-e-a-tendencia-mais-elegante-para-2026\/#primaryimage"},"thumbnailUrl":"https:\/\/www.em.com.br\/emfoco\/wp-content\/uploads\/2026\/02\/Gemini_Generated_Image_mibi06mibi06mibi-1.png","datePublished":"2026-02-21T13:25:00+00:00","dateModified":"2026-02-21T04:33:10+00:00","author":{"@id":"https:\/\/www.em.com.br\/emfoco\/#\/schema\/person\/60eda09c1fedf0d6891f4cef4b60b8b8"},"description":"As unhas estilo Ralph Lauren apostam em cores cl\u00e1ssicas e luxo discreto. Veja como adotar essa tend\u00eancia elegante no dia a dia.","breadcrumb":{"@id":"https:\/\/www.em.com.br\/emfoco\/2026\/02\/21\/diga-adeus-as-unhas-francesinhas-e-vermelhas-essa-e-a-tendencia-mais-elegante-para-2026\/#breadcrumb"},"inLanguage":"pt-BR","potentialAction":[{"@type":"ReadAction","target":["https:\/\/www.em.com.br\/emfoco\/2026\/02\/21\/diga-adeus-as-unhas-francesinhas-e-vermelhas-essa-e-a-tendencia-mais-elegante-para-2026\/"]}]},{"@type":"ImageObject","inLanguage":"pt-BR","@id":"https:\/\/www.em.com.br\/emfoco\/2026\/02\/21\/diga-adeus-as-unhas-francesinhas-e-vermelhas-essa-e-a-tendencia-mais-elegante-para-2026\/#primaryimage","url":"https:\/\/www.em.com.br\/emfoco\/wp-content\/uploads\/2026\/02\/Gemini_Generated_Image_mibi06mibi06mibi-1.png","contentUrl":"https:\/\/www.em.com.br\/emfoco\/wp-content\/uploads\/2026\/02\/Gemini_Generated_Image_mibi06mibi06mibi-1.png","width":1280,"height":720,"caption":"O detalhe nas unhas que muda todo o visual"},{"@type":"BreadcrumbList","@id":"https:\/\/www.em.com.br\/emfoco\/2026\/02\/21\/diga-adeus-as-unhas-francesinhas-e-vermelhas-essa-e-a-tendencia-mais-elegante-para-2026\/#breadcrumb","itemListElement":[{"@type":"ListItem","position":1,"name":"In\u00edcio","item":"https:\/\/www.em.com.br\/emfoco\/"},{"@type":"ListItem","position":2,"name":"Diga adeus \u00e0s unhas francesinhas e vermelhas, essa \u00e9 a tend\u00eancia mais elegante para 2026"}]},{"@type":"WebSite","@id":"https:\/\/www.em.com.br\/emfoco\/#website","url":"https:\/\/www.em.com.br\/emfoco\/","name":"Estado de Minas - Em foco","description":"Acompanhe as \u00faltimas not\u00edcias e fique bem informado sobre tudo o que acontece em Minas Gerais, Brasil e no mundo.","potentialAction":[{"@type":"SearchAction","target":{"@type":"EntryPoint","urlTemplate":"https:\/\/www.em.com.br\/emfoco\/?s={search_term_string}"},"query-input":{"@type":"PropertyValueSpecification","valueRequired":true,"valueName":"search_term_string"}}],"inLanguage":"pt-BR"},{"@type":"Person","@id":"https:\/\/www.em.com.br\/emfoco\/#\/schema\/person\/60eda09c1fedf0d6891f4cef4b60b8b8","name":"Andre\u0301 Rangel\u00a0","image":{"@type":"ImageObject","inLanguage":"pt-BR","@id":"https:\/\/www.em.com.br\/emfoco\/#\/schema\/person\/image\/","url":"https:\/\/secure.gravatar.com\/avatar\/6234dc814c77c8ef6d8bba622c787efc?s=96&d=mm&r=g","contentUrl":"https:\/\/secure.gravatar.com\/avatar\/6234dc814c77c8ef6d8bba622c787efc?s=96&d=mm&r=g","caption":"Andre\u0301 Rangel\u00a0"},"url":"https:\/\/www.em.com.br\/emfoco\/author\/luizmyth\/"}]}},"_links":{"self":[{"href":"https:\/\/www.em.com.br\/emfoco\/wp-json\/wp\/v2\/posts\/171809","targetHints":{"allow":["GET"]}}],"collection":[{"href":"https:\/\/www.em.com.br\/emfoco\/wp-json\/wp\/v2\/posts"}],"about":[{"href":"https:\/\/www.em.com.br\/emfoco\/wp-json\/wp\/v2\/types\/post"}],"author":[{"embeddable":true,"href":"https:\/\/www.em.com.br\/emfoco\/wp-json\/wp\/v2\/users\/11"}],"replies":[{"embeddable":true,"href":"https:\/\/www.em.com.br\/emfoco\/wp-json\/wp\/v2\/comments?post=171809"}],"version-history":[{"count":3,"href":"https:\/\/www.em.com.br\/emfoco\/wp-json\/wp\/v2\/posts\/171809\/revisions"}],"predecessor-version":[{"id":171841,"href":"https:\/\/www.em.com.br\/emfoco\/wp-json\/wp\/v2\/posts\/171809\/revisions\/171841"}],"wp:featuredmedia":[{"embeddable":true,"href":"https:\/\/www.em.com.br\/emfoco\/wp-json\/wp\/v2\/media\/171817"}],"wp:attachment":[{"href":"https:\/\/www.em.com.br\/emfoco\/wp-json\/wp\/v2\/media?parent=171809"}],"wp:term":[{"taxonomy":"category","embeddable":true,"href":"https:\/\/www.em.com.br\/emfoco\/wp-json\/wp\/v2\/categories?post=171809"},{"taxonomy":"post_tag","embeddable":true,"href":"https:\/\/www.em.com.br\/emfoco\/wp-json\/wp\/v2\/tags?post=171809"}],"curies":[{"name":"wp","href":"https:\/\/api.w.org\/{rel}","templated":true}]}}