{"id":171698,"date":"2026-02-20T13:45:00","date_gmt":"2026-02-20T16:45:00","guid":{"rendered":"https:\/\/www.em.com.br\/emfoco\/?p=171698"},"modified":"2026-02-19T22:51:35","modified_gmt":"2026-02-20T01:51:35","slug":"fim-de-uma-era-apos-quase-60-anos-rede-classica-de-fast-food-confirma-encerramento-e-surpreende-clientes","status":"publish","type":"post","link":"https:\/\/www.em.com.br\/emfoco\/2026\/02\/20\/fim-de-uma-era-apos-quase-60-anos-rede-classica-de-fast-food-confirma-encerramento-e-surpreende-clientes\/","title":{"rendered":"Fim de uma era: ap\u00f3s quase 60 anos, rede cl\u00e1ssica de fast-food confirma encerramento e surpreende clientes"},"content":{"rendered":"\n<p>O fechamento do tradicional corredor de comida frita conhecido como<strong> Pal\u00e1cio do Colesterol<\/strong>, em <strong>Bogot\u00e1<\/strong>, marca uma virada na paisagem urbana e esportiva da capital colombiana. Depois de quase seis d\u00e9cadas ao lado do est\u00e1dio<strong> Nemesio Camacho El Camp\u00edn<\/strong>, o espa\u00e7o d\u00e1 lugar a um grande projeto de moderniza\u00e7\u00e3o, encerrando n\u00e3o s\u00f3 as atividades dos vendedores naquele ponto, mas tamb\u00e9m uma rotina afetiva de dias de jogo e encontro de torcedores.<\/p>\n\n\n\n<h2 class=\"wp-block-heading\">Por que o Pal\u00e1cio do Colesterol foi fechado em Bogot\u00e1<\/h2>\n\n\n\n<p>O encerramento no endere\u00e7o tradicional est\u00e1 ligado \u00e0s obras de renova\u00e7\u00e3o do complexo de <strong>El Camp\u00edn<\/strong>, dentro de um projeto de concess\u00e3o que inclui moderniza\u00e7\u00e3o do est\u00e1dio, novas \u00e1reas comerciais, espa\u00e7os culturais e redesenho urbano da regi\u00e3o da Rua 57.<\/p>\n\n\n\n<p>A zona onde funcionavam as bancas foi incorporada \u00e0 \u00e1rea que ser\u00e1 totalmente urbanizada, o que exige demoli\u00e7\u00f5es e retirada completa das estruturas. O <a href=\"https:\/\/www.em.com.br\/emfoco\/2026\/02\/18\/uma-loja-cultural-iconica-se-despede-anuncia-o-fechamento-definitivo-de-suas-atividades-apos-25-anos-de-funcionamento\/\" target=\"_blank\" rel=\"noreferrer noopener\">fechamento <\/a>n\u00e3o ocorreu por queda de p\u00fablico ou dificuldades financeiras: o movimento seguia forte, especialmente em dias de partida, mas as exig\u00eancias t\u00e9cnicas e legais da concess\u00e3o pedem um terreno livre para garantir o avan\u00e7o das obras dentro dos prazos.<\/p>\n\n\n\n<figure class=\"wp-block-image size-large\"><img loading=\"lazy\" decoding=\"async\" width=\"1024\" height=\"576\" src=\"https:\/\/www.em.com.br\/emfoco\/wp-content\/uploads\/2026\/02\/Gemini_Generated_Image_qmu1qwqmu1qwqmu1-1-1024x576.png\" alt=\"O fim de um \u00edcone ao lado do El Camp\u00edn\" class=\"wp-image-171712\" srcset=\"https:\/\/www.em.com.br\/emfoco\/wp-content\/uploads\/2026\/02\/Gemini_Generated_Image_qmu1qwqmu1qwqmu1-1-1024x576.png 1024w, https:\/\/www.em.com.br\/emfoco\/wp-content\/uploads\/2026\/02\/Gemini_Generated_Image_qmu1qwqmu1qwqmu1-1-300x169.png 300w, https:\/\/www.em.com.br\/emfoco\/wp-content\/uploads\/2026\/02\/Gemini_Generated_Image_qmu1qwqmu1qwqmu1-1-768x432.png 768w, https:\/\/www.em.com.br\/emfoco\/wp-content\/uploads\/2026\/02\/Gemini_Generated_Image_qmu1qwqmu1qwqmu1-1-750x422.png 750w, https:\/\/www.em.com.br\/emfoco\/wp-content\/uploads\/2026\/02\/Gemini_Generated_Image_qmu1qwqmu1qwqmu1-1-1140x641.png 1140w, https:\/\/www.em.com.br\/emfoco\/wp-content\/uploads\/2026\/02\/Gemini_Generated_Image_qmu1qwqmu1qwqmu1-1.png 1280w\" sizes=\"auto, (max-width: 1024px) 100vw, 1024px\" \/><figcaption class=\"wp-element-caption\">O fim de um \u00edcone ao lado do El Camp\u00edn<\/figcaption><\/figure>\n\n\n\n<h2 class=\"wp-block-heading\">Como o Pal\u00e1cio do Colesterol marcou gera\u00e7\u00f5es de torcedores<\/h2>\n\n\n\n<p>O fim do <a href=\"https:\/\/www.instagram.com\/p\/DUeJWpYjlDk\/\" target=\"_blank\" rel=\"noreferrer noopener\">Pal\u00e1cio do Colesterol<\/a> em seu endere\u00e7o original impacta muito al\u00e9m da perda de um ponto de comida r\u00e1pida. Para grande parte dos torcedores, o local fazia parte da \u201cexperi\u00eancia completa\u201d de ir ao est\u00e1dio, com o trajeto entre r\u00e1dios ligados na pr\u00e9via dos jogos, camisas dos clubes por todos os lados e o cheiro inconfund\u00edvel de frituras dominando o ambiente.<\/p>\n\n\n\n<p>Ao longo de d\u00e9cadas, fam\u00edlias, amigos e ambulantes dividiram aquele corredor gastron\u00f4mico como uma esp\u00e9cie de antessala do futebol, criando uma mem\u00f3ria coletiva ligada ao El Camp\u00edn. Para organizar o legado desse espa\u00e7o na vida cotidiana da cidade, \u00e9 poss\u00edvel destacar alguns elementos centrais:<\/p>\n\n\n\n<ul class=\"wp-block-list\">\n<li><strong>Ritual pr\u00e9-jogo:<\/strong>\u00a0ponto de encontro e aquecimento antes das partidas.<\/li>\n\n\n\n<li><strong>Identidade popular:<\/strong>\u00a0ambiente acess\u00edvel, informal e democr\u00e1tico.<\/li>\n\n\n\n<li><strong>Mem\u00f3ria afetiva:<\/strong>\u00a0gera\u00e7\u00f5es inteiras cresceram com a tradi\u00e7\u00e3o de comer ali.<\/li>\n\n\n\n<li><strong>Economia local:<\/strong>\u00a0sustento direto de dezenas de fam\u00edlias e ambulantes.<\/li>\n<\/ul>\n\n\n\n<h2 class=\"wp-block-heading\">O Pal\u00e1cio do Colesterol vai desaparecer ou se transformar<\/h2>\n\n\n\n<p>O projeto de renova\u00e7\u00e3o prev\u00ea que o&nbsp;<strong>Pal\u00e1cio do Colesterol<\/strong>&nbsp;n\u00e3o desapare\u00e7a como refer\u00eancia gastron\u00f4mica, mas seja reposicionado em outro formato. A ideia \u00e9 integrar a marca a uma \u00e1rea de restaurantes e lanchonetes planejada dentro do novo complexo esportivo e cultural, com infraestrutura de \u00e1gua, energia, saneamento e funcionamento regular al\u00e9m dos dias de evento.<\/p>\n\n\n\n<p>Durante as obras, alguns vendedores que se formalizarem poder\u00e3o atuar em estruturas m\u00f3veis pr\u00f3ximas ao est\u00e1dio, mantendo parte da oferta de comida t\u00edpica junto aos torcedores. Em etapas futuras, a marca deve renascer como um polo gastron\u00f4mico mais estruturado, preservando o imagin\u00e1rio popular, mas adaptado a um modelo urbano planejado e regulado.<\/p>\n\n\n\n<figure class=\"wp-block-image size-large\"><img loading=\"lazy\" decoding=\"async\" width=\"1024\" height=\"576\" src=\"https:\/\/www.em.com.br\/emfoco\/wp-content\/uploads\/2026\/02\/ChatGPT-Image-19-de-fev.-de-2026-20_29_57-1-1024x576.png\" alt=\"O fim de um \u00edcone ao lado do El Camp\u00edn\" class=\"wp-image-171711\" srcset=\"https:\/\/www.em.com.br\/emfoco\/wp-content\/uploads\/2026\/02\/ChatGPT-Image-19-de-fev.-de-2026-20_29_57-1-1024x576.png 1024w, https:\/\/www.em.com.br\/emfoco\/wp-content\/uploads\/2026\/02\/ChatGPT-Image-19-de-fev.-de-2026-20_29_57-1-300x169.png 300w, https:\/\/www.em.com.br\/emfoco\/wp-content\/uploads\/2026\/02\/ChatGPT-Image-19-de-fev.-de-2026-20_29_57-1-768x432.png 768w, https:\/\/www.em.com.br\/emfoco\/wp-content\/uploads\/2026\/02\/ChatGPT-Image-19-de-fev.-de-2026-20_29_57-1-750x422.png 750w, https:\/\/www.em.com.br\/emfoco\/wp-content\/uploads\/2026\/02\/ChatGPT-Image-19-de-fev.-de-2026-20_29_57-1-1140x641.png 1140w, https:\/\/www.em.com.br\/emfoco\/wp-content\/uploads\/2026\/02\/ChatGPT-Image-19-de-fev.-de-2026-20_29_57-1.png 1280w\" sizes=\"auto, (max-width: 1024px) 100vw, 1024px\" \/><figcaption class=\"wp-element-caption\">O fim de um \u00edcone ao lado do El Camp\u00edn<\/figcaption><\/figure>\n\n\n\n<h2 class=\"wp-block-heading\">O que muda para os comerciantes hist\u00f3ricos do Pal\u00e1cio<\/h2>\n\n\n\n<p>A transi\u00e7\u00e3o para o novo modelo n\u00e3o \u00e9 homog\u00eanea entre os comerciantes que fizeram o Pal\u00e1cio do Colesterol acontecer. Alguns donos de barracas optaram por encerrar as atividades e se aposentar, avaliando que as novas exig\u00eancias de investimento, formaliza\u00e7\u00e3o e ritmo de trabalho j\u00e1 n\u00e3o se encaixam em seus planos de vida.<\/p>\n\n\n\n<p>Outro grupo, por\u00e9m, demonstra interesse em se formalizar e migrar para o formato de restaurante ou lanchonete no futuro complexo de El Camp\u00edn. Para eles, o desafio passa por normas sanit\u00e1rias r\u00edgidas, pagamento de aluguel ou concess\u00e3o e hor\u00e1rios ampliados, em troca de maior infraestrutura, visibilidade e atendimento a um p\u00fablico diversificado durante todo o ano.<\/p>\n\n\n\n<h2 class=\"wp-block-heading\">Qual \u00e9 o futuro do Pal\u00e1cio do Colesterol e por que agir agora<\/h2>\n\n\n\n<p>O antigo Pal\u00e1cio do Colesterol entra em uma fase de reinven\u00e7\u00e3o, em que a mem\u00f3ria afetiva disputa espa\u00e7o com a necessidade de moderniza\u00e7\u00e3o urbana. A marca tende a sobreviver em outro formato, mais regulado e permanente, enquanto o cen\u00e1rio ao redor do El Camp\u00edn se transforma em um grande polo esportivo, cultural e gastron\u00f4mico.<\/p>\n\n\n\n<p>Este \u00e9 o momento decisivo para comerciantes, torcedores e autoridades defenderem a preserva\u00e7\u00e3o da identidade popular do Pal\u00e1cio dentro do novo projeto. Se voc\u00ea valoriza essa hist\u00f3ria, acompanhe de perto as discuss\u00f5es p\u00fablicas, pressione por solu\u00e7\u00f5es justas para os vendedores e ajude a garantir que, na correria da moderniza\u00e7\u00e3o, a cidade n\u00e3o perca um de seus s\u00edmbolos mais queridos.<\/p>\n\n\n\n<p><\/p>\n","protected":false},"excerpt":{"rendered":"<p>O fechamento do tradicional corredor de comida frita conhecido como Pal\u00e1cio do Colesterol, em Bogot\u00e1, marca uma virada na paisagem urbana e esportiva da capital colombiana. Depois de quase seis d\u00e9cadas ao lado do est\u00e1dio Nemesio Camacho El Camp\u00edn, o espa\u00e7o d\u00e1 lugar a um grande projeto de moderniza\u00e7\u00e3o, encerrando n\u00e3o s\u00f3 as atividades dos [&hellip;]<\/p>\n","protected":false},"author":11,"featured_media":171713,"comment_status":"open","ping_status":"open","sticky":false,"template":"","format":"standard","meta":{"jnews-multi-image_gallery":[],"jnews_single_post":{"format":"standard"},"jnews_primary_category":[],"jnews_social_meta":[],"jnews_override_counter":[],"footnotes":""},"categories":[28,1],"tags":[24966,23332,10179,24965],"class_list":["post-171698","post","type-post","status-publish","format-standard","has-post-thumbnail","hentry","category-economia","category-noticias","tag-comida-frita","tag-fecha-loja","tag-fechamento","tag-impactos-do-fechamento"],"yoast_head":"<!-- This site is optimized with the Yoast SEO plugin v23.8 - https:\/\/yoast.com\/wordpress\/plugins\/seo\/ -->\n<title>Fim de uma era: ap\u00f3s quase 60 anos, rede cl\u00e1ssica de fast-food confirma encerramento e surpreende clientes - Estado de Minas - Em foco<\/title>\n<meta name=\"description\" content=\"Fim do tradicional corredor de frituras no est\u00e1dio de Bogot\u00e1 gera debate. Veja o que muda com o novo projeto.\" \/>\n<meta name=\"robots\" content=\"index, follow, max-snippet:-1, max-image-preview:large, max-video-preview:-1\" \/>\n<link rel=\"canonical\" href=\"https:\/\/www.em.com.br\/emfoco\/2026\/02\/20\/fim-de-uma-era-apos-quase-60-anos-rede-classica-de-fast-food-confirma-encerramento-e-surpreende-clientes\/\" \/>\n<meta property=\"og:locale\" content=\"pt_BR\" \/>\n<meta property=\"og:type\" content=\"article\" \/>\n<meta property=\"og:title\" content=\"Fim de uma era: ap\u00f3s quase 60 anos, rede cl\u00e1ssica de fast-food confirma encerramento e surpreende clientes - Estado de Minas - Em foco\" \/>\n<meta property=\"og:description\" content=\"Fim do tradicional corredor de frituras no est\u00e1dio de Bogot\u00e1 gera debate. Veja o que muda com o novo projeto.\" \/>\n<meta property=\"og:url\" content=\"https:\/\/www.em.com.br\/emfoco\/2026\/02\/20\/fim-de-uma-era-apos-quase-60-anos-rede-classica-de-fast-food-confirma-encerramento-e-surpreende-clientes\/\" \/>\n<meta property=\"og:site_name\" content=\"Estado de Minas - Em foco\" \/>\n<meta property=\"article:published_time\" content=\"2026-02-20T16:45:00+00:00\" \/>\n<meta property=\"article:modified_time\" content=\"2026-02-20T01:51:35+00:00\" \/>\n<meta property=\"og:image\" content=\"https:\/\/www.em.com.br\/emfoco\/wp-content\/uploads\/2026\/02\/Gemini_Generated_Image_h3cxl3h3cxl3h3cx-1.png\" \/>\n\t<meta property=\"og:image:width\" content=\"1280\" \/>\n\t<meta property=\"og:image:height\" content=\"720\" \/>\n\t<meta property=\"og:image:type\" content=\"image\/png\" \/>\n<meta name=\"author\" content=\"Andre\u0301 Rangel\u00a0\" \/>\n<meta name=\"twitter:card\" content=\"summary_large_image\" \/>\n<meta name=\"twitter:label1\" content=\"Escrito por\" \/>\n\t<meta name=\"twitter:data1\" content=\"Andre\u0301 Rangel\u00a0\" \/>\n\t<meta name=\"twitter:label2\" content=\"Est. tempo de leitura\" \/>\n\t<meta name=\"twitter:data2\" content=\"5 minutos\" \/>\n<!-- \/ Yoast SEO plugin. -->","yoast_head_json":{"title":"Fim de uma era: ap\u00f3s quase 60 anos, rede cl\u00e1ssica de fast-food confirma encerramento e surpreende clientes - Estado de Minas - Em foco","description":"Fim do tradicional corredor de frituras no est\u00e1dio de Bogot\u00e1 gera debate. Veja o que muda com o novo projeto.","robots":{"index":"index","follow":"follow","max-snippet":"max-snippet:-1","max-image-preview":"max-image-preview:large","max-video-preview":"max-video-preview:-1"},"canonical":"https:\/\/www.em.com.br\/emfoco\/2026\/02\/20\/fim-de-uma-era-apos-quase-60-anos-rede-classica-de-fast-food-confirma-encerramento-e-surpreende-clientes\/","og_locale":"pt_BR","og_type":"article","og_title":"Fim de uma era: ap\u00f3s quase 60 anos, rede cl\u00e1ssica de fast-food confirma encerramento e surpreende clientes - Estado de Minas - Em foco","og_description":"Fim do tradicional corredor de frituras no est\u00e1dio de Bogot\u00e1 gera debate. Veja o que muda com o novo projeto.","og_url":"https:\/\/www.em.com.br\/emfoco\/2026\/02\/20\/fim-de-uma-era-apos-quase-60-anos-rede-classica-de-fast-food-confirma-encerramento-e-surpreende-clientes\/","og_site_name":"Estado de Minas - Em foco","article_published_time":"2026-02-20T16:45:00+00:00","article_modified_time":"2026-02-20T01:51:35+00:00","og_image":[{"width":1280,"height":720,"url":"https:\/\/www.em.com.br\/emfoco\/wp-content\/uploads\/2026\/02\/Gemini_Generated_Image_h3cxl3h3cxl3h3cx-1.png","type":"image\/png"}],"author":"Andre\u0301 Rangel\u00a0","twitter_card":"summary_large_image","twitter_misc":{"Escrito por":"Andre\u0301 Rangel\u00a0","Est. tempo de leitura":"5 minutos"},"schema":{"@context":"https:\/\/schema.org","@graph":[{"@type":"WebPage","@id":"https:\/\/www.em.com.br\/emfoco\/2026\/02\/20\/fim-de-uma-era-apos-quase-60-anos-rede-classica-de-fast-food-confirma-encerramento-e-surpreende-clientes\/","url":"https:\/\/www.em.com.br\/emfoco\/2026\/02\/20\/fim-de-uma-era-apos-quase-60-anos-rede-classica-de-fast-food-confirma-encerramento-e-surpreende-clientes\/","name":"Fim de uma era: ap\u00f3s quase 60 anos, rede cl\u00e1ssica de fast-food confirma encerramento e surpreende clientes - Estado de Minas - Em foco","isPartOf":{"@id":"https:\/\/www.em.com.br\/emfoco\/#website"},"primaryImageOfPage":{"@id":"https:\/\/www.em.com.br\/emfoco\/2026\/02\/20\/fim-de-uma-era-apos-quase-60-anos-rede-classica-de-fast-food-confirma-encerramento-e-surpreende-clientes\/#primaryimage"},"image":{"@id":"https:\/\/www.em.com.br\/emfoco\/2026\/02\/20\/fim-de-uma-era-apos-quase-60-anos-rede-classica-de-fast-food-confirma-encerramento-e-surpreende-clientes\/#primaryimage"},"thumbnailUrl":"https:\/\/www.em.com.br\/emfoco\/wp-content\/uploads\/2026\/02\/Gemini_Generated_Image_h3cxl3h3cxl3h3cx-1.png","datePublished":"2026-02-20T16:45:00+00:00","dateModified":"2026-02-20T01:51:35+00:00","author":{"@id":"https:\/\/www.em.com.br\/emfoco\/#\/schema\/person\/60eda09c1fedf0d6891f4cef4b60b8b8"},"description":"Fim do tradicional corredor de frituras no est\u00e1dio de Bogot\u00e1 gera debate. Veja o que muda com o novo projeto.","breadcrumb":{"@id":"https:\/\/www.em.com.br\/emfoco\/2026\/02\/20\/fim-de-uma-era-apos-quase-60-anos-rede-classica-de-fast-food-confirma-encerramento-e-surpreende-clientes\/#breadcrumb"},"inLanguage":"pt-BR","potentialAction":[{"@type":"ReadAction","target":["https:\/\/www.em.com.br\/emfoco\/2026\/02\/20\/fim-de-uma-era-apos-quase-60-anos-rede-classica-de-fast-food-confirma-encerramento-e-surpreende-clientes\/"]}]},{"@type":"ImageObject","inLanguage":"pt-BR","@id":"https:\/\/www.em.com.br\/emfoco\/2026\/02\/20\/fim-de-uma-era-apos-quase-60-anos-rede-classica-de-fast-food-confirma-encerramento-e-surpreende-clientes\/#primaryimage","url":"https:\/\/www.em.com.br\/emfoco\/wp-content\/uploads\/2026\/02\/Gemini_Generated_Image_h3cxl3h3cxl3h3cx-1.png","contentUrl":"https:\/\/www.em.com.br\/emfoco\/wp-content\/uploads\/2026\/02\/Gemini_Generated_Image_h3cxl3h3cxl3h3cx-1.png","width":1280,"height":720,"caption":"O fim de um \u00edcone ao lado do El Camp\u00edn"},{"@type":"BreadcrumbList","@id":"https:\/\/www.em.com.br\/emfoco\/2026\/02\/20\/fim-de-uma-era-apos-quase-60-anos-rede-classica-de-fast-food-confirma-encerramento-e-surpreende-clientes\/#breadcrumb","itemListElement":[{"@type":"ListItem","position":1,"name":"In\u00edcio","item":"https:\/\/www.em.com.br\/emfoco\/"},{"@type":"ListItem","position":2,"name":"Fim de uma era: ap\u00f3s quase 60 anos, rede cl\u00e1ssica de fast-food confirma encerramento e surpreende clientes"}]},{"@type":"WebSite","@id":"https:\/\/www.em.com.br\/emfoco\/#website","url":"https:\/\/www.em.com.br\/emfoco\/","name":"Estado de Minas - Em foco","description":"Acompanhe as \u00faltimas not\u00edcias e fique bem informado sobre tudo o que acontece em Minas Gerais, Brasil e no mundo.","potentialAction":[{"@type":"SearchAction","target":{"@type":"EntryPoint","urlTemplate":"https:\/\/www.em.com.br\/emfoco\/?s={search_term_string}"},"query-input":{"@type":"PropertyValueSpecification","valueRequired":true,"valueName":"search_term_string"}}],"inLanguage":"pt-BR"},{"@type":"Person","@id":"https:\/\/www.em.com.br\/emfoco\/#\/schema\/person\/60eda09c1fedf0d6891f4cef4b60b8b8","name":"Andre\u0301 Rangel\u00a0","image":{"@type":"ImageObject","inLanguage":"pt-BR","@id":"https:\/\/www.em.com.br\/emfoco\/#\/schema\/person\/image\/","url":"https:\/\/secure.gravatar.com\/avatar\/6234dc814c77c8ef6d8bba622c787efc?s=96&d=mm&r=g","contentUrl":"https:\/\/secure.gravatar.com\/avatar\/6234dc814c77c8ef6d8bba622c787efc?s=96&d=mm&r=g","caption":"Andre\u0301 Rangel\u00a0"},"url":"https:\/\/www.em.com.br\/emfoco\/author\/luizmyth\/"}]}},"_links":{"self":[{"href":"https:\/\/www.em.com.br\/emfoco\/wp-json\/wp\/v2\/posts\/171698","targetHints":{"allow":["GET"]}}],"collection":[{"href":"https:\/\/www.em.com.br\/emfoco\/wp-json\/wp\/v2\/posts"}],"about":[{"href":"https:\/\/www.em.com.br\/emfoco\/wp-json\/wp\/v2\/types\/post"}],"author":[{"embeddable":true,"href":"https:\/\/www.em.com.br\/emfoco\/wp-json\/wp\/v2\/users\/11"}],"replies":[{"embeddable":true,"href":"https:\/\/www.em.com.br\/emfoco\/wp-json\/wp\/v2\/comments?post=171698"}],"version-history":[{"count":3,"href":"https:\/\/www.em.com.br\/emfoco\/wp-json\/wp\/v2\/posts\/171698\/revisions"}],"predecessor-version":[{"id":171714,"href":"https:\/\/www.em.com.br\/emfoco\/wp-json\/wp\/v2\/posts\/171698\/revisions\/171714"}],"wp:featuredmedia":[{"embeddable":true,"href":"https:\/\/www.em.com.br\/emfoco\/wp-json\/wp\/v2\/media\/171713"}],"wp:attachment":[{"href":"https:\/\/www.em.com.br\/emfoco\/wp-json\/wp\/v2\/media?parent=171698"}],"wp:term":[{"taxonomy":"category","embeddable":true,"href":"https:\/\/www.em.com.br\/emfoco\/wp-json\/wp\/v2\/categories?post=171698"},{"taxonomy":"post_tag","embeddable":true,"href":"https:\/\/www.em.com.br\/emfoco\/wp-json\/wp\/v2\/tags?post=171698"}],"curies":[{"name":"wp","href":"https:\/\/api.w.org\/{rel}","templated":true}]}}