{"id":171560,"date":"2026-02-20T20:45:46","date_gmt":"2026-02-20T23:45:46","guid":{"rendered":"https:\/\/www.em.com.br\/emfoco\/?p=171560"},"modified":"2026-02-19T18:08:44","modified_gmt":"2026-02-19T21:08:44","slug":"o-ritual-noturno-no-banho-que-virou-segredo-de-muitas-brasileiras-para-estimular-o-crescimento-do-cabelo","status":"publish","type":"post","link":"https:\/\/www.em.com.br\/emfoco\/2026\/02\/20\/o-ritual-noturno-no-banho-que-virou-segredo-de-muitas-brasileiras-para-estimular-o-crescimento-do-cabelo\/","title":{"rendered":"O ritual noturno no banho que virou segredo de muitas brasileiras para estimular o crescimento do cabelo"},"content":{"rendered":"\n<p>Voc\u00ea j\u00e1 reparou como um simples banho pode virar um momento de <b>cuidado<\/b> com voc\u00ea mesma? Para muita gente, a <b>massagem<\/b> capilar com escova de silicone \u00e0 noite se tornou um ritual relaxante, que ajuda a aliviar o dia e, de quebra, colabora com a <b>sa\u00fade<\/b> e o crescimento dos fios.<\/p>\n\n\n\n<h2 class=\"wp-block-heading\">O que \u00e9 a microcircula\u00e7\u00e3o folicular e por que ela \u00e9 t\u00e3o importante<\/h2>\n\n\n\n<p>A <b>microcircula\u00e7\u00e3o<\/b> folicular \u00e9 a rede de pequenos vasinhos que envolve a raiz do cabelo. \u00c9 por meio deles que chegam <b>oxig\u00eanio<\/b>, vitaminas e minerais at\u00e9 a matriz do fio, onde ele realmente \u201cnasce\u201d e se <b>desenvolve<\/b>.<\/p>\n\n\n\n<p>Quando essa circula\u00e7\u00e3o est\u00e1 equilibrada, o fol\u00edculo funciona melhor, o ciclo capilar tende a ser mais est\u00e1vel e o fio permanece por mais tempo na fase de crescimento, chamada fase <b>an\u00e1gena<\/b>. J\u00e1 fatores como <b>estresse<\/b>, alimenta\u00e7\u00e3o ruim, excesso de oleosidade e produtos inadequados podem bagun\u00e7ar esse equil\u00edbrio e favorecer <b>queda<\/b> e enfraquecimento.<\/p>\n\n\n<div class=\"wp-block-image\">\n<figure class=\"aligncenter size-large\"><img loading=\"lazy\" decoding=\"async\" width=\"1024\" height=\"576\" src=\"https:\/\/www.em.com.br\/emfoco\/wp-content\/uploads\/2026\/02\/Gemini_Generated_Image_17v1fz17v1fz17v1-1-1024x576.png\" alt=\"\" class=\"wp-image-167314\" srcset=\"https:\/\/www.em.com.br\/emfoco\/wp-content\/uploads\/2026\/02\/Gemini_Generated_Image_17v1fz17v1fz17v1-1-1024x576.png 1024w, https:\/\/www.em.com.br\/emfoco\/wp-content\/uploads\/2026\/02\/Gemini_Generated_Image_17v1fz17v1fz17v1-1-300x169.png 300w, https:\/\/www.em.com.br\/emfoco\/wp-content\/uploads\/2026\/02\/Gemini_Generated_Image_17v1fz17v1fz17v1-1-768x432.png 768w, https:\/\/www.em.com.br\/emfoco\/wp-content\/uploads\/2026\/02\/Gemini_Generated_Image_17v1fz17v1fz17v1-1-750x422.png 750w, https:\/\/www.em.com.br\/emfoco\/wp-content\/uploads\/2026\/02\/Gemini_Generated_Image_17v1fz17v1fz17v1-1-1140x641.png 1140w, https:\/\/www.em.com.br\/emfoco\/wp-content\/uploads\/2026\/02\/Gemini_Generated_Image_17v1fz17v1fz17v1-1.png 1280w\" sizes=\"auto, (max-width: 1024px) 100vw, 1024px\" \/><figcaption class=\"wp-element-caption\">Para montar um coque baixo despojado, alguns cuidados iniciais ajudam a valorizar o resultado <\/figcaption><\/figure><\/div>\n\n\n<p>Leia tamb\u00e9m:&nbsp;<a href=\"https:\/\/www.em.com.br\/emfoco\/2026\/02\/18\/mulheres-com-cabelos-finos-estao-escolhendo-este-corte-moderno-de-2026-ele-cria-volume-instantaneo-e-facilita-a-finalizacao\/\" target=\"_blank\" rel=\"noopener\">Mulheres com cabelos finos est\u00e3o escolhendo este corte moderno de 2026: ele cria volume instant\u00e2neo e facilita a finaliza\u00e7\u00e3o<\/a><\/p>\n\n\n\n<h2 class=\"wp-block-heading\">Como a massagem com escova de silicone no banho ajuda o couro cabeludo<\/h2>\n\n\n\n<p>No banho, a combina\u00e7\u00e3o de \u00e1gua morna, <b>shampoo<\/b> e escova de silicone cria um ambiente bem prop\u00edcio para cuidar do couro cabeludo. A \u00e1gua levemente aquecida ajuda a dilatar os vasos, enquanto os movimentos suaves com a <b>escova<\/b> estimulam mecanicamente a regi\u00e3o e podem melhorar a <b>microcircula\u00e7\u00e3o<\/b> folicular.<\/p>\n\n\n\n<p>As cerdas macias de <b>silicone<\/b> ainda ajudam a espalhar melhor o shampoo, remover res\u00edduos e desobstruir poros e fol\u00edculos. Com o couro cabeludo mais <b>limpo<\/b> e bem irrigado, o fio tende a encontrar condi\u00e7\u00f5es mais favor\u00e1veis para crescer forte ao longo do tempo, ainda que isso n\u00e3o signifique aumento imediato de <b>volume<\/b>.<\/p>\n\n\n\n<figure class=\"wp-block-embed is-type-rich is-provider-pinterest wp-block-embed-pinterest\"><div class=\"wp-block-embed__wrapper\">\n<iframe loading=\"lazy\" title=\"Massagem Capilar F\u00e1cil!\" src=\"https:\/\/assets.pinterest.com\/ext\/embed.html?id=867717053185305231&#038;src=oembed\" height=\"899\" width=\"450\" frameborder=\"0\" scrolling=\"no\" ><\/iframe>\n<\/div><\/figure>\n\n\n\n<h2 class=\"wp-block-heading\">Quais s\u00e3o os benef\u00edcios da massagem capilar com escova de silicone<\/h2>\n\n\n\n<p>Quando feita com <b>cuidado<\/b>, a massagem capilar com escova de silicone pode trazer uma s\u00e9rie de pequenas melhorias que, somadas, fazem diferen\u00e7a na apar\u00eancia e na sensa\u00e7\u00e3o de <b>sa\u00fade<\/b> dos cabelos. Ela tamb\u00e9m pode ser um momento de relaxamento, ajudando a reduzir a <b>tens\u00e3o<\/b> do dia.<\/p>\n\n\n\n<p>A seguir, alguns benef\u00edcios que costumam ser associados a essa pr\u00e1tica, principalmente quando integrada a uma rotina de <b>cuidados<\/b> mais ampla:<\/p>\n\n\n\n<ul class=\"wp-block-list\">\n<li><b>Estimula\u00e7\u00e3o<\/b> mec\u00e2nica suave do couro cabeludo<\/li>\n\n\n\n<li>Ajuda na remo\u00e7\u00e3o de <b>res\u00edduos<\/b> e excesso de oleosidade<\/li>\n\n\n\n<li>Contribui\u00e7\u00e3o para um ambiente <b>folicular<\/b> mais equilibrado<\/li>\n\n\n\n<li>Poss\u00edvel prolongamento da fase de <b>crescimento<\/b> dos fios<\/li>\n<\/ul>\n\n\n\n<p>Se voc\u00ea gosta de dicas de profissionais, separamos esse v\u00eddeo da <a href=\"https:\/\/www.youtube.com\/@studiovitorialima981\" target=\"_blank\" rel=\"noreferrer noopener\">Studio Vit\u00f3ria Lima<\/a> ensina a fazer uma massagem no couro cabeludo:<\/p>\n\n\n\n<figure class=\"wp-block-embed is-type-video is-provider-youtube wp-block-embed-youtube wp-embed-aspect-16-9 wp-has-aspect-ratio\"><div class=\"wp-block-embed__wrapper\">\n<div class=\"jeg_video_container jeg_video_content\"><iframe loading=\"lazy\" title=\"MASSAGEM CAPILAR QUE AUXILIA NO CRESCIMENTO!\" width=\"500\" height=\"281\" src=\"https:\/\/www.youtube.com\/embed\/gRW80WwQ3Ns?feature=oembed\" frameborder=\"0\" allow=\"accelerometer; autoplay; clipboard-write; encrypted-media; gyroscope; picture-in-picture; web-share\" referrerpolicy=\"strict-origin-when-cross-origin\" allowfullscreen><\/iframe><\/div>\n<\/div><\/figure>\n\n\n\n<h2 class=\"wp-block-heading\">Massagem capilar noturna realmente ajuda no crescimento dos fios<\/h2>\n\n\n\n<p>\u00c0 noite, o corpo costuma estar menos exposto a sol forte, <b>polui\u00e7\u00e3o<\/b> e varia\u00e7\u00f5es bruscas de temperatura. Por isso, muitos cuidados capilares feitos nesse per\u00edodo, como a massagem com escova de silicone durante o <b>banho<\/b> noturno, aproveitam esse momento mais tranquilo para favorecer os processos naturais de <b>reparo<\/b> do organismo.<\/p>\n\n\n\n<p>Ao estimular a circula\u00e7\u00e3o do couro cabeludo antes de dormir, a <b>massagem<\/b> pode facilitar a chegada de nutrientes aos fol\u00edculos justamente na fase em que o corpo tende a se regenerar. Em algumas rotinas, ela ainda \u00e9 combinada a <b>t\u00f4nicos<\/b> ou lo\u00e7\u00f5es espec\u00edficas, sempre com orienta\u00e7\u00e3o profissional, e a escova ajuda na aplica\u00e7\u00e3o mais uniforme desses <b>produtos<\/b>.<\/p>\n\n\n\n<h2 class=\"wp-block-heading\">Como fazer a massagem capilar com escova de silicone passo a passo<\/h2>\n\n\n\n<p>A t\u00e9cnica \u00e9 simples, mas alguns cuidados deixam tudo mais seguro e <b>gostoso<\/b>. A ideia \u00e9 estimular, e n\u00e3o machucar: movimentos <b>leves<\/b> costumam ser mais eficientes a longo prazo do que esfregar com for\u00e7a, o que pode irritar a <b>pele<\/b>.<\/p>\n\n\n\n<ol class=\"wp-block-list\">\n<li><strong>Molhar<\/strong> o cabelo: use \u00e1gua morna, evitando temperaturas muito altas, que ressecam couro cabeludo e <b>fios<\/b>.<\/li>\n\n\n\n<li><strong>Aplicar<\/strong> o shampoo: espalhe com as m\u00e3os diretamente no couro cabeludo, sem fric\u00e7\u00e3o agressiva, para preservar a <b>barreira<\/b> natural.<\/li>\n\n\n\n<li><strong>Usar<\/strong> a escova de silicone: fa\u00e7a movimentos circulares leves, percorrendo toda a cabe\u00e7a, sempre respeitando a <b>sensibilidade<\/b> do couro cabeludo.<\/li>\n\n\n\n<li><strong>Massagear<\/strong> por alguns minutos: em geral, entre 2 e 5 minutos s\u00e3o suficientes para promover um est\u00edmulo <b>suave<\/b> e confort\u00e1vel.<\/li>\n\n\n\n<li><strong>Enxaguar<\/strong> bem: remova completamente o shampoo e os res\u00edduos liberados pela massagem, garantindo um couro cabeludo <b>limpo<\/b>.<\/li>\n\n\n\n<li><strong>Secar<\/strong> com cuidado: evite esfregar com a toalha; apenas <b>pressione<\/b> levemente os fios para reduzir frizz e quebra.<\/li>\n<\/ol>\n\n\n\n<figure class=\"wp-block-embed is-type-rich is-provider-pinterest wp-block-embed-pinterest\"><div class=\"wp-block-embed__wrapper\">\n<iframe loading=\"lazy\" title=\"\ud83d\udc86\u200d\u2640\ufe0f\ud83d\udc96 Est\u00e3o prontas para elevar o crescimento dos fios? Anota essas dicas e j\u00e1 salva, \u00e9 sucesso!\" src=\"https:\/\/assets.pinterest.com\/ext\/embed.html?id=985231163639052&#038;src=oembed\" height=\"899\" width=\"450\" frameborder=\"0\" scrolling=\"no\" ><\/iframe>\n<\/div><\/figure>\n\n\n\n<h2 class=\"wp-block-heading\">Quais cuidados e limites ter com a massagem capilar noturna<\/h2>\n\n\n\n<p>Mesmo sendo uma t\u00e9cnica simples e acess\u00edvel, a massagem com escova de silicone n\u00e3o substitui acompanhamento <b>m\u00e9dico<\/b> em casos de queda intensa ou doen\u00e7as do couro cabeludo. Ela funciona melhor como aliada dentro de um conjunto de h\u00e1bitos <b>saud\u00e1veis<\/b>, como alimenta\u00e7\u00e3o equilibrada, manejo do estresse e escolha de produtos adequados ao seu tipo de <b>cabelo<\/b>.<\/p>\n\n\n\n<p>Fique atenta a sinais como <b>vermelhid\u00e3o<\/b> forte, coceira cont\u00ednua ou dor durante a massagem. Caso isso aconte\u00e7a, reduza a intensidade, aumente o intervalo entre as lavagens ou procure um <b>profissional<\/b>. Ajustar a for\u00e7a aplicada, respeitar a sensibilidade da pele e escolher uma escova com cerdas realmente <b>macias<\/b> s\u00e3o atitudes que ajudam a transformar esse ritual noturno em um cuidado prazeroso e sustent\u00e1vel para seus fios em 2026.<\/p>\n","protected":false},"excerpt":{"rendered":"<p>Voc\u00ea j\u00e1 reparou como um simples banho pode virar um momento de cuidado com voc\u00ea mesma? Para muita gente, a massagem capilar com escova de silicone \u00e0 noite se tornou um ritual relaxante, que ajuda a aliviar o dia e, de quebra, colabora com a sa\u00fade e o crescimento dos fios. O que \u00e9 a [&hellip;]<\/p>\n","protected":false},"author":9,"featured_media":171645,"comment_status":"open","ping_status":"open","sticky":false,"template":"","format":"standard","meta":{"jnews-multi-image_gallery":[],"jnews_single_post":{"format":"standard"},"jnews_primary_category":[],"jnews_social_meta":[],"jnews_override_counter":[],"footnotes":""},"categories":[8691,8819,1],"tags":[4905,7595,13825],"class_list":["post-171560","post","type-post","status-publish","format-standard","has-post-thumbnail","hentry","category-bem-estar","category-curiosidades","category-noticias","tag-cabelo","tag-massagem","tag-silicone"],"yoast_head":"<!-- This site is optimized with the Yoast SEO plugin v23.8 - https:\/\/yoast.com\/wordpress\/plugins\/seo\/ -->\n<title>O ritual noturno no banho que virou segredo de muitas brasileiras para estimular o crescimento do cabelo - Estado de Minas - Em foco<\/title>\n<meta name=\"description\" content=\"Entenda como a massagem capilar noturna pode estimular a circula\u00e7\u00e3o no couro cabeludo e favorecer fios mais fortes.\" \/>\n<meta name=\"robots\" content=\"index, follow, max-snippet:-1, max-image-preview:large, max-video-preview:-1\" \/>\n<link rel=\"canonical\" href=\"https:\/\/www.em.com.br\/emfoco\/2026\/02\/20\/o-ritual-noturno-no-banho-que-virou-segredo-de-muitas-brasileiras-para-estimular-o-crescimento-do-cabelo\/\" \/>\n<meta property=\"og:locale\" content=\"pt_BR\" \/>\n<meta property=\"og:type\" content=\"article\" \/>\n<meta property=\"og:title\" content=\"O ritual noturno no banho que virou segredo de muitas brasileiras para estimular o crescimento do cabelo - Estado de Minas - Em foco\" \/>\n<meta property=\"og:description\" content=\"Entenda como a massagem capilar noturna pode estimular a circula\u00e7\u00e3o no couro cabeludo e favorecer fios mais fortes.\" \/>\n<meta property=\"og:url\" content=\"https:\/\/www.em.com.br\/emfoco\/2026\/02\/20\/o-ritual-noturno-no-banho-que-virou-segredo-de-muitas-brasileiras-para-estimular-o-crescimento-do-cabelo\/\" \/>\n<meta property=\"og:site_name\" content=\"Estado de Minas - Em foco\" \/>\n<meta property=\"article:published_time\" content=\"2026-02-20T23:45:46+00:00\" \/>\n<meta property=\"article:modified_time\" content=\"2026-02-19T21:08:44+00:00\" \/>\n<meta property=\"og:image\" content=\"https:\/\/www.em.com.br\/emfoco\/wp-content\/uploads\/2026\/02\/Gemini_Generated_Image_9oq4f09oq4f09oq4-1.png\" \/>\n\t<meta property=\"og:image:width\" content=\"1280\" \/>\n\t<meta property=\"og:image:height\" content=\"720\" \/>\n\t<meta property=\"og:image:type\" content=\"image\/png\" \/>\n<meta name=\"author\" content=\"Daniely Cardoso\" \/>\n<meta name=\"twitter:card\" content=\"summary_large_image\" \/>\n<meta name=\"twitter:label1\" content=\"Escrito por\" \/>\n\t<meta name=\"twitter:data1\" content=\"Daniely Cardoso\" \/>\n\t<meta name=\"twitter:label2\" content=\"Est. tempo de leitura\" \/>\n\t<meta name=\"twitter:data2\" content=\"6 minutos\" \/>\n<!-- \/ Yoast SEO plugin. -->","yoast_head_json":{"title":"O ritual noturno no banho que virou segredo de muitas brasileiras para estimular o crescimento do cabelo - Estado de Minas - Em foco","description":"Entenda como a massagem capilar noturna pode estimular a circula\u00e7\u00e3o no couro cabeludo e favorecer fios mais fortes.","robots":{"index":"index","follow":"follow","max-snippet":"max-snippet:-1","max-image-preview":"max-image-preview:large","max-video-preview":"max-video-preview:-1"},"canonical":"https:\/\/www.em.com.br\/emfoco\/2026\/02\/20\/o-ritual-noturno-no-banho-que-virou-segredo-de-muitas-brasileiras-para-estimular-o-crescimento-do-cabelo\/","og_locale":"pt_BR","og_type":"article","og_title":"O ritual noturno no banho que virou segredo de muitas brasileiras para estimular o crescimento do cabelo - Estado de Minas - Em foco","og_description":"Entenda como a massagem capilar noturna pode estimular a circula\u00e7\u00e3o no couro cabeludo e favorecer fios mais fortes.","og_url":"https:\/\/www.em.com.br\/emfoco\/2026\/02\/20\/o-ritual-noturno-no-banho-que-virou-segredo-de-muitas-brasileiras-para-estimular-o-crescimento-do-cabelo\/","og_site_name":"Estado de Minas - Em foco","article_published_time":"2026-02-20T23:45:46+00:00","article_modified_time":"2026-02-19T21:08:44+00:00","og_image":[{"width":1280,"height":720,"url":"https:\/\/www.em.com.br\/emfoco\/wp-content\/uploads\/2026\/02\/Gemini_Generated_Image_9oq4f09oq4f09oq4-1.png","type":"image\/png"}],"author":"Daniely Cardoso","twitter_card":"summary_large_image","twitter_misc":{"Escrito por":"Daniely Cardoso","Est. tempo de leitura":"6 minutos"},"schema":{"@context":"https:\/\/schema.org","@graph":[{"@type":"WebPage","@id":"https:\/\/www.em.com.br\/emfoco\/2026\/02\/20\/o-ritual-noturno-no-banho-que-virou-segredo-de-muitas-brasileiras-para-estimular-o-crescimento-do-cabelo\/","url":"https:\/\/www.em.com.br\/emfoco\/2026\/02\/20\/o-ritual-noturno-no-banho-que-virou-segredo-de-muitas-brasileiras-para-estimular-o-crescimento-do-cabelo\/","name":"O ritual noturno no banho que virou segredo de muitas brasileiras para estimular o crescimento do cabelo - Estado de Minas - Em foco","isPartOf":{"@id":"https:\/\/www.em.com.br\/emfoco\/#website"},"primaryImageOfPage":{"@id":"https:\/\/www.em.com.br\/emfoco\/2026\/02\/20\/o-ritual-noturno-no-banho-que-virou-segredo-de-muitas-brasileiras-para-estimular-o-crescimento-do-cabelo\/#primaryimage"},"image":{"@id":"https:\/\/www.em.com.br\/emfoco\/2026\/02\/20\/o-ritual-noturno-no-banho-que-virou-segredo-de-muitas-brasileiras-para-estimular-o-crescimento-do-cabelo\/#primaryimage"},"thumbnailUrl":"https:\/\/www.em.com.br\/emfoco\/wp-content\/uploads\/2026\/02\/Gemini_Generated_Image_9oq4f09oq4f09oq4-1.png","datePublished":"2026-02-20T23:45:46+00:00","dateModified":"2026-02-19T21:08:44+00:00","author":{"@id":"https:\/\/www.em.com.br\/emfoco\/#\/schema\/person\/0a8186d72f2c3a5c6276d90b41f271a0"},"description":"Entenda como a massagem capilar noturna pode estimular a circula\u00e7\u00e3o no couro cabeludo e favorecer fios mais fortes.","breadcrumb":{"@id":"https:\/\/www.em.com.br\/emfoco\/2026\/02\/20\/o-ritual-noturno-no-banho-que-virou-segredo-de-muitas-brasileiras-para-estimular-o-crescimento-do-cabelo\/#breadcrumb"},"inLanguage":"pt-BR","potentialAction":[{"@type":"ReadAction","target":["https:\/\/www.em.com.br\/emfoco\/2026\/02\/20\/o-ritual-noturno-no-banho-que-virou-segredo-de-muitas-brasileiras-para-estimular-o-crescimento-do-cabelo\/"]}]},{"@type":"ImageObject","inLanguage":"pt-BR","@id":"https:\/\/www.em.com.br\/emfoco\/2026\/02\/20\/o-ritual-noturno-no-banho-que-virou-segredo-de-muitas-brasileiras-para-estimular-o-crescimento-do-cabelo\/#primaryimage","url":"https:\/\/www.em.com.br\/emfoco\/wp-content\/uploads\/2026\/02\/Gemini_Generated_Image_9oq4f09oq4f09oq4-1.png","contentUrl":"https:\/\/www.em.com.br\/emfoco\/wp-content\/uploads\/2026\/02\/Gemini_Generated_Image_9oq4f09oq4f09oq4-1.png","width":1280,"height":720,"caption":"A microcircula\u00e7\u00e3o folicular \u00e9 a rede de pequenos vasinhos que envolve a raiz do cabelo"},{"@type":"BreadcrumbList","@id":"https:\/\/www.em.com.br\/emfoco\/2026\/02\/20\/o-ritual-noturno-no-banho-que-virou-segredo-de-muitas-brasileiras-para-estimular-o-crescimento-do-cabelo\/#breadcrumb","itemListElement":[{"@type":"ListItem","position":1,"name":"In\u00edcio","item":"https:\/\/www.em.com.br\/emfoco\/"},{"@type":"ListItem","position":2,"name":"O ritual noturno no banho que virou segredo de muitas brasileiras para estimular o crescimento do cabelo"}]},{"@type":"WebSite","@id":"https:\/\/www.em.com.br\/emfoco\/#website","url":"https:\/\/www.em.com.br\/emfoco\/","name":"Estado de Minas - Em foco","description":"Acompanhe as \u00faltimas not\u00edcias e fique bem informado sobre tudo o que acontece em Minas Gerais, Brasil e no mundo.","potentialAction":[{"@type":"SearchAction","target":{"@type":"EntryPoint","urlTemplate":"https:\/\/www.em.com.br\/emfoco\/?s={search_term_string}"},"query-input":{"@type":"PropertyValueSpecification","valueRequired":true,"valueName":"search_term_string"}}],"inLanguage":"pt-BR"},{"@type":"Person","@id":"https:\/\/www.em.com.br\/emfoco\/#\/schema\/person\/0a8186d72f2c3a5c6276d90b41f271a0","name":"Daniely Cardoso","image":{"@type":"ImageObject","inLanguage":"pt-BR","@id":"https:\/\/www.em.com.br\/emfoco\/#\/schema\/person\/image\/","url":"https:\/\/secure.gravatar.com\/avatar\/4b80ddbd124d1f071b626d52d62e5dff?s=96&d=mm&r=g","contentUrl":"https:\/\/secure.gravatar.com\/avatar\/4b80ddbd124d1f071b626d52d62e5dff?s=96&d=mm&r=g","caption":"Daniely Cardoso"},"url":"https:\/\/www.em.com.br\/emfoco\/author\/danielymyth\/"}]}},"_links":{"self":[{"href":"https:\/\/www.em.com.br\/emfoco\/wp-json\/wp\/v2\/posts\/171560","targetHints":{"allow":["GET"]}}],"collection":[{"href":"https:\/\/www.em.com.br\/emfoco\/wp-json\/wp\/v2\/posts"}],"about":[{"href":"https:\/\/www.em.com.br\/emfoco\/wp-json\/wp\/v2\/types\/post"}],"author":[{"embeddable":true,"href":"https:\/\/www.em.com.br\/emfoco\/wp-json\/wp\/v2\/users\/9"}],"replies":[{"embeddable":true,"href":"https:\/\/www.em.com.br\/emfoco\/wp-json\/wp\/v2\/comments?post=171560"}],"version-history":[{"count":2,"href":"https:\/\/www.em.com.br\/emfoco\/wp-json\/wp\/v2\/posts\/171560\/revisions"}],"predecessor-version":[{"id":171646,"href":"https:\/\/www.em.com.br\/emfoco\/wp-json\/wp\/v2\/posts\/171560\/revisions\/171646"}],"wp:featuredmedia":[{"embeddable":true,"href":"https:\/\/www.em.com.br\/emfoco\/wp-json\/wp\/v2\/media\/171645"}],"wp:attachment":[{"href":"https:\/\/www.em.com.br\/emfoco\/wp-json\/wp\/v2\/media?parent=171560"}],"wp:term":[{"taxonomy":"category","embeddable":true,"href":"https:\/\/www.em.com.br\/emfoco\/wp-json\/wp\/v2\/categories?post=171560"},{"taxonomy":"post_tag","embeddable":true,"href":"https:\/\/www.em.com.br\/emfoco\/wp-json\/wp\/v2\/tags?post=171560"}],"curies":[{"name":"wp","href":"https:\/\/api.w.org\/{rel}","templated":true}]}}