{"id":171543,"date":"2026-02-20T17:35:47","date_gmt":"2026-02-20T20:35:47","guid":{"rendered":"https:\/\/www.em.com.br\/emfoco\/?p=171543"},"modified":"2026-02-19T17:35:07","modified_gmt":"2026-02-19T20:35:07","slug":"o-jeito-simples-de-colher-pimentas-ardidas-na-varanda-usando-somente-garrafa-pet","status":"publish","type":"post","link":"https:\/\/www.em.com.br\/emfoco\/2026\/02\/20\/o-jeito-simples-de-colher-pimentas-ardidas-na-varanda-usando-somente-garrafa-pet\/","title":{"rendered":"O jeito simples de colher pimentas ardidas na varanda usando somente garrafa PET"},"content":{"rendered":"\n<p>Imagine colher suas pr\u00f3prias <b>pimentas dedo-de-mo\u00e7a<\/b>, bem picantes e saud\u00e1veis, usando apenas uma <b>garrafa PET<\/b> na varanda ou na janela. Parece complicado, mas a verdade \u00e9 que pequenos detalhes, como a forma de montar a garrafa e cuidar da <b>drenagem correta<\/b>, fazem toda a diferen\u00e7a para que as ra\u00edzes n\u00e3o apodre\u00e7am e a planta cres\u00e7a forte.<\/p>\n\n\n\n<h2 class=\"wp-block-heading\">Qual \u00e9 a profundidade ideal da drenagem com argila expandida na garrafa PET<\/h2>\n\n\n\n<p>Na garrafa PET, a camada de <b>argila expandida<\/b> para plantar pimenta dedo-de-mo\u00e7a costuma ficar entre 3 e 5 cm. Em uma <b>garrafa de 2 litros<\/b>, isso representa mais ou menos um quarto do espa\u00e7o total onde vai o substrato, criando um fundo seguro para a \u00e1gua escorrer sem encharcar as <b>ra\u00edzes sens\u00edveis<\/b>.<\/p>\n\n\n\n<p>Se a camada for muito fina, a \u00e1gua fica parada junto \u00e0s ra\u00edzes por tempo demais; se for muito grossa, sobra pouco espa\u00e7o de terra para a planta se firmar. Em geral, <b>garrafas maiores<\/b> permitem uma camada um pouco mais ampla, mas \u00e9 bom n\u00e3o passar de um ter\u00e7o da altura interna, mantendo o equil\u00edbrio entre <b>drenagem eficiente<\/b> e volume de substrato, o que garante melhor desenvolvimento das <b>ra\u00edzes da pimenteira<\/b>.<\/p>\n\n\n<div class=\"wp-block-image\">\n<figure class=\"aligncenter size-large\"><img loading=\"lazy\" decoding=\"async\" width=\"1024\" height=\"576\" src=\"https:\/\/www.em.com.br\/emfoco\/wp-content\/uploads\/2025\/03\/pimenta-plantacao_1742954175045-1024x576.jpg\" alt=\"\" class=\"wp-image-32366\" srcset=\"https:\/\/www.em.com.br\/emfoco\/wp-content\/uploads\/2025\/03\/pimenta-plantacao_1742954175045-1024x576.jpg 1024w, https:\/\/www.em.com.br\/emfoco\/wp-content\/uploads\/2025\/03\/pimenta-plantacao_1742954175045-300x169.jpg 300w, https:\/\/www.em.com.br\/emfoco\/wp-content\/uploads\/2025\/03\/pimenta-plantacao_1742954175045-768x432.jpg 768w, https:\/\/www.em.com.br\/emfoco\/wp-content\/uploads\/2025\/03\/pimenta-plantacao_1742954175045-750x422.jpg 750w, https:\/\/www.em.com.br\/emfoco\/wp-content\/uploads\/2025\/03\/pimenta-plantacao_1742954175045-1140x641.jpg 1140w, https:\/\/www.em.com.br\/emfoco\/wp-content\/uploads\/2025\/03\/pimenta-plantacao_1742954175045.jpg 1280w\" sizes=\"auto, (max-width: 1024px) 100vw, 1024px\" \/><figcaption class=\"wp-element-caption\">Pimenta em vaso &#8211; Cr\u00e9ditos: depositphotos.com \/ RamiF<\/figcaption><\/figure><\/div>\n\n\n<p>Leia tamb\u00e9m:&nbsp;<a href=\"https:\/\/www.em.com.br\/emfoco\/2026\/02\/14\/hortensias-vibrantes-o-guia-completo-para-plantar-e-manter-flores-espetaculares-no-seu-jardim\/\" target=\"_blank\" rel=\"noopener\">Hort\u00eansias vibrantes: o guia completo para plantar e manter flores espetaculares no seu jardim<\/a><\/p>\n\n\n\n<h2 class=\"wp-block-heading\">Como montar a garrafa PET para plantar pimenta dedo-de-mo\u00e7a passo a passo<\/h2>\n\n\n\n<p>Para a pimenteira se desenvolver bem, vale preparar a garrafa com calma. Muita gente corta a PET ao meio e usa a parte de baixo como <b>vaso improvisado<\/b>, sempre fazendo furos no fundo para a \u00e1gua sair. Outra op\u00e7\u00e3o \u00e9 o sistema <b>autoirrig\u00e1vel simples<\/b>, em que a parte de cima \u00e9 invertida, encaixada na base e usada com reservat\u00f3rio de \u00e1gua, ligada por um pavio ou pequenos furos que levam umidade \u00e0s <b>ra\u00edzes da planta<\/b>.<\/p>\n\n\n\n<p>Depois de escolher o modelo, a ordem das camadas ajuda a garantir que tudo funcione direitinho. Primeiro voc\u00ea faz os <b>furos de drenagem<\/b>, depois entra a argila expandida na espessura de 3 a 5 cm, seguida de uma manta de drenagem ou tecido, e por fim o <b>substrato leve<\/b> e rico em mat\u00e9ria org\u00e2nica, pr\u00f3prio para pimentas. Se quiser, pode misturar um pouco de <b>areia grossa<\/b> ao substrato para deix\u00e1-lo ainda mais solto.<\/p>\n\n\n\n<ul class=\"wp-block-list\">\n<li><b>Corte e furos:<\/b> deixar a \u00e1gua sempre com caminho de sa\u00edda no fundo da garrafa.<\/li>\n\n\n\n<li><b>Camada de argila expandida:<\/b> 3 a 5 cm bem distribu\u00eddos, cobrindo todo o fundo.<\/li>\n\n\n\n<li><b>Manta ou tecido:<\/b> impede que o substrato des\u00e7a e entupa os espa\u00e7os da argila.<\/li>\n\n\n\n<li><b>Substrato adequado:<\/b> leve, bem drenado e com boa quantidade de mat\u00e9ria org\u00e2nica.<\/li>\n<\/ul>\n\n\n\n<p>Se voc\u00ea gosta de cultivo, separamos esse v\u00eddeo do canal <a href=\"https:\/\/www.youtube.com\/@JardineiroAmador\" target=\"_blank\" rel=\"noreferrer noopener\">Jardineiro Amador<\/a> ensinando a plantar essa pimenta em casa:<\/p>\n\n\n\n<figure class=\"wp-block-embed is-type-video is-provider-youtube wp-block-embed-youtube wp-embed-aspect-16-9 wp-has-aspect-ratio\"><div class=\"wp-block-embed__wrapper\">\n<div class=\"jeg_video_container jeg_video_content\"><iframe loading=\"lazy\" title=\"Como plantar pimenta dedo de mo\u00e7a em vaso\" width=\"500\" height=\"281\" src=\"https:\/\/www.youtube.com\/embed\/oobVQJtgcHI?start=1&#038;feature=oembed\" frameborder=\"0\" allow=\"accelerometer; autoplay; clipboard-write; encrypted-media; gyroscope; picture-in-picture; web-share\" referrerpolicy=\"strict-origin-when-cross-origin\" allowfullscreen><\/iframe><\/div>\n<\/div><\/figure>\n\n\n\n<h2 class=\"wp-block-heading\">De que forma a drenagem correta evita a podrid\u00e3o das ra\u00edzes<\/h2>\n\n\n\n<p>A podrid\u00e3o radicular aparece quando as <b>ra\u00edzes da pimenta<\/b> ficam tempo demais em solo encharcado, sem ar suficiente. Em garrafa PET, como o espa\u00e7o \u00e9 pequeno, qualquer excesso de \u00e1gua se acumula r\u00e1pido no fundo, favorecendo fungos e bact\u00e9rias que atacam a <b>pimenteira cultivada<\/b> e reduzem muito a produ\u00e7\u00e3o de <b>frutos saud\u00e1veis<\/b>.<\/p>\n\n\n\n<p>A camada de argila expandida funciona como um \u201cpulm\u00e3o\u201d da garrafa: o excesso de \u00e1gua desce, se acomoda entre as bolinhas de argila e, com a ajuda dos furos, vai embora com mais facilidade. Assim, as ra\u00edzes ficam em um <b>ambiente arejado<\/b>, alternando entre per\u00edodos \u00famidos e levemente secos, o que ajuda a planta a criar ra\u00edzes mais firmes e resistentes. Al\u00e9m disso, essa altern\u00e2ncia estimula o surgimento de <b>ra\u00edzes novas<\/b> e diminui o risco de doen\u00e7as causadas por <b>fungos patog\u00eanicos<\/b>.<\/p>\n\n\n\n<figure class=\"wp-block-embed is-type-rich is-provider-pinterest wp-block-embed-pinterest\"><div class=\"wp-block-embed__wrapper\">\n<iframe loading=\"lazy\" title=\"Pimenta Dedo de Mo\u00e7a\" src=\"https:\/\/assets.pinterest.com\/ext\/embed.html?id=85849936643503214&#038;src=oembed\" height=\"899\" width=\"450\" frameborder=\"0\" scrolling=\"no\" ><\/iframe>\n<\/div><\/figure>\n\n\n\n<h2 class=\"wp-block-heading\">Quais cuidados adicionais ajudam no cultivo em garrafa PET<\/h2>\n\n\n\n<p>Al\u00e9m da drenagem bem feita, alguns h\u00e1bitos simples mant\u00eam a pimenta dedo-de-mo\u00e7a saud\u00e1vel. A rega deve ser ajustada ao calor, ao vento e ao tamanho da garrafa: antes de molhar de novo, toque o <b>substrato superficial<\/b> e veja se a parte de cima j\u00e1 come\u00e7ou a secar, evitando encharcar por impulso. Tamb\u00e9m \u00e9 importante garantir pelo menos algumas horas de <b>luz solar direta<\/b> por dia para que a planta flores\u00e7a e produza bem, evitando locais totalmente sombreados que favorecem <b>fungos no solo<\/b>.<\/p>\n\n\n\n<p>Com o tempo, o substrato pode ficar mais compacto e pobre em mat\u00e9ria org\u00e2nica, dificultando a passagem de ar e \u00e1gua. Nessa hora, voc\u00ea pode afofar levemente a superf\u00edcie, colocar um pouco de composto bem curtido ou at\u00e9 transferir a planta para uma <b>garrafa maior<\/b>, sempre respeitando a camada de 3 a 5 cm de argila expandida para manter o equil\u00edbrio entre \u00e1gua, ar e nutrientes. Se notar folhas muito amareladas, pode complementar com aduba\u00e7\u00e3o leve rica em <b>pot\u00e1ssio e f\u00f3sforo<\/b>, fundamentais para flora\u00e7\u00e3o e forma\u00e7\u00e3o de <b>pimentas vigorosas<\/b>.<\/p>\n","protected":false},"excerpt":{"rendered":"<p>Imagine colher suas pr\u00f3prias pimentas dedo-de-mo\u00e7a, bem picantes e saud\u00e1veis, usando apenas uma garrafa PET na varanda ou na janela. Parece complicado, mas a verdade \u00e9 que pequenos detalhes, como a forma de montar a garrafa e cuidar da drenagem correta, fazem toda a diferen\u00e7a para que as ra\u00edzes n\u00e3o apodre\u00e7am e a planta cres\u00e7a [&hellip;]<\/p>\n","protected":false},"author":9,"featured_media":127686,"comment_status":"open","ping_status":"open","sticky":false,"template":"","format":"standard","meta":{"jnews-multi-image_gallery":[],"jnews_single_post":{"format":"standard"},"jnews_primary_category":[],"jnews_social_meta":[],"jnews_override_counter":[],"footnotes":""},"categories":[8691,8819,1],"tags":[7701,20992,6646],"class_list":["post-171543","post","type-post","status-publish","format-standard","has-post-thumbnail","hentry","category-bem-estar","category-curiosidades","category-noticias","tag-como-plantar","tag-dedo-de-moca","tag-pimenta"],"yoast_head":"<!-- This site is optimized with the Yoast SEO plugin v23.8 - https:\/\/yoast.com\/wordpress\/plugins\/seo\/ -->\n<title>O jeito simples de colher pimentas ardidas na varanda usando somente garrafa PET - Estado de Minas - Em foco<\/title>\n<meta name=\"description\" content=\"Aprenda a montar a drenagem correta na garrafa PET e evite ra\u00edzes podres para colher pimentas saud\u00e1veis em casa.\" \/>\n<meta name=\"robots\" content=\"index, follow, max-snippet:-1, max-image-preview:large, max-video-preview:-1\" \/>\n<link rel=\"canonical\" href=\"https:\/\/www.em.com.br\/emfoco\/2026\/02\/20\/o-jeito-simples-de-colher-pimentas-ardidas-na-varanda-usando-somente-garrafa-pet\/\" \/>\n<meta property=\"og:locale\" content=\"pt_BR\" \/>\n<meta property=\"og:type\" content=\"article\" \/>\n<meta property=\"og:title\" content=\"O jeito simples de colher pimentas ardidas na varanda usando somente garrafa PET - Estado de Minas - Em foco\" \/>\n<meta property=\"og:description\" content=\"Aprenda a montar a drenagem correta na garrafa PET e evite ra\u00edzes podres para colher pimentas saud\u00e1veis em casa.\" \/>\n<meta property=\"og:url\" content=\"https:\/\/www.em.com.br\/emfoco\/2026\/02\/20\/o-jeito-simples-de-colher-pimentas-ardidas-na-varanda-usando-somente-garrafa-pet\/\" \/>\n<meta property=\"og:site_name\" content=\"Estado de Minas - Em foco\" \/>\n<meta property=\"article:published_time\" content=\"2026-02-20T20:35:47+00:00\" \/>\n<meta property=\"article:modified_time\" content=\"2026-02-19T20:35:07+00:00\" \/>\n<meta property=\"og:image\" content=\"https:\/\/www.em.com.br\/emfoco\/wp-content\/uploads\/2025\/11\/pimenta-malagueta-plantacao_1763141612177.jpg\" \/>\n\t<meta property=\"og:image:width\" content=\"1280\" \/>\n\t<meta property=\"og:image:height\" content=\"720\" \/>\n\t<meta property=\"og:image:type\" content=\"image\/jpeg\" \/>\n<meta name=\"author\" content=\"Daniely Cardoso\" \/>\n<meta name=\"twitter:card\" content=\"summary_large_image\" \/>\n<meta name=\"twitter:label1\" content=\"Escrito por\" \/>\n\t<meta name=\"twitter:data1\" content=\"Daniely Cardoso\" \/>\n\t<meta name=\"twitter:label2\" content=\"Est. tempo de leitura\" \/>\n\t<meta name=\"twitter:data2\" content=\"5 minutos\" \/>\n<!-- \/ Yoast SEO plugin. -->","yoast_head_json":{"title":"O jeito simples de colher pimentas ardidas na varanda usando somente garrafa PET - Estado de Minas - Em foco","description":"Aprenda a montar a drenagem correta na garrafa PET e evite ra\u00edzes podres para colher pimentas saud\u00e1veis em casa.","robots":{"index":"index","follow":"follow","max-snippet":"max-snippet:-1","max-image-preview":"max-image-preview:large","max-video-preview":"max-video-preview:-1"},"canonical":"https:\/\/www.em.com.br\/emfoco\/2026\/02\/20\/o-jeito-simples-de-colher-pimentas-ardidas-na-varanda-usando-somente-garrafa-pet\/","og_locale":"pt_BR","og_type":"article","og_title":"O jeito simples de colher pimentas ardidas na varanda usando somente garrafa PET - Estado de Minas - Em foco","og_description":"Aprenda a montar a drenagem correta na garrafa PET e evite ra\u00edzes podres para colher pimentas saud\u00e1veis em casa.","og_url":"https:\/\/www.em.com.br\/emfoco\/2026\/02\/20\/o-jeito-simples-de-colher-pimentas-ardidas-na-varanda-usando-somente-garrafa-pet\/","og_site_name":"Estado de Minas - Em foco","article_published_time":"2026-02-20T20:35:47+00:00","article_modified_time":"2026-02-19T20:35:07+00:00","og_image":[{"width":1280,"height":720,"url":"https:\/\/www.em.com.br\/emfoco\/wp-content\/uploads\/2025\/11\/pimenta-malagueta-plantacao_1763141612177.jpg","type":"image\/jpeg"}],"author":"Daniely Cardoso","twitter_card":"summary_large_image","twitter_misc":{"Escrito por":"Daniely Cardoso","Est. tempo de leitura":"5 minutos"},"schema":{"@context":"https:\/\/schema.org","@graph":[{"@type":"WebPage","@id":"https:\/\/www.em.com.br\/emfoco\/2026\/02\/20\/o-jeito-simples-de-colher-pimentas-ardidas-na-varanda-usando-somente-garrafa-pet\/","url":"https:\/\/www.em.com.br\/emfoco\/2026\/02\/20\/o-jeito-simples-de-colher-pimentas-ardidas-na-varanda-usando-somente-garrafa-pet\/","name":"O jeito simples de colher pimentas ardidas na varanda usando somente garrafa PET - Estado de Minas - Em foco","isPartOf":{"@id":"https:\/\/www.em.com.br\/emfoco\/#website"},"primaryImageOfPage":{"@id":"https:\/\/www.em.com.br\/emfoco\/2026\/02\/20\/o-jeito-simples-de-colher-pimentas-ardidas-na-varanda-usando-somente-garrafa-pet\/#primaryimage"},"image":{"@id":"https:\/\/www.em.com.br\/emfoco\/2026\/02\/20\/o-jeito-simples-de-colher-pimentas-ardidas-na-varanda-usando-somente-garrafa-pet\/#primaryimage"},"thumbnailUrl":"https:\/\/www.em.com.br\/emfoco\/wp-content\/uploads\/2025\/11\/pimenta-malagueta-plantacao_1763141612177.jpg","datePublished":"2026-02-20T20:35:47+00:00","dateModified":"2026-02-19T20:35:07+00:00","author":{"@id":"https:\/\/www.em.com.br\/emfoco\/#\/schema\/person\/0a8186d72f2c3a5c6276d90b41f271a0"},"description":"Aprenda a montar a drenagem correta na garrafa PET e evite ra\u00edzes podres para colher pimentas saud\u00e1veis em casa.","breadcrumb":{"@id":"https:\/\/www.em.com.br\/emfoco\/2026\/02\/20\/o-jeito-simples-de-colher-pimentas-ardidas-na-varanda-usando-somente-garrafa-pet\/#breadcrumb"},"inLanguage":"pt-BR","potentialAction":[{"@type":"ReadAction","target":["https:\/\/www.em.com.br\/emfoco\/2026\/02\/20\/o-jeito-simples-de-colher-pimentas-ardidas-na-varanda-usando-somente-garrafa-pet\/"]}]},{"@type":"ImageObject","inLanguage":"pt-BR","@id":"https:\/\/www.em.com.br\/emfoco\/2026\/02\/20\/o-jeito-simples-de-colher-pimentas-ardidas-na-varanda-usando-somente-garrafa-pet\/#primaryimage","url":"https:\/\/www.em.com.br\/emfoco\/wp-content\/uploads\/2025\/11\/pimenta-malagueta-plantacao_1763141612177.jpg","contentUrl":"https:\/\/www.em.com.br\/emfoco\/wp-content\/uploads\/2025\/11\/pimenta-malagueta-plantacao_1763141612177.jpg","width":1280,"height":720,"caption":"O primeiro passo \u00e9 a escolha correta das sementes, sempre priorizando variedades adaptadas ao seu clima - Cr\u00e9ditos: depositphotos.com \/ anmbph"},{"@type":"BreadcrumbList","@id":"https:\/\/www.em.com.br\/emfoco\/2026\/02\/20\/o-jeito-simples-de-colher-pimentas-ardidas-na-varanda-usando-somente-garrafa-pet\/#breadcrumb","itemListElement":[{"@type":"ListItem","position":1,"name":"In\u00edcio","item":"https:\/\/www.em.com.br\/emfoco\/"},{"@type":"ListItem","position":2,"name":"O jeito simples de colher pimentas ardidas na varanda usando somente garrafa PET"}]},{"@type":"WebSite","@id":"https:\/\/www.em.com.br\/emfoco\/#website","url":"https:\/\/www.em.com.br\/emfoco\/","name":"Estado de Minas - Em foco","description":"Acompanhe as \u00faltimas not\u00edcias e fique bem informado sobre tudo o que acontece em Minas Gerais, Brasil e no mundo.","potentialAction":[{"@type":"SearchAction","target":{"@type":"EntryPoint","urlTemplate":"https:\/\/www.em.com.br\/emfoco\/?s={search_term_string}"},"query-input":{"@type":"PropertyValueSpecification","valueRequired":true,"valueName":"search_term_string"}}],"inLanguage":"pt-BR"},{"@type":"Person","@id":"https:\/\/www.em.com.br\/emfoco\/#\/schema\/person\/0a8186d72f2c3a5c6276d90b41f271a0","name":"Daniely Cardoso","image":{"@type":"ImageObject","inLanguage":"pt-BR","@id":"https:\/\/www.em.com.br\/emfoco\/#\/schema\/person\/image\/","url":"https:\/\/secure.gravatar.com\/avatar\/4b80ddbd124d1f071b626d52d62e5dff?s=96&d=mm&r=g","contentUrl":"https:\/\/secure.gravatar.com\/avatar\/4b80ddbd124d1f071b626d52d62e5dff?s=96&d=mm&r=g","caption":"Daniely Cardoso"},"url":"https:\/\/www.em.com.br\/emfoco\/author\/danielymyth\/"}]}},"_links":{"self":[{"href":"https:\/\/www.em.com.br\/emfoco\/wp-json\/wp\/v2\/posts\/171543","targetHints":{"allow":["GET"]}}],"collection":[{"href":"https:\/\/www.em.com.br\/emfoco\/wp-json\/wp\/v2\/posts"}],"about":[{"href":"https:\/\/www.em.com.br\/emfoco\/wp-json\/wp\/v2\/types\/post"}],"author":[{"embeddable":true,"href":"https:\/\/www.em.com.br\/emfoco\/wp-json\/wp\/v2\/users\/9"}],"replies":[{"embeddable":true,"href":"https:\/\/www.em.com.br\/emfoco\/wp-json\/wp\/v2\/comments?post=171543"}],"version-history":[{"count":2,"href":"https:\/\/www.em.com.br\/emfoco\/wp-json\/wp\/v2\/posts\/171543\/revisions"}],"predecessor-version":[{"id":171600,"href":"https:\/\/www.em.com.br\/emfoco\/wp-json\/wp\/v2\/posts\/171543\/revisions\/171600"}],"wp:featuredmedia":[{"embeddable":true,"href":"https:\/\/www.em.com.br\/emfoco\/wp-json\/wp\/v2\/media\/127686"}],"wp:attachment":[{"href":"https:\/\/www.em.com.br\/emfoco\/wp-json\/wp\/v2\/media?parent=171543"}],"wp:term":[{"taxonomy":"category","embeddable":true,"href":"https:\/\/www.em.com.br\/emfoco\/wp-json\/wp\/v2\/categories?post=171543"},{"taxonomy":"post_tag","embeddable":true,"href":"https:\/\/www.em.com.br\/emfoco\/wp-json\/wp\/v2\/tags?post=171543"}],"curies":[{"name":"wp","href":"https:\/\/api.w.org\/{rel}","templated":true}]}}