{"id":171416,"date":"2026-02-23T16:35:00","date_gmt":"2026-02-23T19:35:00","guid":{"rendered":"https:\/\/www.em.com.br\/emfoco\/?p=171416"},"modified":"2026-02-19T13:55:43","modified_gmt":"2026-02-19T16:55:43","slug":"os-tipos-de-protetores-labiais-que-mais-funcionam-e-como-identificar-o-que-realmente-recupera-labios-rachados","status":"publish","type":"post","link":"https:\/\/www.em.com.br\/emfoco\/2026\/02\/23\/os-tipos-de-protetores-labiais-que-mais-funcionam-e-como-identificar-o-que-realmente-recupera-labios-rachados\/","title":{"rendered":"Os tipos de protetores labiais que mais funcionam e como identificar o que realmente recupera l\u00e1bios rachados"},"content":{"rendered":"\n<p><strong>L\u00e1bios rachados<\/strong> frequentemente s\u00e3o associados \u00e0 falta de hidrata\u00e7\u00e3o, mas nem todos os protetores labiais realmente <strong>reparam a pele<\/strong>. Alguns oferecem apenas sensa\u00e7\u00e3o tempor\u00e1ria de conforto, sem tratar o ressecamento profundo.<\/p>\n\n\n\n<h2 class=\"wp-block-heading\">Por que alguns protetores labiais n\u00e3o hidratam de verdade?<\/h2>\n\n\n\n<p>Muitos produtos s\u00e3o formulados com foco est\u00e9tico e n\u00e3o funcional. Ingredientes como corantes, aromatizantes e ceras em excesso promovem brilho e sensa\u00e7\u00e3o agrad\u00e1vel, por\u00e9m n\u00e3o resolvem o problema da <strong><a href=\"https:\/\/www.em.com.br\/emfoco\/2026\/02\/11\/pele-aspera-apos-a-natacao-saiba-como-cuidar-da-pele-do-corpo-com-passos-simples-de-hidratacao\/\" target=\"_blank\" rel=\"noreferrer noopener\">pele danificada<\/a> ou retra\u00edda<\/strong>.<\/p>\n\n\n\n<p>Por isso, b\u00e1lsamos populares como o <strong>Lip Ice<\/strong> ou vers\u00f5es apenas aromatizadas tendem a melhorar a sensa\u00e7\u00e3o moment\u00e2nea, mas podem exigir reaplica\u00e7\u00f5es frequentes sem reparar o l\u00e1bio de forma efetiva.<\/p>\n\n\n\n<figure class=\"wp-block-image size-large\"><img loading=\"lazy\" decoding=\"async\" width=\"1024\" height=\"576\" src=\"https:\/\/www.em.com.br\/emfoco\/wp-content\/uploads\/2026\/02\/Imagem-8-23-1024x576.jpg\" alt=\"Os tipos de protetores labiais que mais funcionam e como identificar o que realmente recupera l\u00e1bios rachados\" class=\"wp-image-171436\" srcset=\"https:\/\/www.em.com.br\/emfoco\/wp-content\/uploads\/2026\/02\/Imagem-8-23-1024x576.jpg 1024w, https:\/\/www.em.com.br\/emfoco\/wp-content\/uploads\/2026\/02\/Imagem-8-23-300x169.jpg 300w, https:\/\/www.em.com.br\/emfoco\/wp-content\/uploads\/2026\/02\/Imagem-8-23-768x432.jpg 768w, https:\/\/www.em.com.br\/emfoco\/wp-content\/uploads\/2026\/02\/Imagem-8-23-750x422.jpg 750w, https:\/\/www.em.com.br\/emfoco\/wp-content\/uploads\/2026\/02\/Imagem-8-23-1140x641.jpg 1140w, https:\/\/www.em.com.br\/emfoco\/wp-content\/uploads\/2026\/02\/Imagem-8-23.jpg 1280w\" sizes=\"auto, (max-width: 1024px) 100vw, 1024px\" \/><figcaption class=\"wp-element-caption\">Ingredientes com foco apenas est\u00e9tico promovem brilho sem resolver o dano real<\/figcaption><\/figure>\n\n\n\n<h2 class=\"wp-block-heading\">Quais s\u00e3o as categorias de b\u00e1lsamos labiais?<\/h2>\n\n\n\n<p>Os protetores podem ser divididos conforme o n\u00edvel de hidrata\u00e7\u00e3o e repara\u00e7\u00e3o que entregam. Saber qual \u00e9 o seu caso ajuda a escolher melhor, como mostra a lista a seguir.<\/p>\n\n\n\n<ul class=\"wp-block-list\">\n<li><strong>Reparo intensivo<\/strong>: f\u00f3rmulas enriquecidas para l\u00e1bios muito ressecados.<\/li>\n\n\n\n<li><strong>Boa hidrata\u00e7\u00e3o<\/strong>: ideais para uso di\u00e1rio e manuten\u00e7\u00e3o da umidade natural.<\/li>\n\n\n\n<li><strong>Baixa hidrata\u00e7\u00e3o<\/strong>: foco mais cosm\u00e9tico que terap\u00eautico.<\/li>\n<\/ul>\n\n\n\n<h2 class=\"wp-block-heading\">Quais produtos realmente ajudam na recupera\u00e7\u00e3o?<\/h2>\n\n\n\n<p>Para l\u00e1bios com rachaduras severas ou muito secos, produtos com subst\u00e2ncias que criam uma barreira protetora e nutri\u00e7\u00e3o cont\u00ednua s\u00e3o mais eficazes. Boas op\u00e7\u00f5es no Brasil incluem:<\/p>\n\n\n\n<ul class=\"wp-block-list\">\n<li><strong>Bepantol Derma Regenerador Labial<\/strong>: ajuda a reparar a camada cut\u00e2nea e evita ressecamento.<\/li>\n\n\n\n<li><strong>Granado Tutano<\/strong>: formula\u00e7\u00e3o nutritiva que auxilia na restaura\u00e7\u00e3o dos l\u00e1bios.<\/li>\n\n\n\n<li><strong>La Roche-Posay Cicaplast L\u00e1bios<\/strong>: \u201cselante\u201d que protege e hidrata profundamente.<\/li>\n<\/ul>\n\n\n\n<p>Esses produtos combinam prote\u00e7\u00e3o e tratamento, sendo \u00fateis tanto para l\u00e1bios ressecados quanto para preven\u00e7\u00e3o di\u00e1ria.<\/p>\n\n\n\n<figure class=\"wp-block-image size-large\"><img loading=\"lazy\" decoding=\"async\" width=\"1024\" height=\"576\" src=\"https:\/\/www.em.com.br\/emfoco\/wp-content\/uploads\/2026\/02\/Imagem-9-16-1024x576.jpg\" alt=\"Os tipos de protetores labiais que mais funcionam e como identificar o que realmente recupera l\u00e1bios rachados\" class=\"wp-image-171435\" srcset=\"https:\/\/www.em.com.br\/emfoco\/wp-content\/uploads\/2026\/02\/Imagem-9-16-1024x576.jpg 1024w, https:\/\/www.em.com.br\/emfoco\/wp-content\/uploads\/2026\/02\/Imagem-9-16-300x169.jpg 300w, https:\/\/www.em.com.br\/emfoco\/wp-content\/uploads\/2026\/02\/Imagem-9-16-768x432.jpg 768w, https:\/\/www.em.com.br\/emfoco\/wp-content\/uploads\/2026\/02\/Imagem-9-16-750x422.jpg 750w, https:\/\/www.em.com.br\/emfoco\/wp-content\/uploads\/2026\/02\/Imagem-9-16-1140x641.jpg 1140w, https:\/\/www.em.com.br\/emfoco\/wp-content\/uploads\/2026\/02\/Imagem-9-16.jpg 1280w\" sizes=\"auto, (max-width: 1024px) 100vw, 1024px\" \/><figcaption class=\"wp-element-caption\">Produtos com barreira protetora e nutri\u00e7\u00e3o cont\u00ednua s\u00e3o mais eficazes na recupera\u00e7\u00e3o<\/figcaption><\/figure>\n\n\n\n<h2 class=\"wp-block-heading\">Como escolher o melhor protetor para l\u00e1bios rachados?<\/h2>\n\n\n\n<p>Na hora de escolher um b\u00e1lsamo eficaz, alguns fatores t\u00e9cnicos fazem diferen\u00e7a e influenciam no resultado da hidrata\u00e7\u00e3o e repara\u00e7\u00e3o.<\/p>\n\n\n\n<p>Priorize produtos que ofere\u00e7am elementos que ajudam a selar a umidade, proporcionem conforto prolongado e, se poss\u00edvel, contenham <strong><a href=\"https:\/\/www.google.com\/aclk?sa=L&amp;pf=1&amp;ai=DChsSEwj9sZS7guaSAxVvYkgAHRzKNF0YACICCAEQABoCY2U&amp;co=1&amp;ase=2&amp;gclid=Cj0KCQiAhtvMBhDBARIsAL26pjHBMFs7CFmPV8S3TQaKAf3Lt7AF5NKZcghNOnxP4Ncs5Lx5jwEq0l0aAkKyEALw_wcB&amp;cid=CAAS0wHkaEB_4iBBaXEigHBzWbs8hvavFP0h2ix9Ur3oZ72dJumh38IE0WkTzXmmUO3P7y6k5rIU8bSQBWXUMMlDuk3GMdIOXHhIHVATMe4oQfrgCW_Ma66A0hv-x3W4aX0_ONXdWghfKyhTYSv_RkDmK2itMIpUuh6ymuTeaexpLhDWvP9yhEfBdF8tqeTdSytrCa-JcxNO2HlZlkAF7whHy1FIJWVhkZ0UZmdgUInRIEvmriTBeE-w2V2nGJazq-1KHjcEX7YdRVIJ0kiFqctNuY65GQ9v&amp;cce=2&amp;category=acrcp_v1_32&amp;sig=AOD64_3_hkUepL8aVBwqstH6J8Tq7qkpRg&amp;q&amp;nis=4&amp;adurl=https:\/\/www.nivea.com.br\/dicas\/sol\/fps-o-que-e?utm_source_platform%3DGoogleAds%26utm_source%3Dgoogle%26utm_medium%3Dcpc%26utm_campaign%3DT03_000452_BR_NSU_Search_AW_Jan25_Dec25_fullf_CHEIL_ClassOther_CATEGORIA-SUN%26utm_term%3DOQUE-FPS%26utm_content%3Dcheil%26gad_source%3D1%26gad_campaignid%3D21226588765%26gbraid%3D0AAAAAoc9XB6zuWEa1aytkc-HZERU1K_3t%26gclid%3DCj0KCQiAhtvMBhDBARIsAL26pjHBMFs7CFmPV8S3TQaKAf3Lt7AF5NKZcghNOnxP4Ncs5Lx5jwEq0l0aAkKyEALw_wcB&amp;ved=2ahUKEwiy3Iy7guaSAxXDkZUCHUTRG_QQ0Qx6BAgaEAQ\" target=\"_blank\" rel=\"noreferrer noopener\">prote\u00e7\u00e3o solar (FPS)<\/a><\/strong>, pois a radia\u00e7\u00e3o tamb\u00e9m contribui para o ressecamento labial.<\/p>\n\n\n\n<h2 class=\"wp-block-heading\">Quais ingredientes ajudam mais nos l\u00e1bios secos?<\/h2>\n\n\n\n<p>Existem componentes que realmente fazem a diferen\u00e7a para a sa\u00fade da regi\u00e3o labial. Fique de olho nos itens abaixo, que costumam aparecer nas f\u00f3rmulas mais recomendadas por dermatologistas.<\/p>\n\n\n\n<ul class=\"wp-block-list\">\n<li><strong>Pantenol<\/strong>: promove regenera\u00e7\u00e3o e acelera a recupera\u00e7\u00e3o.<\/li>\n\n\n\n<li><strong>Manteiga de karit\u00e9<\/strong>: nutre e suaviza a pele ressecada.<\/li>\n\n\n\n<li><strong>Cera de abelha<\/strong>: forma uma barreira protetora contra agress\u00f5es externas.<\/li>\n<\/ul>\n\n\n\n<p>Evitar produtos apenas com aroma ou cor e investir em f\u00f3rmulas que realmente tratam a pele faz toda a diferen\u00e7a na hidrata\u00e7\u00e3o duradoura dos l\u00e1bios.<\/p>\n","protected":false},"excerpt":{"rendered":"<p>L\u00e1bios rachados frequentemente s\u00e3o associados \u00e0 falta de hidrata\u00e7\u00e3o, mas nem todos os protetores labiais realmente reparam a pele. Alguns oferecem apenas sensa\u00e7\u00e3o tempor\u00e1ria de conforto, sem tratar o ressecamento profundo. Por que alguns protetores labiais n\u00e3o hidratam de verdade? Muitos produtos s\u00e3o formulados com foco est\u00e9tico e n\u00e3o funcional. Ingredientes como corantes, aromatizantes e [&hellip;]<\/p>\n","protected":false},"author":13,"featured_media":171437,"comment_status":"open","ping_status":"open","sticky":false,"template":"","format":"standard","meta":{"jnews-multi-image_gallery":[],"jnews_single_post":{"format":"standard"},"jnews_primary_category":[],"jnews_social_meta":[],"jnews_override_counter":[],"footnotes":""},"categories":[8819],"tags":[712,15426,24926],"class_list":["post-171416","post","type-post","status-publish","format-standard","has-post-thumbnail","hentry","category-curiosidades","tag-autocuidado","tag-cuidados-com-os-labios","tag-protetores-labiais"],"yoast_head":"<!-- This site is optimized with the Yoast SEO plugin v23.8 - https:\/\/yoast.com\/wordpress\/plugins\/seo\/ -->\n<title>Os tipos de protetores labiais que mais funcionam e como identificar o que realmente recupera l\u00e1bios rachados - Estado de Minas - Em foco<\/title>\n<meta name=\"description\" content=\"Nem todo protetor labial hidrata de verdade. Algumas f\u00f3rmulas s\u00f3 aliviam na hora e n\u00e3o tratam rachaduras profundas dos l\u00e1bios.\" \/>\n<meta name=\"robots\" content=\"index, follow, max-snippet:-1, max-image-preview:large, max-video-preview:-1\" \/>\n<link rel=\"canonical\" href=\"https:\/\/www.em.com.br\/emfoco\/2026\/02\/23\/os-tipos-de-protetores-labiais-que-mais-funcionam-e-como-identificar-o-que-realmente-recupera-labios-rachados\/\" \/>\n<meta property=\"og:locale\" content=\"pt_BR\" \/>\n<meta property=\"og:type\" content=\"article\" \/>\n<meta property=\"og:title\" content=\"Os tipos de protetores labiais que mais funcionam e como identificar o que realmente recupera l\u00e1bios rachados - Estado de Minas - Em foco\" \/>\n<meta property=\"og:description\" content=\"Nem todo protetor labial hidrata de verdade. Algumas f\u00f3rmulas s\u00f3 aliviam na hora e n\u00e3o tratam rachaduras profundas dos l\u00e1bios.\" \/>\n<meta property=\"og:url\" content=\"https:\/\/www.em.com.br\/emfoco\/2026\/02\/23\/os-tipos-de-protetores-labiais-que-mais-funcionam-e-como-identificar-o-que-realmente-recupera-labios-rachados\/\" \/>\n<meta property=\"og:site_name\" content=\"Estado de Minas - Em foco\" \/>\n<meta property=\"article:published_time\" content=\"2026-02-23T19:35:00+00:00\" \/>\n<meta property=\"article:modified_time\" content=\"2026-02-19T16:55:43+00:00\" \/>\n<meta property=\"og:image\" content=\"https:\/\/www.em.com.br\/emfoco\/wp-content\/uploads\/2026\/02\/Imagem-7-24.jpg\" \/>\n\t<meta property=\"og:image:width\" content=\"1280\" \/>\n\t<meta property=\"og:image:height\" content=\"720\" \/>\n\t<meta property=\"og:image:type\" content=\"image\/jpeg\" \/>\n<meta name=\"author\" content=\"Gabriel Martins\" \/>\n<meta name=\"twitter:card\" content=\"summary_large_image\" \/>\n<meta name=\"twitter:label1\" content=\"Escrito por\" \/>\n\t<meta name=\"twitter:data1\" content=\"Gabriel Martins\" \/>\n\t<meta name=\"twitter:label2\" content=\"Est. tempo de leitura\" \/>\n\t<meta name=\"twitter:data2\" content=\"3 minutos\" \/>\n<!-- \/ Yoast SEO plugin. -->","yoast_head_json":{"title":"Os tipos de protetores labiais que mais funcionam e como identificar o que realmente recupera l\u00e1bios rachados - Estado de Minas - Em foco","description":"Nem todo protetor labial hidrata de verdade. Algumas f\u00f3rmulas s\u00f3 aliviam na hora e n\u00e3o tratam rachaduras profundas dos l\u00e1bios.","robots":{"index":"index","follow":"follow","max-snippet":"max-snippet:-1","max-image-preview":"max-image-preview:large","max-video-preview":"max-video-preview:-1"},"canonical":"https:\/\/www.em.com.br\/emfoco\/2026\/02\/23\/os-tipos-de-protetores-labiais-que-mais-funcionam-e-como-identificar-o-que-realmente-recupera-labios-rachados\/","og_locale":"pt_BR","og_type":"article","og_title":"Os tipos de protetores labiais que mais funcionam e como identificar o que realmente recupera l\u00e1bios rachados - Estado de Minas - Em foco","og_description":"Nem todo protetor labial hidrata de verdade. Algumas f\u00f3rmulas s\u00f3 aliviam na hora e n\u00e3o tratam rachaduras profundas dos l\u00e1bios.","og_url":"https:\/\/www.em.com.br\/emfoco\/2026\/02\/23\/os-tipos-de-protetores-labiais-que-mais-funcionam-e-como-identificar-o-que-realmente-recupera-labios-rachados\/","og_site_name":"Estado de Minas - Em foco","article_published_time":"2026-02-23T19:35:00+00:00","article_modified_time":"2026-02-19T16:55:43+00:00","og_image":[{"width":1280,"height":720,"url":"https:\/\/www.em.com.br\/emfoco\/wp-content\/uploads\/2026\/02\/Imagem-7-24.jpg","type":"image\/jpeg"}],"author":"Gabriel Martins","twitter_card":"summary_large_image","twitter_misc":{"Escrito por":"Gabriel Martins","Est. tempo de leitura":"3 minutos"},"schema":{"@context":"https:\/\/schema.org","@graph":[{"@type":"WebPage","@id":"https:\/\/www.em.com.br\/emfoco\/2026\/02\/23\/os-tipos-de-protetores-labiais-que-mais-funcionam-e-como-identificar-o-que-realmente-recupera-labios-rachados\/","url":"https:\/\/www.em.com.br\/emfoco\/2026\/02\/23\/os-tipos-de-protetores-labiais-que-mais-funcionam-e-como-identificar-o-que-realmente-recupera-labios-rachados\/","name":"Os tipos de protetores labiais que mais funcionam e como identificar o que realmente recupera l\u00e1bios rachados - Estado de Minas - Em foco","isPartOf":{"@id":"https:\/\/www.em.com.br\/emfoco\/#website"},"primaryImageOfPage":{"@id":"https:\/\/www.em.com.br\/emfoco\/2026\/02\/23\/os-tipos-de-protetores-labiais-que-mais-funcionam-e-como-identificar-o-que-realmente-recupera-labios-rachados\/#primaryimage"},"image":{"@id":"https:\/\/www.em.com.br\/emfoco\/2026\/02\/23\/os-tipos-de-protetores-labiais-que-mais-funcionam-e-como-identificar-o-que-realmente-recupera-labios-rachados\/#primaryimage"},"thumbnailUrl":"https:\/\/www.em.com.br\/emfoco\/wp-content\/uploads\/2026\/02\/Imagem-7-24.jpg","datePublished":"2026-02-23T19:35:00+00:00","dateModified":"2026-02-19T16:55:43+00:00","author":{"@id":"https:\/\/www.em.com.br\/emfoco\/#\/schema\/person\/1c9ddeab18b98abeffef834667bcf08a"},"description":"Nem todo protetor labial hidrata de verdade. Algumas f\u00f3rmulas s\u00f3 aliviam na hora e n\u00e3o tratam rachaduras profundas dos l\u00e1bios.","breadcrumb":{"@id":"https:\/\/www.em.com.br\/emfoco\/2026\/02\/23\/os-tipos-de-protetores-labiais-que-mais-funcionam-e-como-identificar-o-que-realmente-recupera-labios-rachados\/#breadcrumb"},"inLanguage":"pt-BR","potentialAction":[{"@type":"ReadAction","target":["https:\/\/www.em.com.br\/emfoco\/2026\/02\/23\/os-tipos-de-protetores-labiais-que-mais-funcionam-e-como-identificar-o-que-realmente-recupera-labios-rachados\/"]}]},{"@type":"ImageObject","inLanguage":"pt-BR","@id":"https:\/\/www.em.com.br\/emfoco\/2026\/02\/23\/os-tipos-de-protetores-labiais-que-mais-funcionam-e-como-identificar-o-que-realmente-recupera-labios-rachados\/#primaryimage","url":"https:\/\/www.em.com.br\/emfoco\/wp-content\/uploads\/2026\/02\/Imagem-7-24.jpg","contentUrl":"https:\/\/www.em.com.br\/emfoco\/wp-content\/uploads\/2026\/02\/Imagem-7-24.jpg","width":1280,"height":720,"caption":"L\u00e1bios rachados exigem produtos que tratam o ressecamento profundo e n\u00e3o apenas est\u00e9tica"},{"@type":"BreadcrumbList","@id":"https:\/\/www.em.com.br\/emfoco\/2026\/02\/23\/os-tipos-de-protetores-labiais-que-mais-funcionam-e-como-identificar-o-que-realmente-recupera-labios-rachados\/#breadcrumb","itemListElement":[{"@type":"ListItem","position":1,"name":"In\u00edcio","item":"https:\/\/www.em.com.br\/emfoco\/"},{"@type":"ListItem","position":2,"name":"Os tipos de protetores labiais que mais funcionam e como identificar o que realmente recupera l\u00e1bios rachados"}]},{"@type":"WebSite","@id":"https:\/\/www.em.com.br\/emfoco\/#website","url":"https:\/\/www.em.com.br\/emfoco\/","name":"Estado de Minas - Em foco","description":"Acompanhe as \u00faltimas not\u00edcias e fique bem informado sobre tudo o que acontece em Minas Gerais, Brasil e no mundo.","potentialAction":[{"@type":"SearchAction","target":{"@type":"EntryPoint","urlTemplate":"https:\/\/www.em.com.br\/emfoco\/?s={search_term_string}"},"query-input":{"@type":"PropertyValueSpecification","valueRequired":true,"valueName":"search_term_string"}}],"inLanguage":"pt-BR"},{"@type":"Person","@id":"https:\/\/www.em.com.br\/emfoco\/#\/schema\/person\/1c9ddeab18b98abeffef834667bcf08a","name":"Gabriel Martins","image":{"@type":"ImageObject","inLanguage":"pt-BR","@id":"https:\/\/www.em.com.br\/emfoco\/#\/schema\/person\/image\/","url":"https:\/\/secure.gravatar.com\/avatar\/f0f1e2efdfd88f1ad2cb08c5c2731e50?s=96&d=mm&r=g","contentUrl":"https:\/\/secure.gravatar.com\/avatar\/f0f1e2efdfd88f1ad2cb08c5c2731e50?s=96&d=mm&r=g","caption":"Gabriel Martins"},"sameAs":["https:\/\/www.em.com.br\/emfoco\/"],"url":"https:\/\/www.em.com.br\/emfoco\/author\/gabrielmartinsmyth\/"}]}},"_links":{"self":[{"href":"https:\/\/www.em.com.br\/emfoco\/wp-json\/wp\/v2\/posts\/171416","targetHints":{"allow":["GET"]}}],"collection":[{"href":"https:\/\/www.em.com.br\/emfoco\/wp-json\/wp\/v2\/posts"}],"about":[{"href":"https:\/\/www.em.com.br\/emfoco\/wp-json\/wp\/v2\/types\/post"}],"author":[{"embeddable":true,"href":"https:\/\/www.em.com.br\/emfoco\/wp-json\/wp\/v2\/users\/13"}],"replies":[{"embeddable":true,"href":"https:\/\/www.em.com.br\/emfoco\/wp-json\/wp\/v2\/comments?post=171416"}],"version-history":[{"count":1,"href":"https:\/\/www.em.com.br\/emfoco\/wp-json\/wp\/v2\/posts\/171416\/revisions"}],"predecessor-version":[{"id":171438,"href":"https:\/\/www.em.com.br\/emfoco\/wp-json\/wp\/v2\/posts\/171416\/revisions\/171438"}],"wp:featuredmedia":[{"embeddable":true,"href":"https:\/\/www.em.com.br\/emfoco\/wp-json\/wp\/v2\/media\/171437"}],"wp:attachment":[{"href":"https:\/\/www.em.com.br\/emfoco\/wp-json\/wp\/v2\/media?parent=171416"}],"wp:term":[{"taxonomy":"category","embeddable":true,"href":"https:\/\/www.em.com.br\/emfoco\/wp-json\/wp\/v2\/categories?post=171416"},{"taxonomy":"post_tag","embeddable":true,"href":"https:\/\/www.em.com.br\/emfoco\/wp-json\/wp\/v2\/tags?post=171416"}],"curies":[{"name":"wp","href":"https:\/\/api.w.org\/{rel}","templated":true}]}}