{"id":171268,"date":"2026-02-23T21:25:00","date_gmt":"2026-02-24T00:25:00","guid":{"rendered":"https:\/\/www.em.com.br\/emfoco\/?p=171268"},"modified":"2026-02-19T11:12:48","modified_gmt":"2026-02-19T14:12:48","slug":"sua-planta-pode-estar-fingindo-saude-apos-a-troca-de-vaso-e-o-segredo-esta-nas-raizes","status":"publish","type":"post","link":"https:\/\/www.em.com.br\/emfoco\/2026\/02\/23\/sua-planta-pode-estar-fingindo-saude-apos-a-troca-de-vaso-e-o-segredo-esta-nas-raizes\/","title":{"rendered":"Sua planta pode estar \u201cfingindo\u201d sa\u00fade ap\u00f3s a troca de vaso e o segredo est\u00e1 nas ra\u00edzes"},"content":{"rendered":"\n<p>Olhar para uma <strong>planta em casa<\/strong> e n\u00e3o saber se ela realmente se adaptou ao novo vaso \u00e9 uma d\u00favida comum. O segredo est\u00e1 no que acontece sob o solo. Identificar sinais de <strong>enraizamento ativo<\/strong> pode evitar perdas e manter o jardim saud\u00e1vel.<\/p>\n\n\n\n<h2 class=\"wp-block-heading\">Por que o enraizamento \u00e9 o verdadeiro sinal de sa\u00fade?<\/h2>\n\n\n\n<p>Muitas esp\u00e9cies mant\u00eam apar\u00eancia verde por semanas usando apenas reservas trazidas do viveiro. Isso n\u00e3o significa adapta\u00e7\u00e3o real. O que define vitalidade \u00e9 a capacidade de criar um <strong><a href=\"https:\/\/www.infoteca.cnptia.embrapa.br\/bitstream\/doc\/1005326\/1\/COT198.pdf\" target=\"_blank\" rel=\"noreferrer noopener\">sistema radicular funcional<\/a><\/strong> no novo substrato.<\/p>\n\n\n\n<p>Especialistas em <strong>bot\u00e2nica dom\u00e9stica<\/strong> explicam que o crescimento vis\u00edvel acima do solo depende da conex\u00e3o firme abaixo dele. Sem ra\u00edzes ativas absorvendo \u00e1gua e nutrientes, a planta apenas resiste, mas n\u00e3o evolui.<\/p>\n\n\n\n<figure class=\"wp-block-image size-large\"><img loading=\"lazy\" decoding=\"async\" width=\"1024\" height=\"576\" src=\"https:\/\/www.em.com.br\/emfoco\/wp-content\/uploads\/2026\/02\/Imagem-1-127-1024x576.jpg\" alt=\"Sua planta pode estar \u201cfingindo\u201d sa\u00fade ap\u00f3s a troca de vaso e o segredo est\u00e1 nas ra\u00edzes\" class=\"wp-image-171296\" srcset=\"https:\/\/www.em.com.br\/emfoco\/wp-content\/uploads\/2026\/02\/Imagem-1-127-1024x576.jpg 1024w, https:\/\/www.em.com.br\/emfoco\/wp-content\/uploads\/2026\/02\/Imagem-1-127-300x169.jpg 300w, https:\/\/www.em.com.br\/emfoco\/wp-content\/uploads\/2026\/02\/Imagem-1-127-768x432.jpg 768w, https:\/\/www.em.com.br\/emfoco\/wp-content\/uploads\/2026\/02\/Imagem-1-127-750x422.jpg 750w, https:\/\/www.em.com.br\/emfoco\/wp-content\/uploads\/2026\/02\/Imagem-1-127-1140x641.jpg 1140w, https:\/\/www.em.com.br\/emfoco\/wp-content\/uploads\/2026\/02\/Imagem-1-127.jpg 1280w\" sizes=\"auto, (max-width: 1024px) 100vw, 1024px\" \/><figcaption class=\"wp-element-caption\">Exposi\u00e7\u00e3o solar adequada garante o desenvolvimento vigoroso de todas as ervas<\/figcaption><\/figure>\n\n\n\n<h2 class=\"wp-block-heading\">Quais sinais indicam que a planta realmente pegou?<\/h2>\n\n\n\n<p>Quando a adapta\u00e7\u00e3o ocorre, o comportamento da planta muda de forma percept\u00edvel. Pequenas transforma\u00e7\u00f5es revelam que as ra\u00edzes est\u00e3o absorvendo \u00e1gua e se fixando corretamente. Entre os principais ind\u00edcios est\u00e3o os seguintes:<\/p>\n\n\n\n<ul class=\"wp-block-list\">\n<li><strong>Brota\u00e7\u00f5es novas<\/strong>: folhas jovens e caules surgindo indicam energia direcionada ao crescimento.<\/li>\n\n\n\n<li><strong>Folhas firmes<\/strong>: boa turgidez mostra absor\u00e7\u00e3o eficiente de \u00e1gua pelas ra\u00edzes.<\/li>\n\n\n\n<li><strong>Estabilidade no vaso<\/strong>: leve resist\u00eancia ao toque revela ancoragem no substrato.<\/li>\n<\/ul>\n\n\n\n<h2 class=\"wp-block-heading\">Como identificar se ela est\u00e1 apenas sobrevivendo?<\/h2>\n\n\n\n<p>Se a apar\u00eancia permanece est\u00e1tica por semanas, sem crescimento vis\u00edvel, pode haver apenas consumo de reservas internas. Essa <strong>apar\u00eancia im\u00f3vel<\/strong> sinaliza que a planta ainda n\u00e3o criou ra\u00edzes suficientes.<\/p>\n\n\n\n<p>Folhas moles ou amareladas mesmo com solo \u00famido indicam falha na absor\u00e7\u00e3o. Quando a planta balan\u00e7a com facilidade ou parece solta no vaso, pode haver <strong>ra\u00edzes fr\u00e1geis ou apodrecidas<\/strong>, exigindo aten\u00e7\u00e3o imediata.<\/p>\n\n\n\n<figure class=\"wp-block-image size-large\"><img loading=\"lazy\" decoding=\"async\" width=\"1024\" height=\"576\" src=\"https:\/\/www.em.com.br\/emfoco\/wp-content\/uploads\/2026\/02\/Imagem-2-119-1024x576.jpg\" alt=\"Sua planta pode estar \u201cfingindo\u201d sa\u00fade ap\u00f3s a troca de vaso e o segredo est\u00e1 nas ra\u00edzes\" class=\"wp-image-171298\" srcset=\"https:\/\/www.em.com.br\/emfoco\/wp-content\/uploads\/2026\/02\/Imagem-2-119-1024x576.jpg 1024w, https:\/\/www.em.com.br\/emfoco\/wp-content\/uploads\/2026\/02\/Imagem-2-119-300x169.jpg 300w, https:\/\/www.em.com.br\/emfoco\/wp-content\/uploads\/2026\/02\/Imagem-2-119-768x432.jpg 768w, https:\/\/www.em.com.br\/emfoco\/wp-content\/uploads\/2026\/02\/Imagem-2-119-750x422.jpg 750w, https:\/\/www.em.com.br\/emfoco\/wp-content\/uploads\/2026\/02\/Imagem-2-119-1140x641.jpg 1140w, https:\/\/www.em.com.br\/emfoco\/wp-content\/uploads\/2026\/02\/Imagem-2-119.jpg 1280w\" sizes=\"auto, (max-width: 1024px) 100vw, 1024px\" \/><figcaption class=\"wp-element-caption\">Regas constantes mant\u00eam a hidrata\u00e7\u00e3o ideal para o crescimento das folhas<\/figcaption><\/figure>\n\n\n\n<h2 class=\"wp-block-heading\">Como testar sem machucar e ajudar no enraizamento?<\/h2>\n\n\n\n<p>Um m\u00e9todo simples avalia a fixa\u00e7\u00e3o sem danificar o caule. O chamado <strong>teste de resist\u00eancia<\/strong> consiste em mover levemente a base da planta com os dedos. Pequena firmeza indica in\u00edcio do enraizamento. Caso contr\u00e1rio, ajustes s\u00e3o necess\u00e1rios, como mostram as orienta\u00e7\u00f5es abaixo.<\/p>\n\n\n\n<ul class=\"wp-block-list\">\n<li><strong>Evite mudar o vaso<\/strong>: altera\u00e7\u00f5es constantes de luz e temperatura interrompem a adapta\u00e7\u00e3o.<\/li>\n\n\n\n<li><strong>Controle a rega<\/strong>: excesso de \u00e1gua pode sufocar ra\u00edzes em forma\u00e7\u00e3o.<\/li>\n\n\n\n<li><strong>Tenha paci\u00eancia<\/strong>: o processo de adapta\u00e7\u00e3o pode levar entre 15 e 30 dias.<\/li>\n<\/ul>\n\n\n\n<p>Durante esse per\u00edodo, evite adubos fortes, pois ra\u00edzes novas s\u00e3o sens\u00edveis. Com observa\u00e7\u00e3o cuidadosa e manejo adequado, a <strong><a href=\"https:\/\/www.em.com.br\/emfoco\/2026\/02\/19\/a-planta-simples-que-pode-ajudar-voce-a-acordar-mais-calmo-e-menos-estressado\/\" target=\"_blank\" rel=\"noreferrer noopener\">planta <\/a><\/strong>deixa de apenas sobreviver e passa a se desenvolver com vigor no novo ambiente.<\/p>\n","protected":false},"excerpt":{"rendered":"<p>Olhar para uma planta em casa e n\u00e3o saber se ela realmente se adaptou ao novo vaso \u00e9 uma d\u00favida comum. O segredo est\u00e1 no que acontece sob o solo. Identificar sinais de enraizamento ativo pode evitar perdas e manter o jardim saud\u00e1vel. Por que o enraizamento \u00e9 o verdadeiro sinal de sa\u00fade? Muitas esp\u00e9cies [&hellip;]<\/p>\n","protected":false},"author":13,"featured_media":171297,"comment_status":"open","ping_status":"open","sticky":false,"template":"","format":"standard","meta":{"jnews-multi-image_gallery":[],"jnews_single_post":{"format":"standard"},"jnews_primary_category":[],"jnews_social_meta":[],"jnews_override_counter":[],"footnotes":""},"categories":[8819],"tags":[24898,3358,6029],"class_list":["post-171268","post","type-post","status-publish","format-standard","has-post-thumbnail","hentry","category-curiosidades","tag-enraizamento-ativo","tag-jardinagem","tag-pragas"],"yoast_head":"<!-- This site is optimized with the Yoast SEO plugin v23.8 - https:\/\/yoast.com\/wordpress\/plugins\/seo\/ -->\n<title>Sua planta pode estar \u201cfingindo\u201d sa\u00fade ap\u00f3s a troca de vaso e o segredo est\u00e1 nas ra\u00edzes - Estado de Minas - Em foco<\/title>\n<meta name=\"description\" content=\"Aprenda a identificar sinais de enraizamento ativo e descubra se sua planta se adaptou ao novo vaso ou apenas sobrevive.\" \/>\n<meta name=\"robots\" content=\"index, follow, max-snippet:-1, max-image-preview:large, max-video-preview:-1\" \/>\n<link rel=\"canonical\" href=\"https:\/\/www.em.com.br\/emfoco\/2026\/02\/23\/sua-planta-pode-estar-fingindo-saude-apos-a-troca-de-vaso-e-o-segredo-esta-nas-raizes\/\" \/>\n<meta property=\"og:locale\" content=\"pt_BR\" \/>\n<meta property=\"og:type\" content=\"article\" \/>\n<meta property=\"og:title\" content=\"Sua planta pode estar \u201cfingindo\u201d sa\u00fade ap\u00f3s a troca de vaso e o segredo est\u00e1 nas ra\u00edzes - Estado de Minas - Em foco\" \/>\n<meta property=\"og:description\" content=\"Aprenda a identificar sinais de enraizamento ativo e descubra se sua planta se adaptou ao novo vaso ou apenas sobrevive.\" \/>\n<meta property=\"og:url\" content=\"https:\/\/www.em.com.br\/emfoco\/2026\/02\/23\/sua-planta-pode-estar-fingindo-saude-apos-a-troca-de-vaso-e-o-segredo-esta-nas-raizes\/\" \/>\n<meta property=\"og:site_name\" content=\"Estado de Minas - Em foco\" \/>\n<meta property=\"article:published_time\" content=\"2026-02-24T00:25:00+00:00\" \/>\n<meta property=\"article:modified_time\" content=\"2026-02-19T14:12:48+00:00\" \/>\n<meta property=\"og:image\" content=\"https:\/\/www.em.com.br\/emfoco\/wp-content\/uploads\/2026\/02\/Imagem-142.jpg\" \/>\n\t<meta property=\"og:image:width\" content=\"1280\" \/>\n\t<meta property=\"og:image:height\" content=\"720\" \/>\n\t<meta property=\"og:image:type\" content=\"image\/jpeg\" \/>\n<meta name=\"author\" content=\"Gabriel Martins\" \/>\n<meta name=\"twitter:card\" content=\"summary_large_image\" \/>\n<meta name=\"twitter:label1\" content=\"Escrito por\" \/>\n\t<meta name=\"twitter:data1\" content=\"Gabriel Martins\" \/>\n\t<meta name=\"twitter:label2\" content=\"Est. tempo de leitura\" \/>\n\t<meta name=\"twitter:data2\" content=\"3 minutos\" \/>\n<!-- \/ Yoast SEO plugin. -->","yoast_head_json":{"title":"Sua planta pode estar \u201cfingindo\u201d sa\u00fade ap\u00f3s a troca de vaso e o segredo est\u00e1 nas ra\u00edzes - Estado de Minas - Em foco","description":"Aprenda a identificar sinais de enraizamento ativo e descubra se sua planta se adaptou ao novo vaso ou apenas sobrevive.","robots":{"index":"index","follow":"follow","max-snippet":"max-snippet:-1","max-image-preview":"max-image-preview:large","max-video-preview":"max-video-preview:-1"},"canonical":"https:\/\/www.em.com.br\/emfoco\/2026\/02\/23\/sua-planta-pode-estar-fingindo-saude-apos-a-troca-de-vaso-e-o-segredo-esta-nas-raizes\/","og_locale":"pt_BR","og_type":"article","og_title":"Sua planta pode estar \u201cfingindo\u201d sa\u00fade ap\u00f3s a troca de vaso e o segredo est\u00e1 nas ra\u00edzes - Estado de Minas - Em foco","og_description":"Aprenda a identificar sinais de enraizamento ativo e descubra se sua planta se adaptou ao novo vaso ou apenas sobrevive.","og_url":"https:\/\/www.em.com.br\/emfoco\/2026\/02\/23\/sua-planta-pode-estar-fingindo-saude-apos-a-troca-de-vaso-e-o-segredo-esta-nas-raizes\/","og_site_name":"Estado de Minas - Em foco","article_published_time":"2026-02-24T00:25:00+00:00","article_modified_time":"2026-02-19T14:12:48+00:00","og_image":[{"width":1280,"height":720,"url":"https:\/\/www.em.com.br\/emfoco\/wp-content\/uploads\/2026\/02\/Imagem-142.jpg","type":"image\/jpeg"}],"author":"Gabriel Martins","twitter_card":"summary_large_image","twitter_misc":{"Escrito por":"Gabriel Martins","Est. tempo de leitura":"3 minutos"},"schema":{"@context":"https:\/\/schema.org","@graph":[{"@type":"WebPage","@id":"https:\/\/www.em.com.br\/emfoco\/2026\/02\/23\/sua-planta-pode-estar-fingindo-saude-apos-a-troca-de-vaso-e-o-segredo-esta-nas-raizes\/","url":"https:\/\/www.em.com.br\/emfoco\/2026\/02\/23\/sua-planta-pode-estar-fingindo-saude-apos-a-troca-de-vaso-e-o-segredo-esta-nas-raizes\/","name":"Sua planta pode estar \u201cfingindo\u201d sa\u00fade ap\u00f3s a troca de vaso e o segredo est\u00e1 nas ra\u00edzes - Estado de Minas - Em foco","isPartOf":{"@id":"https:\/\/www.em.com.br\/emfoco\/#website"},"primaryImageOfPage":{"@id":"https:\/\/www.em.com.br\/emfoco\/2026\/02\/23\/sua-planta-pode-estar-fingindo-saude-apos-a-troca-de-vaso-e-o-segredo-esta-nas-raizes\/#primaryimage"},"image":{"@id":"https:\/\/www.em.com.br\/emfoco\/2026\/02\/23\/sua-planta-pode-estar-fingindo-saude-apos-a-troca-de-vaso-e-o-segredo-esta-nas-raizes\/#primaryimage"},"thumbnailUrl":"https:\/\/www.em.com.br\/emfoco\/wp-content\/uploads\/2026\/02\/Imagem-142.jpg","datePublished":"2026-02-24T00:25:00+00:00","dateModified":"2026-02-19T14:12:48+00:00","author":{"@id":"https:\/\/www.em.com.br\/emfoco\/#\/schema\/person\/1c9ddeab18b98abeffef834667bcf08a"},"description":"Aprenda a identificar sinais de enraizamento ativo e descubra se sua planta se adaptou ao novo vaso ou apenas sobrevive.","breadcrumb":{"@id":"https:\/\/www.em.com.br\/emfoco\/2026\/02\/23\/sua-planta-pode-estar-fingindo-saude-apos-a-troca-de-vaso-e-o-segredo-esta-nas-raizes\/#breadcrumb"},"inLanguage":"pt-BR","potentialAction":[{"@type":"ReadAction","target":["https:\/\/www.em.com.br\/emfoco\/2026\/02\/23\/sua-planta-pode-estar-fingindo-saude-apos-a-troca-de-vaso-e-o-segredo-esta-nas-raizes\/"]}]},{"@type":"ImageObject","inLanguage":"pt-BR","@id":"https:\/\/www.em.com.br\/emfoco\/2026\/02\/23\/sua-planta-pode-estar-fingindo-saude-apos-a-troca-de-vaso-e-o-segredo-esta-nas-raizes\/#primaryimage","url":"https:\/\/www.em.com.br\/emfoco\/wp-content\/uploads\/2026\/02\/Imagem-142.jpg","contentUrl":"https:\/\/www.em.com.br\/emfoco\/wp-content\/uploads\/2026\/02\/Imagem-142.jpg","width":1280,"height":720,"caption":"Cultivo dom\u00e9stico promove alimenta\u00e7\u00e3o saud\u00e1vel e temperos frescos com praticidade"},{"@type":"BreadcrumbList","@id":"https:\/\/www.em.com.br\/emfoco\/2026\/02\/23\/sua-planta-pode-estar-fingindo-saude-apos-a-troca-de-vaso-e-o-segredo-esta-nas-raizes\/#breadcrumb","itemListElement":[{"@type":"ListItem","position":1,"name":"In\u00edcio","item":"https:\/\/www.em.com.br\/emfoco\/"},{"@type":"ListItem","position":2,"name":"Sua planta pode estar \u201cfingindo\u201d sa\u00fade ap\u00f3s a troca de vaso e o segredo est\u00e1 nas ra\u00edzes"}]},{"@type":"WebSite","@id":"https:\/\/www.em.com.br\/emfoco\/#website","url":"https:\/\/www.em.com.br\/emfoco\/","name":"Estado de Minas - Em foco","description":"Acompanhe as \u00faltimas not\u00edcias e fique bem informado sobre tudo o que acontece em Minas Gerais, Brasil e no mundo.","potentialAction":[{"@type":"SearchAction","target":{"@type":"EntryPoint","urlTemplate":"https:\/\/www.em.com.br\/emfoco\/?s={search_term_string}"},"query-input":{"@type":"PropertyValueSpecification","valueRequired":true,"valueName":"search_term_string"}}],"inLanguage":"pt-BR"},{"@type":"Person","@id":"https:\/\/www.em.com.br\/emfoco\/#\/schema\/person\/1c9ddeab18b98abeffef834667bcf08a","name":"Gabriel Martins","image":{"@type":"ImageObject","inLanguage":"pt-BR","@id":"https:\/\/www.em.com.br\/emfoco\/#\/schema\/person\/image\/","url":"https:\/\/secure.gravatar.com\/avatar\/f0f1e2efdfd88f1ad2cb08c5c2731e50?s=96&d=mm&r=g","contentUrl":"https:\/\/secure.gravatar.com\/avatar\/f0f1e2efdfd88f1ad2cb08c5c2731e50?s=96&d=mm&r=g","caption":"Gabriel Martins"},"sameAs":["https:\/\/www.em.com.br\/emfoco\/"],"url":"https:\/\/www.em.com.br\/emfoco\/author\/gabrielmartinsmyth\/"}]}},"_links":{"self":[{"href":"https:\/\/www.em.com.br\/emfoco\/wp-json\/wp\/v2\/posts\/171268","targetHints":{"allow":["GET"]}}],"collection":[{"href":"https:\/\/www.em.com.br\/emfoco\/wp-json\/wp\/v2\/posts"}],"about":[{"href":"https:\/\/www.em.com.br\/emfoco\/wp-json\/wp\/v2\/types\/post"}],"author":[{"embeddable":true,"href":"https:\/\/www.em.com.br\/emfoco\/wp-json\/wp\/v2\/users\/13"}],"replies":[{"embeddable":true,"href":"https:\/\/www.em.com.br\/emfoco\/wp-json\/wp\/v2\/comments?post=171268"}],"version-history":[{"count":1,"href":"https:\/\/www.em.com.br\/emfoco\/wp-json\/wp\/v2\/posts\/171268\/revisions"}],"predecessor-version":[{"id":171301,"href":"https:\/\/www.em.com.br\/emfoco\/wp-json\/wp\/v2\/posts\/171268\/revisions\/171301"}],"wp:featuredmedia":[{"embeddable":true,"href":"https:\/\/www.em.com.br\/emfoco\/wp-json\/wp\/v2\/media\/171297"}],"wp:attachment":[{"href":"https:\/\/www.em.com.br\/emfoco\/wp-json\/wp\/v2\/media?parent=171268"}],"wp:term":[{"taxonomy":"category","embeddable":true,"href":"https:\/\/www.em.com.br\/emfoco\/wp-json\/wp\/v2\/categories?post=171268"},{"taxonomy":"post_tag","embeddable":true,"href":"https:\/\/www.em.com.br\/emfoco\/wp-json\/wp\/v2\/tags?post=171268"}],"curies":[{"name":"wp","href":"https:\/\/api.w.org\/{rel}","templated":true}]}}