{"id":171263,"date":"2026-02-23T17:35:00","date_gmt":"2026-02-23T20:35:00","guid":{"rendered":"https:\/\/www.em.com.br\/emfoco\/?p=171263"},"modified":"2026-02-19T11:18:42","modified_gmt":"2026-02-19T14:18:42","slug":"graviola-cultivada-em-casa-revela-segredo-pouco-conhecido-que-transforma-qualquer-quintal-em-pomar-produtivo","status":"publish","type":"post","link":"https:\/\/www.em.com.br\/emfoco\/2026\/02\/23\/graviola-cultivada-em-casa-revela-segredo-pouco-conhecido-que-transforma-qualquer-quintal-em-pomar-produtivo\/","title":{"rendered":"Graviola cultivada em casa revela segredo pouco conhecido que transforma qualquer quintal em pomar produtivo"},"content":{"rendered":"\n<p><strong>Plantar graviola em casa<\/strong> \u00e9 uma escolha estrat\u00e9gica para quem deseja frutas frescas e uma \u00e1rvore ornamental produtiva. A <strong>Annona muricata<\/strong>, t\u00edpica de clima tropical, exige calor, sol pleno e alguns cuidados espec\u00edficos para frutificar bem.<\/p>\n\n\n\n<h2 class=\"wp-block-heading\">Onde plantar graviola para ter sucesso?<\/h2>\n\n\n\n<p>A gravioleira \u00e9 extremamente sens\u00edvel ao frio. Temperaturas abaixo de <strong>15\u00b0C<\/strong> prejudicam o desenvolvimento, e geadas podem comprometer a planta. O ideal \u00e9 realizar o plantio no in\u00edcio da esta\u00e7\u00e3o chuvosa, entre primavera e ver\u00e3o.<\/p>\n\n\n\n<p>Escolha o ponto mais ensolarado do quintal, garantindo pelo menos <strong>6 horas de sol direto<\/strong> por dia. Se for plantar no solo, respeite um espa\u00e7amento de 4 a 5 metros de outras \u00e1rvores ou constru\u00e7\u00f5es.<\/p>\n\n\n\n<figure class=\"wp-block-image size-large\"><img loading=\"lazy\" decoding=\"async\" width=\"1024\" height=\"576\" src=\"https:\/\/www.em.com.br\/emfoco\/wp-content\/uploads\/2026\/02\/Imagem-7-22-1024x576.jpg\" alt=\"Graviola cultivada em casa revela segredo pouco conhecido que transforma qualquer quintal em pomar produtivo\" class=\"wp-image-171309\" srcset=\"https:\/\/www.em.com.br\/emfoco\/wp-content\/uploads\/2026\/02\/Imagem-7-22-1024x576.jpg 1024w, https:\/\/www.em.com.br\/emfoco\/wp-content\/uploads\/2026\/02\/Imagem-7-22-300x169.jpg 300w, https:\/\/www.em.com.br\/emfoco\/wp-content\/uploads\/2026\/02\/Imagem-7-22-768x432.jpg 768w, https:\/\/www.em.com.br\/emfoco\/wp-content\/uploads\/2026\/02\/Imagem-7-22-750x422.jpg 750w, https:\/\/www.em.com.br\/emfoco\/wp-content\/uploads\/2026\/02\/Imagem-7-22-1140x641.jpg 1140w, https:\/\/www.em.com.br\/emfoco\/wp-content\/uploads\/2026\/02\/Imagem-7-22.jpg 1280w\" sizes=\"auto, (max-width: 1024px) 100vw, 1024px\" \/><figcaption class=\"wp-element-caption\">Temperaturas abaixo de quinze graus prejudicam o desenvolvimento saud\u00e1vel da gravioleira<\/figcaption><\/figure>\n\n\n\n<h2 class=\"wp-block-heading\">Como fazer o plantio passo a passo?<\/h2>\n\n\n\n<p>O plantio pode come\u00e7ar por sementes frescas ou por muda enxertada, que frutifica mais r\u00e1pido. Para facilitar o enraizamento e evitar problemas futuros, siga as etapas essenciais descritas abaixo.<\/p>\n\n\n\n<ul class=\"wp-block-list\">\n<li><strong>Prepara\u00e7\u00e3o da semente<\/strong>: lave bem e deixe de molho em \u00e1gua morna por 24 horas antes de plantar.<\/li>\n\n\n\n<li><strong>Cova ideal<\/strong>: abra um buraco de 40x40x40 cm e misture a terra com 10 a 15 litros de esterco curtido ou h\u00famus.<\/li>\n\n\n\n<li><strong>Drenagem correta<\/strong>: utilize solo leve e arenoso para evitar ac\u00famulo de \u00e1gua nas ra\u00edzes.<\/li>\n<\/ul>\n\n\n\n<h2 class=\"wp-block-heading\">Quais cuidados garantem frutos mais saud\u00e1veis?<\/h2>\n\n\n\n<p>Nos primeiros meses, a <strong>rega tr\u00eas vezes por semana<\/strong> \u00e9 essencial para o desenvolvimento inicial. Depois de adulta, a <strong><a href=\"https:\/\/www.em.com.br\/emfoco\/2026\/02\/18\/quer-sombra-e-sabor-veja-como-plantar-tamarindo-e-quais-os-cuidados-para-a-arvore-crescer-forte\/\" target=\"_blank\" rel=\"noreferrer noopener\">\u00e1rvore<\/a><\/strong> tolera curtos per\u00edodos de seca, mas para produzir frutos bonitos o solo deve permanecer levemente \u00famido.<\/p>\n\n\n\n<p>A cada quatro meses, fa\u00e7a <strong><a href=\"https:\/\/ciorganicos.com.br\/biblioteca\/como-fazer-adubo-organico-conheca-10-opcoes\/\" target=\"_blank\" rel=\"noreferrer noopener\">aduba\u00e7\u00e3o org\u00e2nica<\/a><\/strong> ao redor da proje\u00e7\u00e3o da copa, sem encostar no tronco. Tamb\u00e9m \u00e9 importante realizar poda de limpeza e, se necess\u00e1rio, aplicar poliniza\u00e7\u00e3o manual com pincel macio para aumentar a frutifica\u00e7\u00e3o.<\/p>\n\n\n\n<figure class=\"wp-block-image size-large\"><img loading=\"lazy\" decoding=\"async\" width=\"1024\" height=\"576\" src=\"https:\/\/www.em.com.br\/emfoco\/wp-content\/uploads\/2026\/02\/Imagem-8-21-1024x576.jpg\" alt=\"Graviola cultivada em casa revela segredo pouco conhecido que transforma qualquer quintal em pomar produtivo\" class=\"wp-image-171308\" srcset=\"https:\/\/www.em.com.br\/emfoco\/wp-content\/uploads\/2026\/02\/Imagem-8-21-1024x576.jpg 1024w, https:\/\/www.em.com.br\/emfoco\/wp-content\/uploads\/2026\/02\/Imagem-8-21-300x169.jpg 300w, https:\/\/www.em.com.br\/emfoco\/wp-content\/uploads\/2026\/02\/Imagem-8-21-768x432.jpg 768w, https:\/\/www.em.com.br\/emfoco\/wp-content\/uploads\/2026\/02\/Imagem-8-21-750x422.jpg 750w, https:\/\/www.em.com.br\/emfoco\/wp-content\/uploads\/2026\/02\/Imagem-8-21-1140x641.jpg 1140w, https:\/\/www.em.com.br\/emfoco\/wp-content\/uploads\/2026\/02\/Imagem-8-21.jpg 1280w\" sizes=\"auto, (max-width: 1024px) 100vw, 1024px\" \/><figcaption class=\"wp-element-caption\">Regas constantes e poliniza\u00e7\u00e3o manual garantem maior produ\u00e7\u00e3o de frutos bonitos<\/figcaption><\/figure>\n\n\n\n<h2 class=\"wp-block-heading\">Quais erros voc\u00ea deve evitar no cultivo?<\/h2>\n\n\n\n<p>Alguns deslizes comprometem completamente o sucesso da gravioleira. Pequenas decis\u00f5es, como o local escolhido ou o tipo de adubo utilizado, podem influenciar diretamente na produ\u00e7\u00e3o de frutos, conforme os pontos a seguir.<\/p>\n\n\n\n<ul class=\"wp-block-list\">\n<li><strong>Vento forte<\/strong>: pode derrubar flores e frutos ainda pequenos.<\/li>\n\n\n\n<li><strong>Solo encharcado<\/strong>: provoca apodrecimento das ra\u00edzes e amarelecimento das folhas.<\/li>\n\n\n\n<li><strong>Excesso de nitrog\u00eanio<\/strong>: faz a planta crescer, mas reduz drasticamente a produ\u00e7\u00e3o.<\/li>\n<\/ul>\n\n\n\n<p>Com manejo adequado, a graviola pode atingir at\u00e9 5 ou 6 metros de altura, aceitar podas de controle e oferecer frutos ideais para sucos, mousses e sorvetes. A polpa pode ser congelada por at\u00e9 6 meses, facilitando o uso na rotina dom\u00e9stica.<\/p>\n","protected":false},"excerpt":{"rendered":"<p>Plantar graviola em casa \u00e9 uma escolha estrat\u00e9gica para quem deseja frutas frescas e uma \u00e1rvore ornamental produtiva. A Annona muricata, t\u00edpica de clima tropical, exige calor, sol pleno e alguns cuidados espec\u00edficos para frutificar bem. Onde plantar graviola para ter sucesso? A gravioleira \u00e9 extremamente sens\u00edvel ao frio. Temperaturas abaixo de 15\u00b0C prejudicam o [&hellip;]<\/p>\n","protected":false},"author":13,"featured_media":171310,"comment_status":"open","ping_status":"open","sticky":false,"template":"","format":"standard","meta":{"jnews-multi-image_gallery":[],"jnews_single_post":{"format":"standard"},"jnews_primary_category":[],"jnews_social_meta":[],"jnews_override_counter":[],"footnotes":""},"categories":[8819],"tags":[7701,24899,3358],"class_list":["post-171263","post","type-post","status-publish","format-standard","has-post-thumbnail","hentry","category-curiosidades","tag-como-plantar","tag-graviola-em-casa","tag-jardinagem"],"yoast_head":"<!-- This site is optimized with the Yoast SEO plugin v23.8 - https:\/\/yoast.com\/wordpress\/plugins\/seo\/ -->\n<title>Graviola cultivada em casa revela segredo pouco conhecido que transforma qualquer quintal em pomar produtivo - Estado de Minas - Em foco<\/title>\n<meta name=\"description\" content=\"Guia completo para plantar graviola: escolha do local, preparo da cova, regas, aduba\u00e7\u00e3o e cuidados que elevam a produ\u00e7\u00e3o de frutos.\" \/>\n<meta name=\"robots\" content=\"index, follow, max-snippet:-1, max-image-preview:large, max-video-preview:-1\" \/>\n<link rel=\"canonical\" href=\"https:\/\/www.em.com.br\/emfoco\/2026\/02\/23\/graviola-cultivada-em-casa-revela-segredo-pouco-conhecido-que-transforma-qualquer-quintal-em-pomar-produtivo\/\" \/>\n<meta property=\"og:locale\" content=\"pt_BR\" \/>\n<meta property=\"og:type\" content=\"article\" \/>\n<meta property=\"og:title\" content=\"Graviola cultivada em casa revela segredo pouco conhecido que transforma qualquer quintal em pomar produtivo - Estado de Minas - Em foco\" \/>\n<meta property=\"og:description\" content=\"Guia completo para plantar graviola: escolha do local, preparo da cova, regas, aduba\u00e7\u00e3o e cuidados que elevam a produ\u00e7\u00e3o de frutos.\" \/>\n<meta property=\"og:url\" content=\"https:\/\/www.em.com.br\/emfoco\/2026\/02\/23\/graviola-cultivada-em-casa-revela-segredo-pouco-conhecido-que-transforma-qualquer-quintal-em-pomar-produtivo\/\" \/>\n<meta property=\"og:site_name\" content=\"Estado de Minas - Em foco\" \/>\n<meta property=\"article:published_time\" content=\"2026-02-23T20:35:00+00:00\" \/>\n<meta property=\"article:modified_time\" content=\"2026-02-19T14:18:42+00:00\" \/>\n<meta property=\"og:image\" content=\"https:\/\/www.em.com.br\/emfoco\/wp-content\/uploads\/2026\/02\/Imagem-6-25.jpg\" \/>\n\t<meta property=\"og:image:width\" content=\"1280\" \/>\n\t<meta property=\"og:image:height\" content=\"720\" \/>\n\t<meta property=\"og:image:type\" content=\"image\/jpeg\" \/>\n<meta name=\"author\" content=\"Gabriel Martins\" \/>\n<meta name=\"twitter:card\" content=\"summary_large_image\" \/>\n<meta name=\"twitter:label1\" content=\"Escrito por\" \/>\n\t<meta name=\"twitter:data1\" content=\"Gabriel Martins\" \/>\n\t<meta name=\"twitter:label2\" content=\"Est. tempo de leitura\" \/>\n\t<meta name=\"twitter:data2\" content=\"3 minutos\" \/>\n<!-- \/ Yoast SEO plugin. -->","yoast_head_json":{"title":"Graviola cultivada em casa revela segredo pouco conhecido que transforma qualquer quintal em pomar produtivo - Estado de Minas - Em foco","description":"Guia completo para plantar graviola: escolha do local, preparo da cova, regas, aduba\u00e7\u00e3o e cuidados que elevam a produ\u00e7\u00e3o de frutos.","robots":{"index":"index","follow":"follow","max-snippet":"max-snippet:-1","max-image-preview":"max-image-preview:large","max-video-preview":"max-video-preview:-1"},"canonical":"https:\/\/www.em.com.br\/emfoco\/2026\/02\/23\/graviola-cultivada-em-casa-revela-segredo-pouco-conhecido-que-transforma-qualquer-quintal-em-pomar-produtivo\/","og_locale":"pt_BR","og_type":"article","og_title":"Graviola cultivada em casa revela segredo pouco conhecido que transforma qualquer quintal em pomar produtivo - Estado de Minas - Em foco","og_description":"Guia completo para plantar graviola: escolha do local, preparo da cova, regas, aduba\u00e7\u00e3o e cuidados que elevam a produ\u00e7\u00e3o de frutos.","og_url":"https:\/\/www.em.com.br\/emfoco\/2026\/02\/23\/graviola-cultivada-em-casa-revela-segredo-pouco-conhecido-que-transforma-qualquer-quintal-em-pomar-produtivo\/","og_site_name":"Estado de Minas - Em foco","article_published_time":"2026-02-23T20:35:00+00:00","article_modified_time":"2026-02-19T14:18:42+00:00","og_image":[{"width":1280,"height":720,"url":"https:\/\/www.em.com.br\/emfoco\/wp-content\/uploads\/2026\/02\/Imagem-6-25.jpg","type":"image\/jpeg"}],"author":"Gabriel Martins","twitter_card":"summary_large_image","twitter_misc":{"Escrito por":"Gabriel Martins","Est. tempo de leitura":"3 minutos"},"schema":{"@context":"https:\/\/schema.org","@graph":[{"@type":"WebPage","@id":"https:\/\/www.em.com.br\/emfoco\/2026\/02\/23\/graviola-cultivada-em-casa-revela-segredo-pouco-conhecido-que-transforma-qualquer-quintal-em-pomar-produtivo\/","url":"https:\/\/www.em.com.br\/emfoco\/2026\/02\/23\/graviola-cultivada-em-casa-revela-segredo-pouco-conhecido-que-transforma-qualquer-quintal-em-pomar-produtivo\/","name":"Graviola cultivada em casa revela segredo pouco conhecido que transforma qualquer quintal em pomar produtivo - Estado de Minas - Em foco","isPartOf":{"@id":"https:\/\/www.em.com.br\/emfoco\/#website"},"primaryImageOfPage":{"@id":"https:\/\/www.em.com.br\/emfoco\/2026\/02\/23\/graviola-cultivada-em-casa-revela-segredo-pouco-conhecido-que-transforma-qualquer-quintal-em-pomar-produtivo\/#primaryimage"},"image":{"@id":"https:\/\/www.em.com.br\/emfoco\/2026\/02\/23\/graviola-cultivada-em-casa-revela-segredo-pouco-conhecido-que-transforma-qualquer-quintal-em-pomar-produtivo\/#primaryimage"},"thumbnailUrl":"https:\/\/www.em.com.br\/emfoco\/wp-content\/uploads\/2026\/02\/Imagem-6-25.jpg","datePublished":"2026-02-23T20:35:00+00:00","dateModified":"2026-02-19T14:18:42+00:00","author":{"@id":"https:\/\/www.em.com.br\/emfoco\/#\/schema\/person\/1c9ddeab18b98abeffef834667bcf08a"},"description":"Guia completo para plantar graviola: escolha do local, preparo da cova, regas, aduba\u00e7\u00e3o e cuidados que elevam a produ\u00e7\u00e3o de frutos.","breadcrumb":{"@id":"https:\/\/www.em.com.br\/emfoco\/2026\/02\/23\/graviola-cultivada-em-casa-revela-segredo-pouco-conhecido-que-transforma-qualquer-quintal-em-pomar-produtivo\/#breadcrumb"},"inLanguage":"pt-BR","potentialAction":[{"@type":"ReadAction","target":["https:\/\/www.em.com.br\/emfoco\/2026\/02\/23\/graviola-cultivada-em-casa-revela-segredo-pouco-conhecido-que-transforma-qualquer-quintal-em-pomar-produtivo\/"]}]},{"@type":"ImageObject","inLanguage":"pt-BR","@id":"https:\/\/www.em.com.br\/emfoco\/2026\/02\/23\/graviola-cultivada-em-casa-revela-segredo-pouco-conhecido-que-transforma-qualquer-quintal-em-pomar-produtivo\/#primaryimage","url":"https:\/\/www.em.com.br\/emfoco\/wp-content\/uploads\/2026\/02\/Imagem-6-25.jpg","contentUrl":"https:\/\/www.em.com.br\/emfoco\/wp-content\/uploads\/2026\/02\/Imagem-6-25.jpg","width":1280,"height":720,"caption":"Cultivo dom\u00e9stico de graviola exige sol pleno e solo bem drenado"},{"@type":"BreadcrumbList","@id":"https:\/\/www.em.com.br\/emfoco\/2026\/02\/23\/graviola-cultivada-em-casa-revela-segredo-pouco-conhecido-que-transforma-qualquer-quintal-em-pomar-produtivo\/#breadcrumb","itemListElement":[{"@type":"ListItem","position":1,"name":"In\u00edcio","item":"https:\/\/www.em.com.br\/emfoco\/"},{"@type":"ListItem","position":2,"name":"Graviola cultivada em casa revela segredo pouco conhecido que transforma qualquer quintal em pomar produtivo"}]},{"@type":"WebSite","@id":"https:\/\/www.em.com.br\/emfoco\/#website","url":"https:\/\/www.em.com.br\/emfoco\/","name":"Estado de Minas - Em foco","description":"Acompanhe as \u00faltimas not\u00edcias e fique bem informado sobre tudo o que acontece em Minas Gerais, Brasil e no mundo.","potentialAction":[{"@type":"SearchAction","target":{"@type":"EntryPoint","urlTemplate":"https:\/\/www.em.com.br\/emfoco\/?s={search_term_string}"},"query-input":{"@type":"PropertyValueSpecification","valueRequired":true,"valueName":"search_term_string"}}],"inLanguage":"pt-BR"},{"@type":"Person","@id":"https:\/\/www.em.com.br\/emfoco\/#\/schema\/person\/1c9ddeab18b98abeffef834667bcf08a","name":"Gabriel Martins","image":{"@type":"ImageObject","inLanguage":"pt-BR","@id":"https:\/\/www.em.com.br\/emfoco\/#\/schema\/person\/image\/","url":"https:\/\/secure.gravatar.com\/avatar\/f0f1e2efdfd88f1ad2cb08c5c2731e50?s=96&d=mm&r=g","contentUrl":"https:\/\/secure.gravatar.com\/avatar\/f0f1e2efdfd88f1ad2cb08c5c2731e50?s=96&d=mm&r=g","caption":"Gabriel Martins"},"sameAs":["https:\/\/www.em.com.br\/emfoco\/"],"url":"https:\/\/www.em.com.br\/emfoco\/author\/gabrielmartinsmyth\/"}]}},"_links":{"self":[{"href":"https:\/\/www.em.com.br\/emfoco\/wp-json\/wp\/v2\/posts\/171263","targetHints":{"allow":["GET"]}}],"collection":[{"href":"https:\/\/www.em.com.br\/emfoco\/wp-json\/wp\/v2\/posts"}],"about":[{"href":"https:\/\/www.em.com.br\/emfoco\/wp-json\/wp\/v2\/types\/post"}],"author":[{"embeddable":true,"href":"https:\/\/www.em.com.br\/emfoco\/wp-json\/wp\/v2\/users\/13"}],"replies":[{"embeddable":true,"href":"https:\/\/www.em.com.br\/emfoco\/wp-json\/wp\/v2\/comments?post=171263"}],"version-history":[{"count":1,"href":"https:\/\/www.em.com.br\/emfoco\/wp-json\/wp\/v2\/posts\/171263\/revisions"}],"predecessor-version":[{"id":171311,"href":"https:\/\/www.em.com.br\/emfoco\/wp-json\/wp\/v2\/posts\/171263\/revisions\/171311"}],"wp:featuredmedia":[{"embeddable":true,"href":"https:\/\/www.em.com.br\/emfoco\/wp-json\/wp\/v2\/media\/171310"}],"wp:attachment":[{"href":"https:\/\/www.em.com.br\/emfoco\/wp-json\/wp\/v2\/media?parent=171263"}],"wp:term":[{"taxonomy":"category","embeddable":true,"href":"https:\/\/www.em.com.br\/emfoco\/wp-json\/wp\/v2\/categories?post=171263"},{"taxonomy":"post_tag","embeddable":true,"href":"https:\/\/www.em.com.br\/emfoco\/wp-json\/wp\/v2\/tags?post=171263"}],"curies":[{"name":"wp","href":"https:\/\/api.w.org\/{rel}","templated":true}]}}