{"id":171261,"date":"2026-02-23T09:55:00","date_gmt":"2026-02-23T12:55:00","guid":{"rendered":"https:\/\/www.em.com.br\/emfoco\/?p=171261"},"modified":"2026-02-19T11:34:08","modified_gmt":"2026-02-19T14:34:08","slug":"a-combinacao-que-transforma-plantas-fracas-em-vasinhos-cheios-de-flores-e-folhas-vigorosas","status":"publish","type":"post","link":"https:\/\/www.em.com.br\/emfoco\/2026\/02\/23\/a-combinacao-que-transforma-plantas-fracas-em-vasinhos-cheios-de-flores-e-folhas-vigorosas\/","title":{"rendered":"A combina\u00e7\u00e3o que transforma plantas fracas em vasinhos cheios de flores e folhas vigorosas"},"content":{"rendered":"\n<p>O <strong>adubo caseiro com casca de ovo e banana<\/strong> transforma res\u00edduos da cozinha em nutrientes poderosos para vasos e hortas. A combina\u00e7\u00e3o une <strong>c\u00e1lcio e pot\u00e1ssio<\/strong>, dois elementos essenciais para fortalecer ra\u00edzes, estimular flores e corrigir defici\u00eancias do solo.<\/p>\n\n\n\n<h2 class=\"wp-block-heading\">Por que casca de ovo e banana funcionam t\u00e3o bem juntas?<\/h2>\n\n\n\n<p>A <strong>casca de ovo<\/strong> \u00e9 composta por cerca de 95% de carbonato de c\u00e1lcio, mineral indispens\u00e1vel para formar paredes celulares mais resistentes. Esse nutriente tamb\u00e9m auxilia no equil\u00edbrio da acidez, favorecendo o desenvolvimento saud\u00e1vel das plantas.<\/p>\n\n\n\n<p>J\u00e1 a <strong>casca de banana<\/strong> \u00e9 rica em pot\u00e1ssio, magn\u00e9sio e f\u00f3sforo, elementos ligados \u00e0 flora\u00e7\u00e3o e frutifica\u00e7\u00e3o. O pot\u00e1ssio fortalece ra\u00edzes e melhora o transporte de \u00e1gua, contribuindo para flores mais vigorosas e frutos mais doces.<\/p>\n\n\n\n<figure class=\"wp-block-image size-large\"><img loading=\"lazy\" decoding=\"async\" width=\"1024\" height=\"576\" src=\"https:\/\/www.em.com.br\/emfoco\/wp-content\/uploads\/2026\/02\/Imagem-144-1024x576.jpg\" alt=\"A combina\u00e7\u00e3o que transforma plantas fracas em vasinhos cheios de flores e folhas vigorosas\" class=\"wp-image-171336\" srcset=\"https:\/\/www.em.com.br\/emfoco\/wp-content\/uploads\/2026\/02\/Imagem-144-1024x576.jpg 1024w, https:\/\/www.em.com.br\/emfoco\/wp-content\/uploads\/2026\/02\/Imagem-144-300x169.jpg 300w, https:\/\/www.em.com.br\/emfoco\/wp-content\/uploads\/2026\/02\/Imagem-144-768x432.jpg 768w, https:\/\/www.em.com.br\/emfoco\/wp-content\/uploads\/2026\/02\/Imagem-144-750x422.jpg 750w, https:\/\/www.em.com.br\/emfoco\/wp-content\/uploads\/2026\/02\/Imagem-144-1140x641.jpg 1140w, https:\/\/www.em.com.br\/emfoco\/wp-content\/uploads\/2026\/02\/Imagem-144.jpg 1280w\" sizes=\"auto, (max-width: 1024px) 100vw, 1024px\" \/><figcaption class=\"wp-element-caption\">Casca de ovo possui c\u00e1lcio mineral indispens\u00e1vel para formar paredes celulares resistentes<\/figcaption><\/figure>\n\n\n\n<h2 class=\"wp-block-heading\">Como preparar corretamente esse adubo natural?<\/h2>\n\n\n\n<p>O preparo adequado acelera a libera\u00e7\u00e3o dos nutrientes e evita mau cheiro ou pragas. Para que o <a href=\"https:\/\/www.em.com.br\/emfoco\/2025\/06\/23\/como-reaproveitar-cinzas-de-lenha-como-fertilizantes-organicos\/\" target=\"_blank\" rel=\"noreferrer noopener\"><strong>fertilizante org\u00e2nico<\/strong><\/a> funcione de forma eficiente, siga as etapas essenciais descritas abaixo.<\/p>\n\n\n\n<ul class=\"wp-block-list\">\n<li><strong>Lave e seque as cascas de ovo<\/strong> antes de triturar; a umidade pode causar odor desagrad\u00e1vel.<\/li>\n\n\n\n<li><strong>Triture at\u00e9 virar farinha fina<\/strong>, pois a casca inteira pode levar anos para se decompor.<\/li>\n\n\n\n<li><strong>Pique ou desidrate a banana<\/strong> antes de usar, facilitando a absor\u00e7\u00e3o pelo solo.<\/li>\n<\/ul>\n\n\n\n<h2 class=\"wp-block-heading\">Qual \u00e9 a forma certa de aplicar nos vasos?<\/h2>\n\n\n\n<p>A aplica\u00e7\u00e3o pode ser feita diretamente na terra ou durante o plantio. Ao redor da planta, cave um pequeno sulco longe do caule, adicione uma colher da mistura e cubra com terra antes de regar.<\/p>\n\n\n\n<p>Outra op\u00e7\u00e3o \u00e9 preparar um<a href=\"https:\/\/www.zionfarm.com.br\/cha-de-composto-conheca-mais-uma-tecnica-para-o-seu-cultivo-?srsltid=AfmBOorFcIF2Wbi6V_KsP_Z_SwbjR8aHd1B-VQvxCaoKkXWU300X8wal\" target=\"_blank\" rel=\"noreferrer noopener\"> <strong>ch\u00e1 nutritivo<\/strong><\/a>, fervendo cascas de banana em um litro de \u00e1gua por dez minutos. Depois de frio, acrescente a farinha de ovo e utilize na rega quinzenal.<\/p>\n\n\n\n<figure class=\"wp-block-image size-large\"><img loading=\"lazy\" decoding=\"async\" width=\"1024\" height=\"576\" src=\"https:\/\/www.em.com.br\/emfoco\/wp-content\/uploads\/2026\/02\/Imagem-1-129-1024x576.jpg\" alt=\"A combina\u00e7\u00e3o que transforma plantas fracas em vasinhos cheios de flores e folhas vigorosas\" class=\"wp-image-171335\" srcset=\"https:\/\/www.em.com.br\/emfoco\/wp-content\/uploads\/2026\/02\/Imagem-1-129-1024x576.jpg 1024w, https:\/\/www.em.com.br\/emfoco\/wp-content\/uploads\/2026\/02\/Imagem-1-129-300x169.jpg 300w, https:\/\/www.em.com.br\/emfoco\/wp-content\/uploads\/2026\/02\/Imagem-1-129-768x432.jpg 768w, https:\/\/www.em.com.br\/emfoco\/wp-content\/uploads\/2026\/02\/Imagem-1-129-750x422.jpg 750w, https:\/\/www.em.com.br\/emfoco\/wp-content\/uploads\/2026\/02\/Imagem-1-129-1140x641.jpg 1140w, https:\/\/www.em.com.br\/emfoco\/wp-content\/uploads\/2026\/02\/Imagem-1-129.jpg 1280w\" sizes=\"auto, (max-width: 1024px) 100vw, 1024px\" \/><figcaption class=\"wp-element-caption\">Aplique a mistura longe do caule e cubra com terra antes de regar<\/figcaption><\/figure>\n\n\n\n<h2 class=\"wp-block-heading\">Quais erros devem ser evitados no uso do adubo?<\/h2>\n\n\n\n<p>Alguns cuidados simples evitam problemas como mofo, insetos e excesso de nutrientes. Para garantir um uso seguro e eficaz do <strong>adubo org\u00e2nico dom\u00e9stico<\/strong>, observe os pontos pr\u00e1ticos a seguir.<\/p>\n\n\n\n<ul class=\"wp-block-list\">\n<li><strong>N\u00e3o use cascas \u00famidas<\/strong>, pois podem mofar e atrair moscas dentro de casa.<\/li>\n\n\n\n<li><strong>Evite deixar banana inteira sobre a terra<\/strong>, sempre enterre para n\u00e3o atrair formigas.<\/li>\n\n\n\n<li><strong>N\u00e3o exagere na frequ\u00eancia<\/strong>; aplicar a cada 30 ou 40 dias \u00e9 suficiente para vasos.<\/li>\n<\/ul>\n\n\n\n<p>Quando usado com equil\u00edbrio, esse refor\u00e7o natural supre falta de c\u00e1lcio e pot\u00e1ssio ao mesmo tempo, fortalecendo folhas, ra\u00edzes e flores sem custo extra.<\/p>\n","protected":false},"excerpt":{"rendered":"<p>O adubo caseiro com casca de ovo e banana transforma res\u00edduos da cozinha em nutrientes poderosos para vasos e hortas. A combina\u00e7\u00e3o une c\u00e1lcio e pot\u00e1ssio, dois elementos essenciais para fortalecer ra\u00edzes, estimular flores e corrigir defici\u00eancias do solo. Por que casca de ovo e banana funcionam t\u00e3o bem juntas? A casca de ovo \u00e9 [&hellip;]<\/p>\n","protected":false},"author":13,"featured_media":171334,"comment_status":"open","ping_status":"open","sticky":false,"template":"","format":"standard","meta":{"jnews-multi-image_gallery":[],"jnews_single_post":{"format":"standard"},"jnews_primary_category":[],"jnews_social_meta":[],"jnews_override_counter":[],"footnotes":""},"categories":[8819],"tags":[9477,16172,24903],"class_list":["post-171261","post","type-post","status-publish","format-standard","has-post-thumbnail","hentry","category-curiosidades","tag-adubo-caseiro","tag-cuidados-com-as-plantas","tag-jardingaem"],"yoast_head":"<!-- This site is optimized with the Yoast SEO plugin v23.8 - https:\/\/yoast.com\/wordpress\/plugins\/seo\/ -->\n<title>A combina\u00e7\u00e3o que transforma plantas fracas em vasinhos cheios de flores e folhas vigorosas - Estado de Minas - Em foco<\/title>\n<meta name=\"description\" content=\"Um recurso dom\u00e9stico pouco comentado tem mostrado resultados fortes ao melhorar solo, fortalecer ra\u00edzes e estimular um crescimento saud\u00e1vel.\" \/>\n<meta name=\"robots\" content=\"index, follow, max-snippet:-1, max-image-preview:large, max-video-preview:-1\" \/>\n<link rel=\"canonical\" href=\"https:\/\/www.em.com.br\/emfoco\/2026\/02\/23\/a-combinacao-que-transforma-plantas-fracas-em-vasinhos-cheios-de-flores-e-folhas-vigorosas\/\" \/>\n<meta property=\"og:locale\" content=\"pt_BR\" \/>\n<meta property=\"og:type\" content=\"article\" \/>\n<meta property=\"og:title\" content=\"A combina\u00e7\u00e3o que transforma plantas fracas em vasinhos cheios de flores e folhas vigorosas - Estado de Minas - Em foco\" \/>\n<meta property=\"og:description\" content=\"Um recurso dom\u00e9stico pouco comentado tem mostrado resultados fortes ao melhorar solo, fortalecer ra\u00edzes e estimular um crescimento saud\u00e1vel.\" \/>\n<meta property=\"og:url\" content=\"https:\/\/www.em.com.br\/emfoco\/2026\/02\/23\/a-combinacao-que-transforma-plantas-fracas-em-vasinhos-cheios-de-flores-e-folhas-vigorosas\/\" \/>\n<meta property=\"og:site_name\" content=\"Estado de Minas - Em foco\" \/>\n<meta property=\"article:published_time\" content=\"2026-02-23T12:55:00+00:00\" \/>\n<meta property=\"article:modified_time\" content=\"2026-02-19T14:34:08+00:00\" \/>\n<meta property=\"og:image\" content=\"https:\/\/www.em.com.br\/emfoco\/wp-content\/uploads\/2026\/02\/Imagem-2-121.jpg\" \/>\n\t<meta property=\"og:image:width\" content=\"1280\" \/>\n\t<meta property=\"og:image:height\" content=\"720\" \/>\n\t<meta property=\"og:image:type\" content=\"image\/jpeg\" \/>\n<meta name=\"author\" content=\"Gabriel Martins\" \/>\n<meta name=\"twitter:card\" content=\"summary_large_image\" \/>\n<meta name=\"twitter:label1\" content=\"Escrito por\" \/>\n\t<meta name=\"twitter:data1\" content=\"Gabriel Martins\" \/>\n\t<meta name=\"twitter:label2\" content=\"Est. tempo de leitura\" \/>\n\t<meta name=\"twitter:data2\" content=\"3 minutos\" \/>\n<!-- \/ Yoast SEO plugin. -->","yoast_head_json":{"title":"A combina\u00e7\u00e3o que transforma plantas fracas em vasinhos cheios de flores e folhas vigorosas - Estado de Minas - Em foco","description":"Um recurso dom\u00e9stico pouco comentado tem mostrado resultados fortes ao melhorar solo, fortalecer ra\u00edzes e estimular um crescimento saud\u00e1vel.","robots":{"index":"index","follow":"follow","max-snippet":"max-snippet:-1","max-image-preview":"max-image-preview:large","max-video-preview":"max-video-preview:-1"},"canonical":"https:\/\/www.em.com.br\/emfoco\/2026\/02\/23\/a-combinacao-que-transforma-plantas-fracas-em-vasinhos-cheios-de-flores-e-folhas-vigorosas\/","og_locale":"pt_BR","og_type":"article","og_title":"A combina\u00e7\u00e3o que transforma plantas fracas em vasinhos cheios de flores e folhas vigorosas - Estado de Minas - Em foco","og_description":"Um recurso dom\u00e9stico pouco comentado tem mostrado resultados fortes ao melhorar solo, fortalecer ra\u00edzes e estimular um crescimento saud\u00e1vel.","og_url":"https:\/\/www.em.com.br\/emfoco\/2026\/02\/23\/a-combinacao-que-transforma-plantas-fracas-em-vasinhos-cheios-de-flores-e-folhas-vigorosas\/","og_site_name":"Estado de Minas - Em foco","article_published_time":"2026-02-23T12:55:00+00:00","article_modified_time":"2026-02-19T14:34:08+00:00","og_image":[{"width":1280,"height":720,"url":"https:\/\/www.em.com.br\/emfoco\/wp-content\/uploads\/2026\/02\/Imagem-2-121.jpg","type":"image\/jpeg"}],"author":"Gabriel Martins","twitter_card":"summary_large_image","twitter_misc":{"Escrito por":"Gabriel Martins","Est. tempo de leitura":"3 minutos"},"schema":{"@context":"https:\/\/schema.org","@graph":[{"@type":"WebPage","@id":"https:\/\/www.em.com.br\/emfoco\/2026\/02\/23\/a-combinacao-que-transforma-plantas-fracas-em-vasinhos-cheios-de-flores-e-folhas-vigorosas\/","url":"https:\/\/www.em.com.br\/emfoco\/2026\/02\/23\/a-combinacao-que-transforma-plantas-fracas-em-vasinhos-cheios-de-flores-e-folhas-vigorosas\/","name":"A combina\u00e7\u00e3o que transforma plantas fracas em vasinhos cheios de flores e folhas vigorosas - Estado de Minas - Em foco","isPartOf":{"@id":"https:\/\/www.em.com.br\/emfoco\/#website"},"primaryImageOfPage":{"@id":"https:\/\/www.em.com.br\/emfoco\/2026\/02\/23\/a-combinacao-que-transforma-plantas-fracas-em-vasinhos-cheios-de-flores-e-folhas-vigorosas\/#primaryimage"},"image":{"@id":"https:\/\/www.em.com.br\/emfoco\/2026\/02\/23\/a-combinacao-que-transforma-plantas-fracas-em-vasinhos-cheios-de-flores-e-folhas-vigorosas\/#primaryimage"},"thumbnailUrl":"https:\/\/www.em.com.br\/emfoco\/wp-content\/uploads\/2026\/02\/Imagem-2-121.jpg","datePublished":"2026-02-23T12:55:00+00:00","dateModified":"2026-02-19T14:34:08+00:00","author":{"@id":"https:\/\/www.em.com.br\/emfoco\/#\/schema\/person\/1c9ddeab18b98abeffef834667bcf08a"},"description":"Um recurso dom\u00e9stico pouco comentado tem mostrado resultados fortes ao melhorar solo, fortalecer ra\u00edzes e estimular um crescimento saud\u00e1vel.","breadcrumb":{"@id":"https:\/\/www.em.com.br\/emfoco\/2026\/02\/23\/a-combinacao-que-transforma-plantas-fracas-em-vasinhos-cheios-de-flores-e-folhas-vigorosas\/#breadcrumb"},"inLanguage":"pt-BR","potentialAction":[{"@type":"ReadAction","target":["https:\/\/www.em.com.br\/emfoco\/2026\/02\/23\/a-combinacao-que-transforma-plantas-fracas-em-vasinhos-cheios-de-flores-e-folhas-vigorosas\/"]}]},{"@type":"ImageObject","inLanguage":"pt-BR","@id":"https:\/\/www.em.com.br\/emfoco\/2026\/02\/23\/a-combinacao-que-transforma-plantas-fracas-em-vasinhos-cheios-de-flores-e-folhas-vigorosas\/#primaryimage","url":"https:\/\/www.em.com.br\/emfoco\/wp-content\/uploads\/2026\/02\/Imagem-2-121.jpg","contentUrl":"https:\/\/www.em.com.br\/emfoco\/wp-content\/uploads\/2026\/02\/Imagem-2-121.jpg","width":1280,"height":720,"caption":"A combina\u00e7\u00e3o de ovo e banana transforma res\u00edduos em nutrientes poderosos"},{"@type":"BreadcrumbList","@id":"https:\/\/www.em.com.br\/emfoco\/2026\/02\/23\/a-combinacao-que-transforma-plantas-fracas-em-vasinhos-cheios-de-flores-e-folhas-vigorosas\/#breadcrumb","itemListElement":[{"@type":"ListItem","position":1,"name":"In\u00edcio","item":"https:\/\/www.em.com.br\/emfoco\/"},{"@type":"ListItem","position":2,"name":"A combina\u00e7\u00e3o que transforma plantas fracas em vasinhos cheios de flores e folhas vigorosas"}]},{"@type":"WebSite","@id":"https:\/\/www.em.com.br\/emfoco\/#website","url":"https:\/\/www.em.com.br\/emfoco\/","name":"Estado de Minas - Em foco","description":"Acompanhe as \u00faltimas not\u00edcias e fique bem informado sobre tudo o que acontece em Minas Gerais, Brasil e no mundo.","potentialAction":[{"@type":"SearchAction","target":{"@type":"EntryPoint","urlTemplate":"https:\/\/www.em.com.br\/emfoco\/?s={search_term_string}"},"query-input":{"@type":"PropertyValueSpecification","valueRequired":true,"valueName":"search_term_string"}}],"inLanguage":"pt-BR"},{"@type":"Person","@id":"https:\/\/www.em.com.br\/emfoco\/#\/schema\/person\/1c9ddeab18b98abeffef834667bcf08a","name":"Gabriel Martins","image":{"@type":"ImageObject","inLanguage":"pt-BR","@id":"https:\/\/www.em.com.br\/emfoco\/#\/schema\/person\/image\/","url":"https:\/\/secure.gravatar.com\/avatar\/f0f1e2efdfd88f1ad2cb08c5c2731e50?s=96&d=mm&r=g","contentUrl":"https:\/\/secure.gravatar.com\/avatar\/f0f1e2efdfd88f1ad2cb08c5c2731e50?s=96&d=mm&r=g","caption":"Gabriel Martins"},"sameAs":["https:\/\/www.em.com.br\/emfoco\/"],"url":"https:\/\/www.em.com.br\/emfoco\/author\/gabrielmartinsmyth\/"}]}},"_links":{"self":[{"href":"https:\/\/www.em.com.br\/emfoco\/wp-json\/wp\/v2\/posts\/171261","targetHints":{"allow":["GET"]}}],"collection":[{"href":"https:\/\/www.em.com.br\/emfoco\/wp-json\/wp\/v2\/posts"}],"about":[{"href":"https:\/\/www.em.com.br\/emfoco\/wp-json\/wp\/v2\/types\/post"}],"author":[{"embeddable":true,"href":"https:\/\/www.em.com.br\/emfoco\/wp-json\/wp\/v2\/users\/13"}],"replies":[{"embeddable":true,"href":"https:\/\/www.em.com.br\/emfoco\/wp-json\/wp\/v2\/comments?post=171261"}],"version-history":[{"count":1,"href":"https:\/\/www.em.com.br\/emfoco\/wp-json\/wp\/v2\/posts\/171261\/revisions"}],"predecessor-version":[{"id":171337,"href":"https:\/\/www.em.com.br\/emfoco\/wp-json\/wp\/v2\/posts\/171261\/revisions\/171337"}],"wp:featuredmedia":[{"embeddable":true,"href":"https:\/\/www.em.com.br\/emfoco\/wp-json\/wp\/v2\/media\/171334"}],"wp:attachment":[{"href":"https:\/\/www.em.com.br\/emfoco\/wp-json\/wp\/v2\/media?parent=171261"}],"wp:term":[{"taxonomy":"category","embeddable":true,"href":"https:\/\/www.em.com.br\/emfoco\/wp-json\/wp\/v2\/categories?post=171261"},{"taxonomy":"post_tag","embeddable":true,"href":"https:\/\/www.em.com.br\/emfoco\/wp-json\/wp\/v2\/tags?post=171261"}],"curies":[{"name":"wp","href":"https:\/\/api.w.org\/{rel}","templated":true}]}}