{"id":171245,"date":"2026-02-20T11:45:00","date_gmt":"2026-02-20T14:45:00","guid":{"rendered":"https:\/\/www.em.com.br\/emfoco\/?p=171245"},"modified":"2026-02-18T20:54:27","modified_gmt":"2026-02-18T23:54:27","slug":"a-parabola-do-barco-vazio-licao-simples-que-ensina-a-controlar-a-raiva-e-reagir-com-mais-equilibrio","status":"publish","type":"post","link":"https:\/\/www.em.com.br\/emfoco\/2026\/02\/20\/a-parabola-do-barco-vazio-licao-simples-que-ensina-a-controlar-a-raiva-e-reagir-com-mais-equilibrio\/","title":{"rendered":"A par\u00e1bola do barco vazio, li\u00e7\u00e3o simples que ensina a controlar a raiva e reagir com mais equil\u00edbrio"},"content":{"rendered":"\n<p>Um monge meditava em paz num barco quando outro colidiu com o seu. Ele ficou furioso e abriu os olhos para brigar, mas viu que a embarca\u00e7\u00e3o estava vazia, levada pela correnteza. Sem ningu\u00e9m para culpar, a raiva sumiu na hora. A par\u00e1bola mostra que nossa irrita\u00e7\u00e3o depende da ideia de um culpado, e que podemos escolher reagir diferente quando entendemos que n\u00e3o houve inten\u00e7\u00e3o.<\/p>\n\n\n\n<h2 class=\"wp-block-heading\">Entenda que as ofensas raramente s\u00e3o sobre voc\u00ea<\/h2>\n\n\n\n<p>No nosso dia a dia corrido, o &#8220;barco vazio&#8221; representa aquelas situa\u00e7\u00f5es chatas ou pessoas dif\u00edceis que cruzam nosso caminho e tiram nosso sossego. Muitas vezes, achamos que o mundo est\u00e1 contra n\u00f3s, mas a verdade \u00e9 que a maioria desses choques \u00e9 fruto do acaso, do cansa\u00e7o alheio ou de circunst\u00e2ncias que fogem totalmente do nosso controle.<\/p>\n\n\n\n<p>Ao compreender que aquela resposta atravessada ou o imprevisto dom\u00e9stico n\u00e3o s\u00e3o ataques pessoais direcionados a voc\u00ea, o peso da ofensa diminui drasticamente. Deslocar o foco da culpa para a simples observa\u00e7\u00e3o dos fatos permite que voc\u00ea n\u00e3o gaste sua energia vital com batalhas que n\u00e3o s\u00e3o suas.<\/p>\n\n\n<div class=\"wp-block-image\">\n<figure class=\"aligncenter size-large\"><img loading=\"lazy\" decoding=\"async\" width=\"1024\" height=\"576\" src=\"https:\/\/www.em.com.br\/emfoco\/wp-content\/uploads\/2026\/02\/mulher-calma-paz-1024x576.png\" alt=\"Por que algumas pessoas amam tanto plantas? A psicologia explica o conforto emocional desse v\u00ednculo\" class=\"wp-image-166837\" srcset=\"https:\/\/www.em.com.br\/emfoco\/wp-content\/uploads\/2026\/02\/mulher-calma-paz-1024x576.png 1024w, https:\/\/www.em.com.br\/emfoco\/wp-content\/uploads\/2026\/02\/mulher-calma-paz-300x169.png 300w, https:\/\/www.em.com.br\/emfoco\/wp-content\/uploads\/2026\/02\/mulher-calma-paz-768x432.png 768w, https:\/\/www.em.com.br\/emfoco\/wp-content\/uploads\/2026\/02\/mulher-calma-paz-750x422.png 750w, https:\/\/www.em.com.br\/emfoco\/wp-content\/uploads\/2026\/02\/mulher-calma-paz-1140x641.png 1140w, https:\/\/www.em.com.br\/emfoco\/wp-content\/uploads\/2026\/02\/mulher-calma-paz.png 1280w\" sizes=\"auto, (max-width: 1024px) 100vw, 1024px\" \/><figcaption class=\"wp-element-caption\">A hist\u00f3ria do monge revela o segredo da paci\u00eancia<\/figcaption><\/figure><\/div>\n\n\n<h2 class=\"wp-block-heading\">A aten\u00e7\u00e3o plena evita que a raiva domine sua rotina<\/h2>\n\n\n\n<p>Cultivar o h\u00e1bito de questionar suas pr\u00f3prias interpreta\u00e7\u00f5es \u00e9 a maneira mais pr\u00e1tica de proteger sua sa\u00fade mental e manter o equil\u00edbrio em meio ao caos moderno. No v\u00eddeo a seguir, do canal <a href=\"https:\/\/www.youtube.com\/@CamilaZen\" target=\"_blank\" rel=\"noreferrer noopener\">Camila Zen<\/a>, \u00e9 explicado como a filosofia do barco vazio ajuda a fortalecer o organismo e proteger sua sa\u00fade.<\/p>\n\n\n\n<figure class=\"wp-block-embed aligncenter is-type-video is-provider-youtube wp-block-embed-youtube wp-embed-aspect-16-9 wp-has-aspect-ratio\"><div class=\"wp-block-embed__wrapper\">\n<div class=\"jeg_video_container jeg_video_content\"><iframe loading=\"lazy\" title=\"Nada \u00e9 pessoal: a par\u00e1bola do barco vazio que revela como a mente cria sofrimento \u2728\" width=\"500\" height=\"281\" src=\"https:\/\/www.youtube.com\/embed\/eMwjPnJtKG0?feature=oembed\" frameborder=\"0\" allow=\"accelerometer; autoplay; clipboard-write; encrypted-media; gyroscope; picture-in-picture; web-share\" referrerpolicy=\"strict-origin-when-cross-origin\" allowfullscreen><\/iframe><\/div>\n<\/div><\/figure>\n\n\n\n<p>A chave para n\u00e3o explodir por qualquer coisa \u00e9 desenvolver a aten\u00e7\u00e3o plena, que nada mais \u00e9 do que perceber o momento presente sem julgamentos autom\u00e1ticos. Em vez de se deixar levar pela emo\u00e7\u00e3o imediata, voc\u00ea treina sua mente para observar o que est\u00e1 acontecendo antes de reagir com agressividade ou m\u00e1goa.<\/p>\n\n\n\n<p>Essa pr\u00e1tica simples ajuda a identificar quando sua mente come\u00e7a a criar hist\u00f3rias tr\u00e1gicas sobre o futuro ou a reviver problemas do passado sem necessidade. Ao focar no agora, voc\u00ea ganha tempo para respirar e escolher uma resposta mais madura e equilibrada para os desafios que surgem.<\/p>\n\n\n\n<p>Leia mais: <a href=\"https:\/\/www.em.com.br\/saude\/2026\/02\/7345282-por-que-quem-ama-demais-aprende-a-amar-com-cautela.html\" target=\"_blank\" rel=\"noreferrer noopener\">Por que quem ama demais aprende a amar com cautela?<\/a><\/p>\n\n\n\n<h2 class=\"wp-block-heading\">Saiba diferenciar a realidade da sua imagina\u00e7\u00e3o<\/h2>\n\n\n\n<p>Nossa mente \u00e9 especialista em criar dramas e muitas vezes interpretamos fatos neutros como grandes afrontas pessoais. Para evitar esse sofrimento desnecess\u00e1rio, \u00e9 fundamental questionar se o que voc\u00ea sente \u00e9 um fato ou apenas uma interpreta\u00e7\u00e3o exagerada causada pelo estresse do momento.<\/p>\n\n\n\n<p>Muitas situa\u00e7\u00f5es que nos tiram do s\u00e9rio s\u00e3o, na verdade, apenas &#8220;barcos vazios&#8221; \u00e0 deriva que n\u00e3o merecem nossa indigna\u00e7\u00e3o. Antes de se estressar, verifique se voc\u00ea n\u00e3o est\u00e1 diante de um destes cen\u00e1rios comuns que n\u00e3o dependem da sua vontade:<\/p>\n\n\n\n<div class=\"google-auto-ads-ignore\" style=\"box-sizing: border-box; display: flex; flex-direction: column; width: 100%; max-width: 800px; margin: 30px auto; background-color: #f5f5f5; color: #262626; border-radius: 12px; overflow: hidden; font-family: 'Segoe UI', Roboto, Helvetica, Arial, sans-serif; box-shadow: 0 4px 15px rgba(0,0,0,0.08); border: 1px solid #d9d9d9; position: relative; z-index: 5;\">\n\n  <div style=\"background-color: #ffffff; padding: 25px; border-bottom: 3px solid #8c8c8c; text-align: center;\">\n    <h2 style=\"margin: 0; color: #1f1f1f; font-size: 1.5rem; line-height: 1.3;\">\ud83d\udef6 O conceito do barco vazio: situa\u00e7\u00f5es fora do seu controle<\/h2>\n    <div style=\"font-size: 0.95rem; margin-top: 8px; color: #595959; opacity: 0.9;\">Aprenda a identificar cen\u00e1rios que n\u00e3o dependem da sua vontade e poupe seu estresse<\/div>\n  <\/div>\n\n  <div style=\"padding: 25px; display: flex; flex-wrap: wrap; gap: 20px;\">\n    \n    <div style=\"flex: 1 1 300px; background-color: #ffffff; border-radius: 8px; padding: 20px; border: 1px solid #e8e8e8; box-shadow: 0 2px 5px rgba(0,0,0,0.02);\">\n      <h3 style=\"margin: 0 0 15px 0; color: #434343; font-size: 1.1rem; font-weight: bold; border-bottom: 1px solid #f0f0f0; padding-bottom: 8px;\">\n        \ud83d\ude97 Imprevistos externos\n      <\/h3>\n      <div style=\"margin-bottom: 12px;\">\n        <strong style=\"display: block; font-size: 0.85rem; color: #8c8c8c; margin-bottom: 4px;\">Tr\u00e2nsito e log\u00edstica<\/strong>\n        <div style=\"font-size: 0.95rem; line-height: 1.5;\">Um atraso no tr\u00e2nsito causado por um acidente longe dali \u00e9 um fator imposs\u00edvel de prever ou alterar.<\/div>\n      <\/div>\n    <\/div>\n\n    <div style=\"flex: 1 1 300px; background-color: #ffffff; border-radius: 8px; padding: 20px; border: 1px solid #e8e8e8; box-shadow: 0 2px 5px rgba(0,0,0,0.02);\">\n      <h3 style=\"margin: 0 0 15px 0; color: #434343; font-size: 1.1rem; font-weight: bold; border-bottom: 1px solid #f0f0f0; padding-bottom: 8px;\">\n        \ud83d\udcf1 Sil\u00eancio digital\n      <\/h3>\n      <div style=\"margin-bottom: 12px;\">\n        <strong style=\"display: block; font-size: 0.85rem; color: #8c8c8c; margin-bottom: 4px;\">Comunica\u00e7\u00e3o e v\u00e1cuo<\/strong>\n        <div style=\"font-size: 0.95rem; line-height: 1.5;\">Uma mensagem visualizada e n\u00e3o respondida pode ser apenas um simples esquecimento da outra pessoa.<\/div>\n      <\/div>\n    <\/div>\n\n    <div style=\"flex: 1 1 300px; background-color: #ffffff; border-radius: 8px; padding: 20px; border: 1px solid #e8e8e8; box-shadow: 0 2px 5px rgba(0,0,0,0.02);\">\n      <h3 style=\"margin: 0 0 15px 0; color: #434343; font-size: 1.1rem; font-weight: bold; border-bottom: 1px solid #f0f0f0; padding-bottom: 8px;\">\n        \ud83d\ude24 Rea\u00e7\u00f5es alheias\n      <\/h3>\n      <div style=\"margin-bottom: 12px;\">\n        <strong style=\"display: block; font-size: 0.85rem; color: #8c8c8c; margin-bottom: 4px;\">Humor de terceiros<\/strong>\n        <div style=\"font-size: 0.95rem; line-height: 1.5;\">O mau humor de algu\u00e9m que est\u00e1 passando por dor ou problemas pessoais n\u00e3o \u00e9 um ataque direto a voc\u00ea.<\/div>\n      <\/div>\n    <\/div>\n\n    <div style=\"flex: 1 1 300px; background-color: #ffffff; border-radius: 8px; padding: 20px; border: 1px solid #e8e8e8; box-shadow: 0 2px 5px rgba(0,0,0,0.02);\">\n      <h3 style=\"margin: 0 0 15px 0; color: #434343; font-size: 1.1rem; font-weight: bold; border-bottom: 1px solid #f0f0f0; padding-bottom: 8px;\">\n        \u2699\ufe0f Falhas dom\u00e9sticas\n      <\/h3>\n      <div style=\"margin-bottom: 12px;\">\n        <strong style=\"display: block; font-size: 0.85rem; color: #8c8c8c; margin-bottom: 4px;\">Objetos e aparelhos<\/strong>\n        <div style=\"font-size: 0.95rem; line-height: 1.5;\">Um eletrodom\u00e9stico que quebra justamente no dia da faxina \u00e9 um evento t\u00e9cnico aleat\u00f3rio da vida cotidiana.<\/div>\n      <\/div>\n    <\/div>\n\n  <\/div>\n<\/div>\n\n\n\n<h2 class=\"wp-block-heading\">Escolha ser livre e n\u00e3o ref\u00e9m das circunst\u00e2ncias<\/h2>\n\n\n\n<p>Para que sofrer com o que n\u00e3o tem dono nem inten\u00e7\u00e3o de te machucar? Ao perceber que o barco est\u00e1 vazio, voc\u00ea solta imediatamente o peso da m\u00e1goa e recupera a energia preciosa que gastaria em discuss\u00f5es in\u00fateis, garantindo uma vida muito mais leve e feliz para voc\u00ea e para sua fam\u00edlia.<\/p>\n\n\n\n<p>N\u00e3o deixe que o acaso pilote as suas emo\u00e7\u00f5es nem por mais um minuto. Comece hoje mesmo a olhar para os imprevistos com sabedoria, respire fundo antes de reagir e tome as r\u00e9deas da sua pr\u00f3pria tranquilidade agora mesmo!<\/p>\n","protected":false},"excerpt":{"rendered":"<p>Um monge meditava em paz num barco quando outro colidiu com o seu. Ele ficou furioso e abriu os olhos para brigar, mas viu que a embarca\u00e7\u00e3o estava vazia, levada pela correnteza. Sem ningu\u00e9m para culpar, a raiva sumiu na hora. A par\u00e1bola mostra que nossa irrita\u00e7\u00e3o depende da ideia de um culpado, e que [&hellip;]<\/p>\n","protected":false},"author":20,"featured_media":171251,"comment_status":"open","ping_status":"open","sticky":false,"template":"","format":"standard","meta":{"jnews-multi-image_gallery":[],"jnews_single_post":{"format":"standard"},"jnews_primary_category":[],"jnews_social_meta":[],"jnews_override_counter":[],"footnotes":""},"categories":[8819,20108],"tags":[24896,7792,7526,24897],"class_list":["post-171245","post","type-post","status-publish","format-standard","has-post-thumbnail","hentry","category-curiosidades","category-noticia","tag-barco-vazio","tag-problemas","tag-raiva","tag-segredo-da-paciencia"],"yoast_head":"<!-- This site is optimized with the Yoast SEO plugin v23.8 - https:\/\/yoast.com\/wordpress\/plugins\/seo\/ -->\n<title>A par\u00e1bola do barco vazio, li\u00e7\u00e3o simples que ensina a controlar a raiva e reagir com mais equil\u00edbrio - Estado de Minas - Em foco<\/title>\n<meta name=\"description\" content=\"Entenda por que reagimos com raiva e como quebrar esse ciclo. Essa hist\u00f3ria antiga traz a chave para voc\u00ea dominar suas emo\u00e7\u00f5es e parar de sofrer \u00e0 toa.\" \/>\n<meta name=\"robots\" content=\"index, follow, max-snippet:-1, max-image-preview:large, max-video-preview:-1\" \/>\n<link rel=\"canonical\" href=\"https:\/\/www.em.com.br\/emfoco\/2026\/02\/20\/a-parabola-do-barco-vazio-licao-simples-que-ensina-a-controlar-a-raiva-e-reagir-com-mais-equilibrio\/\" \/>\n<meta property=\"og:locale\" content=\"pt_BR\" \/>\n<meta property=\"og:type\" content=\"article\" \/>\n<meta property=\"og:title\" content=\"A par\u00e1bola do barco vazio, li\u00e7\u00e3o simples que ensina a controlar a raiva e reagir com mais equil\u00edbrio - Estado de Minas - Em foco\" \/>\n<meta property=\"og:description\" content=\"Entenda por que reagimos com raiva e como quebrar esse ciclo. Essa hist\u00f3ria antiga traz a chave para voc\u00ea dominar suas emo\u00e7\u00f5es e parar de sofrer \u00e0 toa.\" \/>\n<meta property=\"og:url\" content=\"https:\/\/www.em.com.br\/emfoco\/2026\/02\/20\/a-parabola-do-barco-vazio-licao-simples-que-ensina-a-controlar-a-raiva-e-reagir-com-mais-equilibrio\/\" \/>\n<meta property=\"og:site_name\" content=\"Estado de Minas - Em foco\" \/>\n<meta property=\"article:published_time\" content=\"2026-02-20T14:45:00+00:00\" \/>\n<meta property=\"article:modified_time\" content=\"2026-02-18T23:54:27+00:00\" \/>\n<meta property=\"og:image\" content=\"https:\/\/www.em.com.br\/emfoco\/wp-content\/uploads\/2026\/02\/barco-vazio-metafora.png\" \/>\n\t<meta property=\"og:image:width\" content=\"1280\" \/>\n\t<meta property=\"og:image:height\" content=\"720\" \/>\n\t<meta property=\"og:image:type\" content=\"image\/png\" \/>\n<meta name=\"author\" content=\"Ingrid Diniz\" \/>\n<meta name=\"twitter:card\" content=\"summary_large_image\" \/>\n<meta name=\"twitter:label1\" content=\"Escrito por\" \/>\n\t<meta name=\"twitter:data1\" content=\"Ingrid Diniz\" \/>\n\t<meta name=\"twitter:label2\" content=\"Est. tempo de leitura\" \/>\n\t<meta name=\"twitter:data2\" content=\"5 minutos\" \/>\n<!-- \/ Yoast SEO plugin. -->","yoast_head_json":{"title":"A par\u00e1bola do barco vazio, li\u00e7\u00e3o simples que ensina a controlar a raiva e reagir com mais equil\u00edbrio - Estado de Minas - Em foco","description":"Entenda por que reagimos com raiva e como quebrar esse ciclo. Essa hist\u00f3ria antiga traz a chave para voc\u00ea dominar suas emo\u00e7\u00f5es e parar de sofrer \u00e0 toa.","robots":{"index":"index","follow":"follow","max-snippet":"max-snippet:-1","max-image-preview":"max-image-preview:large","max-video-preview":"max-video-preview:-1"},"canonical":"https:\/\/www.em.com.br\/emfoco\/2026\/02\/20\/a-parabola-do-barco-vazio-licao-simples-que-ensina-a-controlar-a-raiva-e-reagir-com-mais-equilibrio\/","og_locale":"pt_BR","og_type":"article","og_title":"A par\u00e1bola do barco vazio, li\u00e7\u00e3o simples que ensina a controlar a raiva e reagir com mais equil\u00edbrio - Estado de Minas - Em foco","og_description":"Entenda por que reagimos com raiva e como quebrar esse ciclo. Essa hist\u00f3ria antiga traz a chave para voc\u00ea dominar suas emo\u00e7\u00f5es e parar de sofrer \u00e0 toa.","og_url":"https:\/\/www.em.com.br\/emfoco\/2026\/02\/20\/a-parabola-do-barco-vazio-licao-simples-que-ensina-a-controlar-a-raiva-e-reagir-com-mais-equilibrio\/","og_site_name":"Estado de Minas - Em foco","article_published_time":"2026-02-20T14:45:00+00:00","article_modified_time":"2026-02-18T23:54:27+00:00","og_image":[{"width":1280,"height":720,"url":"https:\/\/www.em.com.br\/emfoco\/wp-content\/uploads\/2026\/02\/barco-vazio-metafora.png","type":"image\/png"}],"author":"Ingrid Diniz","twitter_card":"summary_large_image","twitter_misc":{"Escrito por":"Ingrid Diniz","Est. tempo de leitura":"5 minutos"},"schema":{"@context":"https:\/\/schema.org","@graph":[{"@type":"WebPage","@id":"https:\/\/www.em.com.br\/emfoco\/2026\/02\/20\/a-parabola-do-barco-vazio-licao-simples-que-ensina-a-controlar-a-raiva-e-reagir-com-mais-equilibrio\/","url":"https:\/\/www.em.com.br\/emfoco\/2026\/02\/20\/a-parabola-do-barco-vazio-licao-simples-que-ensina-a-controlar-a-raiva-e-reagir-com-mais-equilibrio\/","name":"A par\u00e1bola do barco vazio, li\u00e7\u00e3o simples que ensina a controlar a raiva e reagir com mais equil\u00edbrio - Estado de Minas - Em foco","isPartOf":{"@id":"https:\/\/www.em.com.br\/emfoco\/#website"},"primaryImageOfPage":{"@id":"https:\/\/www.em.com.br\/emfoco\/2026\/02\/20\/a-parabola-do-barco-vazio-licao-simples-que-ensina-a-controlar-a-raiva-e-reagir-com-mais-equilibrio\/#primaryimage"},"image":{"@id":"https:\/\/www.em.com.br\/emfoco\/2026\/02\/20\/a-parabola-do-barco-vazio-licao-simples-que-ensina-a-controlar-a-raiva-e-reagir-com-mais-equilibrio\/#primaryimage"},"thumbnailUrl":"https:\/\/www.em.com.br\/emfoco\/wp-content\/uploads\/2026\/02\/barco-vazio-metafora.png","datePublished":"2026-02-20T14:45:00+00:00","dateModified":"2026-02-18T23:54:27+00:00","author":{"@id":"https:\/\/www.em.com.br\/emfoco\/#\/schema\/person\/649e610b4eb8fff87ff394e54fe17b2b"},"description":"Entenda por que reagimos com raiva e como quebrar esse ciclo. Essa hist\u00f3ria antiga traz a chave para voc\u00ea dominar suas emo\u00e7\u00f5es e parar de sofrer \u00e0 toa.","breadcrumb":{"@id":"https:\/\/www.em.com.br\/emfoco\/2026\/02\/20\/a-parabola-do-barco-vazio-licao-simples-que-ensina-a-controlar-a-raiva-e-reagir-com-mais-equilibrio\/#breadcrumb"},"inLanguage":"pt-BR","potentialAction":[{"@type":"ReadAction","target":["https:\/\/www.em.com.br\/emfoco\/2026\/02\/20\/a-parabola-do-barco-vazio-licao-simples-que-ensina-a-controlar-a-raiva-e-reagir-com-mais-equilibrio\/"]}]},{"@type":"ImageObject","inLanguage":"pt-BR","@id":"https:\/\/www.em.com.br\/emfoco\/2026\/02\/20\/a-parabola-do-barco-vazio-licao-simples-que-ensina-a-controlar-a-raiva-e-reagir-com-mais-equilibrio\/#primaryimage","url":"https:\/\/www.em.com.br\/emfoco\/wp-content\/uploads\/2026\/02\/barco-vazio-metafora.png","contentUrl":"https:\/\/www.em.com.br\/emfoco\/wp-content\/uploads\/2026\/02\/barco-vazio-metafora.png","width":1280,"height":720,"caption":"A hist\u00f3ria do monge revela o segredo da paci\u00eancia"},{"@type":"BreadcrumbList","@id":"https:\/\/www.em.com.br\/emfoco\/2026\/02\/20\/a-parabola-do-barco-vazio-licao-simples-que-ensina-a-controlar-a-raiva-e-reagir-com-mais-equilibrio\/#breadcrumb","itemListElement":[{"@type":"ListItem","position":1,"name":"In\u00edcio","item":"https:\/\/www.em.com.br\/emfoco\/"},{"@type":"ListItem","position":2,"name":"A par\u00e1bola do barco vazio, li\u00e7\u00e3o simples que ensina a controlar a raiva e reagir com mais equil\u00edbrio"}]},{"@type":"WebSite","@id":"https:\/\/www.em.com.br\/emfoco\/#website","url":"https:\/\/www.em.com.br\/emfoco\/","name":"Estado de Minas - Em foco","description":"Acompanhe as \u00faltimas not\u00edcias e fique bem informado sobre tudo o que acontece em Minas Gerais, Brasil e no mundo.","potentialAction":[{"@type":"SearchAction","target":{"@type":"EntryPoint","urlTemplate":"https:\/\/www.em.com.br\/emfoco\/?s={search_term_string}"},"query-input":{"@type":"PropertyValueSpecification","valueRequired":true,"valueName":"search_term_string"}}],"inLanguage":"pt-BR"},{"@type":"Person","@id":"https:\/\/www.em.com.br\/emfoco\/#\/schema\/person\/649e610b4eb8fff87ff394e54fe17b2b","name":"Ingrid Diniz","image":{"@type":"ImageObject","inLanguage":"pt-BR","@id":"https:\/\/www.em.com.br\/emfoco\/#\/schema\/person\/image\/","url":"https:\/\/secure.gravatar.com\/avatar\/a3baa1449ec5c39b4c42babc9d4f3951?s=96&d=mm&r=g","contentUrl":"https:\/\/secure.gravatar.com\/avatar\/a3baa1449ec5c39b4c42babc9d4f3951?s=96&d=mm&r=g","caption":"Ingrid Diniz"},"sameAs":["https:\/\/www.em.com.br\/"],"url":"https:\/\/www.em.com.br\/emfoco\/author\/ingridmyth\/"}]}},"_links":{"self":[{"href":"https:\/\/www.em.com.br\/emfoco\/wp-json\/wp\/v2\/posts\/171245","targetHints":{"allow":["GET"]}}],"collection":[{"href":"https:\/\/www.em.com.br\/emfoco\/wp-json\/wp\/v2\/posts"}],"about":[{"href":"https:\/\/www.em.com.br\/emfoco\/wp-json\/wp\/v2\/types\/post"}],"author":[{"embeddable":true,"href":"https:\/\/www.em.com.br\/emfoco\/wp-json\/wp\/v2\/users\/20"}],"replies":[{"embeddable":true,"href":"https:\/\/www.em.com.br\/emfoco\/wp-json\/wp\/v2\/comments?post=171245"}],"version-history":[{"count":1,"href":"https:\/\/www.em.com.br\/emfoco\/wp-json\/wp\/v2\/posts\/171245\/revisions"}],"predecessor-version":[{"id":171252,"href":"https:\/\/www.em.com.br\/emfoco\/wp-json\/wp\/v2\/posts\/171245\/revisions\/171252"}],"wp:featuredmedia":[{"embeddable":true,"href":"https:\/\/www.em.com.br\/emfoco\/wp-json\/wp\/v2\/media\/171251"}],"wp:attachment":[{"href":"https:\/\/www.em.com.br\/emfoco\/wp-json\/wp\/v2\/media?parent=171245"}],"wp:term":[{"taxonomy":"category","embeddable":true,"href":"https:\/\/www.em.com.br\/emfoco\/wp-json\/wp\/v2\/categories?post=171245"},{"taxonomy":"post_tag","embeddable":true,"href":"https:\/\/www.em.com.br\/emfoco\/wp-json\/wp\/v2\/tags?post=171245"}],"curies":[{"name":"wp","href":"https:\/\/api.w.org\/{rel}","templated":true}]}}