{"id":171091,"date":"2026-02-19T07:05:00","date_gmt":"2026-02-19T10:05:00","guid":{"rendered":"https:\/\/www.em.com.br\/emfoco\/?p=171091"},"modified":"2026-02-18T17:04:26","modified_gmt":"2026-02-18T20:04:26","slug":"enxaqueca-pode-piorar-com-luz-intensa-e-som-alto","status":"publish","type":"post","link":"https:\/\/www.em.com.br\/emfoco\/2026\/02\/19\/enxaqueca-pode-piorar-com-luz-intensa-e-som-alto\/","title":{"rendered":"Enxaqueca pode piorar com luz intensa e som alto"},"content":{"rendered":"\n<p>Uma influenciadora no cen\u00e1rio carnavalesco brasileiro enfrentou desafios not\u00e1veis durante o Carnaval de 2026. Ao desfilar pela primeira vez como rainha de bateria na Grande Rio, Virginia Fonseca encontrou um ambiente repleto de fatores que poderiam desencadear crises de enxaqueca: som alto, ilumina\u00e7\u00e3o intensa, calor e falta de descanso adequado. Nessas condi\u00e7\u00f5es, ela buscou aux\u00edlio m\u00e9dico para manejar sua condi\u00e7\u00e3o e cumprir sua agenda sem ser prejudicada por dores.<\/p>\n\n\n\n<h2 class=\"wp-block-heading\">Entenda o que \u00e9 a enxaqueca?<\/h2>\n\n\n\n<p>A enxaqueca \u00e9 uma condi\u00e7\u00e3o neurol\u00f3gica cr\u00f4nica que se manifesta em crises de dor de cabe\u00e7a intensa e puls\u00e1til, geralmente em um dos lados da cabe\u00e7a. Os epis\u00f3dios podem vir acompanhados de sensibilidade \u00e0 luz e ao som, al\u00e9m de n\u00e1useas e v\u00f4mitos em alguns casos.<\/p>\n\n\n\n<p>Em certas situa\u00e7\u00f5es, a crise pode ser precedida por uma aura, caracterizada por altera\u00e7\u00f5es visuais, formigamentos e dificuldade tempor\u00e1ria para falar. Entre as crises, o paciente pode ficar assintom\u00e1tico, o que muitas vezes leva \u00e0 subvaloriza\u00e7\u00e3o do problema.<\/p>\n\n\n\n<p>Para compreender melhor as diferen\u00e7as entre dor de cabe\u00e7a e enxaqueca e saber o que fazer, assista ao v\u00eddeo a seguir, no qual o m\u00e9dico Dr. Drauzio Varella explica o assunto de forma clara e did\u00e1tica no canal Drauzio Varella.<\/p>\n\n\n\n<iframe loading=\"lazy\" width=\"1396\" height=\"785\" src=\"https:\/\/www.youtube.com\/embed\/MrzVL_FoRlA\" title=\"Dor de cabe\u00e7a ou enxaqueca? Entenda a diferen\u00e7a e saiba o que fazer\" frameborder=\"0\" allow=\"accelerometer; autoplay; clipboard-write; encrypted-media; gyroscope; picture-in-picture; web-share\" referrerpolicy=\"strict-origin-when-cross-origin\" allowfullscreen><\/iframe>\n\n\n\n<h2 class=\"wp-block-heading\">Quais os principais fatores que desencadeiam a enxaqueca?<\/h2>\n\n\n\n<p>V\u00e1rios fatores podem desencadear uma crise de enxaqueca, como estresse, altera\u00e7\u00f5es hormonais, jejum prolongado e priva\u00e7\u00e3o de sono. Est\u00edmulos visuais intensos, como luzes piscando, tamb\u00e9m s\u00e3o gatilhos comuns para pessoas predispostas.<\/p>\n\n\n\n<p>No contexto do Carnaval, a combina\u00e7\u00e3o de som alto, ilumina\u00e7\u00e3o intensa, calor, consumo de \u00e1lcool e poucas horas de descanso torna o ambiente um potente catalisador de crises. Certos alimentos e bebidas, como queijos envelhecidos e vinho tinto, tamb\u00e9m podem contribuir para o surgimento da dor.<\/p>\n\n\n\n<h2 class=\"wp-block-heading\">Como \u00e9 feito o manejo adequado da enxaqueca?<\/h2>\n\n\n\n<p>O acompanhamento m\u00e9dico \u00e9 fundamental para quem participa de eventos exigentes, especialmente em casos de crises frequentes. O manejo inclui ajustes no estilo de vida, identifica\u00e7\u00e3o de gatilhos individuais e uso de terapias espec\u00edficas para preven\u00e7\u00e3o e tratamento das crises.<\/p>\n\n\n\n<p>No caso de Virginia, o cuidado especializado envolveu bloqueios anest\u00e9sicos, aplica\u00e7\u00e3o de toxina botul\u00ednica (botox) e medicamentos injet\u00e1veis da classe anti-CGRP para prevenir crises. Esses recursos ajudam a reduzir a frequ\u00eancia e a intensidade das dores, permitindo que a rotina seja mantida com menos interrup\u00e7\u00f5es.<\/p>\n\n\n\n<figure class=\"wp-block-image size-large\"><img loading=\"lazy\" decoding=\"async\" width=\"1024\" height=\"576\" src=\"https:\/\/www.em.com.br\/emfoco\/wp-content\/uploads\/2025\/10\/Enxaqueca-_1759449352653-1024x576.jpg\" alt=\"\" class=\"wp-image-110980\" srcset=\"https:\/\/www.em.com.br\/emfoco\/wp-content\/uploads\/2025\/10\/Enxaqueca-_1759449352653-1024x576.jpg 1024w, https:\/\/www.em.com.br\/emfoco\/wp-content\/uploads\/2025\/10\/Enxaqueca-_1759449352653-300x169.jpg 300w, https:\/\/www.em.com.br\/emfoco\/wp-content\/uploads\/2025\/10\/Enxaqueca-_1759449352653-768x432.jpg 768w, https:\/\/www.em.com.br\/emfoco\/wp-content\/uploads\/2025\/10\/Enxaqueca-_1759449352653-750x422.jpg 750w, https:\/\/www.em.com.br\/emfoco\/wp-content\/uploads\/2025\/10\/Enxaqueca-_1759449352653-1140x641.jpg 1140w, https:\/\/www.em.com.br\/emfoco\/wp-content\/uploads\/2025\/10\/Enxaqueca-_1759449352653.jpg 1280w\" sizes=\"auto, (max-width: 1024px) 100vw, 1024px\" \/><figcaption class=\"wp-element-caption\">Enxaqueca &#8211; Cr\u00e9ditos: depositphotos.com \/ HayDmitriy<\/figcaption><\/figure>\n\n\n\n<h2 class=\"wp-block-heading\">Quais os benef\u00edcios do tratamento especializado para enxaqueca?<\/h2>\n\n\n\n<p>Os resultados positivos do tratamento de Virginia Fonseca mostram a import\u00e2ncia de um diagn\u00f3stico preciso e de um plano terap\u00eautico individualizado. A abordagem multidisciplinar permite enfrentar eventos de alta demanda, como o carnaval, com mais seguran\u00e7a, conforto e qualidade de vida.<\/p>\n\n\n\n<p>Entre os principais benef\u00edcios observados com o tratamento especializado, destacam-se:<\/p>\n\n\n\n<ul class=\"wp-block-list\">\n<li>Redu\u00e7\u00e3o da frequ\u00eancia e da intensidade das crises de enxaqueca<\/li>\n\n\n\n<li>Menor necessidade de medicamentos de resgate durante as crises<\/li>\n\n\n\n<li>Melhora da qualidade de sono e da disposi\u00e7\u00e3o di\u00e1ria<\/li>\n\n\n\n<li>Retomada das atividades cotidianas com menos limita\u00e7\u00f5es e faltas<\/li>\n<\/ul>\n\n\n\n<p>O caso de Virginia refor\u00e7a a necessidade de encarar a enxaqueca como uma condi\u00e7\u00e3o cr\u00f4nica que exige acompanhamento cont\u00ednuo. O reconhecimento e o tratamento adequados s\u00e3o essenciais para garantir bem-estar, especialmente em contextos f\u00edsicos e emocionais altamente exigentes.<\/p>\n\n\n<a href=\"https:\/\/www.instagram.com\/dra.annaluisabf\/\" target=\"_blank\" style=\"text-decoration: none; color: inherit;\">\n  <span style=\"display:inline-block; border:1px solid #ccc; border-radius:10px; padding:15px; max-width:550px; font-family:sans-serif; box-shadow:0 2px 5px rgba(0,0,0,0.1);\">\n    <span style=\"margin:0 0 15px 0; font-weight:bold; color:#2c3e50; text-align: center;\">Entre em contato:<\/span>\n\n    <span style=\"display:flex; align-items:center;\">\n      <img decoding=\"async\" src=\"https:\/\/www.correiobraziliense.com.br\/cbradar\/wp-content\/uploads\/2025\/08\/dra_anna_luisa.jpeg\" alt=\"Dra Anna Lu\u00edsa\" style=\"border-radius:50%; width:80px; height:80px; margin-right:15px;\">\n      <span style=\"flex:1;\">\n        <h3 style=\"margin:0 0 5px 0;\">Dra. Anna Lu\u00edsa Barbosa Fernandes<\/h3>\n        <p style=\"margin:0 0 10px 0;\">CRM-GO 33.271<\/p>\n        <span style=\"display:flex; gap:10px;\">\n          <img decoding=\"async\" src=\"https:\/\/cdn-icons-png.flaticon.com\/24\/1384\/1384063.png\" alt=\"Instagram\">\n        <\/span>\n      <\/span>\n    <\/span>\n  <\/span>\n<\/a>","protected":false},"excerpt":{"rendered":"<p>Uma influenciadora no cen\u00e1rio carnavalesco brasileiro enfrentou desafios not\u00e1veis durante o Carnaval de 2026. Ao desfilar pela primeira vez como rainha de bateria na Grande Rio, Virginia Fonseca encontrou um ambiente repleto de fatores que poderiam desencadear crises de enxaqueca: som alto, ilumina\u00e7\u00e3o intensa, calor e falta de descanso adequado. Nessas condi\u00e7\u00f5es, ela buscou aux\u00edlio [&hellip;]<\/p>\n","protected":false},"author":25,"featured_media":110981,"comment_status":"open","ping_status":"open","sticky":false,"template":"","format":"standard","meta":{"jnews-multi-image_gallery":[],"jnews_single_post":{"format":"standard"},"jnews_primary_category":[],"jnews_social_meta":[],"jnews_override_counter":[],"footnotes":""},"categories":[9053],"tags":[711,327,415],"class_list":["post-171091","post","type-post","status-publish","format-standard","has-post-thumbnail","hentry","category-saude","tag-bem-estar","tag-qualidade-de-vida","tag-saude"],"yoast_head":"<!-- This site is optimized with the Yoast SEO plugin v23.8 - https:\/\/yoast.com\/wordpress\/plugins\/seo\/ -->\n<title>Enxaqueca pode piorar com luz intensa e som alto - Estado de Minas - Em foco<\/title>\n<meta name=\"description\" content=\"Enxaqueca pode ser agravada por luz intensa e falta de sono. Veja como prevenir crises.\" \/>\n<meta name=\"robots\" content=\"index, follow, max-snippet:-1, max-image-preview:large, max-video-preview:-1\" \/>\n<link rel=\"canonical\" href=\"https:\/\/www.em.com.br\/emfoco\/2026\/02\/19\/enxaqueca-pode-piorar-com-luz-intensa-e-som-alto\/\" \/>\n<meta property=\"og:locale\" content=\"pt_BR\" \/>\n<meta property=\"og:type\" content=\"article\" \/>\n<meta property=\"og:title\" content=\"Enxaqueca pode piorar com luz intensa e som alto - Estado de Minas - Em foco\" \/>\n<meta property=\"og:description\" content=\"Enxaqueca pode ser agravada por luz intensa e falta de sono. Veja como prevenir crises.\" \/>\n<meta property=\"og:url\" content=\"https:\/\/www.em.com.br\/emfoco\/2026\/02\/19\/enxaqueca-pode-piorar-com-luz-intensa-e-som-alto\/\" \/>\n<meta property=\"og:site_name\" content=\"Estado de Minas - Em foco\" \/>\n<meta property=\"article:published_time\" content=\"2026-02-19T10:05:00+00:00\" \/>\n<meta property=\"article:modified_time\" content=\"2026-02-18T20:04:26+00:00\" \/>\n<meta property=\"og:image\" content=\"https:\/\/www.em.com.br\/emfoco\/wp-content\/uploads\/2025\/10\/Enxaqueca-_1759449379261.jpg\" \/>\n\t<meta property=\"og:image:width\" content=\"1280\" \/>\n\t<meta property=\"og:image:height\" content=\"720\" \/>\n\t<meta property=\"og:image:type\" content=\"image\/jpeg\" \/>\n<meta name=\"author\" content=\"Guilherme Lopes\" \/>\n<meta name=\"twitter:card\" content=\"summary_large_image\" \/>\n<meta name=\"twitter:label1\" content=\"Escrito por\" \/>\n\t<meta name=\"twitter:data1\" content=\"Guilherme Lopes\" \/>\n\t<meta name=\"twitter:label2\" content=\"Est. tempo de leitura\" \/>\n\t<meta name=\"twitter:data2\" content=\"4 minutos\" \/>\n<!-- \/ Yoast SEO plugin. -->","yoast_head_json":{"title":"Enxaqueca pode piorar com luz intensa e som alto - Estado de Minas - Em foco","description":"Enxaqueca pode ser agravada por luz intensa e falta de sono. Veja como prevenir crises.","robots":{"index":"index","follow":"follow","max-snippet":"max-snippet:-1","max-image-preview":"max-image-preview:large","max-video-preview":"max-video-preview:-1"},"canonical":"https:\/\/www.em.com.br\/emfoco\/2026\/02\/19\/enxaqueca-pode-piorar-com-luz-intensa-e-som-alto\/","og_locale":"pt_BR","og_type":"article","og_title":"Enxaqueca pode piorar com luz intensa e som alto - Estado de Minas - Em foco","og_description":"Enxaqueca pode ser agravada por luz intensa e falta de sono. Veja como prevenir crises.","og_url":"https:\/\/www.em.com.br\/emfoco\/2026\/02\/19\/enxaqueca-pode-piorar-com-luz-intensa-e-som-alto\/","og_site_name":"Estado de Minas - Em foco","article_published_time":"2026-02-19T10:05:00+00:00","article_modified_time":"2026-02-18T20:04:26+00:00","og_image":[{"width":1280,"height":720,"url":"https:\/\/www.em.com.br\/emfoco\/wp-content\/uploads\/2025\/10\/Enxaqueca-_1759449379261.jpg","type":"image\/jpeg"}],"author":"Guilherme Lopes","twitter_card":"summary_large_image","twitter_misc":{"Escrito por":"Guilherme Lopes","Est. tempo de leitura":"4 minutos"},"schema":{"@context":"https:\/\/schema.org","@graph":[{"@type":"WebPage","@id":"https:\/\/www.em.com.br\/emfoco\/2026\/02\/19\/enxaqueca-pode-piorar-com-luz-intensa-e-som-alto\/","url":"https:\/\/www.em.com.br\/emfoco\/2026\/02\/19\/enxaqueca-pode-piorar-com-luz-intensa-e-som-alto\/","name":"Enxaqueca pode piorar com luz intensa e som alto - Estado de Minas - Em foco","isPartOf":{"@id":"https:\/\/www.em.com.br\/emfoco\/#website"},"primaryImageOfPage":{"@id":"https:\/\/www.em.com.br\/emfoco\/2026\/02\/19\/enxaqueca-pode-piorar-com-luz-intensa-e-som-alto\/#primaryimage"},"image":{"@id":"https:\/\/www.em.com.br\/emfoco\/2026\/02\/19\/enxaqueca-pode-piorar-com-luz-intensa-e-som-alto\/#primaryimage"},"thumbnailUrl":"https:\/\/www.em.com.br\/emfoco\/wp-content\/uploads\/2025\/10\/Enxaqueca-_1759449379261.jpg","datePublished":"2026-02-19T10:05:00+00:00","dateModified":"2026-02-18T20:04:26+00:00","author":{"@id":"https:\/\/www.em.com.br\/emfoco\/#\/schema\/person\/f6eade2e287023da170a1b2b329f68e5"},"description":"Enxaqueca pode ser agravada por luz intensa e falta de sono. Veja como prevenir crises.","breadcrumb":{"@id":"https:\/\/www.em.com.br\/emfoco\/2026\/02\/19\/enxaqueca-pode-piorar-com-luz-intensa-e-som-alto\/#breadcrumb"},"inLanguage":"pt-BR","potentialAction":[{"@type":"ReadAction","target":["https:\/\/www.em.com.br\/emfoco\/2026\/02\/19\/enxaqueca-pode-piorar-com-luz-intensa-e-som-alto\/"]}]},{"@type":"ImageObject","inLanguage":"pt-BR","@id":"https:\/\/www.em.com.br\/emfoco\/2026\/02\/19\/enxaqueca-pode-piorar-com-luz-intensa-e-som-alto\/#primaryimage","url":"https:\/\/www.em.com.br\/emfoco\/wp-content\/uploads\/2025\/10\/Enxaqueca-_1759449379261.jpg","contentUrl":"https:\/\/www.em.com.br\/emfoco\/wp-content\/uploads\/2025\/10\/Enxaqueca-_1759449379261.jpg","width":1280,"height":720,"caption":"Enxaqueca - Cr\u00e9ditos: depositphotos.com \/ Champja"},{"@type":"BreadcrumbList","@id":"https:\/\/www.em.com.br\/emfoco\/2026\/02\/19\/enxaqueca-pode-piorar-com-luz-intensa-e-som-alto\/#breadcrumb","itemListElement":[{"@type":"ListItem","position":1,"name":"In\u00edcio","item":"https:\/\/www.em.com.br\/emfoco\/"},{"@type":"ListItem","position":2,"name":"Enxaqueca pode piorar com luz intensa e som alto"}]},{"@type":"WebSite","@id":"https:\/\/www.em.com.br\/emfoco\/#website","url":"https:\/\/www.em.com.br\/emfoco\/","name":"Estado de Minas - Em foco","description":"Acompanhe as \u00faltimas not\u00edcias e fique bem informado sobre tudo o que acontece em Minas Gerais, Brasil e no mundo.","potentialAction":[{"@type":"SearchAction","target":{"@type":"EntryPoint","urlTemplate":"https:\/\/www.em.com.br\/emfoco\/?s={search_term_string}"},"query-input":{"@type":"PropertyValueSpecification","valueRequired":true,"valueName":"search_term_string"}}],"inLanguage":"pt-BR"},{"@type":"Person","@id":"https:\/\/www.em.com.br\/emfoco\/#\/schema\/person\/f6eade2e287023da170a1b2b329f68e5","name":"Guilherme Lopes","image":{"@type":"ImageObject","inLanguage":"pt-BR","@id":"https:\/\/www.em.com.br\/emfoco\/#\/schema\/person\/image\/","url":"https:\/\/secure.gravatar.com\/avatar\/df9adfb835d344bc0af109d41756253f?s=96&d=mm&r=g","contentUrl":"https:\/\/secure.gravatar.com\/avatar\/df9adfb835d344bc0af109d41756253f?s=96&d=mm&r=g","caption":"Guilherme Lopes"},"url":"https:\/\/www.em.com.br\/emfoco\/author\/guilherme_saude\/"}]}},"_links":{"self":[{"href":"https:\/\/www.em.com.br\/emfoco\/wp-json\/wp\/v2\/posts\/171091","targetHints":{"allow":["GET"]}}],"collection":[{"href":"https:\/\/www.em.com.br\/emfoco\/wp-json\/wp\/v2\/posts"}],"about":[{"href":"https:\/\/www.em.com.br\/emfoco\/wp-json\/wp\/v2\/types\/post"}],"author":[{"embeddable":true,"href":"https:\/\/www.em.com.br\/emfoco\/wp-json\/wp\/v2\/users\/25"}],"replies":[{"embeddable":true,"href":"https:\/\/www.em.com.br\/emfoco\/wp-json\/wp\/v2\/comments?post=171091"}],"version-history":[{"count":1,"href":"https:\/\/www.em.com.br\/emfoco\/wp-json\/wp\/v2\/posts\/171091\/revisions"}],"predecessor-version":[{"id":171092,"href":"https:\/\/www.em.com.br\/emfoco\/wp-json\/wp\/v2\/posts\/171091\/revisions\/171092"}],"wp:featuredmedia":[{"embeddable":true,"href":"https:\/\/www.em.com.br\/emfoco\/wp-json\/wp\/v2\/media\/110981"}],"wp:attachment":[{"href":"https:\/\/www.em.com.br\/emfoco\/wp-json\/wp\/v2\/media?parent=171091"}],"wp:term":[{"taxonomy":"category","embeddable":true,"href":"https:\/\/www.em.com.br\/emfoco\/wp-json\/wp\/v2\/categories?post=171091"},{"taxonomy":"post_tag","embeddable":true,"href":"https:\/\/www.em.com.br\/emfoco\/wp-json\/wp\/v2\/tags?post=171091"}],"curies":[{"name":"wp","href":"https:\/\/api.w.org\/{rel}","templated":true}]}}