{"id":170998,"date":"2026-02-19T19:05:00","date_gmt":"2026-02-19T22:05:00","guid":{"rendered":"https:\/\/www.em.com.br\/emfoco\/?p=170998"},"modified":"2026-02-18T17:50:11","modified_gmt":"2026-02-18T20:50:11","slug":"veja-a-melhor-forma-de-reverter-a-insuficiencia-renal-e-evitar-a-dialise","status":"publish","type":"post","link":"https:\/\/www.em.com.br\/emfoco\/2026\/02\/19\/veja-a-melhor-forma-de-reverter-a-insuficiencia-renal-e-evitar-a-dialise\/","title":{"rendered":"Veja a melhor forma de reverter a insufici\u00eancia renal e evitar a di\u00e1lise"},"content":{"rendered":"\n<p>A mensagem da <strong>Dra. Sofia Torres<\/strong> \u00e9 uma desilus\u00e3o em quem busca uma &#8220;folha milagrosa&#8221; para curar os rins, mas traz a real solu\u00e7\u00e3o: <strong>prote\u00e7\u00e3o renal<\/strong> se faz com rotina. N\u00e3o existe ch\u00e1 que substitua o controle da <strong>press\u00e3o arterial<\/strong> e do a\u00e7\u00facar no sangue para evitar a temida di\u00e1lise.<\/p>\n\n\n\n<h2 class=\"wp-block-heading\">Quais s\u00e3o os 7 pilares para proteger seus rins?<\/h2>\n\n\n\n<p>Para manter os <strong>rins saud\u00e1veis<\/strong>, voc\u00ea precisa atacar em v\u00e1rias frentes, desde o que coloca no prato at\u00e9 o controle dos rem\u00e9dios que toma por conta pr\u00f3pria. O uso frequente de <strong>anti-inflamat\u00f3rios<\/strong>, por exemplo, \u00e9 um dos maiores venenos silenciosos para a filtragem renal.<\/p>\n\n\n\n<p>Abaixo, organizei os pilares essenciais para voc\u00ea n\u00e3o se perder no tratamento:<\/p>\n\n\n\n<div class=\"google-auto-ads-ignore\" style=\"box-sizing: border-box; display: flex; flex-direction: column; width: 100%; max-width: 800px; margin: 30px auto; background-color: #ffffff; color: #262626; border-radius: 12px; overflow: hidden; font-family: 'Segoe UI', Roboto, Helvetica, Arial, sans-serif; box-shadow: 0 4px 15px rgba(0,0,0,0.08); border: 1px solid #e6f7ff; position: relative; z-index: 5;\">\n\n  <div style=\"background-color: #e6f7ff; padding: 25px; border-bottom: 3px solid #1890ff; text-align: center;\">\n    <h2 style=\"margin: 0; color: #003a8c; font-size: 1.5rem; font-weight: 600;\">\ud83d\udccb Pilares essenciais para o seu tratamento<\/h2>\n    <div style=\"font-size: 0.95rem; margin-top: 8px; color: #003a8c; opacity: 0.8;\">Acompanhe as principais recomenda\u00e7\u00f5es para manter sua sa\u00fade em dia<\/div>\n  <\/div>\n\n  <div style=\"padding: 25px; display: flex; flex-wrap: wrap; gap: 15px; justify-content: center;\">\n    \n    <div style=\"flex: 1 1 230px; background-color: #fafafa; border-radius: 8px; padding: 15px; border: 1px solid #f0f0f0;\">\n      <h3 style=\"margin: 0 0 10px 0; color: #1890ff; font-size: 1rem; font-weight: bold; border-bottom: 1px solid #e8e8e8; padding-bottom: 5px;\">\n        \ud83d\udc93 Press\u00e3o arterial\n      <\/h3>\n      <div style=\"font-size: 0.9rem; font-weight: 500;\">Medir regularmente e manter controlada<\/div>\n    <\/div>\n\n    <div style=\"flex: 1 1 230px; background-color: #fafafa; border-radius: 8px; padding: 15px; border: 1px solid #f0f0f0;\">\n      <h3 style=\"margin: 0 0 10px 0; color: #1890ff; font-size: 1rem; font-weight: bold; border-bottom: 1px solid #e8e8e8; padding-bottom: 5px;\">\n        \ud83e\ude78 Controle de glicose\n      <\/h3>\n      <div style=\"font-size: 0.9rem; font-weight: 500;\">Cuidar do pr\u00e9-diabetes e inflama\u00e7\u00e3o<\/div>\n    <\/div>\n\n    <div style=\"flex: 1 1 230px; background-color: #fafafa; border-radius: 8px; padding: 15px; border: 1px solid #f0f0f0;\">\n      <h3 style=\"margin: 0 0 10px 0; color: #1890ff; font-size: 1rem; font-weight: bold; border-bottom: 1px solid #e8e8e8; padding-bottom: 5px;\">\n        \ud83d\udc8a Uso de rem\u00e9dios\n      <\/h3>\n      <div style=\"font-size: 0.9rem; font-weight: 500;\">Evitar anti-inflamat\u00f3rios sem receita<\/div>\n    <\/div>\n\n    <div style=\"flex: 1 1 230px; background-color: #fafafa; border-radius: 8px; padding: 15px; border: 1px solid #f0f0f0;\">\n      <h3 style=\"margin: 0 0 10px 0; color: #1890ff; font-size: 1rem; font-weight: bold; border-bottom: 1px solid #e8e8e8; padding-bottom: 5px;\">\n        \ud83e\udd57 Alimenta\u00e7\u00e3o\n      <\/h3>\n      <div style=\"font-size: 0.9rem; font-weight: 500;\">Reduzir sal e ultraprocessados<\/div>\n    <\/div>\n\n    <div style=\"flex: 1 1 230px; background-color: #fafafa; border-radius: 8px; padding: 15px; border: 1px solid #f0f0f0;\">\n      <h3 style=\"margin: 0 0 10px 0; color: #1890ff; font-size: 1rem; font-weight: bold; border-bottom: 1px solid #e8e8e8; padding-bottom: 5px;\">\n        \ud83e\udd69 Prote\u00ednas\n      <\/h3>\n      <div style=\"font-size: 0.9rem; font-weight: 500;\">Ajustar quantidade conforme orienta\u00e7\u00e3o<\/div>\n    <\/div>\n\n    <div style=\"flex: 1 1 230px; background-color: #fafafa; border-radius: 8px; padding: 15px; border: 1px solid #f0f0f0;\">\n      <h3 style=\"margin: 0 0 10px 0; color: #1890ff; font-size: 1rem; font-weight: bold; border-bottom: 1px solid #e8e8e8; padding-bottom: 5px;\">\n        \ud83d\udca7 Hidrata\u00e7\u00e3o\n      <\/h3>\n      <div style=\"font-size: 0.9rem; font-weight: 500;\">Beber \u00e1gua na medida certa para seu caso<\/div>\n    <\/div>\n\n    <div style=\"flex: 1 1 230px; background-color: #fafafa; border-radius: 8px; padding: 15px; border: 1px solid #f0f0f0;\">\n      <h3 style=\"margin: 0 0 10px 0; color: #1890ff; font-size: 1rem; font-weight: bold; border-bottom: 1px solid #e8e8e8; padding-bottom: 5px;\">\n        \ud83d\udeb6 Estilo de vida\n      <\/h3>\n      <div style=\"font-size: 0.9rem; font-weight: 500;\">Parar de fumar e fazer exerc\u00edcios leves<\/div>\n    <\/div>\n\n  <\/div>\n<\/div>\n\n\n\n<h2 class=\"wp-block-heading\">Como as folhas e ch\u00e1s entram na dieta renal?<\/h2>\n\n\n\n<p>As <strong>folhas e ervas<\/strong> naturais s\u00e3o excelentes aliadas, mas n\u00e3o do jeito que muita gente pensa. Elas n\u00e3o &#8220;curam&#8221; o rim, mas servem como temperos incr\u00edveis para voc\u00ea <strong>reduzir o sal<\/strong> da comida sem perder o prazer de comer, o que ajuda muito na press\u00e3o.<\/p>\n\n\n\n<p>\u00c9 preciso ter cuidado com <strong>ch\u00e1s diur\u00e9ticos<\/strong> ou com alto teor de pot\u00e1ssio, que podem sobrecarregar o \u00f3rg\u00e3o ou interagir mal com seus rem\u00e9dios. Use as plantas para dar sabor aos alimentos e s\u00f3 tome infus\u00f5es se o seu <strong>nefrologista<\/strong> liberar o uso seguro.<\/p>\n\n\n\n<h2 class=\"wp-block-heading\">Quais sinais de alerta indicam problemas nos rins?<\/h2>\n\n\n\n<p>O problema das doen\u00e7as renais \u00e9 que elas costumam ser silenciosas at\u00e9 estarem em um est\u00e1gio avan\u00e7ado, por isso conhecer os <strong>sinais de alerta<\/strong> \u00e9 vital. Ficar de olho em mudan\u00e7as simples no corpo pode ser a diferen\u00e7a entre um tratamento tranquilo e uma complica\u00e7\u00e3o s\u00e9ria.<\/p>\n\n\n\n<p>Se voc\u00ea notar algum destes pontos, procure um m\u00e9dico para investigar:<\/p>\n\n\n\n<ul class=\"wp-block-list\">\n<li><strong>Urina espumosa<\/strong> (pode indicar perda de prote\u00edna);<\/li>\n\n\n\n<li><strong>Incha\u00e7o<\/strong> persistente nas pernas, p\u00e9s ou rosto;<\/li>\n\n\n\n<li>Cansa\u00e7o excessivo e <strong>anemia<\/strong> sem causa aparente;<\/li>\n\n\n\n<li>Necessidade de levantar muitas vezes \u00e0 noite para urinar;<\/li>\n\n\n\n<li><strong>Coceira na pele<\/strong> ou press\u00e3o muito dif\u00edcil de controlar.<\/li>\n<\/ul>\n\n\n<div class=\"wp-block-image\">\n<figure class=\"aligncenter size-large\"><img loading=\"lazy\" decoding=\"async\" width=\"1024\" height=\"576\" src=\"https:\/\/www.em.com.br\/emfoco\/wp-content\/uploads\/2026\/01\/inchaco-nas-pernas_1769863935378-1024x576.jpg\" alt=\"A melhor forma de reduzir o incha\u00e7o nas suas pernas e tornozelos\" class=\"wp-image-163062\" srcset=\"https:\/\/www.em.com.br\/emfoco\/wp-content\/uploads\/2026\/01\/inchaco-nas-pernas_1769863935378-1024x576.jpg 1024w, https:\/\/www.em.com.br\/emfoco\/wp-content\/uploads\/2026\/01\/inchaco-nas-pernas_1769863935378-300x169.jpg 300w, https:\/\/www.em.com.br\/emfoco\/wp-content\/uploads\/2026\/01\/inchaco-nas-pernas_1769863935378-768x432.jpg 768w, https:\/\/www.em.com.br\/emfoco\/wp-content\/uploads\/2026\/01\/inchaco-nas-pernas_1769863935378-750x422.jpg 750w, https:\/\/www.em.com.br\/emfoco\/wp-content\/uploads\/2026\/01\/inchaco-nas-pernas_1769863935378-1140x641.jpg 1140w, https:\/\/www.em.com.br\/emfoco\/wp-content\/uploads\/2026\/01\/inchaco-nas-pernas_1769863935378.jpg 1280w\" sizes=\"auto, (max-width: 1024px) 100vw, 1024px\" \/><figcaption class=\"wp-element-caption\">Prote\u00e7\u00e3o renal exige estrat\u00e9gia e foge de promessas milagrosas &#8211; Cr\u00e9ditos: depositphotos.com \/ enotmutant<\/figcaption><\/figure><\/div>\n\n\n<p>Leia mais: <a href=\"https:\/\/www.em.com.br\/saude\/2024\/07\/6899348-bom-controle-glicemico-reduz-o-declinio-da-mobilidade-em-idosos-com-diabete.html\" target=\"_blank\" rel=\"noreferrer noopener\">Controle glic\u00eamico reduz decl\u00ednio da mobilidade em idosos com diabete<\/a><\/p>\n\n\n\n<h2 class=\"wp-block-heading\">Por que o diagn\u00f3stico precoce muda tudo?<\/h2>\n\n\n\n<p>Descobrir uma altera\u00e7\u00e3o na <strong>fun\u00e7\u00e3o renal<\/strong> logo no in\u00edcio permite que voc\u00ea mude a rota e evite a hospitaliza\u00e7\u00e3o. O objetivo principal aqui \u00e9 <strong>estabilizar os exames<\/strong> para que o rim trabalhe de forma digna por muitos e muitos anos, sem precisar de m\u00e1quinas de di\u00e1lise.<\/p>\n\n\n\n<p>Muitas vezes, pequenos ajustes na <strong>hidrata\u00e7\u00e3o inteligente<\/strong> e a troca de produtos industrializados por comida de verdade j\u00e1 fazem uma diferen\u00e7a enorme nos marcadores de sa\u00fade. A estrat\u00e9gia \u00e9 sempre focar na <strong>preven\u00e7\u00e3o<\/strong> e no acompanhamento profissional rigoroso.<\/p>\n\n\n\n<p>No v\u00eddeo a seguir, do canal <a href=\"https:\/\/www.youtube.com\/@DraSofiaTorres\" target=\"_blank\" rel=\"noreferrer noopener\">Dra. Sofia Torres<\/a>, \u00e9 explicado como proteger seus rins ajuda a fortalecer o organismo e proteger sua sa\u00fade.<\/p>\n\n\n\n<figure class=\"wp-block-embed aligncenter is-type-video is-provider-youtube wp-block-embed-youtube wp-embed-aspect-16-9 wp-has-aspect-ratio\"><div class=\"wp-block-embed__wrapper\">\n<div class=\"jeg_video_container jeg_video_content\"><iframe loading=\"lazy\" title=\"\ud83c\udf3f Nefrologista revela: 5 folhas que revertem a insufici\u00eancia renal e evitam a di\u00e1lise\" width=\"500\" height=\"281\" src=\"https:\/\/www.youtube.com\/embed\/a7dPj52wnN4?feature=oembed\" frameborder=\"0\" allow=\"accelerometer; autoplay; clipboard-write; encrypted-media; gyroscope; picture-in-picture; web-share\" referrerpolicy=\"strict-origin-when-cross-origin\" allowfullscreen><\/iframe><\/div>\n<\/div><\/figure>\n\n\n\n<h2 class=\"wp-block-heading\">Qual o primeiro passo para come\u00e7ar hoje?<\/h2>\n\n\n\n<p>Focar na estabilidade dos seus exames e adotar uma alimenta\u00e7\u00e3o consciente \u00e9 a estrat\u00e9gia mais eficaz para garantir que seus rins funcionem bem por toda a vida. <\/p>\n\n\n\n<p>N\u00e3o tente mudar tudo de uma vez; escolha uma meta pr\u00e1tica, como organizar seus \u00faltimos <strong>exames de creatinina<\/strong> ou trocar o sal refinado por ervas naturais no almo\u00e7o. O segredo da <strong>Dra. Sofia Torres<\/strong> \u00e9 claro: consist\u00eancia vale muito mais do que qualquer promessa de cura r\u00e1pida.<\/p>\n\n\n\n<p>Marcar uma consulta com um <strong>nefrologista<\/strong> \u00e9 o passo mais seguro para quem tem fatores de risco como idade avan\u00e7ada ou insufici\u00eancia card\u00edaca. Proteger seus rins \u00e9 um investimento na sua <strong>qualidade de vida<\/strong> e na sua liberdade l\u00e1 na frente.<\/p>\n","protected":false},"excerpt":{"rendered":"<p>A mensagem da Dra. Sofia Torres \u00e9 uma desilus\u00e3o em quem busca uma &#8220;folha milagrosa&#8221; para curar os rins, mas traz a real solu\u00e7\u00e3o: prote\u00e7\u00e3o renal se faz com rotina. N\u00e3o existe ch\u00e1 que substitua o controle da press\u00e3o arterial e do a\u00e7\u00facar no sangue para evitar a temida di\u00e1lise. Quais s\u00e3o os 7 pilares [&hellip;]<\/p>\n","protected":false},"author":20,"featured_media":171017,"comment_status":"open","ping_status":"open","sticky":false,"template":"","format":"standard","meta":{"jnews-multi-image_gallery":[],"jnews_single_post":{"format":"standard"},"jnews_primary_category":[],"jnews_social_meta":[],"jnews_override_counter":[],"footnotes":""},"categories":[8819,20108],"tags":[24885,24886,14754],"class_list":["post-170998","post","type-post","status-publish","format-standard","has-post-thumbnail","hentry","category-curiosidades","category-noticia","tag-promessas-milagrosas","tag-protecao-renal","tag-saude-dos-rins"],"yoast_head":"<!-- This site is optimized with the Yoast SEO plugin v23.8 - https:\/\/yoast.com\/wordpress\/plugins\/seo\/ -->\n<title>Veja a melhor forma de reverter a insufici\u00eancia renal e evitar a di\u00e1lise - Estado de Minas - Em foco<\/title>\n<meta name=\"description\" content=\"Aprenda como a prote\u00e7\u00e3o renal depende de h\u00e1bitos reais e n\u00e3o de ch\u00e1s milagrosos. Veja os sinais de alerta e como cuidar dos seus rins.\" \/>\n<meta name=\"robots\" content=\"index, follow, max-snippet:-1, max-image-preview:large, max-video-preview:-1\" \/>\n<link rel=\"canonical\" href=\"https:\/\/www.em.com.br\/emfoco\/2026\/02\/19\/veja-a-melhor-forma-de-reverter-a-insuficiencia-renal-e-evitar-a-dialise\/\" \/>\n<meta property=\"og:locale\" content=\"pt_BR\" \/>\n<meta property=\"og:type\" content=\"article\" \/>\n<meta property=\"og:title\" content=\"Veja a melhor forma de reverter a insufici\u00eancia renal e evitar a di\u00e1lise - Estado de Minas - Em foco\" \/>\n<meta property=\"og:description\" content=\"Aprenda como a prote\u00e7\u00e3o renal depende de h\u00e1bitos reais e n\u00e3o de ch\u00e1s milagrosos. Veja os sinais de alerta e como cuidar dos seus rins.\" \/>\n<meta property=\"og:url\" content=\"https:\/\/www.em.com.br\/emfoco\/2026\/02\/19\/veja-a-melhor-forma-de-reverter-a-insuficiencia-renal-e-evitar-a-dialise\/\" \/>\n<meta property=\"og:site_name\" content=\"Estado de Minas - Em foco\" \/>\n<meta property=\"article:published_time\" content=\"2026-02-19T22:05:00+00:00\" \/>\n<meta property=\"article:modified_time\" content=\"2026-02-18T20:50:11+00:00\" \/>\n<meta property=\"og:image\" content=\"https:\/\/www.em.com.br\/emfoco\/wp-content\/uploads\/2026\/02\/insuficiencia-renal_1771433664842.jpg\" \/>\n\t<meta property=\"og:image:width\" content=\"1280\" \/>\n\t<meta property=\"og:image:height\" content=\"720\" \/>\n\t<meta property=\"og:image:type\" content=\"image\/jpeg\" \/>\n<meta name=\"author\" content=\"Ingrid Diniz\" \/>\n<meta name=\"twitter:card\" content=\"summary_large_image\" \/>\n<meta name=\"twitter:label1\" content=\"Escrito por\" \/>\n\t<meta name=\"twitter:data1\" content=\"Ingrid Diniz\" \/>\n\t<meta name=\"twitter:label2\" content=\"Est. tempo de leitura\" \/>\n\t<meta name=\"twitter:data2\" content=\"5 minutos\" \/>\n<!-- \/ Yoast SEO plugin. -->","yoast_head_json":{"title":"Veja a melhor forma de reverter a insufici\u00eancia renal e evitar a di\u00e1lise - Estado de Minas - Em foco","description":"Aprenda como a prote\u00e7\u00e3o renal depende de h\u00e1bitos reais e n\u00e3o de ch\u00e1s milagrosos. Veja os sinais de alerta e como cuidar dos seus rins.","robots":{"index":"index","follow":"follow","max-snippet":"max-snippet:-1","max-image-preview":"max-image-preview:large","max-video-preview":"max-video-preview:-1"},"canonical":"https:\/\/www.em.com.br\/emfoco\/2026\/02\/19\/veja-a-melhor-forma-de-reverter-a-insuficiencia-renal-e-evitar-a-dialise\/","og_locale":"pt_BR","og_type":"article","og_title":"Veja a melhor forma de reverter a insufici\u00eancia renal e evitar a di\u00e1lise - Estado de Minas - Em foco","og_description":"Aprenda como a prote\u00e7\u00e3o renal depende de h\u00e1bitos reais e n\u00e3o de ch\u00e1s milagrosos. Veja os sinais de alerta e como cuidar dos seus rins.","og_url":"https:\/\/www.em.com.br\/emfoco\/2026\/02\/19\/veja-a-melhor-forma-de-reverter-a-insuficiencia-renal-e-evitar-a-dialise\/","og_site_name":"Estado de Minas - Em foco","article_published_time":"2026-02-19T22:05:00+00:00","article_modified_time":"2026-02-18T20:50:11+00:00","og_image":[{"width":1280,"height":720,"url":"https:\/\/www.em.com.br\/emfoco\/wp-content\/uploads\/2026\/02\/insuficiencia-renal_1771433664842.jpg","type":"image\/jpeg"}],"author":"Ingrid Diniz","twitter_card":"summary_large_image","twitter_misc":{"Escrito por":"Ingrid Diniz","Est. tempo de leitura":"5 minutos"},"schema":{"@context":"https:\/\/schema.org","@graph":[{"@type":"WebPage","@id":"https:\/\/www.em.com.br\/emfoco\/2026\/02\/19\/veja-a-melhor-forma-de-reverter-a-insuficiencia-renal-e-evitar-a-dialise\/","url":"https:\/\/www.em.com.br\/emfoco\/2026\/02\/19\/veja-a-melhor-forma-de-reverter-a-insuficiencia-renal-e-evitar-a-dialise\/","name":"Veja a melhor forma de reverter a insufici\u00eancia renal e evitar a di\u00e1lise - Estado de Minas - Em foco","isPartOf":{"@id":"https:\/\/www.em.com.br\/emfoco\/#website"},"primaryImageOfPage":{"@id":"https:\/\/www.em.com.br\/emfoco\/2026\/02\/19\/veja-a-melhor-forma-de-reverter-a-insuficiencia-renal-e-evitar-a-dialise\/#primaryimage"},"image":{"@id":"https:\/\/www.em.com.br\/emfoco\/2026\/02\/19\/veja-a-melhor-forma-de-reverter-a-insuficiencia-renal-e-evitar-a-dialise\/#primaryimage"},"thumbnailUrl":"https:\/\/www.em.com.br\/emfoco\/wp-content\/uploads\/2026\/02\/insuficiencia-renal_1771433664842.jpg","datePublished":"2026-02-19T22:05:00+00:00","dateModified":"2026-02-18T20:50:11+00:00","author":{"@id":"https:\/\/www.em.com.br\/emfoco\/#\/schema\/person\/649e610b4eb8fff87ff394e54fe17b2b"},"description":"Aprenda como a prote\u00e7\u00e3o renal depende de h\u00e1bitos reais e n\u00e3o de ch\u00e1s milagrosos. Veja os sinais de alerta e como cuidar dos seus rins.","breadcrumb":{"@id":"https:\/\/www.em.com.br\/emfoco\/2026\/02\/19\/veja-a-melhor-forma-de-reverter-a-insuficiencia-renal-e-evitar-a-dialise\/#breadcrumb"},"inLanguage":"pt-BR","potentialAction":[{"@type":"ReadAction","target":["https:\/\/www.em.com.br\/emfoco\/2026\/02\/19\/veja-a-melhor-forma-de-reverter-a-insuficiencia-renal-e-evitar-a-dialise\/"]}]},{"@type":"ImageObject","inLanguage":"pt-BR","@id":"https:\/\/www.em.com.br\/emfoco\/2026\/02\/19\/veja-a-melhor-forma-de-reverter-a-insuficiencia-renal-e-evitar-a-dialise\/#primaryimage","url":"https:\/\/www.em.com.br\/emfoco\/wp-content\/uploads\/2026\/02\/insuficiencia-renal_1771433664842.jpg","contentUrl":"https:\/\/www.em.com.br\/emfoco\/wp-content\/uploads\/2026\/02\/insuficiencia-renal_1771433664842.jpg","width":1280,"height":720,"caption":"Prote\u00e7\u00e3o renal exige estrat\u00e9gia e foge de promessas milagrosas - Cr\u00e9ditos: depositphotos.com \/ serezniy"},{"@type":"BreadcrumbList","@id":"https:\/\/www.em.com.br\/emfoco\/2026\/02\/19\/veja-a-melhor-forma-de-reverter-a-insuficiencia-renal-e-evitar-a-dialise\/#breadcrumb","itemListElement":[{"@type":"ListItem","position":1,"name":"In\u00edcio","item":"https:\/\/www.em.com.br\/emfoco\/"},{"@type":"ListItem","position":2,"name":"Veja a melhor forma de reverter a insufici\u00eancia renal e evitar a di\u00e1lise"}]},{"@type":"WebSite","@id":"https:\/\/www.em.com.br\/emfoco\/#website","url":"https:\/\/www.em.com.br\/emfoco\/","name":"Estado de Minas - Em foco","description":"Acompanhe as \u00faltimas not\u00edcias e fique bem informado sobre tudo o que acontece em Minas Gerais, Brasil e no mundo.","potentialAction":[{"@type":"SearchAction","target":{"@type":"EntryPoint","urlTemplate":"https:\/\/www.em.com.br\/emfoco\/?s={search_term_string}"},"query-input":{"@type":"PropertyValueSpecification","valueRequired":true,"valueName":"search_term_string"}}],"inLanguage":"pt-BR"},{"@type":"Person","@id":"https:\/\/www.em.com.br\/emfoco\/#\/schema\/person\/649e610b4eb8fff87ff394e54fe17b2b","name":"Ingrid Diniz","image":{"@type":"ImageObject","inLanguage":"pt-BR","@id":"https:\/\/www.em.com.br\/emfoco\/#\/schema\/person\/image\/","url":"https:\/\/secure.gravatar.com\/avatar\/a3baa1449ec5c39b4c42babc9d4f3951?s=96&d=mm&r=g","contentUrl":"https:\/\/secure.gravatar.com\/avatar\/a3baa1449ec5c39b4c42babc9d4f3951?s=96&d=mm&r=g","caption":"Ingrid Diniz"},"sameAs":["https:\/\/www.em.com.br\/"],"url":"https:\/\/www.em.com.br\/emfoco\/author\/ingridmyth\/"}]}},"_links":{"self":[{"href":"https:\/\/www.em.com.br\/emfoco\/wp-json\/wp\/v2\/posts\/170998","targetHints":{"allow":["GET"]}}],"collection":[{"href":"https:\/\/www.em.com.br\/emfoco\/wp-json\/wp\/v2\/posts"}],"about":[{"href":"https:\/\/www.em.com.br\/emfoco\/wp-json\/wp\/v2\/types\/post"}],"author":[{"embeddable":true,"href":"https:\/\/www.em.com.br\/emfoco\/wp-json\/wp\/v2\/users\/20"}],"replies":[{"embeddable":true,"href":"https:\/\/www.em.com.br\/emfoco\/wp-json\/wp\/v2\/comments?post=170998"}],"version-history":[{"count":2,"href":"https:\/\/www.em.com.br\/emfoco\/wp-json\/wp\/v2\/posts\/170998\/revisions"}],"predecessor-version":[{"id":171164,"href":"https:\/\/www.em.com.br\/emfoco\/wp-json\/wp\/v2\/posts\/170998\/revisions\/171164"}],"wp:featuredmedia":[{"embeddable":true,"href":"https:\/\/www.em.com.br\/emfoco\/wp-json\/wp\/v2\/media\/171017"}],"wp:attachment":[{"href":"https:\/\/www.em.com.br\/emfoco\/wp-json\/wp\/v2\/media?parent=170998"}],"wp:term":[{"taxonomy":"category","embeddable":true,"href":"https:\/\/www.em.com.br\/emfoco\/wp-json\/wp\/v2\/categories?post=170998"},{"taxonomy":"post_tag","embeddable":true,"href":"https:\/\/www.em.com.br\/emfoco\/wp-json\/wp\/v2\/tags?post=170998"}],"curies":[{"name":"wp","href":"https:\/\/api.w.org\/{rel}","templated":true}]}}