{"id":170943,"date":"2026-02-19T17:35:06","date_gmt":"2026-02-19T20:35:06","guid":{"rendered":"https:\/\/www.em.com.br\/emfoco\/?p=170943"},"modified":"2026-02-18T18:20:29","modified_gmt":"2026-02-18T21:20:29","slug":"suculenta-murchando-apos-a-troca-de-vaso-o-erro-comum-que-voce-pode-estar-cometendo","status":"publish","type":"post","link":"https:\/\/www.em.com.br\/emfoco\/2026\/02\/19\/suculenta-murchando-apos-a-troca-de-vaso-o-erro-comum-que-voce-pode-estar-cometendo\/","title":{"rendered":"Suculenta murchando ap\u00f3s a troca de vaso? O erro comum que voc\u00ea pode estar cometendo"},"content":{"rendered":"\n<p>Voc\u00ea j\u00e1 tentou mudar uma <b>suculenta<\/b> de vaso e, dias depois, ela come\u00e7ou a <b>murchar<\/b> ou apodrecer sem explica\u00e7\u00e3o? Isso \u00e9 mais comum do que parece e, muitas vezes, est\u00e1 ligado \u00e0 forma como o <b>transplante<\/b> foi feito. Pequenos danos nas ra\u00edzes, excesso de umidade e manuseio brusco podem abrir caminho para fungos e bact\u00e9rias, especialmente em ambientes \u00famidos, comprometendo a sa\u00fade da planta.<\/p>\n\n\n\n<h2 class=\"wp-block-heading\">O que \u00e9 o transplante de suculentas sem trauma e por que ele \u00e9 importante<\/h2>\n\n\n\n<p>O chamado <strong>transplante<\/strong> de <strong>suculentas<\/strong> sem trauma \u00e9 uma forma mais calma e cuidadosa de trocar a planta de vaso ou de substrato, reduzindo o <b>estresse<\/b> que ela sofre nesse processo. Em vez de arrancar, replantar e regar de uma vez, o procedimento \u00e9 dividido em etapas planejadas para proteger as ra\u00edzes.<\/p>\n\n\n\n<p>A principal diferen\u00e7a est\u00e1 no per\u00edodo em que as <b>ra\u00edzes<\/b> ficam expostas ao ar, sem contato com umidade, por cerca de tr\u00eas dias. Durante esse tempo, as pequenas les\u00f5es causadas pelo <b>manuseio<\/b> come\u00e7am a secar e cicatrizar, criando uma barreira natural contra <b>pat\u00f3genos<\/b> do solo, algo essencial em ambientes mais \u00famidos ou em substratos ricos em mat\u00e9ria org\u00e2nica.<\/p>\n\n\n\n<figure class=\"wp-block-embed is-type-rich is-provider-pinterest wp-block-embed-pinterest\"><div class=\"wp-block-embed__wrapper\">\n<iframe loading=\"lazy\" title=\"Dicas para cuidar de suculentas em apartamentos\" src=\"https:\/\/assets.pinterest.com\/ext\/embed.html?id=9570217953050902&#038;src=oembed\" height=\"775\" width=\"450\" frameborder=\"0\" scrolling=\"no\" ><\/iframe>\n<\/div><\/figure>\n\n\n\n<p>Leia tamb\u00e9m:&nbsp;<a href=\"https:\/\/www.em.com.br\/emfoco\/2026\/02\/18\/quer-sombra-e-sabor-veja-como-plantar-tamarindo-e-quais-os-cuidados-para-a-arvore-crescer-forte\/\" target=\"_blank\" rel=\"noopener\">Quer sombra e sabor? Veja como plantar tamarindo e quais os cuidados para a \u00e1rvore crescer forte<\/a><\/p>\n\n\n\n<h2 class=\"wp-block-heading\">Por que manter as ra\u00edzes secas por 3 dias ajuda a evitar fungos<\/h2>\n\n\n\n<p>A <strong>t\u00e9cnica<\/strong> de deixar as <strong>ra\u00edzes<\/strong> secas por 3 dias est\u00e1 ligada ao modo como fungos oportunistas se desenvolvem. Em tecidos \u00famidos e machucados, eles encontram a condi\u00e7\u00e3o perfeita para se instalar e causar <b>apodrecimento<\/b>, muitas vezes irrevers\u00edvel.<\/p>\n\n\n\n<p>Ao suspender a <b>rega<\/b> e manter o sistema radicular em um ambiente seco e bem arejado, as extremidades lesionadas desidratam levemente e criam uma camada de <b>prote\u00e7\u00e3o<\/b>. Assim, quando a suculenta \u00e9 plantada novamente e recebe \u00e1gua, as \u201cportas de entrada\u201d j\u00e1 est\u00e3o parcialmente fechadas, reduzindo bastante o risco de <b>infec\u00e7\u00f5es<\/b> ocultas que s\u00f3 aparecem dias depois.<\/p>\n\n\n\n<figure class=\"wp-block-embed is-type-rich is-provider-pinterest wp-block-embed-pinterest\"><div class=\"wp-block-embed__wrapper\">\n<iframe loading=\"lazy\" title=\" \" src=\"https:\/\/assets.pinterest.com\/ext\/embed.html?id=393079873745681990&#038;src=oembed\" height=\"899\" width=\"450\" frameborder=\"0\" scrolling=\"no\" ><\/iframe>\n<\/div><\/figure>\n\n\n\n<h2 class=\"wp-block-heading\">Como fazer o transplante de suculentas com ra\u00edzes secas passo a passo<\/h2>\n\n\n\n<p>Para aplicar o transplante de suculentas com ra\u00edzes secas, muitos cultivadores seguem um <b>passo<\/b> a passo simples, que ajuda a organizar o processo e diminuir o tempo em que a <b>planta<\/b> fica sendo manuseada. Assim, ela consegue se adaptar melhor ao novo vaso e ao novo <b>solo<\/b>.<\/p>\n\n\n\n<ol class=\"wp-block-list\">\n<li><strong>Retirada cuidadosa da planta:<\/strong> A suculenta \u00e9 removida do vaso antigo com calma, soltando o <b>substrato<\/b> com os dedos ou com uma ferramenta fina, preservando o m\u00e1ximo poss\u00edvel das <b>ra\u00edzes<\/b> e evitando que partes mais <b>grossas<\/b> se quebrem.<\/li>\n\n\n\n<li><strong>Limpeza das ra\u00edzes:<\/strong> O excesso de terra \u00e9 retirado e partes podres, escuras ou com cheiro forte s\u00e3o cortadas com um instrumento limpo, como uma tesoura <b>esterilizada<\/b>.\u00a0<\/li>\n\n\n\n<li><strong>Per\u00edodo de secagem:<\/strong> A planta fica fora do substrato, com as <b>ra\u00edzes<\/b> ao ar livre por cerca de tr\u00eas dias, em local seco, ventilado e sem umidade excessiva.\u00a0<\/li>\n\n\n\n<li><strong>Prepara\u00e7\u00e3o do novo substrato:<\/strong> Enquanto as ra\u00edzes cicatrizam, prepara-se um solo bem drenado, misturando material org\u00e2nico leve com componentes minerais, como areia grossa ou <b>pedrisco<\/b>.\u00a0<\/li>\n\n\n\n<li><strong>Plantio sem rega imediata:<\/strong> Ap\u00f3s o per\u00edodo de espera, a suculenta \u00e9 colocada no novo vaso, e a primeira rega \u00e9 feita apenas depois de mais um ou dois dias de <b>adapta\u00e7\u00e3o<\/b>.<\/li>\n<\/ol>\n\n\n\n<p>Para voc\u00ea que gosta de plantar, separamos um v\u00eddeo do canal <a href=\"https:\/\/www.youtube.com\/@FazendadasSuculentas\" target=\"_blank\" rel=\"noreferrer noopener\">Fazenda das Suculentas<\/a> com dicas para plantar e cuidados com suas suculentas:<\/p>\n\n\n\n<figure class=\"wp-block-embed is-type-video is-provider-youtube wp-block-embed-youtube wp-embed-aspect-16-9 wp-has-aspect-ratio\"><div class=\"wp-block-embed__wrapper\">\n<div class=\"jeg_video_container jeg_video_content\"><iframe loading=\"lazy\" title=\"3 Formas FA\u0301CEIS para as suas suculentas CRESCEREM MAIS RA\u0301PIDO!\" width=\"500\" height=\"281\" src=\"https:\/\/www.youtube.com\/embed\/lF0wVaG-T-8?feature=oembed\" frameborder=\"0\" allow=\"accelerometer; autoplay; clipboard-write; encrypted-media; gyroscope; picture-in-picture; web-share\" referrerpolicy=\"strict-origin-when-cross-origin\" allowfullscreen><\/iframe><\/div>\n<\/div><\/figure>\n\n\n\n<h2 class=\"wp-block-heading\">Quais cuidados extras ajudam no sucesso do transplante de suculentas<\/h2>\n\n\n\n<p>Al\u00e9m de secar as ra\u00edzes, alguns detalhes de ambiente e manejo ajudam a suculenta a se estabelecer com mais <b>seguran\u00e7a<\/b>. A escolha do <b>vaso<\/b>, por exemplo, influencia muito: modelos de cer\u00e2mica com bons furos de drenagem facilitam a evapora\u00e7\u00e3o da \u00e1gua e evitam encharcamento constante nas <b>ra\u00edzes<\/b>.<\/p>\n\n\n\n<p>Depois de transplantar, \u00e9 importante ajustar luz, rega e ventila\u00e7\u00e3o para que a planta se recupere bem. Esses pontos ajudam tanto quem est\u00e1 come\u00e7ando quanto quem j\u00e1 cultiva <b>suculentas<\/b> h\u00e1 mais tempo:<\/p>\n\n\n\n<ul class=\"wp-block-list\">\n<li><strong>Ilumina\u00e7\u00e3o adequada:<\/strong> Priorize luz indireta forte nas primeiras semanas, evitando <b>sol<\/b> muito intenso logo ap\u00f3s o transplante, pois folhas rec\u00e9m-manuseadas podem queimar com mais <b>facilidade<\/b>.<\/li>\n\n\n\n<li><strong>Rega moderada:<\/strong> S\u00f3 regue quando o <b>substrato<\/b> estiver completamente seco, respeitando o ciclo natural de seca e umidade dessas plantas. Em climas frios, aumente o intervalo entre <b>regas<\/b> para evitar <b>fungos<\/b>.<\/li>\n\n\n\n<li><strong>Observa\u00e7\u00e3o das folhas:<\/strong> Folhas murchas, amareladas ou transl\u00facidas costumam indicar excesso ou falta de <b>\u00e1gua<\/b>. Ajuste a frequ\u00eancia de rega observando tamb\u00e9m a firmeza do <b>caule<\/b> e o aspecto geral da <b>roseta<\/b>.<\/li>\n\n\n\n<li><strong>Boa ventila\u00e7\u00e3o:<\/strong> Ambientes arejados reduzem <b>fungos<\/b> e ajudam o solo a secar mais r\u00e1pido entre uma rega e outra. Evite deixar as plantas em locais totalmente <b>fechados<\/b>, pois o ar parado favorece pragas como <b>cochonilhas<\/b>.<\/li>\n<\/ul>\n","protected":false},"excerpt":{"rendered":"<p>Voc\u00ea j\u00e1 tentou mudar uma suculenta de vaso e, dias depois, ela come\u00e7ou a murchar ou apodrecer sem explica\u00e7\u00e3o? Isso \u00e9 mais comum do que parece e, muitas vezes, est\u00e1 ligado \u00e0 forma como o transplante foi feito. Pequenos danos nas ra\u00edzes, excesso de umidade e manuseio brusco podem abrir caminho para fungos e bact\u00e9rias, [&hellip;]<\/p>\n","protected":false},"author":9,"featured_media":28746,"comment_status":"open","ping_status":"open","sticky":false,"template":"","format":"standard","meta":{"jnews-multi-image_gallery":[],"jnews_single_post":{"format":"standard"},"jnews_primary_category":[],"jnews_social_meta":[],"jnews_override_counter":[],"footnotes":""},"categories":[8691,8819,1],"tags":[7701,4574,13675],"class_list":["post-170943","post","type-post","status-publish","format-standard","has-post-thumbnail","hentry","category-bem-estar","category-curiosidades","category-noticias","tag-como-plantar","tag-suculenta","tag-transplante"],"yoast_head":"<!-- This site is optimized with the Yoast SEO plugin v23.8 - https:\/\/yoast.com\/wordpress\/plugins\/seo\/ -->\n<title>Suculenta murchando ap\u00f3s a troca de vaso? O erro comum que voc\u00ea pode estar cometendo - Estado de Minas - Em foco<\/title>\n<meta name=\"description\" content=\"Aprenda a fazer o transplante de suculentas sem trauma e saiba por que deixar as ra\u00edzes secarem evita fungos.\" \/>\n<meta name=\"robots\" content=\"index, follow, max-snippet:-1, max-image-preview:large, max-video-preview:-1\" \/>\n<link rel=\"canonical\" href=\"https:\/\/www.em.com.br\/emfoco\/2026\/02\/19\/suculenta-murchando-apos-a-troca-de-vaso-o-erro-comum-que-voce-pode-estar-cometendo\/\" \/>\n<meta property=\"og:locale\" content=\"pt_BR\" \/>\n<meta property=\"og:type\" content=\"article\" \/>\n<meta property=\"og:title\" content=\"Suculenta murchando ap\u00f3s a troca de vaso? O erro comum que voc\u00ea pode estar cometendo - Estado de Minas - Em foco\" \/>\n<meta property=\"og:description\" content=\"Aprenda a fazer o transplante de suculentas sem trauma e saiba por que deixar as ra\u00edzes secarem evita fungos.\" \/>\n<meta property=\"og:url\" content=\"https:\/\/www.em.com.br\/emfoco\/2026\/02\/19\/suculenta-murchando-apos-a-troca-de-vaso-o-erro-comum-que-voce-pode-estar-cometendo\/\" \/>\n<meta property=\"og:site_name\" content=\"Estado de Minas - Em foco\" \/>\n<meta property=\"article:published_time\" content=\"2026-02-19T20:35:06+00:00\" \/>\n<meta property=\"article:modified_time\" content=\"2026-02-18T21:20:29+00:00\" \/>\n<meta property=\"og:image\" content=\"https:\/\/www.em.com.br\/emfoco\/wp-content\/uploads\/2025\/03\/cactos-e-suculenta_1741963439609.jpg\" \/>\n\t<meta property=\"og:image:width\" content=\"1280\" \/>\n\t<meta property=\"og:image:height\" content=\"720\" \/>\n\t<meta property=\"og:image:type\" content=\"image\/jpeg\" \/>\n<meta name=\"author\" content=\"Daniely Cardoso\" \/>\n<meta name=\"twitter:card\" content=\"summary_large_image\" \/>\n<meta name=\"twitter:label1\" content=\"Escrito por\" \/>\n\t<meta name=\"twitter:data1\" content=\"Daniely Cardoso\" \/>\n\t<meta name=\"twitter:label2\" content=\"Est. tempo de leitura\" \/>\n\t<meta name=\"twitter:data2\" content=\"5 minutos\" \/>\n<!-- \/ Yoast SEO plugin. -->","yoast_head_json":{"title":"Suculenta murchando ap\u00f3s a troca de vaso? O erro comum que voc\u00ea pode estar cometendo - Estado de Minas - Em foco","description":"Aprenda a fazer o transplante de suculentas sem trauma e saiba por que deixar as ra\u00edzes secarem evita fungos.","robots":{"index":"index","follow":"follow","max-snippet":"max-snippet:-1","max-image-preview":"max-image-preview:large","max-video-preview":"max-video-preview:-1"},"canonical":"https:\/\/www.em.com.br\/emfoco\/2026\/02\/19\/suculenta-murchando-apos-a-troca-de-vaso-o-erro-comum-que-voce-pode-estar-cometendo\/","og_locale":"pt_BR","og_type":"article","og_title":"Suculenta murchando ap\u00f3s a troca de vaso? O erro comum que voc\u00ea pode estar cometendo - Estado de Minas - Em foco","og_description":"Aprenda a fazer o transplante de suculentas sem trauma e saiba por que deixar as ra\u00edzes secarem evita fungos.","og_url":"https:\/\/www.em.com.br\/emfoco\/2026\/02\/19\/suculenta-murchando-apos-a-troca-de-vaso-o-erro-comum-que-voce-pode-estar-cometendo\/","og_site_name":"Estado de Minas - Em foco","article_published_time":"2026-02-19T20:35:06+00:00","article_modified_time":"2026-02-18T21:20:29+00:00","og_image":[{"width":1280,"height":720,"url":"https:\/\/www.em.com.br\/emfoco\/wp-content\/uploads\/2025\/03\/cactos-e-suculenta_1741963439609.jpg","type":"image\/jpeg"}],"author":"Daniely Cardoso","twitter_card":"summary_large_image","twitter_misc":{"Escrito por":"Daniely Cardoso","Est. tempo de leitura":"5 minutos"},"schema":{"@context":"https:\/\/schema.org","@graph":[{"@type":"WebPage","@id":"https:\/\/www.em.com.br\/emfoco\/2026\/02\/19\/suculenta-murchando-apos-a-troca-de-vaso-o-erro-comum-que-voce-pode-estar-cometendo\/","url":"https:\/\/www.em.com.br\/emfoco\/2026\/02\/19\/suculenta-murchando-apos-a-troca-de-vaso-o-erro-comum-que-voce-pode-estar-cometendo\/","name":"Suculenta murchando ap\u00f3s a troca de vaso? O erro comum que voc\u00ea pode estar cometendo - Estado de Minas - Em foco","isPartOf":{"@id":"https:\/\/www.em.com.br\/emfoco\/#website"},"primaryImageOfPage":{"@id":"https:\/\/www.em.com.br\/emfoco\/2026\/02\/19\/suculenta-murchando-apos-a-troca-de-vaso-o-erro-comum-que-voce-pode-estar-cometendo\/#primaryimage"},"image":{"@id":"https:\/\/www.em.com.br\/emfoco\/2026\/02\/19\/suculenta-murchando-apos-a-troca-de-vaso-o-erro-comum-que-voce-pode-estar-cometendo\/#primaryimage"},"thumbnailUrl":"https:\/\/www.em.com.br\/emfoco\/wp-content\/uploads\/2025\/03\/cactos-e-suculenta_1741963439609.jpg","datePublished":"2026-02-19T20:35:06+00:00","dateModified":"2026-02-18T21:20:29+00:00","author":{"@id":"https:\/\/www.em.com.br\/emfoco\/#\/schema\/person\/0a8186d72f2c3a5c6276d90b41f271a0"},"description":"Aprenda a fazer o transplante de suculentas sem trauma e saiba por que deixar as ra\u00edzes secarem evita fungos.","breadcrumb":{"@id":"https:\/\/www.em.com.br\/emfoco\/2026\/02\/19\/suculenta-murchando-apos-a-troca-de-vaso-o-erro-comum-que-voce-pode-estar-cometendo\/#breadcrumb"},"inLanguage":"pt-BR","potentialAction":[{"@type":"ReadAction","target":["https:\/\/www.em.com.br\/emfoco\/2026\/02\/19\/suculenta-murchando-apos-a-troca-de-vaso-o-erro-comum-que-voce-pode-estar-cometendo\/"]}]},{"@type":"ImageObject","inLanguage":"pt-BR","@id":"https:\/\/www.em.com.br\/emfoco\/2026\/02\/19\/suculenta-murchando-apos-a-troca-de-vaso-o-erro-comum-que-voce-pode-estar-cometendo\/#primaryimage","url":"https:\/\/www.em.com.br\/emfoco\/wp-content\/uploads\/2025\/03\/cactos-e-suculenta_1741963439609.jpg","contentUrl":"https:\/\/www.em.com.br\/emfoco\/wp-content\/uploads\/2025\/03\/cactos-e-suculenta_1741963439609.jpg","width":1280,"height":720,"caption":"Cactos - Cr\u00e9ditos: depositphotos.com \/ IgorVetushko"},{"@type":"BreadcrumbList","@id":"https:\/\/www.em.com.br\/emfoco\/2026\/02\/19\/suculenta-murchando-apos-a-troca-de-vaso-o-erro-comum-que-voce-pode-estar-cometendo\/#breadcrumb","itemListElement":[{"@type":"ListItem","position":1,"name":"In\u00edcio","item":"https:\/\/www.em.com.br\/emfoco\/"},{"@type":"ListItem","position":2,"name":"Suculenta murchando ap\u00f3s a troca de vaso? O erro comum que voc\u00ea pode estar cometendo"}]},{"@type":"WebSite","@id":"https:\/\/www.em.com.br\/emfoco\/#website","url":"https:\/\/www.em.com.br\/emfoco\/","name":"Estado de Minas - Em foco","description":"Acompanhe as \u00faltimas not\u00edcias e fique bem informado sobre tudo o que acontece em Minas Gerais, Brasil e no mundo.","potentialAction":[{"@type":"SearchAction","target":{"@type":"EntryPoint","urlTemplate":"https:\/\/www.em.com.br\/emfoco\/?s={search_term_string}"},"query-input":{"@type":"PropertyValueSpecification","valueRequired":true,"valueName":"search_term_string"}}],"inLanguage":"pt-BR"},{"@type":"Person","@id":"https:\/\/www.em.com.br\/emfoco\/#\/schema\/person\/0a8186d72f2c3a5c6276d90b41f271a0","name":"Daniely Cardoso","image":{"@type":"ImageObject","inLanguage":"pt-BR","@id":"https:\/\/www.em.com.br\/emfoco\/#\/schema\/person\/image\/","url":"https:\/\/secure.gravatar.com\/avatar\/4b80ddbd124d1f071b626d52d62e5dff?s=96&d=mm&r=g","contentUrl":"https:\/\/secure.gravatar.com\/avatar\/4b80ddbd124d1f071b626d52d62e5dff?s=96&d=mm&r=g","caption":"Daniely Cardoso"},"url":"https:\/\/www.em.com.br\/emfoco\/author\/danielymyth\/"}]}},"_links":{"self":[{"href":"https:\/\/www.em.com.br\/emfoco\/wp-json\/wp\/v2\/posts\/170943","targetHints":{"allow":["GET"]}}],"collection":[{"href":"https:\/\/www.em.com.br\/emfoco\/wp-json\/wp\/v2\/posts"}],"about":[{"href":"https:\/\/www.em.com.br\/emfoco\/wp-json\/wp\/v2\/types\/post"}],"author":[{"embeddable":true,"href":"https:\/\/www.em.com.br\/emfoco\/wp-json\/wp\/v2\/users\/9"}],"replies":[{"embeddable":true,"href":"https:\/\/www.em.com.br\/emfoco\/wp-json\/wp\/v2\/comments?post=170943"}],"version-history":[{"count":2,"href":"https:\/\/www.em.com.br\/emfoco\/wp-json\/wp\/v2\/posts\/170943\/revisions"}],"predecessor-version":[{"id":171119,"href":"https:\/\/www.em.com.br\/emfoco\/wp-json\/wp\/v2\/posts\/170943\/revisions\/171119"}],"wp:featuredmedia":[{"embeddable":true,"href":"https:\/\/www.em.com.br\/emfoco\/wp-json\/wp\/v2\/media\/28746"}],"wp:attachment":[{"href":"https:\/\/www.em.com.br\/emfoco\/wp-json\/wp\/v2\/media?parent=170943"}],"wp:term":[{"taxonomy":"category","embeddable":true,"href":"https:\/\/www.em.com.br\/emfoco\/wp-json\/wp\/v2\/categories?post=170943"},{"taxonomy":"post_tag","embeddable":true,"href":"https:\/\/www.em.com.br\/emfoco\/wp-json\/wp\/v2\/tags?post=170943"}],"curies":[{"name":"wp","href":"https:\/\/api.w.org\/{rel}","templated":true}]}}