{"id":170941,"date":"2026-02-19T15:45:57","date_gmt":"2026-02-19T18:45:57","guid":{"rendered":"https:\/\/www.em.com.br\/emfoco\/?p=170941"},"modified":"2026-02-18T18:18:37","modified_gmt":"2026-02-18T21:18:37","slug":"trio-de-espadas-de-sao-jorge-como-deixar-o-ar-do-quarto-mais-agradavel-e-menos-ressecado","status":"publish","type":"post","link":"https:\/\/www.em.com.br\/emfoco\/2026\/02\/19\/trio-de-espadas-de-sao-jorge-como-deixar-o-ar-do-quarto-mais-agradavel-e-menos-ressecado\/","title":{"rendered":"Trio de Espadas-de-S\u00e3o-Jorge: como deixar o ar do quarto mais agrad\u00e1vel e menos ressecado"},"content":{"rendered":"\n<p>Depois de um dia inteiro no <strong>ar-condicionado<\/strong>, \u00e9 comum sentir <strong>nariz ressecado<\/strong>, garganta arranhando e at\u00e9 dor de cabe\u00e7a ao deitar no <strong>quarto fechado<\/strong>. Nesse cen\u00e1rio, o uso de plantas que ajudam a deixar o ar um pouco mais agrad\u00e1vel, como a <strong>Espada-de-S\u00e3o-Jorge<\/strong> (Sansevieria), chama a aten\u00e7\u00e3o de quem busca conforto sem depender s\u00f3 de aparelhos. O cultivo em trio, ou seja, tr\u00eas vasos no mesmo c\u00f4modo, \u00e9 uma forma simples e acess\u00edvel de tentar equilibrar um pouco a <strong>umidade<\/strong> e melhorar a sensa\u00e7\u00e3o de bem-estar ao dormir.<\/p>\n\n\n\n<h2 class=\"wp-block-heading\">Como a Espada-de-S\u00e3o-Jorge ajuda na umidade em quartos com ar-condicionado<\/h2>\n\n\n\n<p>A ideia central aqui \u00e9 a <strong>umidade controlada<\/strong>, algo muito importante em quartos <strong>refrigerados<\/strong>, onde o ar costuma ficar mais seco e parado. Ao fazer a troca gasosa e transpirar, a <strong>Sansevieria<\/strong> libera uma pequena quantidade de vapor de \u00e1gua e ajuda a reduzir aquela sensa\u00e7\u00e3o de ar \u201c\u00e1spero\u201d, especialmente \u00e0 noite, quando muitas variedades continuam ativas.<\/p>\n\n\n\n<p>N\u00e3o \u00e9 uma mudan\u00e7a radical, mas um trio de vasos bem cuidado contribui para um ambiente menos agressivo para as <strong>vias respirat\u00f3rias<\/strong>. Em conjunto com outros cuidados simples, essas plantas funcionam como um apoio <strong>natural<\/strong>, ajudando a deixar o clima um pouco mais equilibrado e confort\u00e1vel para o sono. Em quartos menores, esse efeito pode ser ligeiramente mais percept\u00edvel, sobretudo em noites de uso intenso de <strong>ar-condicionado<\/strong>.<\/p>\n\n\n\n<figure class=\"wp-block-embed is-type-rich is-provider-pinterest wp-block-embed-pinterest\"><div class=\"wp-block-embed__wrapper\">\n<iframe loading=\"lazy\" title=\"Espada de S\u00e3o Jorge\" src=\"https:\/\/assets.pinterest.com\/ext\/embed.html?id=59180182597242712&#038;src=oembed\" height=\"663\" width=\"450\" frameborder=\"0\" scrolling=\"no\" ><\/iframe>\n<\/div><\/figure>\n\n\n\n<p>Leia tamb\u00e9m:&nbsp;<a href=\"https:\/\/www.em.com.br\/emfoco\/2026\/02\/18\/quer-sombra-e-sabor-veja-como-plantar-tamarindo-e-quais-os-cuidados-para-a-arvore-crescer-forte\/\" target=\"_blank\" rel=\"noopener\">Quer sombra e sabor? Veja como plantar tamarindo e quais os cuidados para a \u00e1rvore crescer forte<\/a><\/p>\n\n\n\n<h2 class=\"wp-block-heading\">O trio de Espadas-de-S\u00e3o-Jorge realmente faz diferen\u00e7a na pr\u00e1tica<\/h2>\n\n\n\n<p>Um <strong>trio<\/strong> de <strong>Espadas-de-S\u00e3o-Jorge<\/strong> n\u00e3o transforma o quarto em uma estufa \u00famida, mas ajuda a suavizar o ressecamento t\u00edpico do ar-condicionado. As folhas liberam umidade pela transpira\u00e7\u00e3o e a \u00e1gua evapora aos poucos do <strong>substrato<\/strong>, favorecendo um ar um pouco mais agrad\u00e1vel, sem esfor\u00e7o extra da sua parte.<\/p>\n\n\n\n<p>Para perceber algum benef\u00edcio real na <strong>umidade controlada<\/strong>, o ideal \u00e9 combinar as plantas com pequenos h\u00e1bitos, como manter uma tigela de \u00e1gua no quarto ou usar um <strong>umidificador<\/strong> em pot\u00eancia baixa. Muitas pessoas relatam menos irrita\u00e7\u00e3o nasal e menos inc\u00f4modo ao acordar quando juntam essas atitudes com <strong>limpeza<\/strong> frequente e organiza\u00e7\u00e3o do ambiente.<\/p>\n\n\n\n<figure class=\"wp-block-embed is-type-rich is-provider-pinterest wp-block-embed-pinterest\"><div class=\"wp-block-embed__wrapper\">\n<iframe loading=\"lazy\" title=\"Inspira\u00e7\u00e3o | Espada de S\u00e3o Jorge\" src=\"https:\/\/assets.pinterest.com\/ext\/embed.html?id=14214555069577007&#038;src=oembed\" height=\"899\" width=\"450\" frameborder=\"0\" scrolling=\"no\" ><\/iframe>\n<\/div><\/figure>\n\n\n\n<h2 class=\"wp-block-heading\">Quais toxinas a Espada-de-S\u00e3o-Jorge pode ajudar a reduzir no ar<\/h2>\n\n\n\n<p>Em ambientes fechados, especialmente com ar-condicionado ligado por horas, \u00e9 comum a presen\u00e7a de compostos como <strong>benzeno<\/strong>, <strong>formalde\u00eddo<\/strong> e tolueno, vindos de tintas, m\u00f3veis, pl\u00e1sticos e produtos de limpeza. A <strong>Espada-de-S\u00e3o-Jorge<\/strong> \u00e9 frequentemente citada em estudos como uma planta que pode ajudar, aos poucos, na redu\u00e7\u00e3o de parte desses compostos.<\/p>\n\n\n\n<p>As folhas funcionam como uma esp\u00e9cie de <strong>\u201cfiltro verde\u201d<\/strong>, capturando algumas part\u00edculas, enquanto as ra\u00edzes e os micro-organismos do <strong>solo<\/strong> colaboram na quebra de certas subst\u00e2ncias. Um trio de plantas aumenta a \u00e1rea <strong>foliar<\/strong> e, consequentemente, a capacidade de contato com esses gases, servindo como um refor\u00e7o natural para a qualidade do ar, sem substituir purificadores ou ventila\u00e7\u00e3o adequada.<\/p>\n\n\n\n<p>Para voc\u00ea que gosta de plantas, separamos um v\u00eddeo do canal <a href=\"https:\/\/www.youtube.com\/@SpagnholPlantas1\" target=\"_blank\" rel=\"noreferrer noopener\">Spagnhol Plantas<\/a> com dicas para plantar e cuidar da sua espada de s\u00e3o jorge:<\/p>\n\n\n\n<figure class=\"wp-block-embed is-type-video is-provider-youtube wp-block-embed-youtube wp-embed-aspect-16-9 wp-has-aspect-ratio\"><div class=\"wp-block-embed__wrapper\">\n<div class=\"jeg_video_container jeg_video_content\"><iframe loading=\"lazy\" title=\"Como cultivar Espada de S\u00e3o Jorge, Santa B\u00e1rbara (Sansevieria) | Conhe\u00e7a 12 esp\u00e9cies\" width=\"500\" height=\"281\" src=\"https:\/\/www.youtube.com\/embed\/L9acdeOZNxU?start=192&#038;feature=oembed\" frameborder=\"0\" allow=\"accelerometer; autoplay; clipboard-write; encrypted-media; gyroscope; picture-in-picture; web-share\" referrerpolicy=\"strict-origin-when-cross-origin\" allowfullscreen><\/iframe><\/div>\n<\/div><\/figure>\n\n\n\n<h2 class=\"wp-block-heading\">Como organizar o trio de Espadas-de-S\u00e3o-Jorge no quarto<\/h2>\n\n\n\n<p>A maneira como voc\u00ea distribui o <strong>trio<\/strong> faz diferen\u00e7a no resultado e na praticidade do dia a dia. Tr\u00eas vasos de tamanho <strong>m\u00e9dio<\/strong>, espalhados em pontos estrat\u00e9gicos, costumam ser mais eficientes do que um s\u00f3 vaso grande num canto esquecido do quarto, pois o ar circula melhor por entre as <strong>plantas<\/strong>.<\/p>\n\n\n\n<ul class=\"wp-block-list\">\n<li>Colocar um <strong>vaso<\/strong> pr\u00f3ximo \u00e0 <strong>porta<\/strong>, onde h\u00e1 maior circula\u00e7\u00e3o de ar.<\/li>\n\n\n\n<li>Posicionar outro perto da <strong>janela<\/strong>, evitando sol direto muito forte e excesso de <strong>calor<\/strong>.<\/li>\n\n\n\n<li>Manter o terceiro a uma dist\u00e2ncia segura da <strong>cama<\/strong>, facilitando a <strong>limpeza<\/strong> e a passagem.<\/li>\n<\/ul>\n\n\n\n<h2 class=\"wp-block-heading\">Quais cuidados b\u00e1sicos mant\u00eam o trio saud\u00e1vel e ativo<\/h2>\n\n\n\n<p>Para que o trio de <strong>Espadas-de-S\u00e3o-Jorge<\/strong> contribua de forma cont\u00ednua para a qualidade do ar, \u00e9 importante que as plantas se mantenham fortes e sem excesso de \u00e1gua. Essa esp\u00e9cie gosta de regas moderadas e solo bem <strong>drenado<\/strong>, o que tamb\u00e9m ajuda a evitar mau cheiro e <strong>mofo<\/strong> no quarto.<\/p>\n\n\n\n<p>Use vasos com furos de <strong>drenagem<\/strong>, regue apenas quando o solo estiver seco ao toque e limpe as folhas com um pano \u00famido de vez em quando para tirar a <strong>poeira<\/strong>. Evite o jato direto do ar-condicionado e, sempre que poss\u00edvel, abra as janelas por alguns minutos ao dia. Com esses gestos simples, o trio de <strong>Sansevierias<\/strong> pode acompanhar voc\u00ea por muitos anos, deixando o ambiente mais est\u00e1vel, com umidade controlada e um ar que parece menos carregado.<\/p>\n","protected":false},"excerpt":{"rendered":"<p>Depois de um dia inteiro no ar-condicionado, \u00e9 comum sentir nariz ressecado, garganta arranhando e at\u00e9 dor de cabe\u00e7a ao deitar no quarto fechado. Nesse cen\u00e1rio, o uso de plantas que ajudam a deixar o ar um pouco mais agrad\u00e1vel, como a Espada-de-S\u00e3o-Jorge (Sansevieria), chama a aten\u00e7\u00e3o de quem busca conforto sem depender s\u00f3 de [&hellip;]<\/p>\n","protected":false},"author":9,"featured_media":44124,"comment_status":"open","ping_status":"open","sticky":false,"template":"","format":"standard","meta":{"jnews-multi-image_gallery":[],"jnews_single_post":{"format":"standard"},"jnews_primary_category":[],"jnews_social_meta":[],"jnews_override_counter":[],"footnotes":""},"categories":[8691,8819,1],"tags":[24862,3779,24861],"class_list":["post-170941","post","type-post","status-publish","format-standard","has-post-thumbnail","hentry","category-bem-estar","category-curiosidades","category-noticias","tag-espada-de-jorge","tag-planta","tag-umidade-controlada"],"yoast_head":"<!-- This site is optimized with the Yoast SEO plugin v23.8 - https:\/\/yoast.com\/wordpress\/plugins\/seo\/ -->\n<title>Trio de Espadas-de-S\u00e3o-Jorge: como deixar o ar do quarto mais agrad\u00e1vel e menos ressecado - Estado de Minas - Em foco<\/title>\n<meta name=\"description\" content=\"Melhore a umidade do seu quarto com ar-condicionado usando um trio de Espadas-de-S\u00e3o-Jorge para um sono mais leve.\" \/>\n<meta name=\"robots\" content=\"index, follow, max-snippet:-1, max-image-preview:large, max-video-preview:-1\" \/>\n<link rel=\"canonical\" href=\"https:\/\/www.em.com.br\/emfoco\/2026\/02\/19\/trio-de-espadas-de-sao-jorge-como-deixar-o-ar-do-quarto-mais-agradavel-e-menos-ressecado\/\" \/>\n<meta property=\"og:locale\" content=\"pt_BR\" \/>\n<meta property=\"og:type\" content=\"article\" \/>\n<meta property=\"og:title\" content=\"Trio de Espadas-de-S\u00e3o-Jorge: como deixar o ar do quarto mais agrad\u00e1vel e menos ressecado - Estado de Minas - Em foco\" \/>\n<meta property=\"og:description\" content=\"Melhore a umidade do seu quarto com ar-condicionado usando um trio de Espadas-de-S\u00e3o-Jorge para um sono mais leve.\" \/>\n<meta property=\"og:url\" content=\"https:\/\/www.em.com.br\/emfoco\/2026\/02\/19\/trio-de-espadas-de-sao-jorge-como-deixar-o-ar-do-quarto-mais-agradavel-e-menos-ressecado\/\" \/>\n<meta property=\"og:site_name\" content=\"Estado de Minas - Em foco\" \/>\n<meta property=\"article:published_time\" content=\"2026-02-19T18:45:57+00:00\" \/>\n<meta property=\"article:modified_time\" content=\"2026-02-18T21:18:37+00:00\" \/>\n<meta property=\"og:image\" content=\"https:\/\/www.em.com.br\/emfoco\/wp-content\/uploads\/2025\/05\/Espada-de-Sao-Jorge-_1746247360211.jpg\" \/>\n\t<meta property=\"og:image:width\" content=\"1280\" \/>\n\t<meta property=\"og:image:height\" content=\"720\" \/>\n\t<meta property=\"og:image:type\" content=\"image\/jpeg\" \/>\n<meta name=\"author\" content=\"Daniely Cardoso\" \/>\n<meta name=\"twitter:card\" content=\"summary_large_image\" \/>\n<meta name=\"twitter:label1\" content=\"Escrito por\" \/>\n\t<meta name=\"twitter:data1\" content=\"Daniely Cardoso\" \/>\n\t<meta name=\"twitter:label2\" content=\"Est. tempo de leitura\" \/>\n\t<meta name=\"twitter:data2\" content=\"5 minutos\" \/>\n<!-- \/ Yoast SEO plugin. -->","yoast_head_json":{"title":"Trio de Espadas-de-S\u00e3o-Jorge: como deixar o ar do quarto mais agrad\u00e1vel e menos ressecado - Estado de Minas - Em foco","description":"Melhore a umidade do seu quarto com ar-condicionado usando um trio de Espadas-de-S\u00e3o-Jorge para um sono mais leve.","robots":{"index":"index","follow":"follow","max-snippet":"max-snippet:-1","max-image-preview":"max-image-preview:large","max-video-preview":"max-video-preview:-1"},"canonical":"https:\/\/www.em.com.br\/emfoco\/2026\/02\/19\/trio-de-espadas-de-sao-jorge-como-deixar-o-ar-do-quarto-mais-agradavel-e-menos-ressecado\/","og_locale":"pt_BR","og_type":"article","og_title":"Trio de Espadas-de-S\u00e3o-Jorge: como deixar o ar do quarto mais agrad\u00e1vel e menos ressecado - Estado de Minas - Em foco","og_description":"Melhore a umidade do seu quarto com ar-condicionado usando um trio de Espadas-de-S\u00e3o-Jorge para um sono mais leve.","og_url":"https:\/\/www.em.com.br\/emfoco\/2026\/02\/19\/trio-de-espadas-de-sao-jorge-como-deixar-o-ar-do-quarto-mais-agradavel-e-menos-ressecado\/","og_site_name":"Estado de Minas - Em foco","article_published_time":"2026-02-19T18:45:57+00:00","article_modified_time":"2026-02-18T21:18:37+00:00","og_image":[{"width":1280,"height":720,"url":"https:\/\/www.em.com.br\/emfoco\/wp-content\/uploads\/2025\/05\/Espada-de-Sao-Jorge-_1746247360211.jpg","type":"image\/jpeg"}],"author":"Daniely Cardoso","twitter_card":"summary_large_image","twitter_misc":{"Escrito por":"Daniely Cardoso","Est. tempo de leitura":"5 minutos"},"schema":{"@context":"https:\/\/schema.org","@graph":[{"@type":"WebPage","@id":"https:\/\/www.em.com.br\/emfoco\/2026\/02\/19\/trio-de-espadas-de-sao-jorge-como-deixar-o-ar-do-quarto-mais-agradavel-e-menos-ressecado\/","url":"https:\/\/www.em.com.br\/emfoco\/2026\/02\/19\/trio-de-espadas-de-sao-jorge-como-deixar-o-ar-do-quarto-mais-agradavel-e-menos-ressecado\/","name":"Trio de Espadas-de-S\u00e3o-Jorge: como deixar o ar do quarto mais agrad\u00e1vel e menos ressecado - Estado de Minas - Em foco","isPartOf":{"@id":"https:\/\/www.em.com.br\/emfoco\/#website"},"primaryImageOfPage":{"@id":"https:\/\/www.em.com.br\/emfoco\/2026\/02\/19\/trio-de-espadas-de-sao-jorge-como-deixar-o-ar-do-quarto-mais-agradavel-e-menos-ressecado\/#primaryimage"},"image":{"@id":"https:\/\/www.em.com.br\/emfoco\/2026\/02\/19\/trio-de-espadas-de-sao-jorge-como-deixar-o-ar-do-quarto-mais-agradavel-e-menos-ressecado\/#primaryimage"},"thumbnailUrl":"https:\/\/www.em.com.br\/emfoco\/wp-content\/uploads\/2025\/05\/Espada-de-Sao-Jorge-_1746247360211.jpg","datePublished":"2026-02-19T18:45:57+00:00","dateModified":"2026-02-18T21:18:37+00:00","author":{"@id":"https:\/\/www.em.com.br\/emfoco\/#\/schema\/person\/0a8186d72f2c3a5c6276d90b41f271a0"},"description":"Melhore a umidade do seu quarto com ar-condicionado usando um trio de Espadas-de-S\u00e3o-Jorge para um sono mais leve.","breadcrumb":{"@id":"https:\/\/www.em.com.br\/emfoco\/2026\/02\/19\/trio-de-espadas-de-sao-jorge-como-deixar-o-ar-do-quarto-mais-agradavel-e-menos-ressecado\/#breadcrumb"},"inLanguage":"pt-BR","potentialAction":[{"@type":"ReadAction","target":["https:\/\/www.em.com.br\/emfoco\/2026\/02\/19\/trio-de-espadas-de-sao-jorge-como-deixar-o-ar-do-quarto-mais-agradavel-e-menos-ressecado\/"]}]},{"@type":"ImageObject","inLanguage":"pt-BR","@id":"https:\/\/www.em.com.br\/emfoco\/2026\/02\/19\/trio-de-espadas-de-sao-jorge-como-deixar-o-ar-do-quarto-mais-agradavel-e-menos-ressecado\/#primaryimage","url":"https:\/\/www.em.com.br\/emfoco\/wp-content\/uploads\/2025\/05\/Espada-de-Sao-Jorge-_1746247360211.jpg","contentUrl":"https:\/\/www.em.com.br\/emfoco\/wp-content\/uploads\/2025\/05\/Espada-de-Sao-Jorge-_1746247360211.jpg","width":1280,"height":720,"caption":"A planta que mais se destaca nesse papel \u00e9 a espada-de-s\u00e3o-jorge (tamb\u00e9m chamada de Sansevieria ou l\u00edngua-de-sogra)-Jorge - Cr\u00e9ditos: depositphotos.com \/ coffeekai"},{"@type":"BreadcrumbList","@id":"https:\/\/www.em.com.br\/emfoco\/2026\/02\/19\/trio-de-espadas-de-sao-jorge-como-deixar-o-ar-do-quarto-mais-agradavel-e-menos-ressecado\/#breadcrumb","itemListElement":[{"@type":"ListItem","position":1,"name":"In\u00edcio","item":"https:\/\/www.em.com.br\/emfoco\/"},{"@type":"ListItem","position":2,"name":"Trio de Espadas-de-S\u00e3o-Jorge: como deixar o ar do quarto mais agrad\u00e1vel e menos ressecado"}]},{"@type":"WebSite","@id":"https:\/\/www.em.com.br\/emfoco\/#website","url":"https:\/\/www.em.com.br\/emfoco\/","name":"Estado de Minas - Em foco","description":"Acompanhe as \u00faltimas not\u00edcias e fique bem informado sobre tudo o que acontece em Minas Gerais, Brasil e no mundo.","potentialAction":[{"@type":"SearchAction","target":{"@type":"EntryPoint","urlTemplate":"https:\/\/www.em.com.br\/emfoco\/?s={search_term_string}"},"query-input":{"@type":"PropertyValueSpecification","valueRequired":true,"valueName":"search_term_string"}}],"inLanguage":"pt-BR"},{"@type":"Person","@id":"https:\/\/www.em.com.br\/emfoco\/#\/schema\/person\/0a8186d72f2c3a5c6276d90b41f271a0","name":"Daniely Cardoso","image":{"@type":"ImageObject","inLanguage":"pt-BR","@id":"https:\/\/www.em.com.br\/emfoco\/#\/schema\/person\/image\/","url":"https:\/\/secure.gravatar.com\/avatar\/4b80ddbd124d1f071b626d52d62e5dff?s=96&d=mm&r=g","contentUrl":"https:\/\/secure.gravatar.com\/avatar\/4b80ddbd124d1f071b626d52d62e5dff?s=96&d=mm&r=g","caption":"Daniely Cardoso"},"url":"https:\/\/www.em.com.br\/emfoco\/author\/danielymyth\/"}]}},"_links":{"self":[{"href":"https:\/\/www.em.com.br\/emfoco\/wp-json\/wp\/v2\/posts\/170941","targetHints":{"allow":["GET"]}}],"collection":[{"href":"https:\/\/www.em.com.br\/emfoco\/wp-json\/wp\/v2\/posts"}],"about":[{"href":"https:\/\/www.em.com.br\/emfoco\/wp-json\/wp\/v2\/types\/post"}],"author":[{"embeddable":true,"href":"https:\/\/www.em.com.br\/emfoco\/wp-json\/wp\/v2\/users\/9"}],"replies":[{"embeddable":true,"href":"https:\/\/www.em.com.br\/emfoco\/wp-json\/wp\/v2\/comments?post=170941"}],"version-history":[{"count":3,"href":"https:\/\/www.em.com.br\/emfoco\/wp-json\/wp\/v2\/posts\/170941\/revisions"}],"predecessor-version":[{"id":171201,"href":"https:\/\/www.em.com.br\/emfoco\/wp-json\/wp\/v2\/posts\/170941\/revisions\/171201"}],"wp:featuredmedia":[{"embeddable":true,"href":"https:\/\/www.em.com.br\/emfoco\/wp-json\/wp\/v2\/media\/44124"}],"wp:attachment":[{"href":"https:\/\/www.em.com.br\/emfoco\/wp-json\/wp\/v2\/media?parent=170941"}],"wp:term":[{"taxonomy":"category","embeddable":true,"href":"https:\/\/www.em.com.br\/emfoco\/wp-json\/wp\/v2\/categories?post=170941"},{"taxonomy":"post_tag","embeddable":true,"href":"https:\/\/www.em.com.br\/emfoco\/wp-json\/wp\/v2\/tags?post=170941"}],"curies":[{"name":"wp","href":"https:\/\/api.w.org\/{rel}","templated":true}]}}