{"id":170777,"date":"2026-02-19T09:35:00","date_gmt":"2026-02-19T12:35:00","guid":{"rendered":"https:\/\/www.em.com.br\/emfoco\/?p=170777"},"modified":"2026-02-18T17:52:55","modified_gmt":"2026-02-18T20:52:55","slug":"quer-envelhecer-ativo-e-sem-depender-dos-outros-comece-cuidando-do-seu-corpo-e-mente","status":"publish","type":"post","link":"https:\/\/www.em.com.br\/emfoco\/2026\/02\/19\/quer-envelhecer-ativo-e-sem-depender-dos-outros-comece-cuidando-do-seu-corpo-e-mente\/","title":{"rendered":"Quer envelhecer ativo e sem depender dos outros? Comece cuidando do seu corpo e mente"},"content":{"rendered":"\n<p>Para <strong>envelhecer com dignidade<\/strong>, n\u00e3o basta apenas contar com a sorte ou com o apoio da fam\u00edlia; \u00e9 preciso construir sua pr\u00f3pria <strong>liberdade<\/strong>. Ter <strong>independ\u00eancia<\/strong> f\u00edsica e financeira depois dos <strong>65 anos<\/strong> depende diretamente das escolhas que voc\u00ea faz hoje sobre seu corpo e sua mente.<\/p>\n\n\n\n<h2 class=\"wp-block-heading\">Como a mobilidade f\u00edsica garante sua liberdade?<\/h2>\n\n\n\n<p>Poder se <strong>movimentar<\/strong> sozinho \u00e9 o maior patrim\u00f4nio que algu\u00e9m pode ter na <strong>velhice<\/strong>. Quem mant\u00e9m o h\u00e1bito de fazer <strong>exerc\u00edcios<\/strong> simples consegue realizar tarefas b\u00e1sicas do cotidiano, como ir ao mercado ou tomar banho, sem precisar pedir ajuda para ningu\u00e9m.<\/p>\n\n\n\n<p>A falta de <strong>atividade f\u00edsica<\/strong> acelera a perda de massa muscular, o que gera <strong>depend\u00eancia<\/strong> precoce. Investir em <strong>caminhadas<\/strong> ou fortalecimento protege sua <strong>autonomia<\/strong> e evita que pequenos obst\u00e1culos se tornem barreiras intranspon\u00edveis na sua rotina.<\/p>\n\n\n<div class=\"wp-block-image\">\n<figure class=\"aligncenter size-large\"><img loading=\"lazy\" decoding=\"async\" width=\"1024\" height=\"576\" src=\"https:\/\/www.em.com.br\/emfoco\/wp-content\/uploads\/2026\/01\/alongamento-idoso_1767814579895-1024x576.jpg\" alt=\"3 exerc\u00edcios essenciais para fazer e voltar a subir escadas sem sentir dor depois dos 60\" class=\"wp-image-151915\" srcset=\"https:\/\/www.em.com.br\/emfoco\/wp-content\/uploads\/2026\/01\/alongamento-idoso_1767814579895-1024x576.jpg 1024w, https:\/\/www.em.com.br\/emfoco\/wp-content\/uploads\/2026\/01\/alongamento-idoso_1767814579895-300x169.jpg 300w, https:\/\/www.em.com.br\/emfoco\/wp-content\/uploads\/2026\/01\/alongamento-idoso_1767814579895-768x432.jpg 768w, https:\/\/www.em.com.br\/emfoco\/wp-content\/uploads\/2026\/01\/alongamento-idoso_1767814579895-750x422.jpg 750w, https:\/\/www.em.com.br\/emfoco\/wp-content\/uploads\/2026\/01\/alongamento-idoso_1767814579895-1140x641.jpg 1140w, https:\/\/www.em.com.br\/emfoco\/wp-content\/uploads\/2026\/01\/alongamento-idoso_1767814579895.jpg 1280w\" sizes=\"auto, (max-width: 1024px) 100vw, 1024px\" \/><figcaption class=\"wp-element-caption\">Como envelhecer com dignidade e manter a autonomia &#8211; Cr\u00e9ditos: depositphotos.com \/ Prot56<\/figcaption><\/figure><\/div>\n\n\n<h2 class=\"wp-block-heading\">Por que a simplicidade financeira evita o estresse?<\/h2>\n\n\n\n<p>A <strong>liberdade financeira<\/strong> na maturidade n\u00e3o tem a ver com ser rico, mas com gastar menos do que se ganha. Adotar um estilo de vida com <strong>simplicidade<\/strong> reduz a press\u00e3o sobre a <strong>aposentadoria<\/strong> e evita que voc\u00ea se torne um peso financeiro para seus <strong>filhos<\/strong>.<\/p>\n\n\n\n<p>Abaixo, veja como pequenas mudan\u00e7as na vis\u00e3o sobre o dinheiro impactam seu futuro.<\/p>\n\n\n\n<div class=\"google-auto-ads-ignore\" style=\"box-sizing: border-box; display: flex; flex-direction: column; width: 100%; max-width: 800px; margin: 30px auto; background-color: #f6ffed; color: #1a222c; border-radius: 12px; overflow: hidden; font-family: 'Segoe UI', sans-serif; box-shadow: 0 4px 15px rgba(0,0,0,0.1); border: 1px solid rgba(0,0,0,0.05); position: relative; z-index: 5;\">\n\n  <div style=\"background-color: #ffffff; padding: 25px; border-bottom: 3px solid #389e0d; text-align: center;\">\n    <h2 style=\"margin: 0; color: #135200; font-size: 1.5rem;\">\ud83d\udcb0 Impacto das escolhas financeiras no futuro<\/h2>\n    <div style=\"font-size: 0.95rem; margin-top: 8px; opacity: 0.9;\">Como pequenas mudan\u00e7as na vis\u00e3o sobre o dinheiro transformam sua qualidade de vida<\/div>\n  <\/div>\n\n  <div style=\"padding: 25px; display: flex; flex-wrap: wrap; gap: 20px;\">\n    \n    <div style=\"flex: 1 1 220px; background-color: #ffffff; border-radius: 8px; padding: 20px; border: 1px solid rgba(0,0,0,0.05); box-shadow: 0 2px 5px rgba(0,0,0,0.02);\">\n      <h3 style=\"margin: 0 0 15px 0; color: #389e0d; font-size: 1.1rem; font-weight: bold; border-bottom: 1px solid rgba(0,0,0,0.1); padding-bottom: 8px;\">\n        \ud83d\udcc9 Redu\u00e7\u00e3o de d\u00edvidas\n      <\/h3>\n      <div style=\"margin-bottom: 12px;\">\n        <strong style=\"display: block; font-size: 0.85rem; opacity: 0.8; margin-bottom: 4px;\">Impacto na velhice<\/strong>\n        <div style=\"font-size: 1rem; font-weight: 500;\">Menos ansiedade e mais sono<\/div>\n      <\/div>\n    <\/div>\n\n    <div style=\"flex: 1 1 220px; background-color: #ffffff; border-radius: 8px; padding: 20px; border: 1px solid rgba(0,0,0,0.05); box-shadow: 0 2px 5px rgba(0,0,0,0.02);\">\n      <h3 style=\"margin: 0 0 15px 0; color: #389e0d; font-size: 1.1rem; font-weight: bold; border-bottom: 1px solid rgba(0,0,0,0.1); padding-bottom: 8px;\">\n        \ud83d\uded2 Consumo moderado\n      <\/h3>\n      <div style=\"margin-bottom: 12px;\">\n        <strong style=\"display: block; font-size: 0.85rem; opacity: 0.8; margin-bottom: 4px;\">Impacto na velhice<\/strong>\n        <div style=\"font-size: 1rem; font-weight: 500;\">Maior reserva de emerg\u00eancia<\/div>\n      <\/div>\n    <\/div>\n\n    <div style=\"flex: 1 1 220px; background-color: #ffffff; border-radius: 8px; padding: 20px; border: 1px solid rgba(0,0,0,0.05); box-shadow: 0 2px 5px rgba(0,0,0,0.02);\">\n      <h3 style=\"margin: 0 0 15px 0; color: #389e0d; font-size: 1.1rem; font-weight: bold; border-bottom: 1px solid rgba(0,0,0,0.1); padding-bottom: 8px;\">\n        \ud83c\udfe0 Estilo de vida simples\n      <\/h3>\n      <div style=\"margin-bottom: 12px;\">\n        <strong style=\"display: block; font-size: 0.85rem; opacity: 0.8; margin-bottom: 4px;\">Impacto na velhice<\/strong>\n        <div style=\"font-size: 1rem; font-weight: 500;\">Menos depend\u00eancia de terceiros<\/div>\n      <\/div>\n    <\/div>\n\n  <\/div>\n<\/div>\n\n\n\n<h2 class=\"wp-block-heading\">Qual o impacto de uma rotina de sa\u00fade consistente?<\/h2>\n\n\n\n<p>Tratar a <strong>sa\u00fade<\/strong> como seu ativo mais valioso \u00e9 o que separa uma velhice ativa de uma vida limitada por hospitais. Manter <strong>checkups<\/strong> em dia, uma <strong>alimenta\u00e7\u00e3o balanceada<\/strong> e boas noites de <strong>sono<\/strong> previne doen\u00e7as cr\u00f4nicas que roubam sua energia.<\/p>\n\n\n\n<p>N\u00e3o se trata de buscar a perfei\u00e7\u00e3o, mas de ter <strong>const\u00e2ncia<\/strong> nos cuidados b\u00e1sicos. Ter sa\u00fade \u00e9 o que permite que voc\u00ea aproveite sua <strong>liberdade<\/strong> para viajar, brincar com netos ou simplesmente viver sem dor constante.<\/p>\n\n\n\n<p>Leia mais: <a href=\"https:\/\/www.em.com.br\/bem-viver\/2026\/02\/7347391-tontura-ao-se-levantar-rapido-pode-ser-sinal-de-que-seu-corpo-precisa-de-atencao.html\" target=\"_blank\" rel=\"noreferrer noopener\">Tontura ao se levantar r\u00e1pido pode ser sinal de que seu corpo precisa de aten\u00e7\u00e3o<\/a><\/p>\n\n\n\n<h2 class=\"wp-block-heading\">Como desenvolver resili\u00eancia emocional para lidar com perdas?<\/h2>\n\n\n\n<p>Envelhecer envolve enfrentar mudan\u00e7as, como a partida de amigos ou a diminui\u00e7\u00e3o do ritmo de trabalho. A <strong>resili\u00eancia emocional<\/strong> \u00e9 a ferramenta que permite processar essas <strong>perdas<\/strong> sem cair no isolamento ou no sofrimento profundo.<\/p>\n\n\n\n<p>Cultivar um <strong>prop\u00f3sito<\/strong> de vida e manter o <strong>equil\u00edbrio<\/strong> ajuda a reconstruir a rotina mesmo em tempos dif\u00edceis. Algumas pr\u00e1ticas ajudam muito nesse processo:<\/p>\n\n\n\n<ul class=\"wp-block-list\">\n<li><strong>Medita\u00e7\u00e3o<\/strong> ou momentos de sil\u00eancio para clareza mental.<\/li>\n\n\n\n<li><strong>Hobbies<\/strong> que tragam alegria e ocupem a mente de forma produtiva.<\/li>\n\n\n\n<li><strong>Rede de contatos<\/strong> ativa para evitar a solid\u00e3o.<\/li>\n<\/ul>\n\n\n\n<p>No v\u00eddeo a seguir, do canal <a href=\"https:\/\/www.youtube.com\/@PapodaAlma\" target=\"_blank\" rel=\"noreferrer noopener\">Papo da Alma<\/a>, \u00e9 explicado como envelhecer com dignidade ajuda a fortalecer o organismo e proteger sua sa\u00fade.<\/p>\n\n\n\n<figure class=\"wp-block-embed aligncenter is-type-video is-provider-youtube wp-block-embed-youtube wp-embed-aspect-16-9 wp-has-aspect-ratio\"><div class=\"wp-block-embed__wrapper\">\n<div class=\"jeg_video_container jeg_video_content\"><iframe loading=\"lazy\" title=\"Depois dos 60 ANOS o \u00daNICO APOIO CONFI\u00c1VEL n\u00e3o \u00e9 FAM\u00cdLIA ou AMIGOS_ S\u00e3o esses 5 PILARES\" width=\"500\" height=\"281\" src=\"https:\/\/www.youtube.com\/embed\/MKpbw5gT3UQ?feature=oembed\" frameborder=\"0\" allow=\"accelerometer; autoplay; clipboard-write; encrypted-media; gyroscope; picture-in-picture; web-share\" referrerpolicy=\"strict-origin-when-cross-origin\" allowfullscreen><\/iframe><\/div>\n<\/div><\/figure>\n\n\n\n<h2 class=\"wp-block-heading\">Por que ter um c\u00f3digo de valores pessoal \u00e9 crucial?<\/h2>\n\n\n\n<p>Adotar h\u00e1bitos que protejam seu corpo e sua mente \u00e9 o investimento mais seguro que voc\u00ea pode fazer para colher uma maturidade cheia de vigor e independ\u00eancia. <\/p>\n\n\n\n<p>Ter clareza sobre seus <strong>valores<\/strong> impede que outras pessoas tomem decis\u00f5es por voc\u00ea. Quando voc\u00ea sabe o que \u00e9 importante para sua <strong>identidade<\/strong>, consegue manter o controle sobre sua vida, mesmo sob press\u00e3o de familiares ou m\u00e9dicos.<\/p>\n\n\n\n<p>Essa firmeza de <strong>princ\u00edpios<\/strong> garante que voc\u00ea seja respeitado em suas vontades e desejos. Construir esses pilares agora \u00e9 o melhor caminho para garantir que seus anos avan\u00e7ados sejam vividos com <strong>prop\u00f3sito<\/strong>, <strong>respeito<\/strong> e muita <strong>qualidade de vida<\/strong>.<\/p>\n","protected":false},"excerpt":{"rendered":"<p>Para envelhecer com dignidade, n\u00e3o basta apenas contar com a sorte ou com o apoio da fam\u00edlia; \u00e9 preciso construir sua pr\u00f3pria liberdade. Ter independ\u00eancia f\u00edsica e financeira depois dos 65 anos depende diretamente das escolhas que voc\u00ea faz hoje sobre seu corpo e sua mente. Como a mobilidade f\u00edsica garante sua liberdade? Poder se [&hellip;]<\/p>\n","protected":false},"author":20,"featured_media":169909,"comment_status":"open","ping_status":"open","sticky":false,"template":"","format":"standard","meta":{"jnews-multi-image_gallery":[],"jnews_single_post":{"format":"standard"},"jnews_primary_category":[],"jnews_social_meta":[],"jnews_override_counter":[],"footnotes":""},"categories":[8819,20108],"tags":[24826,2404,2137],"class_list":["post-170777","post","type-post","status-publish","format-standard","has-post-thumbnail","hentry","category-curiosidades","category-noticia","tag-envelhecer-com-dignidade","tag-independencia","tag-liberdade"],"yoast_head":"<!-- This site is optimized with the Yoast SEO plugin v23.8 - https:\/\/yoast.com\/wordpress\/plugins\/seo\/ -->\n<title>Quer envelhecer ativo e sem depender dos outros? Comece cuidando do seu corpo e mente - Estado de Minas - Em foco<\/title>\n<meta name=\"description\" content=\"Veja os 5 pilares para envelhecer com dignidade e manter a independ\u00eancia depois dos 65 anos com escolhas simples e pr\u00e1ticas no seu dia a dia.\" \/>\n<meta name=\"robots\" content=\"index, follow, max-snippet:-1, max-image-preview:large, max-video-preview:-1\" \/>\n<link rel=\"canonical\" href=\"https:\/\/www.em.com.br\/emfoco\/2026\/02\/19\/quer-envelhecer-ativo-e-sem-depender-dos-outros-comece-cuidando-do-seu-corpo-e-mente\/\" \/>\n<meta property=\"og:locale\" content=\"pt_BR\" \/>\n<meta property=\"og:type\" content=\"article\" \/>\n<meta property=\"og:title\" content=\"Quer envelhecer ativo e sem depender dos outros? Comece cuidando do seu corpo e mente - Estado de Minas - Em foco\" \/>\n<meta property=\"og:description\" content=\"Veja os 5 pilares para envelhecer com dignidade e manter a independ\u00eancia depois dos 65 anos com escolhas simples e pr\u00e1ticas no seu dia a dia.\" \/>\n<meta property=\"og:url\" content=\"https:\/\/www.em.com.br\/emfoco\/2026\/02\/19\/quer-envelhecer-ativo-e-sem-depender-dos-outros-comece-cuidando-do-seu-corpo-e-mente\/\" \/>\n<meta property=\"og:site_name\" content=\"Estado de Minas - Em foco\" \/>\n<meta property=\"article:published_time\" content=\"2026-02-19T12:35:00+00:00\" \/>\n<meta property=\"article:modified_time\" content=\"2026-02-18T20:52:55+00:00\" \/>\n<meta property=\"og:image\" content=\"https:\/\/www.em.com.br\/emfoco\/wp-content\/uploads\/2026\/02\/idosa-toalha-limpeza.png\" \/>\n\t<meta property=\"og:image:width\" content=\"1280\" \/>\n\t<meta property=\"og:image:height\" content=\"720\" \/>\n\t<meta property=\"og:image:type\" content=\"image\/png\" \/>\n<meta name=\"author\" content=\"Ingrid Diniz\" \/>\n<meta name=\"twitter:card\" content=\"summary_large_image\" \/>\n<meta name=\"twitter:label1\" content=\"Escrito por\" \/>\n\t<meta name=\"twitter:data1\" content=\"Ingrid Diniz\" \/>\n\t<meta name=\"twitter:label2\" content=\"Est. tempo de leitura\" \/>\n\t<meta name=\"twitter:data2\" content=\"4 minutos\" \/>\n<!-- \/ Yoast SEO plugin. -->","yoast_head_json":{"title":"Quer envelhecer ativo e sem depender dos outros? Comece cuidando do seu corpo e mente - Estado de Minas - Em foco","description":"Veja os 5 pilares para envelhecer com dignidade e manter a independ\u00eancia depois dos 65 anos com escolhas simples e pr\u00e1ticas no seu dia a dia.","robots":{"index":"index","follow":"follow","max-snippet":"max-snippet:-1","max-image-preview":"max-image-preview:large","max-video-preview":"max-video-preview:-1"},"canonical":"https:\/\/www.em.com.br\/emfoco\/2026\/02\/19\/quer-envelhecer-ativo-e-sem-depender-dos-outros-comece-cuidando-do-seu-corpo-e-mente\/","og_locale":"pt_BR","og_type":"article","og_title":"Quer envelhecer ativo e sem depender dos outros? Comece cuidando do seu corpo e mente - Estado de Minas - Em foco","og_description":"Veja os 5 pilares para envelhecer com dignidade e manter a independ\u00eancia depois dos 65 anos com escolhas simples e pr\u00e1ticas no seu dia a dia.","og_url":"https:\/\/www.em.com.br\/emfoco\/2026\/02\/19\/quer-envelhecer-ativo-e-sem-depender-dos-outros-comece-cuidando-do-seu-corpo-e-mente\/","og_site_name":"Estado de Minas - Em foco","article_published_time":"2026-02-19T12:35:00+00:00","article_modified_time":"2026-02-18T20:52:55+00:00","og_image":[{"width":1280,"height":720,"url":"https:\/\/www.em.com.br\/emfoco\/wp-content\/uploads\/2026\/02\/idosa-toalha-limpeza.png","type":"image\/png"}],"author":"Ingrid Diniz","twitter_card":"summary_large_image","twitter_misc":{"Escrito por":"Ingrid Diniz","Est. tempo de leitura":"4 minutos"},"schema":{"@context":"https:\/\/schema.org","@graph":[{"@type":"WebPage","@id":"https:\/\/www.em.com.br\/emfoco\/2026\/02\/19\/quer-envelhecer-ativo-e-sem-depender-dos-outros-comece-cuidando-do-seu-corpo-e-mente\/","url":"https:\/\/www.em.com.br\/emfoco\/2026\/02\/19\/quer-envelhecer-ativo-e-sem-depender-dos-outros-comece-cuidando-do-seu-corpo-e-mente\/","name":"Quer envelhecer ativo e sem depender dos outros? Comece cuidando do seu corpo e mente - Estado de Minas - Em foco","isPartOf":{"@id":"https:\/\/www.em.com.br\/emfoco\/#website"},"primaryImageOfPage":{"@id":"https:\/\/www.em.com.br\/emfoco\/2026\/02\/19\/quer-envelhecer-ativo-e-sem-depender-dos-outros-comece-cuidando-do-seu-corpo-e-mente\/#primaryimage"},"image":{"@id":"https:\/\/www.em.com.br\/emfoco\/2026\/02\/19\/quer-envelhecer-ativo-e-sem-depender-dos-outros-comece-cuidando-do-seu-corpo-e-mente\/#primaryimage"},"thumbnailUrl":"https:\/\/www.em.com.br\/emfoco\/wp-content\/uploads\/2026\/02\/idosa-toalha-limpeza.png","datePublished":"2026-02-19T12:35:00+00:00","dateModified":"2026-02-18T20:52:55+00:00","author":{"@id":"https:\/\/www.em.com.br\/emfoco\/#\/schema\/person\/649e610b4eb8fff87ff394e54fe17b2b"},"description":"Veja os 5 pilares para envelhecer com dignidade e manter a independ\u00eancia depois dos 65 anos com escolhas simples e pr\u00e1ticas no seu dia a dia.","breadcrumb":{"@id":"https:\/\/www.em.com.br\/emfoco\/2026\/02\/19\/quer-envelhecer-ativo-e-sem-depender-dos-outros-comece-cuidando-do-seu-corpo-e-mente\/#breadcrumb"},"inLanguage":"pt-BR","potentialAction":[{"@type":"ReadAction","target":["https:\/\/www.em.com.br\/emfoco\/2026\/02\/19\/quer-envelhecer-ativo-e-sem-depender-dos-outros-comece-cuidando-do-seu-corpo-e-mente\/"]}]},{"@type":"ImageObject","inLanguage":"pt-BR","@id":"https:\/\/www.em.com.br\/emfoco\/2026\/02\/19\/quer-envelhecer-ativo-e-sem-depender-dos-outros-comece-cuidando-do-seu-corpo-e-mente\/#primaryimage","url":"https:\/\/www.em.com.br\/emfoco\/wp-content\/uploads\/2026\/02\/idosa-toalha-limpeza.png","contentUrl":"https:\/\/www.em.com.br\/emfoco\/wp-content\/uploads\/2026\/02\/idosa-toalha-limpeza.png","width":1280,"height":720,"caption":"Como envelhecer com dignidade e manter a autonomia"},{"@type":"BreadcrumbList","@id":"https:\/\/www.em.com.br\/emfoco\/2026\/02\/19\/quer-envelhecer-ativo-e-sem-depender-dos-outros-comece-cuidando-do-seu-corpo-e-mente\/#breadcrumb","itemListElement":[{"@type":"ListItem","position":1,"name":"In\u00edcio","item":"https:\/\/www.em.com.br\/emfoco\/"},{"@type":"ListItem","position":2,"name":"Quer envelhecer ativo e sem depender dos outros? Comece cuidando do seu corpo e mente"}]},{"@type":"WebSite","@id":"https:\/\/www.em.com.br\/emfoco\/#website","url":"https:\/\/www.em.com.br\/emfoco\/","name":"Estado de Minas - Em foco","description":"Acompanhe as \u00faltimas not\u00edcias e fique bem informado sobre tudo o que acontece em Minas Gerais, Brasil e no mundo.","potentialAction":[{"@type":"SearchAction","target":{"@type":"EntryPoint","urlTemplate":"https:\/\/www.em.com.br\/emfoco\/?s={search_term_string}"},"query-input":{"@type":"PropertyValueSpecification","valueRequired":true,"valueName":"search_term_string"}}],"inLanguage":"pt-BR"},{"@type":"Person","@id":"https:\/\/www.em.com.br\/emfoco\/#\/schema\/person\/649e610b4eb8fff87ff394e54fe17b2b","name":"Ingrid Diniz","image":{"@type":"ImageObject","inLanguage":"pt-BR","@id":"https:\/\/www.em.com.br\/emfoco\/#\/schema\/person\/image\/","url":"https:\/\/secure.gravatar.com\/avatar\/a3baa1449ec5c39b4c42babc9d4f3951?s=96&d=mm&r=g","contentUrl":"https:\/\/secure.gravatar.com\/avatar\/a3baa1449ec5c39b4c42babc9d4f3951?s=96&d=mm&r=g","caption":"Ingrid Diniz"},"sameAs":["https:\/\/www.em.com.br\/"],"url":"https:\/\/www.em.com.br\/emfoco\/author\/ingridmyth\/"}]}},"_links":{"self":[{"href":"https:\/\/www.em.com.br\/emfoco\/wp-json\/wp\/v2\/posts\/170777","targetHints":{"allow":["GET"]}}],"collection":[{"href":"https:\/\/www.em.com.br\/emfoco\/wp-json\/wp\/v2\/posts"}],"about":[{"href":"https:\/\/www.em.com.br\/emfoco\/wp-json\/wp\/v2\/types\/post"}],"author":[{"embeddable":true,"href":"https:\/\/www.em.com.br\/emfoco\/wp-json\/wp\/v2\/users\/20"}],"replies":[{"embeddable":true,"href":"https:\/\/www.em.com.br\/emfoco\/wp-json\/wp\/v2\/comments?post=170777"}],"version-history":[{"count":2,"href":"https:\/\/www.em.com.br\/emfoco\/wp-json\/wp\/v2\/posts\/170777\/revisions"}],"predecessor-version":[{"id":171170,"href":"https:\/\/www.em.com.br\/emfoco\/wp-json\/wp\/v2\/posts\/170777\/revisions\/171170"}],"wp:featuredmedia":[{"embeddable":true,"href":"https:\/\/www.em.com.br\/emfoco\/wp-json\/wp\/v2\/media\/169909"}],"wp:attachment":[{"href":"https:\/\/www.em.com.br\/emfoco\/wp-json\/wp\/v2\/media?parent=170777"}],"wp:term":[{"taxonomy":"category","embeddable":true,"href":"https:\/\/www.em.com.br\/emfoco\/wp-json\/wp\/v2\/categories?post=170777"},{"taxonomy":"post_tag","embeddable":true,"href":"https:\/\/www.em.com.br\/emfoco\/wp-json\/wp\/v2\/tags?post=170777"}],"curies":[{"name":"wp","href":"https:\/\/api.w.org\/{rel}","templated":true}]}}