{"id":170776,"date":"2026-02-19T14:15:00","date_gmt":"2026-02-19T17:15:00","guid":{"rendered":"https:\/\/www.em.com.br\/emfoco\/?p=170776"},"modified":"2026-02-18T17:48:17","modified_gmt":"2026-02-18T20:48:17","slug":"acorda-as-3h-da-manha-com-coracao-disparado-saiba-por-que-nao-e-so-insonia","status":"publish","type":"post","link":"https:\/\/www.em.com.br\/emfoco\/2026\/02\/19\/acorda-as-3h-da-manha-com-coracao-disparado-saiba-por-que-nao-e-so-insonia\/","title":{"rendered":"Acorda \u00e0s 3h da manh\u00e3 com cora\u00e7\u00e3o disparado? Saiba por que n\u00e3o \u00e9 s\u00f3 ins\u00f4nia"},"content":{"rendered":"\n<p>Muita gente acha que <strong>acordar \u00e0s 3h da manh\u00e3<\/strong> com o cora\u00e7\u00e3o disparado \u00e9 apenas ins\u00f4nia, mas os cardiologistas explicam que isso \u00e9 um sinal de <strong>emerg\u00eancia<\/strong> do corpo. Esse p\u00e2nico noturno acontece quando o seu <strong>a\u00e7\u00facar no sangue<\/strong> despenca, for\u00e7ando o organismo a liberar uma descarga perigosa de <strong>cortisol<\/strong> e <strong>adrenalina<\/strong>.<\/p>\n\n\n\n<h2 class=\"wp-block-heading\">Como o a\u00e7\u00facar no sangue dispara o p\u00e2nico noturno?<\/h2>\n\n\n\n<p>Se voc\u00ea tem o h\u00e1bito de jantar tarde ou comer muitos <strong>ultraprocessados<\/strong>, seu <strong>f\u00edgado<\/strong> fica inflamado e n\u00e3o consegue manter a glicose est\u00e1vel. Por volta das 3h, o c\u00e9rebro sente a falta de combust\u00edvel e entende que voc\u00ea corre <strong>perigo de morte<\/strong>, disparando o sistema de alerta total.<\/p>\n\n\n\n<p>Essa rea\u00e7\u00e3o de sobreviv\u00eancia faz voc\u00ea acordar com <strong>suor frio<\/strong> e respira\u00e7\u00e3o acelerada. Al\u00e9m do susto, esse pico hormonal repetitivo destr\u00f3i sua <strong>massa muscular<\/strong> e aumenta o ac\u00famulo de <strong>gordura visceral<\/strong>, aquela que inflama as art\u00e9rias e coloca o cora\u00e7\u00e3o em risco.<\/p>\n\n\n<div class=\"wp-block-image\">\n<figure class=\"aligncenter size-large\"><img loading=\"lazy\" decoding=\"async\" width=\"1024\" height=\"576\" src=\"https:\/\/www.em.com.br\/emfoco\/wp-content\/uploads\/2026\/01\/cha_1769188861822-1024x576.jpg\" alt=\"Quatro ch\u00e1s seguros para ajudar no processo de emagrecimento\" class=\"wp-image-159408\" srcset=\"https:\/\/www.em.com.br\/emfoco\/wp-content\/uploads\/2026\/01\/cha_1769188861822-1024x576.jpg 1024w, https:\/\/www.em.com.br\/emfoco\/wp-content\/uploads\/2026\/01\/cha_1769188861822-300x169.jpg 300w, https:\/\/www.em.com.br\/emfoco\/wp-content\/uploads\/2026\/01\/cha_1769188861822-768x432.jpg 768w, https:\/\/www.em.com.br\/emfoco\/wp-content\/uploads\/2026\/01\/cha_1769188861822-750x422.jpg 750w, https:\/\/www.em.com.br\/emfoco\/wp-content\/uploads\/2026\/01\/cha_1769188861822-1140x641.jpg 1140w, https:\/\/www.em.com.br\/emfoco\/wp-content\/uploads\/2026\/01\/cha_1769188861822.jpg 1280w\" sizes=\"auto, (max-width: 1024px) 100vw, 1024px\" \/><figcaption class=\"wp-element-caption\">Por que acordar \u00e0s 3h da manh\u00e3 em p\u00e2nico \u00e9 um sinal de alerta &#8211; Cr\u00e9ditos: depositphotos.com \/ AllaSerebrina<\/figcaption><\/figure><\/div>\n\n\n<h2 class=\"wp-block-heading\">Quais os perigos do excesso de cortisol \u00e0 noite?<\/h2>\n\n\n\n<p>Manter o <strong>cortisol elevado<\/strong> durante o sono \u00e9 um veneno para o metabolismo a longo prazo. O corpo entra em um estado de estresse cr\u00f4nico que sobrecarrega o <strong>p\u00e2ncreas<\/strong> e danifica o sistema cardiovascular, dobrando as chances de problemas graves.<\/p>\n\n\n\n<p>Abaixo, veja os principais danos que esse ciclo de p\u00e2nico causa no seu corpo.<\/p>\n\n\n\n<div class=\"google-auto-ads-ignore\" style=\"box-sizing: border-box; display: flex; flex-direction: column; width: 100%; max-width: 800px; margin: 30px auto; background-color: #ffffff; color: #1a222c; border-radius: 12px; overflow: hidden; font-family: 'Segoe UI', sans-serif; box-shadow: 0 4px 15px rgba(0,0,0,0.1); border: 1px solid rgba(0,0,0,0.05); position: relative; z-index: 5;\">\n\n  <div style=\"background-color: #ADD8E6; padding: 25px; border-bottom: 3px solid #8cbccd; text-align: center;\">\n    <h2 style=\"margin: 0; color: #003a8c; font-size: 1.5rem;\">\u26a0\ufe0f Danos do ciclo de p\u00e2nico no corpo<\/h2>\n    <div style=\"font-size: 0.95rem; margin-top: 8px; opacity: 0.9;\">Como o estresse cont\u00ednuo impacta sua sa\u00fade f\u00edsica e funcional<\/div>\n  <\/div>\n\n  <div style=\"padding: 25px; display: flex; flex-wrap: wrap; gap: 20px;\">\n    \n    <div style=\"flex: 1 1 220px; background-color: #f0faff; border-radius: 8px; padding: 20px; border: 1px solid rgba(0,0,0,0.05); box-shadow: 0 2px 5px rgba(0,0,0,0.02);\">\n      <h3 style=\"margin: 0 0 15px 0; color: #003a8c; font-size: 1.1rem; font-weight: bold; border-bottom: 1px solid #ADD8E6; padding-bottom: 8px;\">\n        \ud83d\udcaa M\u00fasculos\n      <\/h3>\n      <div style=\"margin-bottom: 12px;\">\n        <strong style=\"display: block; font-size: 0.85rem; opacity: 0.8; margin-bottom: 4px;\">Problema causado<\/strong>\n        <div style=\"font-size: 1rem; font-weight: 500;\">Sarcopenia<\/div>\n      <\/div>\n      <div>\n        <strong style=\"display: block; font-size: 0.85rem; opacity: 0.8; margin-bottom: 4px;\">Consequ\u00eancia<\/strong>\n        <div style=\"font-size: 0.95rem;\">Perda de for\u00e7a e massa magra<\/div>\n      <\/div>\n    <\/div>\n\n    <div style=\"flex: 1 1 220px; background-color: #f0faff; border-radius: 8px; padding: 20px; border: 1px solid rgba(0,0,0,0.05); box-shadow: 0 2px 5px rgba(0,0,0,0.02);\">\n      <h3 style=\"margin: 0 0 15px 0; color: #003a8c; font-size: 1.1rem; font-weight: bold; border-bottom: 1px solid #ADD8E6; padding-bottom: 8px;\">\n        \ud83d\udd04 Metabolismo\n      <\/h3>\n      <div style=\"margin-bottom: 12px;\">\n        <strong style=\"display: block; font-size: 0.85rem; opacity: 0.8; margin-bottom: 4px;\">Problema causado<\/strong>\n        <div style=\"font-size: 1rem; font-weight: 500;\">Resist\u00eancia \u00e0 insulina<\/div>\n      <\/div>\n      <div>\n        <strong style=\"display: block; font-size: 0.85rem; opacity: 0.8; margin-bottom: 4px;\">Consequ\u00eancia<\/strong>\n        <div style=\"font-size: 0.95rem;\">Risco alto de diabetes tipo 2<\/div>\n      <\/div>\n    <\/div>\n\n    <div style=\"flex: 1 1 220px; background-color: #f0faff; border-radius: 8px; padding: 20px; border: 1px solid rgba(0,0,0,0.05); box-shadow: 0 2px 5px rgba(0,0,0,0.02);\">\n      <h3 style=\"margin: 0 0 15px 0; color: #003a8c; font-size: 1.1rem; font-weight: bold; border-bottom: 1px solid #ADD8E6; padding-bottom: 8px;\">\n        \u2764\ufe0f Cora\u00e7\u00e3o\n      <\/h3>\n      <div style=\"margin-bottom: 12px;\">\n        <strong style=\"display: block; font-size: 0.85rem; opacity: 0.8; margin-bottom: 4px;\">Problema causado<\/strong>\n        <div style=\"font-size: 1rem; font-weight: 500;\">Inflama\u00e7\u00e3o arterial<\/div>\n      <\/div>\n      <div>\n        <strong style=\"display: block; font-size: 0.85rem; opacity: 0.8; margin-bottom: 4px;\">Consequ\u00eancia<\/strong>\n        <div style=\"font-size: 0.95rem;\">Maior risco de infarto<\/div>\n      <\/div>\n    <\/div>\n\n  <\/div>\n<\/div>\n\n\n\n<h2 class=\"wp-block-heading\">Como o ch\u00e1 de folha de goiabeira pode ajudar?<\/h2>\n\n\n\n<p>Uma solu\u00e7\u00e3o natural e eficaz para estabilizar a <strong>glicose<\/strong> \u00e9 o <strong>ch\u00e1 de folha de goiabeira<\/strong>. Ele cont\u00e9m flavonoides que evitam a queda brusca de a\u00e7\u00facar, impedindo que o c\u00e9rebro dispare o alarme de p\u00e2nico no meio da madrugada.<\/p>\n\n\n\n<p>Para preparar o rem\u00e9dio caseiro de forma correta e garantir o efeito <strong>anti-inflamat\u00f3rio<\/strong> no f\u00edgado, siga estes passos:<\/p>\n\n\n\n<ul class=\"wp-block-list\">\n<li><strong>Separe<\/strong> de 3 a 5 folhas frescas de goiabeira.<\/li>\n\n\n\n<li><strong>Aque\u00e7a<\/strong> 300ml de \u00e1gua sem deixar ferver totalmente.<\/li>\n\n\n\n<li><strong>Abafe<\/strong> as folhas na \u00e1gua por 10 minutos.<\/li>\n\n\n\n<li><strong>Beba<\/strong> cerca de 30 a 45 minutos antes de deitar.<\/li>\n<\/ul>\n\n\n\n<h2 class=\"wp-block-heading\">Quais mudan\u00e7as no jantar evitam o despertar?<\/h2>\n\n\n\n<p>Al\u00e9m do ch\u00e1, o que voc\u00ea come na \u00faltima refei\u00e7\u00e3o decide a qualidade do seu <strong>sono<\/strong>. Trocar os <strong>carboidratos refinados<\/strong> por prote\u00ednas e gorduras boas garante que o n\u00edvel de a\u00e7\u00facar fique constante, evitando que as <strong>gl\u00e2ndulas suprarrenais<\/strong> entrem em a\u00e7\u00e3o desnecess\u00e1ria.<\/p>\n\n\n\n<p>Evitar a <strong>luz azul<\/strong> de celulares e praticar a t\u00e9cnica de <strong>respira\u00e7\u00e3o 4-7-8<\/strong> (inspira 4s, segura 7s, expira 8s) tamb\u00e9m ajuda a acalmar o sistema nervoso. Essas medidas simples reduzem a press\u00e3o arterial e protegem suas <strong>art\u00e9rias<\/strong> contra a inflama\u00e7\u00e3o noturna.<\/p>\n\n\n\n<p>No v\u00eddeo a seguir, do canal <a href=\"https:\/\/www.youtube.com\/@CardioDF\" target=\"_blank\" rel=\"noreferrer noopener\">Cardio DF \u2014 Cardiologia e sa\u00fade cardiovascular em Bras\u00edlia (DF)<\/a>, \u00e9 explicado como lidar com o p\u00e2nico noturno ajuda a fortalecer o organismo e proteger sua sa\u00fade.<\/p>\n\n\n\n<figure class=\"wp-block-embed aligncenter is-type-video is-provider-youtube wp-block-embed-youtube wp-embed-aspect-16-9 wp-has-aspect-ratio\"><div class=\"wp-block-embed__wrapper\">\n<div class=\"jeg_video_container jeg_video_content\"><iframe loading=\"lazy\" title=\"Acorda Sempre \u00e0 Noite? TOME 1 X\u00cdCARA Antes de Dormir e o Cortisol Despenca em Minutos!\" width=\"500\" height=\"281\" src=\"https:\/\/www.youtube.com\/embed\/3eL5jf4t8W0?feature=oembed\" frameborder=\"0\" allow=\"accelerometer; autoplay; clipboard-write; encrypted-media; gyroscope; picture-in-picture; web-share\" referrerpolicy=\"strict-origin-when-cross-origin\" allowfullscreen><\/iframe><\/div>\n<\/div><\/figure>\n\n\n\n<p>Leia mais: <a href=\"https:\/\/www.em.com.br\/emgiro\/2026\/02\/7356360-pesquisa-indicam-dormir-tarde-pode-prejudicar-o-coracao.html\" target=\"_blank\" rel=\"noreferrer noopener\">Pesquisa indicam: dormir tarde pode prejudicar o cora\u00e7\u00e3o<\/a><\/p>\n\n\n\n<h2 class=\"wp-block-heading\">Quando a ins\u00f4nia precisa de investiga\u00e7\u00e3o m\u00e9dica?<\/h2>\n\n\n\n<p>Estabilizar o metabolismo antes de dormir \u00e9 o segredo para interromper esse ciclo de estresse e garantir que seu cora\u00e7\u00e3o e suas art\u00e9rias fiquem protegidos durante a noite. <\/p>\n\n\n\n<p>Se mesmo ajustando a <strong>dieta<\/strong> e usando o <strong>ch\u00e1 de goiabeira<\/strong> voc\u00ea continuar acordando em p\u00e2nico por mais de duas semanas, \u00e9 hora de procurar um especialista. O problema pode estar escondido em condi\u00e7\u00f5es como a <strong>apneia do sono<\/strong> ou dist\u00farbios na <strong>tireoide<\/strong>.<\/p>\n\n\n\n<p>N\u00e3o ignore os sinais de um corpo em modo de emerg\u00eancia. Cuidar da <strong>sa\u00fade metab\u00f3lica<\/strong> e reduzir o estresse \u00e9 o \u00fanico caminho para acordar descansado e manter o <strong>cora\u00e7\u00e3o saud\u00e1vel<\/strong> por muitos anos. O p\u00e2nico das 3h tem cura, e ela come\u00e7a com h\u00e1bitos mais <strong>intencionais<\/strong> antes de dormir.<\/p>\n","protected":false},"excerpt":{"rendered":"<p>Muita gente acha que acordar \u00e0s 3h da manh\u00e3 com o cora\u00e7\u00e3o disparado \u00e9 apenas ins\u00f4nia, mas os cardiologistas explicam que isso \u00e9 um sinal de emerg\u00eancia do corpo. Esse p\u00e2nico noturno acontece quando o seu a\u00e7\u00facar no sangue despenca, for\u00e7ando o organismo a liberar uma descarga perigosa de cortisol e adrenalina. Como o a\u00e7\u00facar [&hellip;]<\/p>\n","protected":false},"author":20,"featured_media":170650,"comment_status":"open","ping_status":"open","sticky":false,"template":"","format":"standard","meta":{"jnews-multi-image_gallery":[],"jnews_single_post":{"format":"standard"},"jnews_primary_category":[],"jnews_social_meta":[],"jnews_override_counter":[],"footnotes":""},"categories":[8819,20108],"tags":[24828,3124],"class_list":["post-170776","post","type-post","status-publish","format-standard","has-post-thumbnail","hentry","category-curiosidades","category-noticia","tag-acordar-de-madrugada","tag-panico"],"yoast_head":"<!-- This site is optimized with the Yoast SEO plugin v23.8 - https:\/\/yoast.com\/wordpress\/plugins\/seo\/ -->\n<title>Acorda \u00e0s 3h da manh\u00e3 com cora\u00e7\u00e3o disparado? Saiba por que n\u00e3o \u00e9 s\u00f3 ins\u00f4nia - Estado de Minas - Em foco<\/title>\n<meta name=\"description\" content=\"Entenda por que acordar \u00e0s 3h da manh\u00e3 em p\u00e2nico pode ser um sinal de estresse e queda de a\u00e7\u00facar, e veja como o ch\u00e1 de goiabeira ajuda a resolver.\" \/>\n<meta name=\"robots\" content=\"index, follow, max-snippet:-1, max-image-preview:large, max-video-preview:-1\" \/>\n<link rel=\"canonical\" href=\"https:\/\/www.em.com.br\/emfoco\/2026\/02\/19\/acorda-as-3h-da-manha-com-coracao-disparado-saiba-por-que-nao-e-so-insonia\/\" \/>\n<meta property=\"og:locale\" content=\"pt_BR\" \/>\n<meta property=\"og:type\" content=\"article\" \/>\n<meta property=\"og:title\" content=\"Acorda \u00e0s 3h da manh\u00e3 com cora\u00e7\u00e3o disparado? Saiba por que n\u00e3o \u00e9 s\u00f3 ins\u00f4nia - Estado de Minas - Em foco\" \/>\n<meta property=\"og:description\" content=\"Entenda por que acordar \u00e0s 3h da manh\u00e3 em p\u00e2nico pode ser um sinal de estresse e queda de a\u00e7\u00facar, e veja como o ch\u00e1 de goiabeira ajuda a resolver.\" \/>\n<meta property=\"og:url\" content=\"https:\/\/www.em.com.br\/emfoco\/2026\/02\/19\/acorda-as-3h-da-manha-com-coracao-disparado-saiba-por-que-nao-e-so-insonia\/\" \/>\n<meta property=\"og:site_name\" content=\"Estado de Minas - Em foco\" \/>\n<meta property=\"article:published_time\" content=\"2026-02-19T17:15:00+00:00\" \/>\n<meta property=\"article:modified_time\" content=\"2026-02-18T20:48:17+00:00\" \/>\n<meta property=\"og:image\" content=\"https:\/\/www.em.com.br\/emfoco\/wp-content\/uploads\/2026\/02\/deitada-insonia-ansiedade-cama-mulher.png\" \/>\n\t<meta property=\"og:image:width\" content=\"1280\" \/>\n\t<meta property=\"og:image:height\" content=\"720\" \/>\n\t<meta property=\"og:image:type\" content=\"image\/png\" \/>\n<meta name=\"author\" content=\"Ingrid Diniz\" \/>\n<meta name=\"twitter:card\" content=\"summary_large_image\" \/>\n<meta name=\"twitter:label1\" content=\"Escrito por\" \/>\n\t<meta name=\"twitter:data1\" content=\"Ingrid Diniz\" \/>\n\t<meta name=\"twitter:label2\" content=\"Est. tempo de leitura\" \/>\n\t<meta name=\"twitter:data2\" content=\"4 minutos\" \/>\n<!-- \/ Yoast SEO plugin. -->","yoast_head_json":{"title":"Acorda \u00e0s 3h da manh\u00e3 com cora\u00e7\u00e3o disparado? Saiba por que n\u00e3o \u00e9 s\u00f3 ins\u00f4nia - Estado de Minas - Em foco","description":"Entenda por que acordar \u00e0s 3h da manh\u00e3 em p\u00e2nico pode ser um sinal de estresse e queda de a\u00e7\u00facar, e veja como o ch\u00e1 de goiabeira ajuda a resolver.","robots":{"index":"index","follow":"follow","max-snippet":"max-snippet:-1","max-image-preview":"max-image-preview:large","max-video-preview":"max-video-preview:-1"},"canonical":"https:\/\/www.em.com.br\/emfoco\/2026\/02\/19\/acorda-as-3h-da-manha-com-coracao-disparado-saiba-por-que-nao-e-so-insonia\/","og_locale":"pt_BR","og_type":"article","og_title":"Acorda \u00e0s 3h da manh\u00e3 com cora\u00e7\u00e3o disparado? Saiba por que n\u00e3o \u00e9 s\u00f3 ins\u00f4nia - Estado de Minas - Em foco","og_description":"Entenda por que acordar \u00e0s 3h da manh\u00e3 em p\u00e2nico pode ser um sinal de estresse e queda de a\u00e7\u00facar, e veja como o ch\u00e1 de goiabeira ajuda a resolver.","og_url":"https:\/\/www.em.com.br\/emfoco\/2026\/02\/19\/acorda-as-3h-da-manha-com-coracao-disparado-saiba-por-que-nao-e-so-insonia\/","og_site_name":"Estado de Minas - Em foco","article_published_time":"2026-02-19T17:15:00+00:00","article_modified_time":"2026-02-18T20:48:17+00:00","og_image":[{"width":1280,"height":720,"url":"https:\/\/www.em.com.br\/emfoco\/wp-content\/uploads\/2026\/02\/deitada-insonia-ansiedade-cama-mulher.png","type":"image\/png"}],"author":"Ingrid Diniz","twitter_card":"summary_large_image","twitter_misc":{"Escrito por":"Ingrid Diniz","Est. tempo de leitura":"4 minutos"},"schema":{"@context":"https:\/\/schema.org","@graph":[{"@type":"WebPage","@id":"https:\/\/www.em.com.br\/emfoco\/2026\/02\/19\/acorda-as-3h-da-manha-com-coracao-disparado-saiba-por-que-nao-e-so-insonia\/","url":"https:\/\/www.em.com.br\/emfoco\/2026\/02\/19\/acorda-as-3h-da-manha-com-coracao-disparado-saiba-por-que-nao-e-so-insonia\/","name":"Acorda \u00e0s 3h da manh\u00e3 com cora\u00e7\u00e3o disparado? Saiba por que n\u00e3o \u00e9 s\u00f3 ins\u00f4nia - Estado de Minas - Em foco","isPartOf":{"@id":"https:\/\/www.em.com.br\/emfoco\/#website"},"primaryImageOfPage":{"@id":"https:\/\/www.em.com.br\/emfoco\/2026\/02\/19\/acorda-as-3h-da-manha-com-coracao-disparado-saiba-por-que-nao-e-so-insonia\/#primaryimage"},"image":{"@id":"https:\/\/www.em.com.br\/emfoco\/2026\/02\/19\/acorda-as-3h-da-manha-com-coracao-disparado-saiba-por-que-nao-e-so-insonia\/#primaryimage"},"thumbnailUrl":"https:\/\/www.em.com.br\/emfoco\/wp-content\/uploads\/2026\/02\/deitada-insonia-ansiedade-cama-mulher.png","datePublished":"2026-02-19T17:15:00+00:00","dateModified":"2026-02-18T20:48:17+00:00","author":{"@id":"https:\/\/www.em.com.br\/emfoco\/#\/schema\/person\/649e610b4eb8fff87ff394e54fe17b2b"},"description":"Entenda por que acordar \u00e0s 3h da manh\u00e3 em p\u00e2nico pode ser um sinal de estresse e queda de a\u00e7\u00facar, e veja como o ch\u00e1 de goiabeira ajuda a resolver.","breadcrumb":{"@id":"https:\/\/www.em.com.br\/emfoco\/2026\/02\/19\/acorda-as-3h-da-manha-com-coracao-disparado-saiba-por-que-nao-e-so-insonia\/#breadcrumb"},"inLanguage":"pt-BR","potentialAction":[{"@type":"ReadAction","target":["https:\/\/www.em.com.br\/emfoco\/2026\/02\/19\/acorda-as-3h-da-manha-com-coracao-disparado-saiba-por-que-nao-e-so-insonia\/"]}]},{"@type":"ImageObject","inLanguage":"pt-BR","@id":"https:\/\/www.em.com.br\/emfoco\/2026\/02\/19\/acorda-as-3h-da-manha-com-coracao-disparado-saiba-por-que-nao-e-so-insonia\/#primaryimage","url":"https:\/\/www.em.com.br\/emfoco\/wp-content\/uploads\/2026\/02\/deitada-insonia-ansiedade-cama-mulher.png","contentUrl":"https:\/\/www.em.com.br\/emfoco\/wp-content\/uploads\/2026\/02\/deitada-insonia-ansiedade-cama-mulher.png","width":1280,"height":720,"caption":"M\u00e1 qualidade do sono aumenta riscos card\u00edacos e prejudica mem\u00f3ria"},{"@type":"BreadcrumbList","@id":"https:\/\/www.em.com.br\/emfoco\/2026\/02\/19\/acorda-as-3h-da-manha-com-coracao-disparado-saiba-por-que-nao-e-so-insonia\/#breadcrumb","itemListElement":[{"@type":"ListItem","position":1,"name":"In\u00edcio","item":"https:\/\/www.em.com.br\/emfoco\/"},{"@type":"ListItem","position":2,"name":"Acorda \u00e0s 3h da manh\u00e3 com cora\u00e7\u00e3o disparado? Saiba por que n\u00e3o \u00e9 s\u00f3 ins\u00f4nia"}]},{"@type":"WebSite","@id":"https:\/\/www.em.com.br\/emfoco\/#website","url":"https:\/\/www.em.com.br\/emfoco\/","name":"Estado de Minas - Em foco","description":"Acompanhe as \u00faltimas not\u00edcias e fique bem informado sobre tudo o que acontece em Minas Gerais, Brasil e no mundo.","potentialAction":[{"@type":"SearchAction","target":{"@type":"EntryPoint","urlTemplate":"https:\/\/www.em.com.br\/emfoco\/?s={search_term_string}"},"query-input":{"@type":"PropertyValueSpecification","valueRequired":true,"valueName":"search_term_string"}}],"inLanguage":"pt-BR"},{"@type":"Person","@id":"https:\/\/www.em.com.br\/emfoco\/#\/schema\/person\/649e610b4eb8fff87ff394e54fe17b2b","name":"Ingrid Diniz","image":{"@type":"ImageObject","inLanguage":"pt-BR","@id":"https:\/\/www.em.com.br\/emfoco\/#\/schema\/person\/image\/","url":"https:\/\/secure.gravatar.com\/avatar\/a3baa1449ec5c39b4c42babc9d4f3951?s=96&d=mm&r=g","contentUrl":"https:\/\/secure.gravatar.com\/avatar\/a3baa1449ec5c39b4c42babc9d4f3951?s=96&d=mm&r=g","caption":"Ingrid Diniz"},"sameAs":["https:\/\/www.em.com.br\/"],"url":"https:\/\/www.em.com.br\/emfoco\/author\/ingridmyth\/"}]}},"_links":{"self":[{"href":"https:\/\/www.em.com.br\/emfoco\/wp-json\/wp\/v2\/posts\/170776","targetHints":{"allow":["GET"]}}],"collection":[{"href":"https:\/\/www.em.com.br\/emfoco\/wp-json\/wp\/v2\/posts"}],"about":[{"href":"https:\/\/www.em.com.br\/emfoco\/wp-json\/wp\/v2\/types\/post"}],"author":[{"embeddable":true,"href":"https:\/\/www.em.com.br\/emfoco\/wp-json\/wp\/v2\/users\/20"}],"replies":[{"embeddable":true,"href":"https:\/\/www.em.com.br\/emfoco\/wp-json\/wp\/v2\/comments?post=170776"}],"version-history":[{"count":2,"href":"https:\/\/www.em.com.br\/emfoco\/wp-json\/wp\/v2\/posts\/170776\/revisions"}],"predecessor-version":[{"id":171157,"href":"https:\/\/www.em.com.br\/emfoco\/wp-json\/wp\/v2\/posts\/170776\/revisions\/171157"}],"wp:featuredmedia":[{"embeddable":true,"href":"https:\/\/www.em.com.br\/emfoco\/wp-json\/wp\/v2\/media\/170650"}],"wp:attachment":[{"href":"https:\/\/www.em.com.br\/emfoco\/wp-json\/wp\/v2\/media?parent=170776"}],"wp:term":[{"taxonomy":"category","embeddable":true,"href":"https:\/\/www.em.com.br\/emfoco\/wp-json\/wp\/v2\/categories?post=170776"},{"taxonomy":"post_tag","embeddable":true,"href":"https:\/\/www.em.com.br\/emfoco\/wp-json\/wp\/v2\/tags?post=170776"}],"curies":[{"name":"wp","href":"https:\/\/api.w.org\/{rel}","templated":true}]}}