{"id":170620,"date":"2026-02-18T21:55:00","date_gmt":"2026-02-19T00:55:00","guid":{"rendered":"https:\/\/www.em.com.br\/emfoco\/?p=170620"},"modified":"2026-02-17T17:39:41","modified_gmt":"2026-02-17T20:39:41","slug":"o-habito-invisivel-que-separa-pessoas-comuns-de-pessoas-excelentes","status":"publish","type":"post","link":"https:\/\/www.em.com.br\/emfoco\/2026\/02\/18\/o-habito-invisivel-que-separa-pessoas-comuns-de-pessoas-excelentes\/","title":{"rendered":"O h\u00e1bito invis\u00edvel que separa pessoas comuns de pessoas excelentes"},"content":{"rendered":"\n<p>O <strong>perigo do desleixo<\/strong> raramente aparece como uma explos\u00e3o imediata; ele se disfar\u00e7a em pequenas concess\u00f5es que fazemos ao longo do dia. Assim como um grande inc\u00eandio florestal pode come\u00e7ar com uma fagulha boba, a nossa <strong>deteriora\u00e7\u00e3o pessoal<\/strong> e profissional nasce de neglig\u00eancias que decidimos ignorar.<\/p>\n\n\n\n<h2 class=\"wp-block-heading\">Como a l\u00f3gica das pequenas falhas destr\u00f3i a nossa rotina?<\/h2>\n\n\n\n<p>Ningu\u00e9m acorda e decide arruinar a pr\u00f3pria vida de uma hora para outra. O que acontece \u00e9 a <strong>proximidade com a mediocridade<\/strong>, aquele h\u00e1bito perigoso de aceitar o &#8220;de qualquer jeito&#8221; como padr\u00e3o. Quando voc\u00ea tolera o malfeito uma vez, abre a porta para que o <strong>descuido<\/strong> vire a sua nova regra de conduta.<\/p>\n\n\n\n<p>A li\u00e7\u00e3o do <strong>Corpo de Bombeiros Militar<\/strong> \u00e9 clara: nenhum inc\u00eandio come\u00e7a grande. Na vida, as crises nos relacionamentos ou no trabalho s\u00e3o apenas o resultado de centenas de <strong>pequenas falhas<\/strong> que n\u00e3o foram apagadas logo no in\u00edcio por pura pregui\u00e7a ou falta de aten\u00e7\u00e3o.<\/p>\n\n\n<div class=\"wp-block-image\">\n<figure class=\"aligncenter size-large\"><img loading=\"lazy\" decoding=\"async\" width=\"1024\" height=\"576\" src=\"https:\/\/www.em.com.br\/emfoco\/wp-content\/uploads\/2026\/02\/pia-limpeza-cozinha-1024x576.png\" alt=\"\" class=\"wp-image-170683\" srcset=\"https:\/\/www.em.com.br\/emfoco\/wp-content\/uploads\/2026\/02\/pia-limpeza-cozinha-1024x576.png 1024w, https:\/\/www.em.com.br\/emfoco\/wp-content\/uploads\/2026\/02\/pia-limpeza-cozinha-300x169.png 300w, https:\/\/www.em.com.br\/emfoco\/wp-content\/uploads\/2026\/02\/pia-limpeza-cozinha-768x432.png 768w, https:\/\/www.em.com.br\/emfoco\/wp-content\/uploads\/2026\/02\/pia-limpeza-cozinha-750x422.png 750w, https:\/\/www.em.com.br\/emfoco\/wp-content\/uploads\/2026\/02\/pia-limpeza-cozinha-1140x641.png 1140w, https:\/\/www.em.com.br\/emfoco\/wp-content\/uploads\/2026\/02\/pia-limpeza-cozinha.png 1280w\" sizes=\"auto, (max-width: 1024px) 100vw, 1024px\" \/><figcaption class=\"wp-element-caption\">O perigo do desleixo come\u00e7a com uma simples fa\u00edsca<\/figcaption><\/figure><\/div>\n\n\n<h2 class=\"wp-block-heading\">O que a teoria da lou\u00e7a suja revela sobre o nosso padr\u00e3o interno?<\/h2>\n\n\n\n<p>A met\u00e1fora da lou\u00e7a na pia \u00e9 o exemplo perfeito de como a gente se adapta ao caos. O problema n\u00e3o \u00e9 o prato sujo em si, mas a <strong>familiaridade com o desleixo<\/strong> que criamos ao deixar para depois. Quando aquela pilha de lou\u00e7a para de incomodar os seus olhos, o seu <strong>padr\u00e3o interno<\/strong> de ordem j\u00e1 foi quebrado.<\/p>\n\n\n\n<p>Existem basicamente dois perfis de comportamento diante da desordem:<\/p>\n\n\n\n<ul class=\"wp-block-list\">\n<li><strong>O vigilante:<\/strong> N\u00e3o descansa enquanto a tarefa n\u00e3o for conclu\u00edda, mantendo a <strong>disciplina<\/strong> em dia.<\/li>\n\n\n\n<li><strong>O adaptado:<\/strong> Acostuma-se com a bagun\u00e7a e para de perceber o inc\u00f4modo, mergulhando na <strong>mediocridade<\/strong>.<\/li>\n<\/ul>\n\n\n\n<h2 class=\"wp-block-heading\">\u00c9 poss\u00edvel sentir prazer em realizar tarefas consideradas chatas?<\/h2>\n\n\n\n<p>Muita gente acredita que s\u00f3 deve fazer bem aquilo que ama, mas o segredo da <strong>excel\u00eancia<\/strong> \u00e9 colocar m\u00e9todo at\u00e9 no que \u00e9 desagrad\u00e1vel. Ao come\u00e7ar uma tarefa de m\u00e1 vontade, mas com <strong>organiza\u00e7\u00e3o<\/strong>, voc\u00ea acaba se envolvendo no processo e aprimora a execu\u00e7\u00e3o de forma natural.<\/p>\n\n\n\n<p>O prazer n\u00e3o vem da tarefa chata, mas do <strong>orgulho do resultado <\/strong>e da sensa\u00e7\u00e3o de dever cumprido. Contemplar um ambiente limpo ou um relat\u00f3rio impec\u00e1vel gera uma pequena celebra\u00e7\u00e3o interna que refor\u00e7a a sua <strong>autoestima<\/strong> e a sua capacidade de realiza\u00e7\u00e3o.<\/p>\n\n\n\n<p>Leia mais: <a href=\"https:\/\/www.em.com.br\/trends\/2026\/02\/7353588-7-habitos-simples-para-proteger-a-saude-do-seu-coracao-todos-os-dias.html\" target=\"_blank\" rel=\"noreferrer noopener\">7 h\u00e1bitos simples para proteger a sa\u00fade do seu cora\u00e7\u00e3o todos os dias<\/a><\/p>\n\n\n\n<h2 class=\"wp-block-heading\">Por que o capricho \u00e9 o \u00fanico ant\u00eddoto contra a mediocridade?<\/h2>\n\n\n\n<p>O <strong>capricho<\/strong> nada mais \u00e9 do que fazer o seu melhor, mesmo quando n\u00e3o h\u00e1 vontade inicial ou ningu\u00e9m est\u00e1 olhando. Esse cuidado especial deve ser a base de tudo: na fam\u00edlia, na escola, na empresa e at\u00e9 na <strong>pol\u00edtica<\/strong>, pois ele impede que as fa\u00edscas de neglig\u00eancia virem um inc\u00eandio.<\/p>\n\n\n\n<p>Veja como o cuidado constante transforma diferentes \u00e1reas da nossa vida:<\/p>\n\n\n\n<div class=\"google-auto-ads-ignore\" style=\"box-sizing: border-box; display: flex; flex-direction: column; width: 100%; max-width: 800px; margin: 30px auto; background-color: #ffffff; color: #1a222c; border-radius: 12px; overflow: hidden; font-family: 'Segoe UI', sans-serif; box-shadow: 0 4px 15px rgba(0,0,0,0.1); border: 1px solid rgba(0,0,0,0.05); position: relative; z-index: 5;\">\n\n  <div style=\"background-color: #fff7e6; padding: 25px; border-bottom: 3px solid #d46b08; text-align: center;\">\n    <h2 style=\"margin: 0; color: #873800; font-size: 1.5rem;\">\u2728 O impacto do cuidado constante<\/h2>\n    <div style=\"font-size: 0.95rem; margin-top: 8px; opacity: 0.9;\">Como o capricho transforma diferentes \u00e1reas da nossa vida<\/div>\n  <\/div>\n\n  <div style=\"padding: 25px; display: flex; flex-wrap: wrap; gap: 20px;\">\n    \n    <div style=\"flex: 1 1 230px; background-color: #ffffff; border-radius: 8px; padding: 20px; border: 1px solid rgba(0,0,0,0.05); box-shadow: 0 2px 5px rgba(0,0,0,0.02);\">\n      <h3 style=\"margin: 0 0 15px 0; color: #d46b08; font-size: 1.1rem; font-weight: bold; border-bottom: 1px solid rgba(0,0,0,0.1); padding-bottom: 8px;\">\n        \ud83e\udd1d Relacionamentos\n      <\/h3>\n      \n      <div style=\"margin-bottom: 12px;\">\n        <strong style=\"display: block; font-size: 0.85rem; opacity: 0.8; margin-bottom: 4px;\">A\u00e7\u00e3o com capricho<\/strong>\n        <div style=\"font-size: 1rem; font-weight: 500;\">Aten\u00e7\u00e3o aos pequenos detalhes e gentilezas.<\/div>\n      <\/div>\n\n      <div style=\"margin-bottom: 12px;\">\n        <strong style=\"display: block; font-size: 0.85rem; opacity: 0.8; margin-bottom: 4px;\">Resultado a longo prazo<\/strong>\n        <div style=\"font-size: 1rem; font-weight: 500;\">Conex\u00f5es fortes e confian\u00e7a m\u00fatua.<\/div>\n      <\/div>\n    <\/div>\n\n    <div style=\"flex: 1 1 230px; background-color: #ffffff; border-radius: 8px; padding: 20px; border: 1px solid rgba(0,0,0,0.05); box-shadow: 0 2px 5px rgba(0,0,0,0.02);\">\n      <h3 style=\"margin: 0 0 15px 0; color: #d46b08; font-size: 1.1rem; font-weight: bold; border-bottom: 1px solid rgba(0,0,0,0.1); padding-bottom: 8px;\">\n        \ud83d\udcbc Carreira\n      <\/h3>\n      \n      <div style=\"margin-bottom: 12px;\">\n        <strong style=\"display: block; font-size: 0.85rem; opacity: 0.8; margin-bottom: 4px;\">A\u00e7\u00e3o com capricho<\/strong>\n        <div style=\"font-size: 1rem; font-weight: 500;\">Entrega de trabalhos completos e revisados.<\/div>\n      <\/div>\n\n      <div style=\"margin-bottom: 12px;\">\n        <strong style=\"display: block; font-size: 0.85rem; opacity: 0.8; margin-bottom: 4px;\">Resultado a longo prazo<\/strong>\n        <div style=\"font-size: 1rem; font-weight: 500;\">Reconhecimento e novas oportunidades.<\/div>\n      <\/div>\n    <\/div>\n\n    <div style=\"flex: 1 1 230px; background-color: #ffffff; border-radius: 8px; padding: 20px; border: 1px solid rgba(0,0,0,0.05); box-shadow: 0 2px 5px rgba(0,0,0,0.02);\">\n      <h3 style=\"margin: 0 0 15px 0; color: #d46b08; font-size: 1.1rem; font-weight: bold; border-bottom: 1px solid rgba(0,0,0,0.1); padding-bottom: 8px;\">\n        \ud83e\udde0 Sa\u00fade mental\n      <\/h3>\n      \n      <div style=\"margin-bottom: 12px;\">\n        <strong style=\"display: block; font-size: 0.85rem; opacity: 0.8; margin-bottom: 4px;\">A\u00e7\u00e3o com capricho<\/strong>\n        <div style=\"font-size: 1rem; font-weight: 500;\">Manuten\u00e7\u00e3o da ordem e rotina pessoal.<\/div>\n      <\/div>\n\n      <div style=\"margin-bottom: 12px;\">\n        <strong style=\"display: block; font-size: 0.85rem; opacity: 0.8; margin-bottom: 4px;\">Resultado a longo prazo<\/strong>\n        <div style=\"font-size: 1rem; font-weight: 500;\">Menos estresse e maior clareza mental.<\/div>\n      <\/div>\n    <\/div>\n\n  <\/div>\n<\/div>\n\n\n\n<h2 class=\"wp-block-heading\">Como manter a vigil\u00e2ncia sobre as escolhas di\u00e1rias?<\/h2>\n\n\n\n<p>Cultivar a vigil\u00e2ncia sobre as pr\u00f3prias a\u00e7\u00f5es \u00e9 o que separa quem apenas sobrevive de quem alcan\u00e7a a excel\u00eancia em todas as \u00e1reas da vida. No v\u00eddeo a seguir, do <a href=\"https:\/\/www.youtube.com\/@CanaldoCortella\" target=\"_blank\" rel=\"noreferrer noopener\">Canal do Cortella<\/a>, \u00e9 explicado como combater o perigo do desleixo ajuda a fortalecer o organismo e proteger sua sa\u00fade.<\/p>\n\n\n\n<figure class=\"wp-block-embed aligncenter is-type-video is-provider-youtube wp-block-embed-youtube wp-embed-aspect-16-9 wp-has-aspect-ratio\"><div class=\"wp-block-embed__wrapper\">\n<div class=\"jeg_video_container jeg_video_content\"><iframe loading=\"lazy\" title=\"A Teoria da Lou\u00e7a Suja: Por que sua vida travou? | Mario Sergio Cortella\" width=\"500\" height=\"281\" src=\"https:\/\/www.youtube.com\/embed\/RIX59BccBOw?feature=oembed\" frameborder=\"0\" allow=\"accelerometer; autoplay; clipboard-write; encrypted-media; gyroscope; picture-in-picture; web-share\" referrerpolicy=\"strict-origin-when-cross-origin\" allowfullscreen><\/iframe><\/div>\n<\/div><\/figure>\n\n\n\n<p>A nossa vida \u00e9 feita de <strong>acumula\u00e7\u00e3o<\/strong>: o desleixo repetido vira um fardo pesado, mas o cuidado repetido vira um padr\u00e3o de sucesso. Combater a mediocridade nas coisas simples \u00e9 o que constr\u00f3i um <strong>car\u00e1ter forte<\/strong> e preparado para os grandes desafios que surgem sem aviso pr\u00e9vio.<\/p>\n\n\n\n<p>Ter capricho \u00e9 uma escolha que voc\u00ea faz a cada minuto para n\u00e3o deixar o fogo do desinteresse queimar o seu futuro. Quando voc\u00ea cuida das <strong>pequenas escolhas<\/strong>, as grandes decis\u00f5es se tornam muito mais f\u00e1ceis e naturais, refletindo a excel\u00eancia que voc\u00ea cultivou no sil\u00eancio da sua rotina.<\/p>\n","protected":false},"excerpt":{"rendered":"<p>O perigo do desleixo raramente aparece como uma explos\u00e3o imediata; ele se disfar\u00e7a em pequenas concess\u00f5es que fazemos ao longo do dia. Assim como um grande inc\u00eandio florestal pode come\u00e7ar com uma fagulha boba, a nossa deteriora\u00e7\u00e3o pessoal e profissional nasce de neglig\u00eancias que decidimos ignorar. Como a l\u00f3gica das pequenas falhas destr\u00f3i a nossa [&hellip;]<\/p>\n","protected":false},"author":20,"featured_media":170686,"comment_status":"open","ping_status":"open","sticky":false,"template":"","format":"standard","meta":{"jnews-multi-image_gallery":[],"jnews_single_post":{"format":"standard"},"jnews_primary_category":[],"jnews_social_meta":[],"jnews_override_counter":[],"footnotes":""},"categories":[8819,20108],"tags":[24820,24818,24819,8392],"class_list":["post-170620","post","type-post","status-publish","format-standard","has-post-thumbnail","hentry","category-curiosidades","category-noticia","tag-capricho","tag-desleixo","tag-mediocridade","tag-perigo"],"yoast_head":"<!-- This site is optimized with the Yoast SEO plugin v23.8 - https:\/\/yoast.com\/wordpress\/plugins\/seo\/ -->\n<title>O h\u00e1bito invis\u00edvel que separa pessoas comuns de pessoas excelentes - Estado de Minas - Em foco<\/title>\n<meta name=\"description\" content=\"O perigo do desleixo come\u00e7a com pequenas falhas que se tornam grandes problemas. Entenda como o capricho \u00e9 o melhor ant\u00eddoto contra a mediocridade.\" \/>\n<meta name=\"robots\" content=\"index, follow, max-snippet:-1, max-image-preview:large, max-video-preview:-1\" \/>\n<link rel=\"canonical\" href=\"https:\/\/www.em.com.br\/emfoco\/2026\/02\/18\/o-habito-invisivel-que-separa-pessoas-comuns-de-pessoas-excelentes\/\" \/>\n<meta property=\"og:locale\" content=\"pt_BR\" \/>\n<meta property=\"og:type\" content=\"article\" \/>\n<meta property=\"og:title\" content=\"O h\u00e1bito invis\u00edvel que separa pessoas comuns de pessoas excelentes - Estado de Minas - Em foco\" \/>\n<meta property=\"og:description\" content=\"O perigo do desleixo come\u00e7a com pequenas falhas que se tornam grandes problemas. Entenda como o capricho \u00e9 o melhor ant\u00eddoto contra a mediocridade.\" \/>\n<meta property=\"og:url\" content=\"https:\/\/www.em.com.br\/emfoco\/2026\/02\/18\/o-habito-invisivel-que-separa-pessoas-comuns-de-pessoas-excelentes\/\" \/>\n<meta property=\"og:site_name\" content=\"Estado de Minas - Em foco\" \/>\n<meta property=\"article:published_time\" content=\"2026-02-19T00:55:00+00:00\" \/>\n<meta property=\"article:modified_time\" content=\"2026-02-17T20:39:41+00:00\" \/>\n<meta property=\"og:image\" content=\"https:\/\/www.em.com.br\/emfoco\/wp-content\/uploads\/2026\/02\/mao-faisca.png\" \/>\n\t<meta property=\"og:image:width\" content=\"1280\" \/>\n\t<meta property=\"og:image:height\" content=\"720\" \/>\n\t<meta property=\"og:image:type\" content=\"image\/png\" \/>\n<meta name=\"author\" content=\"Ingrid Diniz\" \/>\n<meta name=\"twitter:card\" content=\"summary_large_image\" \/>\n<meta name=\"twitter:label1\" content=\"Escrito por\" \/>\n\t<meta name=\"twitter:data1\" content=\"Ingrid Diniz\" \/>\n\t<meta name=\"twitter:label2\" content=\"Est. tempo de leitura\" \/>\n\t<meta name=\"twitter:data2\" content=\"5 minutos\" \/>\n<!-- \/ Yoast SEO plugin. -->","yoast_head_json":{"title":"O h\u00e1bito invis\u00edvel que separa pessoas comuns de pessoas excelentes - Estado de Minas - Em foco","description":"O perigo do desleixo come\u00e7a com pequenas falhas que se tornam grandes problemas. Entenda como o capricho \u00e9 o melhor ant\u00eddoto contra a mediocridade.","robots":{"index":"index","follow":"follow","max-snippet":"max-snippet:-1","max-image-preview":"max-image-preview:large","max-video-preview":"max-video-preview:-1"},"canonical":"https:\/\/www.em.com.br\/emfoco\/2026\/02\/18\/o-habito-invisivel-que-separa-pessoas-comuns-de-pessoas-excelentes\/","og_locale":"pt_BR","og_type":"article","og_title":"O h\u00e1bito invis\u00edvel que separa pessoas comuns de pessoas excelentes - Estado de Minas - Em foco","og_description":"O perigo do desleixo come\u00e7a com pequenas falhas que se tornam grandes problemas. Entenda como o capricho \u00e9 o melhor ant\u00eddoto contra a mediocridade.","og_url":"https:\/\/www.em.com.br\/emfoco\/2026\/02\/18\/o-habito-invisivel-que-separa-pessoas-comuns-de-pessoas-excelentes\/","og_site_name":"Estado de Minas - Em foco","article_published_time":"2026-02-19T00:55:00+00:00","article_modified_time":"2026-02-17T20:39:41+00:00","og_image":[{"width":1280,"height":720,"url":"https:\/\/www.em.com.br\/emfoco\/wp-content\/uploads\/2026\/02\/mao-faisca.png","type":"image\/png"}],"author":"Ingrid Diniz","twitter_card":"summary_large_image","twitter_misc":{"Escrito por":"Ingrid Diniz","Est. tempo de leitura":"5 minutos"},"schema":{"@context":"https:\/\/schema.org","@graph":[{"@type":"WebPage","@id":"https:\/\/www.em.com.br\/emfoco\/2026\/02\/18\/o-habito-invisivel-que-separa-pessoas-comuns-de-pessoas-excelentes\/","url":"https:\/\/www.em.com.br\/emfoco\/2026\/02\/18\/o-habito-invisivel-que-separa-pessoas-comuns-de-pessoas-excelentes\/","name":"O h\u00e1bito invis\u00edvel que separa pessoas comuns de pessoas excelentes - Estado de Minas - Em foco","isPartOf":{"@id":"https:\/\/www.em.com.br\/emfoco\/#website"},"primaryImageOfPage":{"@id":"https:\/\/www.em.com.br\/emfoco\/2026\/02\/18\/o-habito-invisivel-que-separa-pessoas-comuns-de-pessoas-excelentes\/#primaryimage"},"image":{"@id":"https:\/\/www.em.com.br\/emfoco\/2026\/02\/18\/o-habito-invisivel-que-separa-pessoas-comuns-de-pessoas-excelentes\/#primaryimage"},"thumbnailUrl":"https:\/\/www.em.com.br\/emfoco\/wp-content\/uploads\/2026\/02\/mao-faisca.png","datePublished":"2026-02-19T00:55:00+00:00","dateModified":"2026-02-17T20:39:41+00:00","author":{"@id":"https:\/\/www.em.com.br\/emfoco\/#\/schema\/person\/649e610b4eb8fff87ff394e54fe17b2b"},"description":"O perigo do desleixo come\u00e7a com pequenas falhas que se tornam grandes problemas. Entenda como o capricho \u00e9 o melhor ant\u00eddoto contra a mediocridade.","breadcrumb":{"@id":"https:\/\/www.em.com.br\/emfoco\/2026\/02\/18\/o-habito-invisivel-que-separa-pessoas-comuns-de-pessoas-excelentes\/#breadcrumb"},"inLanguage":"pt-BR","potentialAction":[{"@type":"ReadAction","target":["https:\/\/www.em.com.br\/emfoco\/2026\/02\/18\/o-habito-invisivel-que-separa-pessoas-comuns-de-pessoas-excelentes\/"]}]},{"@type":"ImageObject","inLanguage":"pt-BR","@id":"https:\/\/www.em.com.br\/emfoco\/2026\/02\/18\/o-habito-invisivel-que-separa-pessoas-comuns-de-pessoas-excelentes\/#primaryimage","url":"https:\/\/www.em.com.br\/emfoco\/wp-content\/uploads\/2026\/02\/mao-faisca.png","contentUrl":"https:\/\/www.em.com.br\/emfoco\/wp-content\/uploads\/2026\/02\/mao-faisca.png","width":1280,"height":720,"caption":"O perigo do desleixo come\u00e7a com uma simples fa\u00edsca"},{"@type":"BreadcrumbList","@id":"https:\/\/www.em.com.br\/emfoco\/2026\/02\/18\/o-habito-invisivel-que-separa-pessoas-comuns-de-pessoas-excelentes\/#breadcrumb","itemListElement":[{"@type":"ListItem","position":1,"name":"In\u00edcio","item":"https:\/\/www.em.com.br\/emfoco\/"},{"@type":"ListItem","position":2,"name":"O h\u00e1bito invis\u00edvel que separa pessoas comuns de pessoas excelentes"}]},{"@type":"WebSite","@id":"https:\/\/www.em.com.br\/emfoco\/#website","url":"https:\/\/www.em.com.br\/emfoco\/","name":"Estado de Minas - Em foco","description":"Acompanhe as \u00faltimas not\u00edcias e fique bem informado sobre tudo o que acontece em Minas Gerais, Brasil e no mundo.","potentialAction":[{"@type":"SearchAction","target":{"@type":"EntryPoint","urlTemplate":"https:\/\/www.em.com.br\/emfoco\/?s={search_term_string}"},"query-input":{"@type":"PropertyValueSpecification","valueRequired":true,"valueName":"search_term_string"}}],"inLanguage":"pt-BR"},{"@type":"Person","@id":"https:\/\/www.em.com.br\/emfoco\/#\/schema\/person\/649e610b4eb8fff87ff394e54fe17b2b","name":"Ingrid Diniz","image":{"@type":"ImageObject","inLanguage":"pt-BR","@id":"https:\/\/www.em.com.br\/emfoco\/#\/schema\/person\/image\/","url":"https:\/\/secure.gravatar.com\/avatar\/a3baa1449ec5c39b4c42babc9d4f3951?s=96&d=mm&r=g","contentUrl":"https:\/\/secure.gravatar.com\/avatar\/a3baa1449ec5c39b4c42babc9d4f3951?s=96&d=mm&r=g","caption":"Ingrid Diniz"},"sameAs":["https:\/\/www.em.com.br\/"],"url":"https:\/\/www.em.com.br\/emfoco\/author\/ingridmyth\/"}]}},"_links":{"self":[{"href":"https:\/\/www.em.com.br\/emfoco\/wp-json\/wp\/v2\/posts\/170620","targetHints":{"allow":["GET"]}}],"collection":[{"href":"https:\/\/www.em.com.br\/emfoco\/wp-json\/wp\/v2\/posts"}],"about":[{"href":"https:\/\/www.em.com.br\/emfoco\/wp-json\/wp\/v2\/types\/post"}],"author":[{"embeddable":true,"href":"https:\/\/www.em.com.br\/emfoco\/wp-json\/wp\/v2\/users\/20"}],"replies":[{"embeddable":true,"href":"https:\/\/www.em.com.br\/emfoco\/wp-json\/wp\/v2\/comments?post=170620"}],"version-history":[{"count":1,"href":"https:\/\/www.em.com.br\/emfoco\/wp-json\/wp\/v2\/posts\/170620\/revisions"}],"predecessor-version":[{"id":170689,"href":"https:\/\/www.em.com.br\/emfoco\/wp-json\/wp\/v2\/posts\/170620\/revisions\/170689"}],"wp:featuredmedia":[{"embeddable":true,"href":"https:\/\/www.em.com.br\/emfoco\/wp-json\/wp\/v2\/media\/170686"}],"wp:attachment":[{"href":"https:\/\/www.em.com.br\/emfoco\/wp-json\/wp\/v2\/media?parent=170620"}],"wp:term":[{"taxonomy":"category","embeddable":true,"href":"https:\/\/www.em.com.br\/emfoco\/wp-json\/wp\/v2\/categories?post=170620"},{"taxonomy":"post_tag","embeddable":true,"href":"https:\/\/www.em.com.br\/emfoco\/wp-json\/wp\/v2\/tags?post=170620"}],"curies":[{"name":"wp","href":"https:\/\/api.w.org\/{rel}","templated":true}]}}