{"id":1706,"date":"2024-11-29T12:20:00","date_gmt":"2024-11-29T15:20:00","guid":{"rendered":"https:\/\/www.em.com.br\/emfoco\/?p=1706"},"modified":"2024-11-28T13:35:24","modified_gmt":"2024-11-28T16:35:24","slug":"tiradentes-e-cachoeira-do-mangue-cultura-e-natureza-em-harmonia","status":"publish","type":"post","link":"https:\/\/www.em.com.br\/emfoco\/2024\/11\/29\/tiradentes-e-cachoeira-do-mangue-cultura-e-natureza-em-harmonia\/","title":{"rendered":"Tiradentes e Cachoeira do Mangue: Cultura e Natureza em Harmonia!"},"content":{"rendered":"\n<p>Localizada nas proximidades da Serra de S\u00e3o Jos\u00e9, em Tiradentes, <a href=\"https:\/\/www.em.com.br\/emfoco\/2024\/11\/27\/descubra-as-cidades-mineiras-que-estao-fazendo-sucesso-em-qualidade-de-vida\/\" target=\"_blank\" rel=\"noreferrer noopener\"><strong>Minas Gerais<\/strong><\/a>, a Cachoeira do Mangue destaca-se pela sua beleza e por suas piscinas naturais. As quedas d&#8217;\u00e1gua formam pequenos lagos entre as rochas, proporcionando aos visitantes uma experi\u00eancia \u00fanica em meio \u00e0 natureza. A \u00e1rea ao redor da cachoeira \u00e9 ideal para caminhadas e aventuras, com trilhas que levam ao topo da serra, onde uma regi\u00e3o plana e alagada pelas nascentes locais oferece um cen\u00e1rio exuberante. O percurso, que leva cerca de uma hora e meia, \u00e9 recompensado pelas vistas espetaculares e o contato direto com a natureza.<\/p>\n\n\n\n<p><a href=\"https:\/\/www.em.com.br\/emfoco\/2024\/11\/27\/tiradentes-uma-viagem-no-tempo-pela-historia-e-gastronomia-de-mg\/\" target=\"_blank\" rel=\"noreferrer noopener\"><strong>Tiradentes<\/strong><\/a>, cidade onde est\u00e1 localizada a cachoeira, \u00e9 um destino conhecido por sua riqueza hist\u00f3rica e charme colonial. Suas ruas de pedra, igrejas seculares e arquitetura preservada atraem turistas em busca de hist\u00f3ria e cultura. Al\u00e9m disso, a cidade \u00e9 famosa por sua gastronomia e eventos culturais, como o renomado Festival de Gastronomia, que destaca a tradi\u00e7\u00e3o e a criatividade da culin\u00e1ria mineira.<\/p>\n\n\n\n<h2 class=\"wp-block-heading\">Como chegar \u00e0 Cachoeira do Mangue?<\/h2>\n\n\n\n<p>Para os interessados em visitar a Cachoeira do Mangue, o acesso se d\u00e1 por trilhas bem demarcadas, que possibilitam uma caminhada imersiva pela mata local. \u00c9 importante que os visitantes estejam preparados com cal\u00e7ados adequados e tragam consigo suprimentos b\u00e1sicos, uma vez que a caminhada at\u00e9 a cachoeira pode ser exigente e durar em torno de uma hora e meia. Esta trilha proporciona uma experi\u00eancia rica em biodiversidade e vistas incr\u00edveis.<\/p>\n\n\n\n<figure class=\"wp-block-image size-full\"><img loading=\"lazy\" decoding=\"async\" width=\"1024\" height=\"577\" src=\"https:\/\/www.em.com.br\/emfoco\/wp-content\/uploads\/2024\/11\/14963455269_51f78a6947_b-e1732811050796.jpg\" alt=\"Tiradentes e Cachoeira do Mangue: Cultura e Natureza em Harmonia!\" class=\"wp-image-1713\" srcset=\"https:\/\/www.em.com.br\/emfoco\/wp-content\/uploads\/2024\/11\/14963455269_51f78a6947_b-e1732811050796.jpg 1024w, https:\/\/www.em.com.br\/emfoco\/wp-content\/uploads\/2024\/11\/14963455269_51f78a6947_b-e1732811050796-300x169.jpg 300w, https:\/\/www.em.com.br\/emfoco\/wp-content\/uploads\/2024\/11\/14963455269_51f78a6947_b-e1732811050796-768x433.jpg 768w, https:\/\/www.em.com.br\/emfoco\/wp-content\/uploads\/2024\/11\/14963455269_51f78a6947_b-e1732811050796-750x423.jpg 750w\" sizes=\"auto, (max-width: 1024px) 100vw, 1024px\" \/><figcaption class=\"wp-element-caption\">Cachoeira &#8211; Cr\u00e9ditos: Flickr<\/figcaption><\/figure>\n\n\n\n<h2 class=\"wp-block-heading\">O que considerar ao visitar a Cachoeira do Mangue?<\/h2>\n\n\n\n<p>Visitar a Cachoeira do Mangue requer alguns cuidados espec\u00edficos para assegurar uma experi\u00eancia segura e agrad\u00e1vel:<\/p>\n\n\n\n<ul class=\"wp-block-list\">\n<li><strong>Prepara\u00e7\u00e3o F\u00edsica:<\/strong> A caminhada pode ser desafiadora, portanto, \u00e9 importante que os visitantes estejam em boas condi\u00e7\u00f5es f\u00edsicas.<\/li>\n\n\n\n<li><strong>Equipamento Adequado:<\/strong> Uso de cal\u00e7ados apropriados para trekking \u00e9 indispens\u00e1vel para evitar escorreg\u00f5es e les\u00f5es.<\/li>\n\n\n\n<li><strong>Cuidados com a Natureza:<\/strong> Respeitar o meio ambiente e n\u00e3o deixar res\u00edduos \u00e9 fundamental para a preserva\u00e7\u00e3o do local.<\/li>\n<\/ul>\n\n\n\n<h2 class=\"wp-block-heading\">Por que a visita vale a pena?<\/h2>\n\n\n\n<p>O esfor\u00e7o da caminhada \u00e9 recompensado pela beleza singular da <a href=\"https:\/\/tiradentes.net\/01\/cachoeira-do-mangue-em-tiradentes-mg\/\" target=\"_blank\" rel=\"noreferrer noopener\"><strong>Cachoeira do Mangue<\/strong><\/a> e das paisagens que a cercam. Com suas \u00e1guas cristalinas e vegeta\u00e7\u00e3o exuberante, o local oferece uma oportunidade de relaxamento e contempla\u00e7\u00e3o em meio \u00e0 natureza. Al\u00e9m disso, a chance de vivenciar diversas formas de vida animal e vegetal \u00e9 um atrativo adicional para aqueles que apreciam o ecoturismo.<\/p>\n\n\n\n<h2 class=\"wp-block-heading\">Qual a import\u00e2ncia da preserva\u00e7\u00e3o da Cachoeira do Mangue?<\/h2>\n\n\n\n<p>A Cachoeira do Mangue n\u00e3o \u00e9 apenas um ponto tur\u00edstico, mas tamb\u00e9m uma parte vital do ecossistema local. A preserva\u00e7\u00e3o das suas \u00e1guas e da biodiversidade ao seu redor \u00e9 crucial para manter o equil\u00edbrio natural da regi\u00e3o. Iniciativas de conserva\u00e7\u00e3o garantem que futuras gera\u00e7\u00f5es possam desfrutar das belezas naturais e que as esp\u00e9cies locais continuem a prosperar. A consci\u00eancia e o respeito dos visitantes s\u00e3o aspectos essenciais na prote\u00e7\u00e3o deste patrim\u00f4nio natural.<\/p>\n","protected":false},"excerpt":{"rendered":"<p>Localizada nas proximidades da Serra de S\u00e3o Jos\u00e9, em Tiradentes, Minas Gerais, a Cachoeira do Mangue destaca-se pela sua beleza e por suas piscinas naturais. As quedas d&#8217;\u00e1gua formam pequenos lagos entre as rochas, proporcionando aos visitantes uma experi\u00eancia \u00fanica em meio \u00e0 natureza. A \u00e1rea ao redor da cachoeira \u00e9 ideal para caminhadas e [&hellip;]<\/p>\n","protected":false},"author":5,"featured_media":1710,"comment_status":"open","ping_status":"open","sticky":false,"template":"","format":"standard","meta":{"jnews-multi-image_gallery":[],"jnews_single_post":{"format":"standard"},"jnews_primary_category":[],"jnews_social_meta":[],"jnews_override_counter":[],"footnotes":""},"categories":[26,1],"tags":[1055,207,1054,157],"class_list":["post-1706","post","type-post","status-publish","format-standard","has-post-thumbnail","hentry","category-cidades","category-noticias","tag-cachoeira-do-mangue","tag-minas-gerais","tag-tiradentes","tag-turismo"],"yoast_head":"<!-- This site is optimized with the Yoast SEO plugin v23.8 - https:\/\/yoast.com\/wordpress\/plugins\/seo\/ -->\n<title>Tiradentes e Cachoeira do Mangue: Cultura e Natureza em Harmonia! - Estado de Minas - Em foco<\/title>\n<meta name=\"description\" content=\"Trilhas, piscinas naturais e natureza exuberante fazem da Cachoeira do Mangue um destino imperd\u00edvel em Tiradentes, Minas Gerais.\" \/>\n<meta name=\"robots\" content=\"index, follow, max-snippet:-1, max-image-preview:large, max-video-preview:-1\" \/>\n<link rel=\"canonical\" href=\"https:\/\/www.em.com.br\/emfoco\/2024\/11\/29\/tiradentes-e-cachoeira-do-mangue-cultura-e-natureza-em-harmonia\/\" \/>\n<meta property=\"og:locale\" content=\"pt_BR\" \/>\n<meta property=\"og:type\" content=\"article\" \/>\n<meta property=\"og:title\" content=\"Tiradentes e Cachoeira do Mangue: Cultura e Natureza em Harmonia! - Estado de Minas - Em foco\" \/>\n<meta property=\"og:description\" content=\"Trilhas, piscinas naturais e natureza exuberante fazem da Cachoeira do Mangue um destino imperd\u00edvel em Tiradentes, Minas Gerais.\" \/>\n<meta property=\"og:url\" content=\"https:\/\/www.em.com.br\/emfoco\/2024\/11\/29\/tiradentes-e-cachoeira-do-mangue-cultura-e-natureza-em-harmonia\/\" \/>\n<meta property=\"og:site_name\" content=\"Estado de Minas - Em foco\" \/>\n<meta property=\"article:published_time\" content=\"2024-11-29T15:20:00+00:00\" \/>\n<meta property=\"article:modified_time\" content=\"2024-11-28T16:35:24+00:00\" \/>\n<meta property=\"og:image\" content=\"https:\/\/www.em.com.br\/emfoco\/wp-content\/uploads\/2024\/11\/image-30-e1732716561380.png\" \/>\n\t<meta property=\"og:image:width\" content=\"1024\" \/>\n\t<meta property=\"og:image:height\" content=\"577\" \/>\n\t<meta property=\"og:image:type\" content=\"image\/png\" \/>\n<meta name=\"author\" content=\"N\u00fabia Rangel\" \/>\n<meta name=\"twitter:card\" content=\"summary_large_image\" \/>\n<meta name=\"twitter:label1\" content=\"Escrito por\" \/>\n\t<meta name=\"twitter:data1\" content=\"N\u00fabia Rangel\" \/>\n\t<meta name=\"twitter:label2\" content=\"Est. tempo de leitura\" \/>\n\t<meta name=\"twitter:data2\" content=\"3 minutos\" \/>\n<!-- \/ Yoast SEO plugin. -->","yoast_head_json":{"title":"Tiradentes e Cachoeira do Mangue: Cultura e Natureza em Harmonia! - Estado de Minas - Em foco","description":"Trilhas, piscinas naturais e natureza exuberante fazem da Cachoeira do Mangue um destino imperd\u00edvel em Tiradentes, Minas Gerais.","robots":{"index":"index","follow":"follow","max-snippet":"max-snippet:-1","max-image-preview":"max-image-preview:large","max-video-preview":"max-video-preview:-1"},"canonical":"https:\/\/www.em.com.br\/emfoco\/2024\/11\/29\/tiradentes-e-cachoeira-do-mangue-cultura-e-natureza-em-harmonia\/","og_locale":"pt_BR","og_type":"article","og_title":"Tiradentes e Cachoeira do Mangue: Cultura e Natureza em Harmonia! - Estado de Minas - Em foco","og_description":"Trilhas, piscinas naturais e natureza exuberante fazem da Cachoeira do Mangue um destino imperd\u00edvel em Tiradentes, Minas Gerais.","og_url":"https:\/\/www.em.com.br\/emfoco\/2024\/11\/29\/tiradentes-e-cachoeira-do-mangue-cultura-e-natureza-em-harmonia\/","og_site_name":"Estado de Minas - Em foco","article_published_time":"2024-11-29T15:20:00+00:00","article_modified_time":"2024-11-28T16:35:24+00:00","og_image":[{"width":1024,"height":577,"url":"https:\/\/www.em.com.br\/emfoco\/wp-content\/uploads\/2024\/11\/image-30-e1732716561380.png","type":"image\/png"}],"author":"N\u00fabia Rangel","twitter_card":"summary_large_image","twitter_misc":{"Escrito por":"N\u00fabia Rangel","Est. tempo de leitura":"3 minutos"},"schema":{"@context":"https:\/\/schema.org","@graph":[{"@type":"WebPage","@id":"https:\/\/www.em.com.br\/emfoco\/2024\/11\/29\/tiradentes-e-cachoeira-do-mangue-cultura-e-natureza-em-harmonia\/","url":"https:\/\/www.em.com.br\/emfoco\/2024\/11\/29\/tiradentes-e-cachoeira-do-mangue-cultura-e-natureza-em-harmonia\/","name":"Tiradentes e Cachoeira do Mangue: Cultura e Natureza em Harmonia! - Estado de Minas - Em foco","isPartOf":{"@id":"https:\/\/www.em.com.br\/emfoco\/#website"},"primaryImageOfPage":{"@id":"https:\/\/www.em.com.br\/emfoco\/2024\/11\/29\/tiradentes-e-cachoeira-do-mangue-cultura-e-natureza-em-harmonia\/#primaryimage"},"image":{"@id":"https:\/\/www.em.com.br\/emfoco\/2024\/11\/29\/tiradentes-e-cachoeira-do-mangue-cultura-e-natureza-em-harmonia\/#primaryimage"},"thumbnailUrl":"https:\/\/www.em.com.br\/emfoco\/wp-content\/uploads\/2024\/11\/image-30-e1732716561380.png","datePublished":"2024-11-29T15:20:00+00:00","dateModified":"2024-11-28T16:35:24+00:00","author":{"@id":"https:\/\/www.em.com.br\/emfoco\/#\/schema\/person\/524437ef54f8a5d32591b143307f2e20"},"description":"Trilhas, piscinas naturais e natureza exuberante fazem da Cachoeira do Mangue um destino imperd\u00edvel em Tiradentes, Minas Gerais.","breadcrumb":{"@id":"https:\/\/www.em.com.br\/emfoco\/2024\/11\/29\/tiradentes-e-cachoeira-do-mangue-cultura-e-natureza-em-harmonia\/#breadcrumb"},"inLanguage":"pt-BR","potentialAction":[{"@type":"ReadAction","target":["https:\/\/www.em.com.br\/emfoco\/2024\/11\/29\/tiradentes-e-cachoeira-do-mangue-cultura-e-natureza-em-harmonia\/"]}]},{"@type":"ImageObject","inLanguage":"pt-BR","@id":"https:\/\/www.em.com.br\/emfoco\/2024\/11\/29\/tiradentes-e-cachoeira-do-mangue-cultura-e-natureza-em-harmonia\/#primaryimage","url":"https:\/\/www.em.com.br\/emfoco\/wp-content\/uploads\/2024\/11\/image-30-e1732716561380.png","contentUrl":"https:\/\/www.em.com.br\/emfoco\/wp-content\/uploads\/2024\/11\/image-30-e1732716561380.png","width":1024,"height":577,"caption":"Tiradentes - Cr\u00e9ditos: Flickr"},{"@type":"BreadcrumbList","@id":"https:\/\/www.em.com.br\/emfoco\/2024\/11\/29\/tiradentes-e-cachoeira-do-mangue-cultura-e-natureza-em-harmonia\/#breadcrumb","itemListElement":[{"@type":"ListItem","position":1,"name":"In\u00edcio","item":"https:\/\/www.em.com.br\/emfoco\/"},{"@type":"ListItem","position":2,"name":"Tiradentes e Cachoeira do Mangue: Cultura e Natureza em Harmonia!"}]},{"@type":"WebSite","@id":"https:\/\/www.em.com.br\/emfoco\/#website","url":"https:\/\/www.em.com.br\/emfoco\/","name":"Estado de Minas - Em foco","description":"Acompanhe as \u00faltimas not\u00edcias e fique bem informado sobre tudo o que acontece em Minas Gerais, Brasil e no mundo.","potentialAction":[{"@type":"SearchAction","target":{"@type":"EntryPoint","urlTemplate":"https:\/\/www.em.com.br\/emfoco\/?s={search_term_string}"},"query-input":{"@type":"PropertyValueSpecification","valueRequired":true,"valueName":"search_term_string"}}],"inLanguage":"pt-BR"},{"@type":"Person","@id":"https:\/\/www.em.com.br\/emfoco\/#\/schema\/person\/524437ef54f8a5d32591b143307f2e20","name":"N\u00fabia Rangel","image":{"@type":"ImageObject","inLanguage":"pt-BR","@id":"https:\/\/www.em.com.br\/emfoco\/#\/schema\/person\/image\/","url":"https:\/\/secure.gravatar.com\/avatar\/47cff2827a5ba23c37e8068c86817ea4?s=96&d=mm&r=g","contentUrl":"https:\/\/secure.gravatar.com\/avatar\/47cff2827a5ba23c37e8068c86817ea4?s=96&d=mm&r=g","caption":"N\u00fabia Rangel"},"sameAs":["https:\/\/www.em.com.br\/emfoco\/"],"url":"https:\/\/www.em.com.br\/emfoco\/author\/nubiamyth\/"}]}},"_links":{"self":[{"href":"https:\/\/www.em.com.br\/emfoco\/wp-json\/wp\/v2\/posts\/1706","targetHints":{"allow":["GET"]}}],"collection":[{"href":"https:\/\/www.em.com.br\/emfoco\/wp-json\/wp\/v2\/posts"}],"about":[{"href":"https:\/\/www.em.com.br\/emfoco\/wp-json\/wp\/v2\/types\/post"}],"author":[{"embeddable":true,"href":"https:\/\/www.em.com.br\/emfoco\/wp-json\/wp\/v2\/users\/5"}],"replies":[{"embeddable":true,"href":"https:\/\/www.em.com.br\/emfoco\/wp-json\/wp\/v2\/comments?post=1706"}],"version-history":[{"count":3,"href":"https:\/\/www.em.com.br\/emfoco\/wp-json\/wp\/v2\/posts\/1706\/revisions"}],"predecessor-version":[{"id":1955,"href":"https:\/\/www.em.com.br\/emfoco\/wp-json\/wp\/v2\/posts\/1706\/revisions\/1955"}],"wp:featuredmedia":[{"embeddable":true,"href":"https:\/\/www.em.com.br\/emfoco\/wp-json\/wp\/v2\/media\/1710"}],"wp:attachment":[{"href":"https:\/\/www.em.com.br\/emfoco\/wp-json\/wp\/v2\/media?parent=1706"}],"wp:term":[{"taxonomy":"category","embeddable":true,"href":"https:\/\/www.em.com.br\/emfoco\/wp-json\/wp\/v2\/categories?post=1706"},{"taxonomy":"post_tag","embeddable":true,"href":"https:\/\/www.em.com.br\/emfoco\/wp-json\/wp\/v2\/tags?post=1706"}],"curies":[{"name":"wp","href":"https:\/\/api.w.org\/{rel}","templated":true}]}}