{"id":170439,"date":"2026-02-20T07:45:00","date_gmt":"2026-02-20T10:45:00","guid":{"rendered":"https:\/\/www.em.com.br\/emfoco\/?p=170439"},"modified":"2026-02-17T14:07:59","modified_gmt":"2026-02-17T17:07:59","slug":"novo-beneficio-corta-ate-17-da-conta-de-energia-em-minas-gerais-e-aparece-direto-na-fatura-deste-mes","status":"publish","type":"post","link":"https:\/\/www.em.com.br\/emfoco\/2026\/02\/20\/novo-beneficio-corta-ate-17-da-conta-de-energia-em-minas-gerais-e-aparece-direto-na-fatura-deste-mes\/","title":{"rendered":"Novo benef\u00edcio corta at\u00e9 17% da conta de energia em Minas Gerais e aparece direto na fatura deste m\u00eas"},"content":{"rendered":"\n<p>O <strong>Desconto Social de Energia El\u00e9trica<\/strong> j\u00e1 aparece nas contas emitidas pela <strong>Cemig<\/strong> a partir do faturamento de janeiro de 2026. A medida amplia a prote\u00e7\u00e3o a fam\u00edlias de baixa renda e garante redu\u00e7\u00e3o m\u00e9dia de cerca de R$ 20 mensais.<\/p>\n\n\n\n<h2 class=\"wp-block-heading\">O que muda com o Desconto Social na pr\u00e1tica?<\/h2>\n\n\n\n<p>O benef\u00edcio concede abatimento m\u00e9dio de aproximadamente <strong>17%<\/strong> na tarifa sobre o consumo mensal de at\u00e9 <strong>120 quilowatts-hora<\/strong>. A parcela que ultrapassar esse limite n\u00e3o recebe desconto, mantendo a cobran\u00e7a integral do excedente.<\/p>\n\n\n\n<p>A iniciativa integra pol\u00edtica nacional coordenada pelo <strong><a href=\"https:\/\/www.gov.br\/mme\/pt-br\" target=\"_blank\" rel=\"noreferrer noopener\">Minist\u00e9rio de Minas e Energia<\/a><\/strong> e vem sendo aplicada por meio do cruzamento de dados do Cadastro \u00danico com informa\u00e7\u00f5es das distribuidoras de energia em todo o pa\u00eds.<\/p>\n\n\n\n<figure class=\"wp-block-image size-large\"><img loading=\"lazy\" decoding=\"async\" width=\"1024\" height=\"576\" src=\"https:\/\/www.em.com.br\/emfoco\/wp-content\/uploads\/2026\/02\/Imagem-1-108-1024x576.jpg\" alt=\"Novo benef\u00edcio corta at\u00e9 17% da conta de energia em Minas Gerais e aparece direto na fatura deste m\u00eas\" class=\"wp-image-170441\" srcset=\"https:\/\/www.em.com.br\/emfoco\/wp-content\/uploads\/2026\/02\/Imagem-1-108-1024x576.jpg 1024w, https:\/\/www.em.com.br\/emfoco\/wp-content\/uploads\/2026\/02\/Imagem-1-108-300x169.jpg 300w, https:\/\/www.em.com.br\/emfoco\/wp-content\/uploads\/2026\/02\/Imagem-1-108-768x432.jpg 768w, https:\/\/www.em.com.br\/emfoco\/wp-content\/uploads\/2026\/02\/Imagem-1-108-750x422.jpg 750w, https:\/\/www.em.com.br\/emfoco\/wp-content\/uploads\/2026\/02\/Imagem-1-108-1140x641.jpg 1140w, https:\/\/www.em.com.br\/emfoco\/wp-content\/uploads\/2026\/02\/Imagem-1-108.jpg 1280w\" sizes=\"auto, (max-width: 1024px) 100vw, 1024px\" \/><figcaption class=\"wp-element-caption\">Mudan\u00e7a tempor\u00e1ria permite concess\u00e3o de benef\u00edcio por an\u00e1lise documental at\u00e9 abril de dois mil e vinte e seis<\/figcaption><\/figure>\n\n\n\n<h2 class=\"wp-block-heading\">Quem tem direito ao novo desconto da Cemig?<\/h2>\n\n\n\n<p>O <strong>Desconto Social<\/strong> \u00e9 destinado a fam\u00edlias inscritas no <a href=\"https:\/\/www.em.com.br\/emfoco\/2026\/02\/16\/novo-conquista-da-caixa-libera-credito-de-ate-r-21-mil-para-inscritos-no-cadunico-com-juros-limitados-e-iof-zerado\/\" target=\"_blank\" rel=\"noreferrer noopener\"><strong>Cad\u00danico<\/strong> <\/a>com renda familiar per capita entre meio e um sal\u00e1rio m\u00ednimo. O cadastro deve estar atualizado h\u00e1 menos de 24 meses e atender aos crit\u00e9rios abaixo:<\/p>\n\n\n\n<ul class=\"wp-block-list\">\n<li><strong>Conta vinculada ao grupo familiar<\/strong>: a fatura precisa estar no nome de um integrante da fam\u00edlia.<\/li>\n\n\n\n<li><strong>Endere\u00e7o compat\u00edvel<\/strong>: os dados do Cad\u00danico devem coincidir com a unidade consumidora.<\/li>\n\n\n\n<li><strong>Uma unidade por fam\u00edlia<\/strong>: o benef\u00edcio pode ser aplicado em apenas um im\u00f3vel.<\/li>\n<\/ul>\n\n\n\n<h2 class=\"wp-block-heading\">Qual a diferen\u00e7a entre Desconto Social e Tarifa Social?<\/h2>\n\n\n\n<p>Os benef\u00edcios n\u00e3o s\u00e3o cumulativos. Fam\u00edlias j\u00e1 atendidas pela <strong>Tarifa Social de Energia El\u00e9trica (TSEE)<\/strong> permanecem com esse direito e n\u00e3o recebem o novo desconto. A distin\u00e7\u00e3o foi detalhada pelo analista Nilton Neves, da \u00e1rea de Prote\u00e7\u00e3o da Receita da Cemig.<\/p>\n\n\n\n<p>Em Minas Gerais, cerca de <strong>250 mil fam\u00edlias<\/strong> j\u00e1 atendem aos crit\u00e9rios do novo programa e passaram a receber o desconto automaticamente. Parte do p\u00fablico, por\u00e9m, ainda depende de regulariza\u00e7\u00e3o cadastral para ser inclu\u00edda.<\/p>\n\n\n\n<figure class=\"wp-block-image size-large\"><img loading=\"lazy\" decoding=\"async\" width=\"1024\" height=\"576\" src=\"https:\/\/www.em.com.br\/emfoco\/wp-content\/uploads\/2026\/02\/Imagem-2-101-1024x576.jpg\" alt=\"Novo benef\u00edcio corta at\u00e9 17% da conta de energia em Minas Gerais e aparece direto na fatura deste m\u00eas\" class=\"wp-image-170442\" srcset=\"https:\/\/www.em.com.br\/emfoco\/wp-content\/uploads\/2026\/02\/Imagem-2-101-1024x576.jpg 1024w, https:\/\/www.em.com.br\/emfoco\/wp-content\/uploads\/2026\/02\/Imagem-2-101-300x169.jpg 300w, https:\/\/www.em.com.br\/emfoco\/wp-content\/uploads\/2026\/02\/Imagem-2-101-768x432.jpg 768w, https:\/\/www.em.com.br\/emfoco\/wp-content\/uploads\/2026\/02\/Imagem-2-101-750x422.jpg 750w, https:\/\/www.em.com.br\/emfoco\/wp-content\/uploads\/2026\/02\/Imagem-2-101-1140x641.jpg 1140w, https:\/\/www.em.com.br\/emfoco\/wp-content\/uploads\/2026\/02\/Imagem-2-101.jpg 1280w\" sizes=\"auto, (max-width: 1024px) 100vw, 1024px\" \/><figcaption class=\"wp-element-caption\">Afastamentos acumulados por an\u00e1lise documental n\u00e3o podem ultrapassar o limite de sessenta dias<\/figcaption><\/figure>\n\n\n\n<h2 class=\"wp-block-heading\">Como funciona a amplia\u00e7\u00e3o da Tarifa Social?<\/h2>\n\n\n\n<p>A <strong>TSEE<\/strong> foi ampliada em 2024. Conforme a Medida Provis\u00f3ria n\u00ba 1.300\/2025, aproximadamente 330 mil fam\u00edlias mineiras com consumo de at\u00e9 80 quilowatts-hora passaram a ter isen\u00e7\u00e3o total da tarifa. Outros mais de 1 milh\u00e3o seguem pagando apenas o que exceder esse limite.<\/p>\n\n\n\n<ul class=\"wp-block-list\">\n<li><strong>Inclus\u00e3o autom\u00e1tica<\/strong>: ocorre via identifica\u00e7\u00e3o no Cad\u00danico ou BPC, sem necessidade de solicita\u00e7\u00e3o.<\/li>\n\n\n\n<li><strong>Fatura reduzida<\/strong>: mesmo com gratuidade, permanecem cobran\u00e7as como ilumina\u00e7\u00e3o p\u00fablica.<\/li>\n\n\n\n<li><strong>Cadastro atualizado<\/strong>: inconsist\u00eancias no Cad\u00danico podem suspender ou impedir o benef\u00edcio.<\/li>\n<\/ul>\n\n\n\n<p>Tanto no Desconto Social quanto na Tarifa Social, a atualiza\u00e7\u00e3o dos dados ocorre automaticamente. Manter o cadastro correto junto ao Governo Federal \u00e9 essencial para garantir a continuidade da redu\u00e7\u00e3o ou da isen\u00e7\u00e3o na conta de luz.<\/p>\n","protected":false},"excerpt":{"rendered":"<p>O Desconto Social de Energia El\u00e9trica j\u00e1 aparece nas contas emitidas pela Cemig a partir do faturamento de janeiro de 2026. A medida amplia a prote\u00e7\u00e3o a fam\u00edlias de baixa renda e garante redu\u00e7\u00e3o m\u00e9dia de cerca de R$ 20 mensais. O que muda com o Desconto Social na pr\u00e1tica? O benef\u00edcio concede abatimento m\u00e9dio [&hellip;]<\/p>\n","protected":false},"author":13,"featured_media":170440,"comment_status":"open","ping_status":"open","sticky":false,"template":"","format":"standard","meta":{"jnews-multi-image_gallery":[],"jnews_single_post":{"format":"standard"},"jnews_primary_category":[],"jnews_social_meta":[],"jnews_override_counter":[],"footnotes":""},"categories":[28],"tags":[19302,23660,207],"class_list":["post-170439","post","type-post","status-publish","format-standard","has-post-thumbnail","hentry","category-economia","tag-cemig","tag-desconto-social","tag-minas-gerais"],"yoast_head":"<!-- This site is optimized with the Yoast SEO plugin v23.8 - https:\/\/yoast.com\/wordpress\/plugins\/seo\/ -->\n<title>Novo benef\u00edcio corta at\u00e9 17% da conta de energia em Minas Gerais e aparece direto na fatura deste m\u00eas - Estado de Minas - Em foco<\/title>\n<meta name=\"description\" content=\"Novo Desconto Social j\u00e1 aparece na fatura da Cemig e garante economia de cerca de R$ 20 mensais para baixa renda.\" \/>\n<meta name=\"robots\" content=\"index, follow, max-snippet:-1, max-image-preview:large, max-video-preview:-1\" \/>\n<link rel=\"canonical\" href=\"https:\/\/www.em.com.br\/emfoco\/2026\/02\/20\/novo-beneficio-corta-ate-17-da-conta-de-energia-em-minas-gerais-e-aparece-direto-na-fatura-deste-mes\/\" \/>\n<meta property=\"og:locale\" content=\"pt_BR\" \/>\n<meta property=\"og:type\" content=\"article\" \/>\n<meta property=\"og:title\" content=\"Novo benef\u00edcio corta at\u00e9 17% da conta de energia em Minas Gerais e aparece direto na fatura deste m\u00eas - Estado de Minas - Em foco\" \/>\n<meta property=\"og:description\" content=\"Novo Desconto Social j\u00e1 aparece na fatura da Cemig e garante economia de cerca de R$ 20 mensais para baixa renda.\" \/>\n<meta property=\"og:url\" content=\"https:\/\/www.em.com.br\/emfoco\/2026\/02\/20\/novo-beneficio-corta-ate-17-da-conta-de-energia-em-minas-gerais-e-aparece-direto-na-fatura-deste-mes\/\" \/>\n<meta property=\"og:site_name\" content=\"Estado de Minas - Em foco\" \/>\n<meta property=\"article:published_time\" content=\"2026-02-20T10:45:00+00:00\" \/>\n<meta property=\"article:modified_time\" content=\"2026-02-17T17:07:59+00:00\" \/>\n<meta property=\"og:image\" content=\"https:\/\/www.em.com.br\/emfoco\/wp-content\/uploads\/2026\/02\/Imagem-123.jpg\" \/>\n\t<meta property=\"og:image:width\" content=\"1280\" \/>\n\t<meta property=\"og:image:height\" content=\"720\" \/>\n\t<meta property=\"og:image:type\" content=\"image\/jpeg\" \/>\n<meta name=\"author\" content=\"Gabriel Martins\" \/>\n<meta name=\"twitter:card\" content=\"summary_large_image\" \/>\n<meta name=\"twitter:label1\" content=\"Escrito por\" \/>\n\t<meta name=\"twitter:data1\" content=\"Gabriel Martins\" \/>\n\t<meta name=\"twitter:label2\" content=\"Est. tempo de leitura\" \/>\n\t<meta name=\"twitter:data2\" content=\"4 minutos\" \/>\n<!-- \/ Yoast SEO plugin. -->","yoast_head_json":{"title":"Novo benef\u00edcio corta at\u00e9 17% da conta de energia em Minas Gerais e aparece direto na fatura deste m\u00eas - Estado de Minas - Em foco","description":"Novo Desconto Social j\u00e1 aparece na fatura da Cemig e garante economia de cerca de R$ 20 mensais para baixa renda.","robots":{"index":"index","follow":"follow","max-snippet":"max-snippet:-1","max-image-preview":"max-image-preview:large","max-video-preview":"max-video-preview:-1"},"canonical":"https:\/\/www.em.com.br\/emfoco\/2026\/02\/20\/novo-beneficio-corta-ate-17-da-conta-de-energia-em-minas-gerais-e-aparece-direto-na-fatura-deste-mes\/","og_locale":"pt_BR","og_type":"article","og_title":"Novo benef\u00edcio corta at\u00e9 17% da conta de energia em Minas Gerais e aparece direto na fatura deste m\u00eas - Estado de Minas - Em foco","og_description":"Novo Desconto Social j\u00e1 aparece na fatura da Cemig e garante economia de cerca de R$ 20 mensais para baixa renda.","og_url":"https:\/\/www.em.com.br\/emfoco\/2026\/02\/20\/novo-beneficio-corta-ate-17-da-conta-de-energia-em-minas-gerais-e-aparece-direto-na-fatura-deste-mes\/","og_site_name":"Estado de Minas - Em foco","article_published_time":"2026-02-20T10:45:00+00:00","article_modified_time":"2026-02-17T17:07:59+00:00","og_image":[{"width":1280,"height":720,"url":"https:\/\/www.em.com.br\/emfoco\/wp-content\/uploads\/2026\/02\/Imagem-123.jpg","type":"image\/jpeg"}],"author":"Gabriel Martins","twitter_card":"summary_large_image","twitter_misc":{"Escrito por":"Gabriel Martins","Est. tempo de leitura":"4 minutos"},"schema":{"@context":"https:\/\/schema.org","@graph":[{"@type":"WebPage","@id":"https:\/\/www.em.com.br\/emfoco\/2026\/02\/20\/novo-beneficio-corta-ate-17-da-conta-de-energia-em-minas-gerais-e-aparece-direto-na-fatura-deste-mes\/","url":"https:\/\/www.em.com.br\/emfoco\/2026\/02\/20\/novo-beneficio-corta-ate-17-da-conta-de-energia-em-minas-gerais-e-aparece-direto-na-fatura-deste-mes\/","name":"Novo benef\u00edcio corta at\u00e9 17% da conta de energia em Minas Gerais e aparece direto na fatura deste m\u00eas - Estado de Minas - Em foco","isPartOf":{"@id":"https:\/\/www.em.com.br\/emfoco\/#website"},"primaryImageOfPage":{"@id":"https:\/\/www.em.com.br\/emfoco\/2026\/02\/20\/novo-beneficio-corta-ate-17-da-conta-de-energia-em-minas-gerais-e-aparece-direto-na-fatura-deste-mes\/#primaryimage"},"image":{"@id":"https:\/\/www.em.com.br\/emfoco\/2026\/02\/20\/novo-beneficio-corta-ate-17-da-conta-de-energia-em-minas-gerais-e-aparece-direto-na-fatura-deste-mes\/#primaryimage"},"thumbnailUrl":"https:\/\/www.em.com.br\/emfoco\/wp-content\/uploads\/2026\/02\/Imagem-123.jpg","datePublished":"2026-02-20T10:45:00+00:00","dateModified":"2026-02-17T17:07:59+00:00","author":{"@id":"https:\/\/www.em.com.br\/emfoco\/#\/schema\/person\/1c9ddeab18b98abeffef834667bcf08a"},"description":"Novo Desconto Social j\u00e1 aparece na fatura da Cemig e garante economia de cerca de R$ 20 mensais para baixa renda.","breadcrumb":{"@id":"https:\/\/www.em.com.br\/emfoco\/2026\/02\/20\/novo-beneficio-corta-ate-17-da-conta-de-energia-em-minas-gerais-e-aparece-direto-na-fatura-deste-mes\/#breadcrumb"},"inLanguage":"pt-BR","potentialAction":[{"@type":"ReadAction","target":["https:\/\/www.em.com.br\/emfoco\/2026\/02\/20\/novo-beneficio-corta-ate-17-da-conta-de-energia-em-minas-gerais-e-aparece-direto-na-fatura-deste-mes\/"]}]},{"@type":"ImageObject","inLanguage":"pt-BR","@id":"https:\/\/www.em.com.br\/emfoco\/2026\/02\/20\/novo-beneficio-corta-ate-17-da-conta-de-energia-em-minas-gerais-e-aparece-direto-na-fatura-deste-mes\/#primaryimage","url":"https:\/\/www.em.com.br\/emfoco\/wp-content\/uploads\/2026\/02\/Imagem-123.jpg","contentUrl":"https:\/\/www.em.com.br\/emfoco\/wp-content\/uploads\/2026\/02\/Imagem-123.jpg","width":1280,"height":720,"caption":"INSS amplia prazo de aux\u00edlio-doen\u00e7a sem per\u00edcia para reduzir filas de espera"},{"@type":"BreadcrumbList","@id":"https:\/\/www.em.com.br\/emfoco\/2026\/02\/20\/novo-beneficio-corta-ate-17-da-conta-de-energia-em-minas-gerais-e-aparece-direto-na-fatura-deste-mes\/#breadcrumb","itemListElement":[{"@type":"ListItem","position":1,"name":"In\u00edcio","item":"https:\/\/www.em.com.br\/emfoco\/"},{"@type":"ListItem","position":2,"name":"Novo benef\u00edcio corta at\u00e9 17% da conta de energia em Minas Gerais e aparece direto na fatura deste m\u00eas"}]},{"@type":"WebSite","@id":"https:\/\/www.em.com.br\/emfoco\/#website","url":"https:\/\/www.em.com.br\/emfoco\/","name":"Estado de Minas - Em foco","description":"Acompanhe as \u00faltimas not\u00edcias e fique bem informado sobre tudo o que acontece em Minas Gerais, Brasil e no mundo.","potentialAction":[{"@type":"SearchAction","target":{"@type":"EntryPoint","urlTemplate":"https:\/\/www.em.com.br\/emfoco\/?s={search_term_string}"},"query-input":{"@type":"PropertyValueSpecification","valueRequired":true,"valueName":"search_term_string"}}],"inLanguage":"pt-BR"},{"@type":"Person","@id":"https:\/\/www.em.com.br\/emfoco\/#\/schema\/person\/1c9ddeab18b98abeffef834667bcf08a","name":"Gabriel Martins","image":{"@type":"ImageObject","inLanguage":"pt-BR","@id":"https:\/\/www.em.com.br\/emfoco\/#\/schema\/person\/image\/","url":"https:\/\/secure.gravatar.com\/avatar\/f0f1e2efdfd88f1ad2cb08c5c2731e50?s=96&d=mm&r=g","contentUrl":"https:\/\/secure.gravatar.com\/avatar\/f0f1e2efdfd88f1ad2cb08c5c2731e50?s=96&d=mm&r=g","caption":"Gabriel Martins"},"sameAs":["https:\/\/www.em.com.br\/emfoco\/"],"url":"https:\/\/www.em.com.br\/emfoco\/author\/gabrielmartinsmyth\/"}]}},"_links":{"self":[{"href":"https:\/\/www.em.com.br\/emfoco\/wp-json\/wp\/v2\/posts\/170439","targetHints":{"allow":["GET"]}}],"collection":[{"href":"https:\/\/www.em.com.br\/emfoco\/wp-json\/wp\/v2\/posts"}],"about":[{"href":"https:\/\/www.em.com.br\/emfoco\/wp-json\/wp\/v2\/types\/post"}],"author":[{"embeddable":true,"href":"https:\/\/www.em.com.br\/emfoco\/wp-json\/wp\/v2\/users\/13"}],"replies":[{"embeddable":true,"href":"https:\/\/www.em.com.br\/emfoco\/wp-json\/wp\/v2\/comments?post=170439"}],"version-history":[{"count":1,"href":"https:\/\/www.em.com.br\/emfoco\/wp-json\/wp\/v2\/posts\/170439\/revisions"}],"predecessor-version":[{"id":170443,"href":"https:\/\/www.em.com.br\/emfoco\/wp-json\/wp\/v2\/posts\/170439\/revisions\/170443"}],"wp:featuredmedia":[{"embeddable":true,"href":"https:\/\/www.em.com.br\/emfoco\/wp-json\/wp\/v2\/media\/170440"}],"wp:attachment":[{"href":"https:\/\/www.em.com.br\/emfoco\/wp-json\/wp\/v2\/media?parent=170439"}],"wp:term":[{"taxonomy":"category","embeddable":true,"href":"https:\/\/www.em.com.br\/emfoco\/wp-json\/wp\/v2\/categories?post=170439"},{"taxonomy":"post_tag","embeddable":true,"href":"https:\/\/www.em.com.br\/emfoco\/wp-json\/wp\/v2\/tags?post=170439"}],"curies":[{"name":"wp","href":"https:\/\/api.w.org\/{rel}","templated":true}]}}