{"id":170433,"date":"2026-02-20T14:05:00","date_gmt":"2026-02-20T17:05:00","guid":{"rendered":"https:\/\/www.em.com.br\/emfoco\/?p=170433"},"modified":"2026-02-17T14:24:29","modified_gmt":"2026-02-17T17:24:29","slug":"beneficio-por-incapacidade-pode-durar-anos-mas-depende-de-pericias-sucessivas-que-confirmem-impossibilidade-de-retorno-ao-trabalho","status":"publish","type":"post","link":"https:\/\/www.em.com.br\/emfoco\/2026\/02\/20\/beneficio-por-incapacidade-pode-durar-anos-mas-depende-de-pericias-sucessivas-que-confirmem-impossibilidade-de-retorno-ao-trabalho\/","title":{"rendered":"Benef\u00edcio por incapacidade pode durar anos, mas depende de per\u00edcias sucessivas que confirmem impossibilidade de retorno ao trabalho"},"content":{"rendered":"\n<p>O <strong>aux\u00edlio-doen\u00e7a<\/strong>, hoje chamado de <strong>benef\u00edcio por incapacidade tempor\u00e1ria<\/strong>, garante renda ao trabalhador afastado por doen\u00e7a ou acidente. Entender dura\u00e7\u00e3o, prorroga\u00e7\u00e3o e possibilidade de convers\u00e3o evita cortes inesperados e ajuda a manter o pagamento regular.<\/p>\n\n\n\n<h2 class=\"wp-block-heading\">Quem pode receber o aux\u00edlio-doen\u00e7a do INSS?<\/h2>\n\n\n\n<p>O benef\u00edcio \u00e9 devido ao segurado que comprove <strong>incapacidade tempor\u00e1ria superior a 15 dias<\/strong>. Al\u00e9m disso, \u00e9 preciso cumprir car\u00eancia m\u00ednima de 12 contribui\u00e7\u00f5es mensais, salvo hip\u00f3teses legais de dispensa previstas para doen\u00e7as espec\u00edficas.<\/p>\n\n\n\n<p>Tamb\u00e9m \u00e9 exigida a <strong>qualidade de segurado<\/strong>, que inclui quem est\u00e1 contribuindo, recebendo outro benef\u00edcio previdenci\u00e1rio ou dentro do chamado per\u00edodo de gra\u00e7a. A incapacidade \u00e9 confirmada por per\u00edcia m\u00e9dica realizada pelo INSS.<\/p>\n\n\n\n<figure class=\"wp-block-image size-large\"><img loading=\"lazy\" decoding=\"async\" width=\"1024\" height=\"576\" src=\"https:\/\/www.em.com.br\/emfoco\/wp-content\/uploads\/2026\/02\/Imagem-1-111-1024x576.jpg\" alt=\"Benef\u00edcio por incapacidade pode durar anos, mas depende de per\u00edcias sucessivas que confirmem impossibilidade de retorno ao trabalho\" class=\"wp-image-170459\" srcset=\"https:\/\/www.em.com.br\/emfoco\/wp-content\/uploads\/2026\/02\/Imagem-1-111-1024x576.jpg 1024w, https:\/\/www.em.com.br\/emfoco\/wp-content\/uploads\/2026\/02\/Imagem-1-111-300x169.jpg 300w, https:\/\/www.em.com.br\/emfoco\/wp-content\/uploads\/2026\/02\/Imagem-1-111-768x432.jpg 768w, https:\/\/www.em.com.br\/emfoco\/wp-content\/uploads\/2026\/02\/Imagem-1-111-750x422.jpg 750w, https:\/\/www.em.com.br\/emfoco\/wp-content\/uploads\/2026\/02\/Imagem-1-111-1140x641.jpg 1140w, https:\/\/www.em.com.br\/emfoco\/wp-content\/uploads\/2026\/02\/Imagem-1-111.jpg 1280w\" sizes=\"auto, (max-width: 1024px) 100vw, 1024px\" \/><figcaption class=\"wp-element-caption\">Segurado deve comprovar incapacidade superior a quinze dias e manter qualidade de contribui\u00e7\u00e3o<\/figcaption><\/figure>\n\n\n\n<h2 class=\"wp-block-heading\">Quais s\u00e3o as modalidades e regras de car\u00eancia?<\/h2>\n\n\n\n<p>O INSS classifica o <strong><a href=\"https:\/\/www.em.com.br\/emfoco\/2025\/03\/15\/voce-sabia-transtornos-mentais-podem-te-dar-direito-ao-beneficio-por-incapacidade\/\" target=\"_blank\" rel=\"noreferrer noopener\">benef\u00edcio por incapacidade<\/a><\/strong> em categorias diferentes, o que impacta direitos trabalhistas e exig\u00eancia de car\u00eancia. A distin\u00e7\u00e3o \u00e9 essencial para compreender estabilidade e obriga\u00e7\u00f5es legais, como voc\u00ea observa a seguir.<\/p>\n\n\n\n<ul class=\"wp-block-list\">\n<li><strong>B31 aux\u00edlio comum<\/strong> concedido por doen\u00e7a ou acidente sem rela\u00e7\u00e3o com o trabalho, exigindo 12 meses de contribui\u00e7\u00e3o, salvo doen\u00e7as graves previstas em norma espec\u00edfica.<\/li>\n\n\n\n<li><strong>B91 aux\u00edlio acident\u00e1rio<\/strong> destinado a acidente de trabalho, trajeto ou doen\u00e7a ocupacional, dispensando car\u00eancia e assegurando estabilidade de 12 meses ap\u00f3s retorno.<\/li>\n<\/ul>\n\n\n\n<h2 class=\"wp-block-heading\">Quais doen\u00e7as dispensam o tempo m\u00ednimo de contribui\u00e7\u00e3o?<\/h2>\n\n\n\n<p>Algumas enfermidades permitem a concess\u00e3o do benef\u00edcio sem cumprimento da car\u00eancia. A lista oficial est\u00e1 na <strong>Portaria Interministerial MTP\/MS n\u00ba 22\/2022<\/strong>, que re\u00fane condi\u00e7\u00f5es consideradas graves pela legisla\u00e7\u00e3o previdenci\u00e1ria.<\/p>\n\n\n\n<p>Entre elas est\u00e3o <strong>c\u00e2ncer, tuberculose ativa, hansen\u00edase, cardiopatia grave, doen\u00e7a de Parkinson, esclerose m\u00faltipla e AIDS<\/strong>, al\u00e9m de cegueira e paralisia irrevers\u00edvel. Nesses casos, basta comprovar a incapacidade e manter a qualidade de segurado.<\/p>\n\n\n\n<figure class=\"wp-block-image size-large\"><img loading=\"lazy\" decoding=\"async\" width=\"1024\" height=\"576\" src=\"https:\/\/www.em.com.br\/emfoco\/wp-content\/uploads\/2026\/02\/Imagem-2-104-1024x576.jpg\" alt=\"Benef\u00edcio por incapacidade pode durar anos, mas depende de per\u00edcias sucessivas que confirmem impossibilidade de retorno ao trabalho\" class=\"wp-image-170460\" srcset=\"https:\/\/www.em.com.br\/emfoco\/wp-content\/uploads\/2026\/02\/Imagem-2-104-1024x576.jpg 1024w, https:\/\/www.em.com.br\/emfoco\/wp-content\/uploads\/2026\/02\/Imagem-2-104-300x169.jpg 300w, https:\/\/www.em.com.br\/emfoco\/wp-content\/uploads\/2026\/02\/Imagem-2-104-768x432.jpg 768w, https:\/\/www.em.com.br\/emfoco\/wp-content\/uploads\/2026\/02\/Imagem-2-104-750x422.jpg 750w, https:\/\/www.em.com.br\/emfoco\/wp-content\/uploads\/2026\/02\/Imagem-2-104-1140x641.jpg 1140w, https:\/\/www.em.com.br\/emfoco\/wp-content\/uploads\/2026\/02\/Imagem-2-104.jpg 1280w\" sizes=\"auto, (max-width: 1024px) 100vw, 1024px\" \/><figcaption class=\"wp-element-caption\">Doen\u00e7as graves listadas em portaria oficial dispensam cumprimento do tempo m\u00ednimo de car\u00eancia<\/figcaption><\/figure>\n\n\n\n<h2 class=\"wp-block-heading\">Como funciona a prorroga\u00e7\u00e3o e a convers\u00e3o do benef\u00edcio?<\/h2>\n\n\n\n<p>O pagamento pode continuar enquanto persistir a incapacidade laboral. O pedido de <strong>prorroga\u00e7\u00e3o do aux\u00edlio-doen\u00e7a<\/strong> deve ser feito nos \u00faltimos 15 dias de vig\u00eancia pelo telefone 135 ou pelo aplicativo <strong><a href=\"https:\/\/meu.inss.gov.br\/\" target=\"_blank\" rel=\"noreferrer noopener\">Meu INSS<\/a><\/strong>, conforme orienta\u00e7\u00f5es oficiais a seguir.<\/p>\n\n\n\n<ul class=\"wp-block-list\">\n<li><strong>N\u00e3o h\u00e1 limite legal de prorroga\u00e7\u00f5es<\/strong>, desde que a per\u00edcia confirme a incapacidade.<\/li>\n\n\n\n<li><strong>Pode haver convers\u00e3o em aposentadoria por incapacidade permanente<\/strong> se n\u00e3o existir possibilidade de reabilita\u00e7\u00e3o.<\/li>\n\n\n\n<li><strong>A decis\u00e3o depende de avalia\u00e7\u00e3o m\u00e9dica<\/strong>, considerando hist\u00f3rico profissional e potencial de retorno ao trabalho.<\/li>\n<\/ul>\n\n\n\n<p>A <strong>per\u00edcia m\u00e9dica do INSS<\/strong> \u00e9 o momento decisivo do processo, pois define manuten\u00e7\u00e3o, alta ou aposentadoria. Organizar exames, laudos e documentos aumenta a seguran\u00e7a do segurado e reduz o risco de interrup\u00e7\u00e3o indevida do benef\u00edcio.<\/p>\n","protected":false},"excerpt":{"rendered":"<p>O aux\u00edlio-doen\u00e7a, hoje chamado de benef\u00edcio por incapacidade tempor\u00e1ria, garante renda ao trabalhador afastado por doen\u00e7a ou acidente. Entender dura\u00e7\u00e3o, prorroga\u00e7\u00e3o e possibilidade de convers\u00e3o evita cortes inesperados e ajuda a manter o pagamento regular. Quem pode receber o aux\u00edlio-doen\u00e7a do INSS? O benef\u00edcio \u00e9 devido ao segurado que comprove incapacidade tempor\u00e1ria superior a 15 [&hellip;]<\/p>\n","protected":false},"author":13,"featured_media":170458,"comment_status":"open","ping_status":"open","sticky":false,"template":"","format":"standard","meta":{"jnews-multi-image_gallery":[],"jnews_single_post":{"format":"standard"},"jnews_primary_category":[],"jnews_social_meta":[],"jnews_override_counter":[],"footnotes":""},"categories":[28],"tags":[1622,15708,174],"class_list":["post-170433","post","type-post","status-publish","format-standard","has-post-thumbnail","hentry","category-economia","tag-auxilio-doenca","tag-incapacidade-temporaria","tag-inss"],"yoast_head":"<!-- This site is optimized with the Yoast SEO plugin v23.8 - https:\/\/yoast.com\/wordpress\/plugins\/seo\/ -->\n<title>Benef\u00edcio por incapacidade pode durar anos, mas depende de per\u00edcias sucessivas que confirmem impossibilidade de retorno ao trabalho - Estado de Minas - Em foco<\/title>\n<meta name=\"description\" content=\"INSS pode suspender aux\u00edlio-doen\u00e7a se pedido de prorroga\u00e7\u00e3o n\u00e3o for feito nos \u00faltimos 15 dias do benef\u00edcio vigente.\" \/>\n<meta name=\"robots\" content=\"index, follow, max-snippet:-1, max-image-preview:large, max-video-preview:-1\" \/>\n<link rel=\"canonical\" href=\"https:\/\/www.em.com.br\/emfoco\/2026\/02\/20\/beneficio-por-incapacidade-pode-durar-anos-mas-depende-de-pericias-sucessivas-que-confirmem-impossibilidade-de-retorno-ao-trabalho\/\" \/>\n<meta property=\"og:locale\" content=\"pt_BR\" \/>\n<meta property=\"og:type\" content=\"article\" \/>\n<meta property=\"og:title\" content=\"Benef\u00edcio por incapacidade pode durar anos, mas depende de per\u00edcias sucessivas que confirmem impossibilidade de retorno ao trabalho - Estado de Minas - Em foco\" \/>\n<meta property=\"og:description\" content=\"INSS pode suspender aux\u00edlio-doen\u00e7a se pedido de prorroga\u00e7\u00e3o n\u00e3o for feito nos \u00faltimos 15 dias do benef\u00edcio vigente.\" \/>\n<meta property=\"og:url\" content=\"https:\/\/www.em.com.br\/emfoco\/2026\/02\/20\/beneficio-por-incapacidade-pode-durar-anos-mas-depende-de-pericias-sucessivas-que-confirmem-impossibilidade-de-retorno-ao-trabalho\/\" \/>\n<meta property=\"og:site_name\" content=\"Estado de Minas - Em foco\" \/>\n<meta property=\"article:published_time\" content=\"2026-02-20T17:05:00+00:00\" \/>\n<meta property=\"article:modified_time\" content=\"2026-02-17T17:24:29+00:00\" \/>\n<meta property=\"og:image\" content=\"https:\/\/www.em.com.br\/emfoco\/wp-content\/uploads\/2026\/02\/Imagem-126.jpg\" \/>\n\t<meta property=\"og:image:width\" content=\"1280\" \/>\n\t<meta property=\"og:image:height\" content=\"720\" \/>\n\t<meta property=\"og:image:type\" content=\"image\/jpeg\" \/>\n<meta name=\"author\" content=\"Gabriel Martins\" \/>\n<meta name=\"twitter:card\" content=\"summary_large_image\" \/>\n<meta name=\"twitter:label1\" content=\"Escrito por\" \/>\n\t<meta name=\"twitter:data1\" content=\"Gabriel Martins\" \/>\n\t<meta name=\"twitter:label2\" content=\"Est. tempo de leitura\" \/>\n\t<meta name=\"twitter:data2\" content=\"3 minutos\" \/>\n<!-- \/ Yoast SEO plugin. -->","yoast_head_json":{"title":"Benef\u00edcio por incapacidade pode durar anos, mas depende de per\u00edcias sucessivas que confirmem impossibilidade de retorno ao trabalho - Estado de Minas - Em foco","description":"INSS pode suspender aux\u00edlio-doen\u00e7a se pedido de prorroga\u00e7\u00e3o n\u00e3o for feito nos \u00faltimos 15 dias do benef\u00edcio vigente.","robots":{"index":"index","follow":"follow","max-snippet":"max-snippet:-1","max-image-preview":"max-image-preview:large","max-video-preview":"max-video-preview:-1"},"canonical":"https:\/\/www.em.com.br\/emfoco\/2026\/02\/20\/beneficio-por-incapacidade-pode-durar-anos-mas-depende-de-pericias-sucessivas-que-confirmem-impossibilidade-de-retorno-ao-trabalho\/","og_locale":"pt_BR","og_type":"article","og_title":"Benef\u00edcio por incapacidade pode durar anos, mas depende de per\u00edcias sucessivas que confirmem impossibilidade de retorno ao trabalho - Estado de Minas - Em foco","og_description":"INSS pode suspender aux\u00edlio-doen\u00e7a se pedido de prorroga\u00e7\u00e3o n\u00e3o for feito nos \u00faltimos 15 dias do benef\u00edcio vigente.","og_url":"https:\/\/www.em.com.br\/emfoco\/2026\/02\/20\/beneficio-por-incapacidade-pode-durar-anos-mas-depende-de-pericias-sucessivas-que-confirmem-impossibilidade-de-retorno-ao-trabalho\/","og_site_name":"Estado de Minas - Em foco","article_published_time":"2026-02-20T17:05:00+00:00","article_modified_time":"2026-02-17T17:24:29+00:00","og_image":[{"width":1280,"height":720,"url":"https:\/\/www.em.com.br\/emfoco\/wp-content\/uploads\/2026\/02\/Imagem-126.jpg","type":"image\/jpeg"}],"author":"Gabriel Martins","twitter_card":"summary_large_image","twitter_misc":{"Escrito por":"Gabriel Martins","Est. tempo de leitura":"3 minutos"},"schema":{"@context":"https:\/\/schema.org","@graph":[{"@type":"WebPage","@id":"https:\/\/www.em.com.br\/emfoco\/2026\/02\/20\/beneficio-por-incapacidade-pode-durar-anos-mas-depende-de-pericias-sucessivas-que-confirmem-impossibilidade-de-retorno-ao-trabalho\/","url":"https:\/\/www.em.com.br\/emfoco\/2026\/02\/20\/beneficio-por-incapacidade-pode-durar-anos-mas-depende-de-pericias-sucessivas-que-confirmem-impossibilidade-de-retorno-ao-trabalho\/","name":"Benef\u00edcio por incapacidade pode durar anos, mas depende de per\u00edcias sucessivas que confirmem impossibilidade de retorno ao trabalho - Estado de Minas - Em foco","isPartOf":{"@id":"https:\/\/www.em.com.br\/emfoco\/#website"},"primaryImageOfPage":{"@id":"https:\/\/www.em.com.br\/emfoco\/2026\/02\/20\/beneficio-por-incapacidade-pode-durar-anos-mas-depende-de-pericias-sucessivas-que-confirmem-impossibilidade-de-retorno-ao-trabalho\/#primaryimage"},"image":{"@id":"https:\/\/www.em.com.br\/emfoco\/2026\/02\/20\/beneficio-por-incapacidade-pode-durar-anos-mas-depende-de-pericias-sucessivas-que-confirmem-impossibilidade-de-retorno-ao-trabalho\/#primaryimage"},"thumbnailUrl":"https:\/\/www.em.com.br\/emfoco\/wp-content\/uploads\/2026\/02\/Imagem-126.jpg","datePublished":"2026-02-20T17:05:00+00:00","dateModified":"2026-02-17T17:24:29+00:00","author":{"@id":"https:\/\/www.em.com.br\/emfoco\/#\/schema\/person\/1c9ddeab18b98abeffef834667bcf08a"},"description":"INSS pode suspender aux\u00edlio-doen\u00e7a se pedido de prorroga\u00e7\u00e3o n\u00e3o for feito nos \u00faltimos 15 dias do benef\u00edcio vigente.","breadcrumb":{"@id":"https:\/\/www.em.com.br\/emfoco\/2026\/02\/20\/beneficio-por-incapacidade-pode-durar-anos-mas-depende-de-pericias-sucessivas-que-confirmem-impossibilidade-de-retorno-ao-trabalho\/#breadcrumb"},"inLanguage":"pt-BR","potentialAction":[{"@type":"ReadAction","target":["https:\/\/www.em.com.br\/emfoco\/2026\/02\/20\/beneficio-por-incapacidade-pode-durar-anos-mas-depende-de-pericias-sucessivas-que-confirmem-impossibilidade-de-retorno-ao-trabalho\/"]}]},{"@type":"ImageObject","inLanguage":"pt-BR","@id":"https:\/\/www.em.com.br\/emfoco\/2026\/02\/20\/beneficio-por-incapacidade-pode-durar-anos-mas-depende-de-pericias-sucessivas-que-confirmem-impossibilidade-de-retorno-ao-trabalho\/#primaryimage","url":"https:\/\/www.em.com.br\/emfoco\/wp-content\/uploads\/2026\/02\/Imagem-126.jpg","contentUrl":"https:\/\/www.em.com.br\/emfoco\/wp-content\/uploads\/2026\/02\/Imagem-126.jpg","width":1280,"height":720,"caption":"Benef\u00edcio por incapacidade garante renda ao trabalhador afastado por doen\u00e7a ou acidente"},{"@type":"BreadcrumbList","@id":"https:\/\/www.em.com.br\/emfoco\/2026\/02\/20\/beneficio-por-incapacidade-pode-durar-anos-mas-depende-de-pericias-sucessivas-que-confirmem-impossibilidade-de-retorno-ao-trabalho\/#breadcrumb","itemListElement":[{"@type":"ListItem","position":1,"name":"In\u00edcio","item":"https:\/\/www.em.com.br\/emfoco\/"},{"@type":"ListItem","position":2,"name":"Benef\u00edcio por incapacidade pode durar anos, mas depende de per\u00edcias sucessivas que confirmem impossibilidade de retorno ao trabalho"}]},{"@type":"WebSite","@id":"https:\/\/www.em.com.br\/emfoco\/#website","url":"https:\/\/www.em.com.br\/emfoco\/","name":"Estado de Minas - Em foco","description":"Acompanhe as \u00faltimas not\u00edcias e fique bem informado sobre tudo o que acontece em Minas Gerais, Brasil e no mundo.","potentialAction":[{"@type":"SearchAction","target":{"@type":"EntryPoint","urlTemplate":"https:\/\/www.em.com.br\/emfoco\/?s={search_term_string}"},"query-input":{"@type":"PropertyValueSpecification","valueRequired":true,"valueName":"search_term_string"}}],"inLanguage":"pt-BR"},{"@type":"Person","@id":"https:\/\/www.em.com.br\/emfoco\/#\/schema\/person\/1c9ddeab18b98abeffef834667bcf08a","name":"Gabriel Martins","image":{"@type":"ImageObject","inLanguage":"pt-BR","@id":"https:\/\/www.em.com.br\/emfoco\/#\/schema\/person\/image\/","url":"https:\/\/secure.gravatar.com\/avatar\/f0f1e2efdfd88f1ad2cb08c5c2731e50?s=96&d=mm&r=g","contentUrl":"https:\/\/secure.gravatar.com\/avatar\/f0f1e2efdfd88f1ad2cb08c5c2731e50?s=96&d=mm&r=g","caption":"Gabriel Martins"},"sameAs":["https:\/\/www.em.com.br\/emfoco\/"],"url":"https:\/\/www.em.com.br\/emfoco\/author\/gabrielmartinsmyth\/"}]}},"_links":{"self":[{"href":"https:\/\/www.em.com.br\/emfoco\/wp-json\/wp\/v2\/posts\/170433","targetHints":{"allow":["GET"]}}],"collection":[{"href":"https:\/\/www.em.com.br\/emfoco\/wp-json\/wp\/v2\/posts"}],"about":[{"href":"https:\/\/www.em.com.br\/emfoco\/wp-json\/wp\/v2\/types\/post"}],"author":[{"embeddable":true,"href":"https:\/\/www.em.com.br\/emfoco\/wp-json\/wp\/v2\/users\/13"}],"replies":[{"embeddable":true,"href":"https:\/\/www.em.com.br\/emfoco\/wp-json\/wp\/v2\/comments?post=170433"}],"version-history":[{"count":1,"href":"https:\/\/www.em.com.br\/emfoco\/wp-json\/wp\/v2\/posts\/170433\/revisions"}],"predecessor-version":[{"id":170461,"href":"https:\/\/www.em.com.br\/emfoco\/wp-json\/wp\/v2\/posts\/170433\/revisions\/170461"}],"wp:featuredmedia":[{"embeddable":true,"href":"https:\/\/www.em.com.br\/emfoco\/wp-json\/wp\/v2\/media\/170458"}],"wp:attachment":[{"href":"https:\/\/www.em.com.br\/emfoco\/wp-json\/wp\/v2\/media?parent=170433"}],"wp:term":[{"taxonomy":"category","embeddable":true,"href":"https:\/\/www.em.com.br\/emfoco\/wp-json\/wp\/v2\/categories?post=170433"},{"taxonomy":"post_tag","embeddable":true,"href":"https:\/\/www.em.com.br\/emfoco\/wp-json\/wp\/v2\/tags?post=170433"}],"curies":[{"name":"wp","href":"https:\/\/api.w.org\/{rel}","templated":true}]}}