{"id":170180,"date":"2026-02-18T21:45:00","date_gmt":"2026-02-19T00:45:00","guid":{"rendered":"https:\/\/www.em.com.br\/emfoco\/?p=170180"},"modified":"2026-02-17T21:43:54","modified_gmt":"2026-02-18T00:43:54","slug":"inss-confirma-reajuste-de-39-e-altera-valores-pagos-a-milhoes-de-aposentados-e-pensionistas-em-fevereiro","status":"publish","type":"post","link":"https:\/\/www.em.com.br\/emfoco\/2026\/02\/18\/inss-confirma-reajuste-de-39-e-altera-valores-pagos-a-milhoes-de-aposentados-e-pensionistas-em-fevereiro\/","title":{"rendered":"INSS confirma reajuste de 3,9% e altera valores pagos a milh\u00f5es de aposentados e pensionistas em fevereiro"},"content":{"rendered":"\n<p>O <strong>reajuste do INSS<\/strong> come\u00e7ou a valer em fevereiro e altera os valores pagos a aposentados e pensionistas. Quem recebe acima do sal\u00e1rio m\u00ednimo ter\u00e1 corre\u00e7\u00e3o de <strong>3,9%<\/strong>, baseada no INPC. J\u00e1 o novo teto previdenci\u00e1rio sobe para R$ 8.475,55.<\/p>\n\n\n\n<h2 class=\"wp-block-heading\">Como funciona o reajuste aplicado em fevereiro?<\/h2>\n\n\n\n<p>A atualiza\u00e7\u00e3o segue o <strong>\u00cdndice Nacional de Pre\u00e7os ao Consumidor (INPC)<\/strong>, divulgado pelo <strong><a href=\"https:\/\/www.em.com.br\/emfoco\/2025\/03\/06\/ibge-revela-quem-trabalha-mais-no-brasil-autonomos-ou-clt-o-resultado-choca\/\" target=\"_blank\" rel=\"noreferrer noopener\">IBGE<\/a><\/strong>. O percentual de 3,9% \u00e9 aplicado integralmente para quem j\u00e1 recebia benef\u00edcio superior ao piso nacional em fevereiro de 2025.<\/p>\n\n\n\n<p>Para benef\u00edcios concedidos ap\u00f3s essa data, a corre\u00e7\u00e3o ocorre de forma proporcional ao per\u00edodo de pagamento. Pelo segundo ano consecutivo, quem ganha acima do m\u00ednimo ter\u00e1 apenas reposi\u00e7\u00e3o inflacion\u00e1ria, sem aumento real.<\/p>\n\n\n\n<figure class=\"wp-block-image size-large\"><img loading=\"lazy\" decoding=\"async\" width=\"1024\" height=\"576\" src=\"https:\/\/www.em.com.br\/emfoco\/wp-content\/uploads\/2026\/02\/Imagem-4-38-1024x576.jpg\" alt=\"INSS confirma reajuste de 3,9% e altera valores pagos a milh\u00f5es de aposentados e pensionistas em fevereiro\" class=\"wp-image-170221\" srcset=\"https:\/\/www.em.com.br\/emfoco\/wp-content\/uploads\/2026\/02\/Imagem-4-38-1024x576.jpg 1024w, https:\/\/www.em.com.br\/emfoco\/wp-content\/uploads\/2026\/02\/Imagem-4-38-300x169.jpg 300w, https:\/\/www.em.com.br\/emfoco\/wp-content\/uploads\/2026\/02\/Imagem-4-38-768x432.jpg 768w, https:\/\/www.em.com.br\/emfoco\/wp-content\/uploads\/2026\/02\/Imagem-4-38-750x422.jpg 750w, https:\/\/www.em.com.br\/emfoco\/wp-content\/uploads\/2026\/02\/Imagem-4-38-1140x641.jpg 1140w, https:\/\/www.em.com.br\/emfoco\/wp-content\/uploads\/2026\/02\/Imagem-4-38.jpg 1280w\" sizes=\"auto, (max-width: 1024px) 100vw, 1024px\" \/><figcaption class=\"wp-element-caption\">Corre\u00e7\u00e3o integral de quase quatro por cento contempla benef\u00edcios iniciados at\u00e9 fevereiro passado<\/figcaption><\/figure>\n\n\n\n<h2 class=\"wp-block-heading\">Quais valores foram atualizados com a corre\u00e7\u00e3o?<\/h2>\n\n\n\n<p>A mudan\u00e7a impacta tanto os benef\u00edcios pagos quanto o teto da Previd\u00eancia Social. Al\u00e9m disso, o sal\u00e1rio m\u00ednimo tamb\u00e9m passou por reajuste. Os principais valores atualizados s\u00e3o os seguintes:<\/p>\n\n\n\n<ul class=\"wp-block-list\">\n<li><strong>Teto do INSS<\/strong>: passou de R$ 8.157,40 para R$ 8.475,55.<\/li>\n\n\n\n<li><strong>Sal\u00e1rio m\u00ednimo<\/strong>: subiu de R$ 1.580 para R$ 1.618.<\/li>\n\n\n\n<li><strong>Benef\u00edcios acima do piso<\/strong>: reajuste fixado em 3,9%.<\/li>\n<\/ul>\n\n\n\n<h2 class=\"wp-block-heading\">Quantas pessoas recebem acima do sal\u00e1rio m\u00ednimo?<\/h2>\n\n\n\n<p>Segundo dados oficiais do <strong><a href=\"https:\/\/meu.inss.gov.br\/\" target=\"_blank\" rel=\"noreferrer noopener\">INSS<\/a><\/strong>, aproximadamente <strong>13,2 milh\u00f5es de benefici\u00e1rios<\/strong> recebem valores superiores ao piso nacional. J\u00e1 21,9 milh\u00f5es, o equivalente a 62,5% do total, ganham apenas o sal\u00e1rio m\u00ednimo.<\/p>\n\n\n\n<p>Os benef\u00edcios vinculados ao m\u00ednimo tiveram ganho real de 2,5%, conforme pol\u00edtica aprovada pelo Congresso no fim de 2024 e respeitando os limites do novo arcabou\u00e7o fiscal.<\/p>\n\n\n\n<figure class=\"wp-block-image size-large\"><img loading=\"lazy\" decoding=\"async\" width=\"1024\" height=\"576\" src=\"https:\/\/www.em.com.br\/emfoco\/wp-content\/uploads\/2026\/02\/Imagem-5-34-1024x576.jpg\" alt=\"INSS confirma reajuste de 3,9% e altera valores pagos a milh\u00f5es de aposentados e pensionistas em fevereiro\" class=\"wp-image-170223\" srcset=\"https:\/\/www.em.com.br\/emfoco\/wp-content\/uploads\/2026\/02\/Imagem-5-34-1024x576.jpg 1024w, https:\/\/www.em.com.br\/emfoco\/wp-content\/uploads\/2026\/02\/Imagem-5-34-300x169.jpg 300w, https:\/\/www.em.com.br\/emfoco\/wp-content\/uploads\/2026\/02\/Imagem-5-34-768x432.jpg 768w, https:\/\/www.em.com.br\/emfoco\/wp-content\/uploads\/2026\/02\/Imagem-5-34-750x422.jpg 750w, https:\/\/www.em.com.br\/emfoco\/wp-content\/uploads\/2026\/02\/Imagem-5-34-1140x641.jpg 1140w, https:\/\/www.em.com.br\/emfoco\/wp-content\/uploads\/2026\/02\/Imagem-5-34.jpg 1280w\" sizes=\"auto, (max-width: 1024px) 100vw, 1024px\" \/><figcaption class=\"wp-element-caption\">Maioria dos segurados recebe piso nacional que conta com pol\u00edtica de ganho real<\/figcaption><\/figure>\n\n\n\n<h2 class=\"wp-block-heading\">Quando os pagamentos e contribui\u00e7\u00f5es ser\u00e3o atualizados?<\/h2>\n\n\n\n<p>O calend\u00e1rio segue o n\u00famero final do cart\u00e3o do benef\u00edcio, sem considerar o d\u00edgito ap\u00f3s o tra\u00e7o. Para facilitar, veja os principais prazos e mudan\u00e7as aplicadas neste m\u00eas:<\/p>\n\n\n\n<ul class=\"wp-block-list\">\n<li><strong>Benef\u00edcios no valor m\u00ednimo<\/strong>: pagamentos entre 26 de janeiro e 6 de fevereiro.<\/li>\n\n\n\n<li><strong>Valores acima do m\u00ednimo<\/strong>: cr\u00e9ditos liberados de 2 a 6 de fevereiro.<\/li>\n\n\n\n<li><strong>Tabela de contribui\u00e7\u00e3o<\/strong>: al\u00edquotas progressivas de 7,5% a 14% at\u00e9 o teto de R$ 8.475,55.<\/li>\n<\/ul>\n\n\n\n<p>O extrato atualizado ficar\u00e1 dispon\u00edvel nas pr\u00f3ximas semanas pelo site e aplicativo Meu INSS, com acesso via Gov.br. Quem n\u00e3o utiliza internet pode obter informa\u00e7\u00f5es pelo telefone 135, informando CPF e confirmando dados cadastrais.<\/p>\n\n\n\n<p><\/p>\n","protected":false},"excerpt":{"rendered":"<p>O reajuste do INSS come\u00e7ou a valer em fevereiro e altera os valores pagos a aposentados e pensionistas. Quem recebe acima do sal\u00e1rio m\u00ednimo ter\u00e1 corre\u00e7\u00e3o de 3,9%, baseada no INPC. J\u00e1 o novo teto previdenci\u00e1rio sobe para R$ 8.475,55. Como funciona o reajuste aplicado em fevereiro? A atualiza\u00e7\u00e3o segue o \u00cdndice Nacional de Pre\u00e7os [&hellip;]<\/p>\n","protected":false},"author":13,"featured_media":170222,"comment_status":"open","ping_status":"open","sticky":false,"template":"","format":"standard","meta":{"jnews-multi-image_gallery":[],"jnews_single_post":{"format":"standard"},"jnews_primary_category":[],"jnews_social_meta":[],"jnews_override_counter":[],"footnotes":""},"categories":[28],"tags":[174,1779,23084],"class_list":["post-170180","post","type-post","status-publish","format-standard","has-post-thumbnail","hentry","category-economia","tag-inss","tag-reajuste","tag-teto-do-inss"],"yoast_head":"<!-- This site is optimized with the Yoast SEO plugin v23.8 - https:\/\/yoast.com\/wordpress\/plugins\/seo\/ -->\n<title>INSS confirma reajuste de 3,9% e altera valores pagos a milh\u00f5es de aposentados e pensionistas em fevereiro - Estado de Minas - Em foco<\/title>\n<meta name=\"description\" content=\"Reajuste do INSS come\u00e7a a ser pago com corre\u00e7\u00e3o de 3,9% e novo teto de R$ 8.475,55 para benef\u00edcios acima do sal\u00e1rio m\u00ednimo.\" \/>\n<meta name=\"robots\" content=\"index, follow, max-snippet:-1, max-image-preview:large, max-video-preview:-1\" \/>\n<link rel=\"canonical\" href=\"https:\/\/www.em.com.br\/emfoco\/2026\/02\/18\/inss-confirma-reajuste-de-39-e-altera-valores-pagos-a-milhoes-de-aposentados-e-pensionistas-em-fevereiro\/\" \/>\n<meta property=\"og:locale\" content=\"pt_BR\" \/>\n<meta property=\"og:type\" content=\"article\" \/>\n<meta property=\"og:title\" content=\"INSS confirma reajuste de 3,9% e altera valores pagos a milh\u00f5es de aposentados e pensionistas em fevereiro - Estado de Minas - Em foco\" \/>\n<meta property=\"og:description\" content=\"Reajuste do INSS come\u00e7a a ser pago com corre\u00e7\u00e3o de 3,9% e novo teto de R$ 8.475,55 para benef\u00edcios acima do sal\u00e1rio m\u00ednimo.\" \/>\n<meta property=\"og:url\" content=\"https:\/\/www.em.com.br\/emfoco\/2026\/02\/18\/inss-confirma-reajuste-de-39-e-altera-valores-pagos-a-milhoes-de-aposentados-e-pensionistas-em-fevereiro\/\" \/>\n<meta property=\"og:site_name\" content=\"Estado de Minas - Em foco\" \/>\n<meta property=\"article:published_time\" content=\"2026-02-19T00:45:00+00:00\" \/>\n<meta property=\"article:modified_time\" content=\"2026-02-18T00:43:54+00:00\" \/>\n<meta property=\"og:image\" content=\"https:\/\/www.em.com.br\/emfoco\/wp-content\/uploads\/2026\/02\/Imagem-3-40.jpg\" \/>\n\t<meta property=\"og:image:width\" content=\"1280\" \/>\n\t<meta property=\"og:image:height\" content=\"720\" \/>\n\t<meta property=\"og:image:type\" content=\"image\/jpeg\" \/>\n<meta name=\"author\" content=\"Gabriel Martins\" \/>\n<meta name=\"twitter:card\" content=\"summary_large_image\" \/>\n<meta name=\"twitter:label1\" content=\"Escrito por\" \/>\n\t<meta name=\"twitter:data1\" content=\"Gabriel Martins\" \/>\n\t<meta name=\"twitter:label2\" content=\"Est. tempo de leitura\" \/>\n\t<meta name=\"twitter:data2\" content=\"3 minutos\" \/>\n<!-- \/ Yoast SEO plugin. -->","yoast_head_json":{"title":"INSS confirma reajuste de 3,9% e altera valores pagos a milh\u00f5es de aposentados e pensionistas em fevereiro - Estado de Minas - Em foco","description":"Reajuste do INSS come\u00e7a a ser pago com corre\u00e7\u00e3o de 3,9% e novo teto de R$ 8.475,55 para benef\u00edcios acima do sal\u00e1rio m\u00ednimo.","robots":{"index":"index","follow":"follow","max-snippet":"max-snippet:-1","max-image-preview":"max-image-preview:large","max-video-preview":"max-video-preview:-1"},"canonical":"https:\/\/www.em.com.br\/emfoco\/2026\/02\/18\/inss-confirma-reajuste-de-39-e-altera-valores-pagos-a-milhoes-de-aposentados-e-pensionistas-em-fevereiro\/","og_locale":"pt_BR","og_type":"article","og_title":"INSS confirma reajuste de 3,9% e altera valores pagos a milh\u00f5es de aposentados e pensionistas em fevereiro - Estado de Minas - Em foco","og_description":"Reajuste do INSS come\u00e7a a ser pago com corre\u00e7\u00e3o de 3,9% e novo teto de R$ 8.475,55 para benef\u00edcios acima do sal\u00e1rio m\u00ednimo.","og_url":"https:\/\/www.em.com.br\/emfoco\/2026\/02\/18\/inss-confirma-reajuste-de-39-e-altera-valores-pagos-a-milhoes-de-aposentados-e-pensionistas-em-fevereiro\/","og_site_name":"Estado de Minas - Em foco","article_published_time":"2026-02-19T00:45:00+00:00","article_modified_time":"2026-02-18T00:43:54+00:00","og_image":[{"width":1280,"height":720,"url":"https:\/\/www.em.com.br\/emfoco\/wp-content\/uploads\/2026\/02\/Imagem-3-40.jpg","type":"image\/jpeg"}],"author":"Gabriel Martins","twitter_card":"summary_large_image","twitter_misc":{"Escrito por":"Gabriel Martins","Est. tempo de leitura":"3 minutos"},"schema":{"@context":"https:\/\/schema.org","@graph":[{"@type":"WebPage","@id":"https:\/\/www.em.com.br\/emfoco\/2026\/02\/18\/inss-confirma-reajuste-de-39-e-altera-valores-pagos-a-milhoes-de-aposentados-e-pensionistas-em-fevereiro\/","url":"https:\/\/www.em.com.br\/emfoco\/2026\/02\/18\/inss-confirma-reajuste-de-39-e-altera-valores-pagos-a-milhoes-de-aposentados-e-pensionistas-em-fevereiro\/","name":"INSS confirma reajuste de 3,9% e altera valores pagos a milh\u00f5es de aposentados e pensionistas em fevereiro - Estado de Minas - Em foco","isPartOf":{"@id":"https:\/\/www.em.com.br\/emfoco\/#website"},"primaryImageOfPage":{"@id":"https:\/\/www.em.com.br\/emfoco\/2026\/02\/18\/inss-confirma-reajuste-de-39-e-altera-valores-pagos-a-milhoes-de-aposentados-e-pensionistas-em-fevereiro\/#primaryimage"},"image":{"@id":"https:\/\/www.em.com.br\/emfoco\/2026\/02\/18\/inss-confirma-reajuste-de-39-e-altera-valores-pagos-a-milhoes-de-aposentados-e-pensionistas-em-fevereiro\/#primaryimage"},"thumbnailUrl":"https:\/\/www.em.com.br\/emfoco\/wp-content\/uploads\/2026\/02\/Imagem-3-40.jpg","datePublished":"2026-02-19T00:45:00+00:00","dateModified":"2026-02-18T00:43:54+00:00","author":{"@id":"https:\/\/www.em.com.br\/emfoco\/#\/schema\/person\/1c9ddeab18b98abeffef834667bcf08a"},"description":"Reajuste do INSS come\u00e7a a ser pago com corre\u00e7\u00e3o de 3,9% e novo teto de R$ 8.475,55 para benef\u00edcios acima do sal\u00e1rio m\u00ednimo.","breadcrumb":{"@id":"https:\/\/www.em.com.br\/emfoco\/2026\/02\/18\/inss-confirma-reajuste-de-39-e-altera-valores-pagos-a-milhoes-de-aposentados-e-pensionistas-em-fevereiro\/#breadcrumb"},"inLanguage":"pt-BR","potentialAction":[{"@type":"ReadAction","target":["https:\/\/www.em.com.br\/emfoco\/2026\/02\/18\/inss-confirma-reajuste-de-39-e-altera-valores-pagos-a-milhoes-de-aposentados-e-pensionistas-em-fevereiro\/"]}]},{"@type":"ImageObject","inLanguage":"pt-BR","@id":"https:\/\/www.em.com.br\/emfoco\/2026\/02\/18\/inss-confirma-reajuste-de-39-e-altera-valores-pagos-a-milhoes-de-aposentados-e-pensionistas-em-fevereiro\/#primaryimage","url":"https:\/\/www.em.com.br\/emfoco\/wp-content\/uploads\/2026\/02\/Imagem-3-40.jpg","contentUrl":"https:\/\/www.em.com.br\/emfoco\/wp-content\/uploads\/2026\/02\/Imagem-3-40.jpg","width":1280,"height":720,"caption":"Reajuste baseado na infla\u00e7\u00e3o altera pagamentos de aposentados que recebem acima do m\u00ednimo"},{"@type":"BreadcrumbList","@id":"https:\/\/www.em.com.br\/emfoco\/2026\/02\/18\/inss-confirma-reajuste-de-39-e-altera-valores-pagos-a-milhoes-de-aposentados-e-pensionistas-em-fevereiro\/#breadcrumb","itemListElement":[{"@type":"ListItem","position":1,"name":"In\u00edcio","item":"https:\/\/www.em.com.br\/emfoco\/"},{"@type":"ListItem","position":2,"name":"INSS confirma reajuste de 3,9% e altera valores pagos a milh\u00f5es de aposentados e pensionistas em fevereiro"}]},{"@type":"WebSite","@id":"https:\/\/www.em.com.br\/emfoco\/#website","url":"https:\/\/www.em.com.br\/emfoco\/","name":"Estado de Minas - Em foco","description":"Acompanhe as \u00faltimas not\u00edcias e fique bem informado sobre tudo o que acontece em Minas Gerais, Brasil e no mundo.","potentialAction":[{"@type":"SearchAction","target":{"@type":"EntryPoint","urlTemplate":"https:\/\/www.em.com.br\/emfoco\/?s={search_term_string}"},"query-input":{"@type":"PropertyValueSpecification","valueRequired":true,"valueName":"search_term_string"}}],"inLanguage":"pt-BR"},{"@type":"Person","@id":"https:\/\/www.em.com.br\/emfoco\/#\/schema\/person\/1c9ddeab18b98abeffef834667bcf08a","name":"Gabriel Martins","image":{"@type":"ImageObject","inLanguage":"pt-BR","@id":"https:\/\/www.em.com.br\/emfoco\/#\/schema\/person\/image\/","url":"https:\/\/secure.gravatar.com\/avatar\/f0f1e2efdfd88f1ad2cb08c5c2731e50?s=96&d=mm&r=g","contentUrl":"https:\/\/secure.gravatar.com\/avatar\/f0f1e2efdfd88f1ad2cb08c5c2731e50?s=96&d=mm&r=g","caption":"Gabriel Martins"},"sameAs":["https:\/\/www.em.com.br\/emfoco\/"],"url":"https:\/\/www.em.com.br\/emfoco\/author\/gabrielmartinsmyth\/"}]}},"_links":{"self":[{"href":"https:\/\/www.em.com.br\/emfoco\/wp-json\/wp\/v2\/posts\/170180","targetHints":{"allow":["GET"]}}],"collection":[{"href":"https:\/\/www.em.com.br\/emfoco\/wp-json\/wp\/v2\/posts"}],"about":[{"href":"https:\/\/www.em.com.br\/emfoco\/wp-json\/wp\/v2\/types\/post"}],"author":[{"embeddable":true,"href":"https:\/\/www.em.com.br\/emfoco\/wp-json\/wp\/v2\/users\/13"}],"replies":[{"embeddable":true,"href":"https:\/\/www.em.com.br\/emfoco\/wp-json\/wp\/v2\/comments?post=170180"}],"version-history":[{"count":2,"href":"https:\/\/www.em.com.br\/emfoco\/wp-json\/wp\/v2\/posts\/170180\/revisions"}],"predecessor-version":[{"id":170795,"href":"https:\/\/www.em.com.br\/emfoco\/wp-json\/wp\/v2\/posts\/170180\/revisions\/170795"}],"wp:featuredmedia":[{"embeddable":true,"href":"https:\/\/www.em.com.br\/emfoco\/wp-json\/wp\/v2\/media\/170222"}],"wp:attachment":[{"href":"https:\/\/www.em.com.br\/emfoco\/wp-json\/wp\/v2\/media?parent=170180"}],"wp:term":[{"taxonomy":"category","embeddable":true,"href":"https:\/\/www.em.com.br\/emfoco\/wp-json\/wp\/v2\/categories?post=170180"},{"taxonomy":"post_tag","embeddable":true,"href":"https:\/\/www.em.com.br\/emfoco\/wp-json\/wp\/v2\/tags?post=170180"}],"curies":[{"name":"wp","href":"https:\/\/api.w.org\/{rel}","templated":true}]}}