{"id":169878,"date":"2026-02-20T11:25:00","date_gmt":"2026-02-20T14:25:00","guid":{"rendered":"https:\/\/www.em.com.br\/emfoco\/?p=169878"},"modified":"2026-02-20T11:22:15","modified_gmt":"2026-02-20T14:22:15","slug":"a-cidade-mineira-que-trocou-o-pasto-pelo-mar-10-mil-moradores-1-440-km%c2%b2-de-agua-e-o-maior-numero-de-lanchas-que-voce-ja-viu-no-interior","status":"publish","type":"post","link":"https:\/\/www.em.com.br\/emfoco\/2026\/02\/20\/a-cidade-mineira-que-trocou-o-pasto-pelo-mar-10-mil-moradores-1-440-km%c2%b2-de-agua-e-o-maior-numero-de-lanchas-que-voce-ja-viu-no-interior\/","title":{"rendered":"A cidade mineira que trocou o pasto pelo mar: 10 mil moradores, 1.440 km\u00b2 de \u00e1gua e o maior n\u00famero de lanchas que voc\u00ea j\u00e1 viu no interior"},"content":{"rendered":"\n<p>Entre a <strong>Serra da Canastra<\/strong> e um lago quatro vezes maior que a <strong>Ba\u00eda de Guanabara<\/strong>, <strong>Capit\u00f3lio<\/strong> se esconde no sudoeste de <strong>Minas Gerais<\/strong>, a 280 km de <strong>Belo Horizonte<\/strong>. Pared\u00f5es de quartzito com mais de 20 metros de altura emolduram \u00e1guas verde-esmeralda que renderam ao lugar o apelido de \u201cMar de Minas\u201d.<\/p>\n\n\n\n<h2 class=\"wp-block-heading\">O lago que nasceu de uma usina e criou um destino<\/h2>\n\n\n\n<p>A paisagem que hoje atrai milhares de visitantes tem pouco mais de 60 anos. Em <strong>1963<\/strong>, a <strong>Usina Hidrel\u00e9trica de Furnas<\/strong> represou o <strong>Rio Grande<\/strong> e formou um lago de <strong>1.440 km\u00b2<\/strong>, alagando fazendas inteiras e redesenhando a geografia de 34 munic\u00edpios. Na \u00e9poca, a obra era a maior da <strong>Am\u00e9rica Latina<\/strong>. Capit\u00f3lio perdeu terras f\u00e9rteis, mas ganhou c\u00e2nions e cachoeiras que antes eram inacess\u00edveis.<\/p>\n\n\n<div class=\"wp-block-image\">\n<figure class=\"aligncenter size-large\"><img loading=\"lazy\" decoding=\"async\" width=\"1024\" height=\"576\" src=\"https:\/\/www.em.com.br\/emfoco\/wp-content\/uploads\/2026\/02\/Capitolio-minas-gerais_1770530062954-1024x576.jpg\" alt=\"A cidade mineira que trocou o pasto pelo mar: 10 mil moradores, 1.440 km\u00b2 de \u00e1gua e o maior n\u00famero de lanchas que voc\u00ea j\u00e1 viu no interior\" class=\"wp-image-171890\" srcset=\"https:\/\/www.em.com.br\/emfoco\/wp-content\/uploads\/2026\/02\/Capitolio-minas-gerais_1770530062954-1024x576.jpg 1024w, https:\/\/www.em.com.br\/emfoco\/wp-content\/uploads\/2026\/02\/Capitolio-minas-gerais_1770530062954-300x169.jpg 300w, https:\/\/www.em.com.br\/emfoco\/wp-content\/uploads\/2026\/02\/Capitolio-minas-gerais_1770530062954-768x432.jpg 768w, https:\/\/www.em.com.br\/emfoco\/wp-content\/uploads\/2026\/02\/Capitolio-minas-gerais_1770530062954-750x422.jpg 750w, https:\/\/www.em.com.br\/emfoco\/wp-content\/uploads\/2026\/02\/Capitolio-minas-gerais_1770530062954-1140x641.jpg 1140w, https:\/\/www.em.com.br\/emfoco\/wp-content\/uploads\/2026\/02\/Capitolio-minas-gerais_1770530062954.jpg 1280w\" sizes=\"auto, (max-width: 1024px) 100vw, 1024px\" \/><figcaption class=\"wp-element-caption\">Capit\u00f3lio brilha como o ref\u00fagio de natureza exuberante no cora\u00e7\u00e3o mineiro \/\/ Cr\u00e9ditos: depositphotos.com \/ vbacarin<\/figcaption><\/figure><\/div>\n\n\n<p>O nome da cidade vem do latim \u201ccapit\u201d, que significa cabe\u00e7a. Antes de se chamar Capit\u00f3lio, em <strong>1920<\/strong>, o lugar era conhecido como Arraial dos Cabe\u00e7as, refer\u00eancia aos fazendeiros que lideravam a regi\u00e3o no fim do <strong>Ciclo do Ouro<\/strong>. A <a href=\"https:\/\/www.capitolio.mg.gov.br\/portal\/servicos\/33\/curiosidades\/\" target=\"_blank\" rel=\"noreferrer noopener\"><strong>Prefeitura de Capit\u00f3lio<\/strong><\/a> informa que o munic\u00edpio \u00e9 um dos 17 destinos indutores escolhidos pela Secretaria de Turismo de Minas Gerais. Nos \u00faltimos anos, a explos\u00e3o de imagens nas redes sociais transformou a pacata cidade do interior em um dos destinos mais procurados do Sudeste.<\/p>\n\n\n<div class=\"wp-block-image\">\n<figure class=\"aligncenter size-large\"><img loading=\"lazy\" decoding=\"async\" width=\"1024\" height=\"576\" src=\"https:\/\/www.em.com.br\/emfoco\/wp-content\/uploads\/2026\/02\/Capitolio-minas-gerais_1770530013299-1024x576.jpg\" alt=\"A cidade mineira que trocou o pasto pelo mar: 10 mil moradores, 1.440 km\u00b2 de \u00e1gua e o maior n\u00famero de lanchas que voc\u00ea j\u00e1 viu no interior\" class=\"wp-image-171888\" srcset=\"https:\/\/www.em.com.br\/emfoco\/wp-content\/uploads\/2026\/02\/Capitolio-minas-gerais_1770530013299-1024x576.jpg 1024w, https:\/\/www.em.com.br\/emfoco\/wp-content\/uploads\/2026\/02\/Capitolio-minas-gerais_1770530013299-300x169.jpg 300w, https:\/\/www.em.com.br\/emfoco\/wp-content\/uploads\/2026\/02\/Capitolio-minas-gerais_1770530013299-768x432.jpg 768w, https:\/\/www.em.com.br\/emfoco\/wp-content\/uploads\/2026\/02\/Capitolio-minas-gerais_1770530013299-750x422.jpg 750w, https:\/\/www.em.com.br\/emfoco\/wp-content\/uploads\/2026\/02\/Capitolio-minas-gerais_1770530013299-1140x641.jpg 1140w, https:\/\/www.em.com.br\/emfoco\/wp-content\/uploads\/2026\/02\/Capitolio-minas-gerais_1770530013299.jpg 1280w\" sizes=\"auto, (max-width: 1024px) 100vw, 1024px\" \/><figcaption class=\"wp-element-caption\">Capit\u00f3lio une imensos pared\u00f5es de quartzito \u00e0s \u00e1guas verde-esmeralda \/\/ Cr\u00e9ditos: depositphotos.com \/ vbacarin<\/figcaption><\/figure><\/div>\n\n\n<h2 class=\"wp-block-heading\">O que fazer no Mar de Minas?<\/h2>\n\n\n\n<p>As atra\u00e7\u00f5es se dividem entre lago e serra, exigindo ao menos tr\u00eas dias para conhecer o essencial. Passeios de lancha partem da Ponte do Rio Turvo ou do bairro <strong>Escarpas do Lago<\/strong>, com roteiros de 3 a 8 horas.<\/p>\n\n\n\n<ul class=\"wp-block-list has-medium-font-size\">\n<li><strong>C\u00e2nions de Furnas<\/strong>: o cart\u00e3o-postal cl\u00e1ssico. Pared\u00f5es de quartzito cercam cachoeiras que des\u00e1guam direto no lago. Acess\u00edvel por lancha ou pelo Mirante dos C\u00e2nions, na MG-050.<\/li>\n\n\n\n<li><strong>Cachoeira Lagoa Azul<\/strong>: duas quedas d&#8217;\u00e1gua com piscinas naturais de \u00e1gua cristalina e bar flutuante aos p\u00e9s.<\/li>\n\n\n\n<li><strong>Trilha do Sol<\/strong>: sequ\u00eancia de po\u00e7os e cachoeiras em meio ao cerrado, com op\u00e7\u00f5es para banho e contempla\u00e7\u00e3o.<\/li>\n\n\n\n<li><strong>Morro do Chap\u00e9u<\/strong>: mirante natural a 1.293 metros de altitude, com vista para o lago e cidades vizinhas. Vegeta\u00e7\u00e3o de cerrado e fauna que inclui lobo-guar\u00e1 e tamandu\u00e1-bandeira.<\/li>\n\n\n\n<li><strong>Mirante dos C\u00e2nions<\/strong>: a foto mais reproduzida da regi\u00e3o. Do alto, lanchas parecem miniaturas entre os pared\u00f5es.<\/li>\n<\/ul>\n\n\n\n<p>Quem procura conhecer o <strong>Mar de Minas<\/strong>, vai gostar deste v\u00eddeo especialmente selecionado do canal <strong>Casal Alencar<\/strong>, que conta com mais de 152 mil subscritores, onde <strong>Bruna e Adriano<\/strong> apresentam um <strong>roteiro<\/strong> por <strong>Capit\u00f3lio<\/strong>:<\/p>\n\n\n\n<figure class=\"wp-block-embed is-type-video is-provider-youtube wp-block-embed-youtube wp-embed-aspect-16-9 wp-has-aspect-ratio\"><div class=\"wp-block-embed__wrapper\">\n<div class=\"jeg_video_container jeg_video_content\"><iframe loading=\"lazy\" title=\"CAPIT\u00d3LIO MG - ROTEIRO COMPLETO DE 3 DIAS (Com Pre\u00e7os, Passeios, Hospedagem, Comida e Dicas)\" width=\"500\" height=\"281\" src=\"https:\/\/www.youtube.com\/embed\/OQTU8KrqX78?feature=oembed\" frameborder=\"0\" allow=\"accelerometer; autoplay; clipboard-write; encrypted-media; gyroscope; picture-in-picture; web-share\" referrerpolicy=\"strict-origin-when-cross-origin\" allowfullscreen><\/iframe><\/div>\n<\/div><\/figure>\n\n\n\n<h2 class=\"wp-block-heading\">Quando o clima favorece os passeios na regi\u00e3o?<\/h2>\n\n\n\n<p>O per\u00edodo seco entre maio e setembro oferece as melhores condi\u00e7\u00f5es para navega\u00e7\u00e3o e trilhas. As \u00e1guas ficam mais cristalinas e o risco de chuva diminui. Na alta temporada de ver\u00e3o, o movimento triplica a popula\u00e7\u00e3o da cidade.<\/p>\n\n\n\n<div class=\"google-auto-ads-ignore\" style=\"box-sizing: border-box; width: 100%; max-width: 800px; margin: 25px auto; font-family: 'Segoe UI', Roboto, Helvetica, Arial, sans-serif; clear: both; border: 1px solid #d4d9e6; border-radius: 8px; overflow: hidden; background: #fff; box-shadow: 0 2px 8px rgba(26, 42, 87, 0.15);\">\n\n    <div style=\"background: #1a2a57; padding: 12px 20px; border-bottom: 3px solid #101a36;\">\n        <h3 style=\"margin: 0; font-size: 1rem; color: #fff; text-transform: uppercase; letter-spacing: 0.5px; font-weight: 800;\">\ud83c\udf0a Panorama do Clima: Capit\u00f3lio (MG)<\/h3>\n    <\/div>\n\n    <div style=\"background: #f2f4f8; padding: 12px 20px; border-bottom: 1px solid #e2e6f0; display: flex; align-items: center; gap: 12px; flex-wrap: wrap;\">\n        <div style=\"font-size: 0.85rem; color: #444; line-height: 1.4; flex: 1; min-width: 250px;\">\n            <strong style=\"color: #1a2a57;\">O Mar de Minas:<\/strong> Embora a alta temporada de ver\u00e3o triplique o movimento da cidade, \u00e9 exatamente no per\u00edodo de seca rigorosa (de maio a setembro) que as \u00e1guas ficam absurdamente cristalinas, diminuindo o risco de trombas d&#8217;\u00e1gua e oferecendo as melhores condi\u00e7\u00f5es para navega\u00e7\u00e3o.\n        <\/div>\n    <\/div>\n\n    <div style=\"padding: 10px 0;\">\n        <div style=\"display: flex; align-items: center; padding: 12px 20px; border-bottom: 1px solid #f0f0f0; flex-wrap: wrap; gap: 10px;\">\n            <div style=\"width: 45px; height: 45px; background: #e8f4fd; border-radius: 50%; display: flex; align-items: center; justify-content: center; font-size: 1.2rem;\">\ud83d\udea4<\/div>\n            <div style=\"flex: 1; min-width: 200px;\">\n                <div style=\"font-size: 0.9rem; font-weight: 800; color: #1a2a57; margin-bottom: 2px;\">Inverno (Jun a Ago) <span style=\"font-size: 0.7rem; background: #e8f4fd; color: #1a2a57; padding: 2px 6px; border-radius: 4px; vertical-align: middle;\">OURO \/ \u00c1GUAS CRISTALINAS<\/span><\/div>\n                <div style=\"font-size: 0.85rem; color: #666;\">A \u00e9poca mais deslumbrante! Como chove muito pouco, n\u00e3o h\u00e1 lama descendo para os lagos. O resultado s\u00e3o \u00e1guas esverdeadas e cristalinas, cen\u00e1rio absolutamente perfeito para os tradicionais passeios de lancha e catamar\u00e3.<\/div>\n            <\/div>\n            <div style=\"background: #1a2a57; color: #fff; padding: 4px 10px; border-radius: 20px; font-size: 0.8rem; font-weight: bold;\">12\u00b0C a 26\u00b0C<\/div>\n        <\/div>\n\n        <div style=\"display: flex; align-items: center; padding: 12px 20px; border-bottom: 1px solid #f0f0f0; flex-wrap: wrap; gap: 10px; background: #fdfdfd;\">\n            <div style=\"width: 45px; height: 45px; background: #f4ece4; border-radius: 50%; display: flex; align-items: center; justify-content: center; font-size: 1.2rem;\">\ud83e\udd7e<\/div>\n            <div style=\"flex: 1; min-width: 200px;\">\n                <div style=\"font-size: 0.9rem; font-weight: 800; color: #333; margin-bottom: 2px;\">Outono (Mar a Mai)<\/div>\n                <div style=\"font-size: 0.85rem; color: #666;\">As chuvas v\u00e3o reduzindo gradualmente. As temperaturas super amenas transformam essa janela no momento ideal para percorrer as longas trilhas de serra e subir nos mirantes dos c\u00e2nions com conforto.<\/div>\n            <\/div>\n            <div style=\"background: #455a64; color: #fff; padding: 4px 10px; border-radius: 20px; font-size: 0.8rem; font-weight: bold;\">16\u00b0C a 28\u00b0C<\/div>\n        <\/div>\n        \n        <div style=\"display: flex; align-items: center; padding: 12px 20px; border-bottom: 1px solid #f0f0f0; flex-wrap: wrap; gap: 10px;\">\n            <div style=\"width: 45px; height: 45px; background: #e8f5e9; border-radius: 50%; display: flex; align-items: center; justify-content: center; font-size: 1.2rem;\">\u26f0\ufe0f<\/div>\n            <div style=\"flex: 1; min-width: 200px;\">\n                <div style=\"font-size: 0.9rem; font-weight: 800; color: #333; margin-bottom: 2px;\">Primavera (Set a Nov)<\/div>\n                <div style=\"font-size: 0.85rem; color: #666;\">O calor vai voltando ao cen\u00e1rio. Uma \u00f3tima op\u00e7\u00e3o para passeios mais secos pelas belezas do entorno, visitando o imponente Morro do Chap\u00e9u e os atrativos da exuberante Serra da Canastra.<\/div>\n            <\/div>\n            <div style=\"background: #455a64; color: #fff; padding: 4px 10px; border-radius: 20px; font-size: 0.8rem; font-weight: bold;\">18\u00b0C a 30\u00b0C<\/div>\n        <\/div>\n\n        <div style=\"display: flex; align-items: center; padding: 12px 20px; flex-wrap: wrap; gap: 10px; background: #fdfdfd;\">\n            <div style=\"width: 45px; height: 45px; background: #fce4e4; border-radius: 50%; display: flex; align-items: center; justify-content: center; font-size: 1.2rem;\">\u2614<\/div>\n            <div style=\"flex: 1; min-width: 200px;\">\n                <div style=\"font-size: 0.9rem; font-weight: 800; color: #333; margin-bottom: 2px;\">Ver\u00e3o (Dez a Fev) <span style=\"font-size: 0.7rem; background: #fce4e4; color: #d32f2f; padding: 2px 6px; border-radius: 4px; vertical-align: middle;\">ATEN\u00c7\u00c3O \/ CHUVAS E LOTA\u00c7\u00c3O<\/span><\/div>\n                <div style=\"font-size: 0.85rem; color: #666;\">A cidade infla de turistas em busca das \u00e1guas, mas o risco de trombas d&#8217;\u00e1gua nas cachoeiras \u00e9 alto no per\u00edodo da tarde. O ideal \u00e9 focar na navega\u00e7\u00e3o pelo grande lago logo pela <strong>manh\u00e3<\/strong>.<\/div>\n            <\/div>\n            <div style=\"background: #455a64; color: #fff; padding: 4px 10px; border-radius: 20px; font-size: 0.8rem; font-weight: bold;\">20\u00b0C a 32\u00b0C<\/div>\n        <\/div>\n    <\/div>\n    <div style=\"background: #f8f9fa; padding: 10px 20px; text-align: right; border-top: 1px solid #eee;\">\n        <div style=\"font-size: 11px; color: #999; font-style: italic;\">Dados: Estimativas aproximadas baseadas no Climatempo<\/div>\n    <\/div>\n<\/div>\n\n\n\n<p><em>Temperaturas aproximadas com base no <a href=\"https:\/\/www.climatempo.com.br\/climatologia\/2135\/capitolio-mg\" target=\"_blank\" rel=\"noreferrer noopener\"><strong>Climatempo<\/strong><\/a>. Condi\u00e7\u00f5es podem variar. Consulte a previs\u00e3o antes de viajar.<\/em><\/p>\n\n\n\n<h2 class=\"wp-block-heading\">Como chegar ao sudoeste mineiro?<\/h2>\n\n\n\n<p>Capit\u00f3lio fica a 280 km de Belo Horizonte pela <strong>MG-050<\/strong>, cerca de 3h30 de carro. De <strong>S\u00e3o Paulo<\/strong>, s\u00e3o 440 km pela <strong>SP-322<\/strong> e <strong>MG-050<\/strong>, aproximadamente 5h30 de viagem. N\u00e3o h\u00e1 transporte p\u00fablico direto at\u00e9 os atrativos, mas ag\u00eancias locais oferecem passeios com transporte incluso.<\/p>\n\n\n\n<p>O bairro <strong>Escarpas do Lago<\/strong>, a poucos minutos do centro, concentra marinas, pousadas e restaurantes \u00e0 beira d&#8217;\u00e1gua. Para quem planeja explorar a Serra da Canastra, a portaria de <strong>S\u00e3o Roque de Minas<\/strong> fica a cerca de 100 km, onde se encontra a nascente do <strong>Rio S\u00e3o Francisco<\/strong> e a <strong>Cachoeira Casca d&#8217;Anta<\/strong>, com 186 metros de queda.<\/p>\n\n\n<div class=\"wp-block-image\">\n<figure class=\"aligncenter size-large\"><img loading=\"lazy\" decoding=\"async\" width=\"1024\" height=\"576\" src=\"https:\/\/www.em.com.br\/emfoco\/wp-content\/uploads\/2026\/02\/Capitolio-minas-gerais_1770529879976-1024x576.jpg\" alt=\"A cidade mineira que trocou o pasto pelo mar: 10 mil moradores, 1.440 km\u00b2 de \u00e1gua e o maior n\u00famero de lanchas que voc\u00ea j\u00e1 viu no interior\" class=\"wp-image-171885\" srcset=\"https:\/\/www.em.com.br\/emfoco\/wp-content\/uploads\/2026\/02\/Capitolio-minas-gerais_1770529879976-1024x576.jpg 1024w, https:\/\/www.em.com.br\/emfoco\/wp-content\/uploads\/2026\/02\/Capitolio-minas-gerais_1770529879976-300x169.jpg 300w, https:\/\/www.em.com.br\/emfoco\/wp-content\/uploads\/2026\/02\/Capitolio-minas-gerais_1770529879976-768x432.jpg 768w, https:\/\/www.em.com.br\/emfoco\/wp-content\/uploads\/2026\/02\/Capitolio-minas-gerais_1770529879976-750x422.jpg 750w, https:\/\/www.em.com.br\/emfoco\/wp-content\/uploads\/2026\/02\/Capitolio-minas-gerais_1770529879976-1140x641.jpg 1140w, https:\/\/www.em.com.br\/emfoco\/wp-content\/uploads\/2026\/02\/Capitolio-minas-gerais_1770529879976.jpg 1280w\" sizes=\"auto, (max-width: 1024px) 100vw, 1024px\" \/><figcaption class=\"wp-element-caption\">Capit\u00f3lio oferece um cen\u00e1rio de c\u00e2nions majestosos a 280 km da capital \/\/ Cr\u00e9ditos: depositphotos.com \/ vbacarin<\/figcaption><\/figure><\/div>\n\n\n<p><strong>Leia tamb\u00e9m: <a href=\"https:\/\/www.em.com.br\/emfoco\/2026\/02\/19\/a-cidade-das-torres-de-pedra-unica-no-brasil-com-o-maior-festival-de-balonismo-da-america-latina-e-boa-qualidade-de-vida\/\" target=\"_blank\" rel=\"noreferrer noopener\">A cidade das torres de pedra: \u00fanica no Brasil com o maior festival de balonismo da Am\u00e9rica Latina e boa qualidade de vida<\/a><\/strong><\/p>\n\n\n\n<h2 class=\"wp-block-heading\">Navegue pelo Mar de Minas<\/h2>\n\n\n\n<p>Com <strong>10.380 habitantes<\/strong> pelo Censo <strong>2022<\/strong> do <a href=\"https:\/\/www.ibge.gov.br\/cidades-e-estados\/mg\/capitolio.html\" target=\"_blank\" rel=\"noreferrer noopener\"><strong>IBGE<\/strong><\/a>, Capit\u00f3lio prova que n\u00e3o \u00e9 preciso litoral para ter mar. O encontro de pared\u00f5es milenares com as \u00e1guas da represa criou um cen\u00e1rio que nenhuma engenharia planejou, mas que a natureza e o tempo transformaram no destino n\u00e1utico mais procurado do interior do <strong>Brasil<\/strong>.<\/p>\n\n\n\n<p>Voc\u00ea precisa navegar entre os c\u00e2nions de Furnas e sentir o respingo das cachoeiras de perto para entender por que esse peda\u00e7o de Minas virou roteiro obrigat\u00f3rio.<\/p>\n","protected":false},"excerpt":{"rendered":"<p>Entre a Serra da Canastra e um lago quatro vezes maior que a Ba\u00eda de Guanabara, Capit\u00f3lio se esconde no sudoeste de Minas Gerais, a 280 km de Belo Horizonte. Pared\u00f5es de quartzito com mais de 20 metros de altura emolduram \u00e1guas verde-esmeralda que renderam ao lugar o apelido de \u201cMar de Minas\u201d. O lago [&hellip;]<\/p>\n","protected":false},"author":6,"featured_media":171892,"comment_status":"open","ping_status":"open","sticky":false,"template":"","format":"standard","meta":{"jnews-multi-image_gallery":[],"jnews_single_post":{"format":"standard"},"jnews_primary_category":[],"jnews_social_meta":[],"jnews_override_counter":[],"footnotes":""},"categories":[26],"tags":[1080,183,207],"class_list":["post-169878","post","type-post","status-publish","format-standard","has-post-thumbnail","hentry","category-cidades","tag-capitolio","tag-cidades","tag-minas-gerais"],"yoast_head":"<!-- This site is optimized with the Yoast SEO plugin v23.8 - https:\/\/yoast.com\/wordpress\/plugins\/seo\/ -->\n<title>A cidade mineira que trocou o pasto pelo mar: 10 mil moradores, 1.440 km\u00b2 de \u00e1gua e o maior n\u00famero de lanchas que voc\u00ea j\u00e1 viu no interior - Estado de Minas - Em foco<\/title>\n<meta name=\"description\" content=\"Conhe\u00e7a a cidade mineira que trocou o pasto pelo mar, re\u00fane 10 mil moradores e impressiona com 1.440 km\u00b2 de \u00e1gua e in\u00fameras lanchas.\" \/>\n<meta name=\"robots\" content=\"index, follow, max-snippet:-1, max-image-preview:large, max-video-preview:-1\" \/>\n<link rel=\"canonical\" href=\"https:\/\/www.em.com.br\/emfoco\/2026\/02\/20\/a-cidade-mineira-que-trocou-o-pasto-pelo-mar-10-mil-moradores-1-440-km\u00b2-de-agua-e-o-maior-numero-de-lanchas-que-voce-ja-viu-no-interior\/\" \/>\n<meta property=\"og:locale\" content=\"pt_BR\" \/>\n<meta property=\"og:type\" content=\"article\" \/>\n<meta property=\"og:title\" content=\"A cidade mineira que trocou o pasto pelo mar: 10 mil moradores, 1.440 km\u00b2 de \u00e1gua e o maior n\u00famero de lanchas que voc\u00ea j\u00e1 viu no interior - Estado de Minas - Em foco\" \/>\n<meta property=\"og:description\" content=\"Conhe\u00e7a a cidade mineira que trocou o pasto pelo mar, re\u00fane 10 mil moradores e impressiona com 1.440 km\u00b2 de \u00e1gua e in\u00fameras lanchas.\" \/>\n<meta property=\"og:url\" content=\"https:\/\/www.em.com.br\/emfoco\/2026\/02\/20\/a-cidade-mineira-que-trocou-o-pasto-pelo-mar-10-mil-moradores-1-440-km\u00b2-de-agua-e-o-maior-numero-de-lanchas-que-voce-ja-viu-no-interior\/\" \/>\n<meta property=\"og:site_name\" content=\"Estado de Minas - Em foco\" \/>\n<meta property=\"article:published_time\" content=\"2026-02-20T14:25:00+00:00\" \/>\n<meta property=\"article:modified_time\" content=\"2026-02-20T14:22:15+00:00\" \/>\n<meta property=\"og:image\" content=\"https:\/\/www.em.com.br\/emfoco\/wp-content\/uploads\/2026\/02\/Capitolio-minas-gerais_1770530123368.jpg\" \/>\n\t<meta property=\"og:image:width\" content=\"1280\" \/>\n\t<meta property=\"og:image:height\" content=\"720\" \/>\n\t<meta property=\"og:image:type\" content=\"image\/jpeg\" \/>\n<meta name=\"author\" content=\"Vitor Bruno\" \/>\n<meta name=\"twitter:card\" content=\"summary_large_image\" \/>\n<meta name=\"twitter:label1\" content=\"Escrito por\" \/>\n\t<meta name=\"twitter:data1\" content=\"Vitor Bruno\" \/>\n\t<meta name=\"twitter:label2\" content=\"Est. tempo de leitura\" \/>\n\t<meta name=\"twitter:data2\" content=\"7 minutos\" \/>\n<!-- \/ Yoast SEO plugin. -->","yoast_head_json":{"title":"A cidade mineira que trocou o pasto pelo mar: 10 mil moradores, 1.440 km\u00b2 de \u00e1gua e o maior n\u00famero de lanchas que voc\u00ea j\u00e1 viu no interior - Estado de Minas - Em foco","description":"Conhe\u00e7a a cidade mineira que trocou o pasto pelo mar, re\u00fane 10 mil moradores e impressiona com 1.440 km\u00b2 de \u00e1gua e in\u00fameras lanchas.","robots":{"index":"index","follow":"follow","max-snippet":"max-snippet:-1","max-image-preview":"max-image-preview:large","max-video-preview":"max-video-preview:-1"},"canonical":"https:\/\/www.em.com.br\/emfoco\/2026\/02\/20\/a-cidade-mineira-que-trocou-o-pasto-pelo-mar-10-mil-moradores-1-440-km\u00b2-de-agua-e-o-maior-numero-de-lanchas-que-voce-ja-viu-no-interior\/","og_locale":"pt_BR","og_type":"article","og_title":"A cidade mineira que trocou o pasto pelo mar: 10 mil moradores, 1.440 km\u00b2 de \u00e1gua e o maior n\u00famero de lanchas que voc\u00ea j\u00e1 viu no interior - Estado de Minas - Em foco","og_description":"Conhe\u00e7a a cidade mineira que trocou o pasto pelo mar, re\u00fane 10 mil moradores e impressiona com 1.440 km\u00b2 de \u00e1gua e in\u00fameras lanchas.","og_url":"https:\/\/www.em.com.br\/emfoco\/2026\/02\/20\/a-cidade-mineira-que-trocou-o-pasto-pelo-mar-10-mil-moradores-1-440-km\u00b2-de-agua-e-o-maior-numero-de-lanchas-que-voce-ja-viu-no-interior\/","og_site_name":"Estado de Minas - Em foco","article_published_time":"2026-02-20T14:25:00+00:00","article_modified_time":"2026-02-20T14:22:15+00:00","og_image":[{"width":1280,"height":720,"url":"https:\/\/www.em.com.br\/emfoco\/wp-content\/uploads\/2026\/02\/Capitolio-minas-gerais_1770530123368.jpg","type":"image\/jpeg"}],"author":"Vitor Bruno","twitter_card":"summary_large_image","twitter_misc":{"Escrito por":"Vitor Bruno","Est. tempo de leitura":"7 minutos"},"schema":{"@context":"https:\/\/schema.org","@graph":[{"@type":"WebPage","@id":"https:\/\/www.em.com.br\/emfoco\/2026\/02\/20\/a-cidade-mineira-que-trocou-o-pasto-pelo-mar-10-mil-moradores-1-440-km%c2%b2-de-agua-e-o-maior-numero-de-lanchas-que-voce-ja-viu-no-interior\/","url":"https:\/\/www.em.com.br\/emfoco\/2026\/02\/20\/a-cidade-mineira-que-trocou-o-pasto-pelo-mar-10-mil-moradores-1-440-km%c2%b2-de-agua-e-o-maior-numero-de-lanchas-que-voce-ja-viu-no-interior\/","name":"A cidade mineira que trocou o pasto pelo mar: 10 mil moradores, 1.440 km\u00b2 de \u00e1gua e o maior n\u00famero de lanchas que voc\u00ea j\u00e1 viu no interior - Estado de Minas - Em foco","isPartOf":{"@id":"https:\/\/www.em.com.br\/emfoco\/#website"},"primaryImageOfPage":{"@id":"https:\/\/www.em.com.br\/emfoco\/2026\/02\/20\/a-cidade-mineira-que-trocou-o-pasto-pelo-mar-10-mil-moradores-1-440-km%c2%b2-de-agua-e-o-maior-numero-de-lanchas-que-voce-ja-viu-no-interior\/#primaryimage"},"image":{"@id":"https:\/\/www.em.com.br\/emfoco\/2026\/02\/20\/a-cidade-mineira-que-trocou-o-pasto-pelo-mar-10-mil-moradores-1-440-km%c2%b2-de-agua-e-o-maior-numero-de-lanchas-que-voce-ja-viu-no-interior\/#primaryimage"},"thumbnailUrl":"https:\/\/www.em.com.br\/emfoco\/wp-content\/uploads\/2026\/02\/Capitolio-minas-gerais_1770530123368.jpg","datePublished":"2026-02-20T14:25:00+00:00","dateModified":"2026-02-20T14:22:15+00:00","author":{"@id":"https:\/\/www.em.com.br\/emfoco\/#\/schema\/person\/364ac1852fafd00f1be20f0b8b237569"},"description":"Conhe\u00e7a a cidade mineira que trocou o pasto pelo mar, re\u00fane 10 mil moradores e impressiona com 1.440 km\u00b2 de \u00e1gua e in\u00fameras lanchas.","breadcrumb":{"@id":"https:\/\/www.em.com.br\/emfoco\/2026\/02\/20\/a-cidade-mineira-que-trocou-o-pasto-pelo-mar-10-mil-moradores-1-440-km%c2%b2-de-agua-e-o-maior-numero-de-lanchas-que-voce-ja-viu-no-interior\/#breadcrumb"},"inLanguage":"pt-BR","potentialAction":[{"@type":"ReadAction","target":["https:\/\/www.em.com.br\/emfoco\/2026\/02\/20\/a-cidade-mineira-que-trocou-o-pasto-pelo-mar-10-mil-moradores-1-440-km%c2%b2-de-agua-e-o-maior-numero-de-lanchas-que-voce-ja-viu-no-interior\/"]}]},{"@type":"ImageObject","inLanguage":"pt-BR","@id":"https:\/\/www.em.com.br\/emfoco\/2026\/02\/20\/a-cidade-mineira-que-trocou-o-pasto-pelo-mar-10-mil-moradores-1-440-km%c2%b2-de-agua-e-o-maior-numero-de-lanchas-que-voce-ja-viu-no-interior\/#primaryimage","url":"https:\/\/www.em.com.br\/emfoco\/wp-content\/uploads\/2026\/02\/Capitolio-minas-gerais_1770530123368.jpg","contentUrl":"https:\/\/www.em.com.br\/emfoco\/wp-content\/uploads\/2026\/02\/Capitolio-minas-gerais_1770530123368.jpg","width":1280,"height":720,"caption":"Capit\u00f3lio destaca-se como o \"Mar de Minas\" no sudoeste de Minas Gerais \/\/ Cr\u00e9ditos: depositphotos.com \/ vbacarin"},{"@type":"BreadcrumbList","@id":"https:\/\/www.em.com.br\/emfoco\/2026\/02\/20\/a-cidade-mineira-que-trocou-o-pasto-pelo-mar-10-mil-moradores-1-440-km%c2%b2-de-agua-e-o-maior-numero-de-lanchas-que-voce-ja-viu-no-interior\/#breadcrumb","itemListElement":[{"@type":"ListItem","position":1,"name":"In\u00edcio","item":"https:\/\/www.em.com.br\/emfoco\/"},{"@type":"ListItem","position":2,"name":"A cidade mineira que trocou o pasto pelo mar: 10 mil moradores, 1.440 km\u00b2 de \u00e1gua e o maior n\u00famero de lanchas que voc\u00ea j\u00e1 viu no interior"}]},{"@type":"WebSite","@id":"https:\/\/www.em.com.br\/emfoco\/#website","url":"https:\/\/www.em.com.br\/emfoco\/","name":"Estado de Minas - Em foco","description":"Acompanhe as \u00faltimas not\u00edcias e fique bem informado sobre tudo o que acontece em Minas Gerais, Brasil e no mundo.","potentialAction":[{"@type":"SearchAction","target":{"@type":"EntryPoint","urlTemplate":"https:\/\/www.em.com.br\/emfoco\/?s={search_term_string}"},"query-input":{"@type":"PropertyValueSpecification","valueRequired":true,"valueName":"search_term_string"}}],"inLanguage":"pt-BR"},{"@type":"Person","@id":"https:\/\/www.em.com.br\/emfoco\/#\/schema\/person\/364ac1852fafd00f1be20f0b8b237569","name":"Vitor Bruno","image":{"@type":"ImageObject","inLanguage":"pt-BR","@id":"https:\/\/www.em.com.br\/emfoco\/#\/schema\/person\/image\/","url":"https:\/\/secure.gravatar.com\/avatar\/b719e5cdede09f942064960883b5524d?s=96&d=mm&r=g","contentUrl":"https:\/\/secure.gravatar.com\/avatar\/b719e5cdede09f942064960883b5524d?s=96&d=mm&r=g","caption":"Vitor Bruno"},"sameAs":["https:\/\/www.em.com.br\/emfoco\/"],"url":"https:\/\/www.em.com.br\/emfoco\/author\/vitormyth\/"}]}},"_links":{"self":[{"href":"https:\/\/www.em.com.br\/emfoco\/wp-json\/wp\/v2\/posts\/169878","targetHints":{"allow":["GET"]}}],"collection":[{"href":"https:\/\/www.em.com.br\/emfoco\/wp-json\/wp\/v2\/posts"}],"about":[{"href":"https:\/\/www.em.com.br\/emfoco\/wp-json\/wp\/v2\/types\/post"}],"author":[{"embeddable":true,"href":"https:\/\/www.em.com.br\/emfoco\/wp-json\/wp\/v2\/users\/6"}],"replies":[{"embeddable":true,"href":"https:\/\/www.em.com.br\/emfoco\/wp-json\/wp\/v2\/comments?post=169878"}],"version-history":[{"count":6,"href":"https:\/\/www.em.com.br\/emfoco\/wp-json\/wp\/v2\/posts\/169878\/revisions"}],"predecessor-version":[{"id":171903,"href":"https:\/\/www.em.com.br\/emfoco\/wp-json\/wp\/v2\/posts\/169878\/revisions\/171903"}],"wp:featuredmedia":[{"embeddable":true,"href":"https:\/\/www.em.com.br\/emfoco\/wp-json\/wp\/v2\/media\/171892"}],"wp:attachment":[{"href":"https:\/\/www.em.com.br\/emfoco\/wp-json\/wp\/v2\/media?parent=169878"}],"wp:term":[{"taxonomy":"category","embeddable":true,"href":"https:\/\/www.em.com.br\/emfoco\/wp-json\/wp\/v2\/categories?post=169878"},{"taxonomy":"post_tag","embeddable":true,"href":"https:\/\/www.em.com.br\/emfoco\/wp-json\/wp\/v2\/tags?post=169878"}],"curies":[{"name":"wp","href":"https:\/\/api.w.org\/{rel}","templated":true}]}}