{"id":169856,"date":"2026-02-17T19:05:00","date_gmt":"2026-02-17T22:05:00","guid":{"rendered":"https:\/\/www.em.com.br\/emfoco\/?p=169856"},"modified":"2026-02-16T13:28:22","modified_gmt":"2026-02-16T16:28:22","slug":"mudanca-no-odor-corporal-apos-os-60-pode-ser-alerta-medico-veja-quando-investigar","status":"publish","type":"post","link":"https:\/\/www.em.com.br\/emfoco\/2026\/02\/17\/mudanca-no-odor-corporal-apos-os-60-pode-ser-alerta-medico-veja-quando-investigar\/","title":{"rendered":"Mudan\u00e7a no odor corporal ap\u00f3s os 60 pode ser alerta m\u00e9dico, veja quando investigar"},"content":{"rendered":"\n<p>O <strong>cheiro da idade<\/strong> aparece naturalmente no corpo e incomoda bastante quem j\u00e1 passou dos 60 anos nos dias de hoje. Voc\u00ea resolve esse problema biol\u00f3gico de forma pr\u00e1tica, ajustando sua rotina de limpeza e prestando aten\u00e7\u00e3o nos sinais que a pr\u00f3pria pele transmite.<\/p>\n\n\n\n<h2 class=\"wp-block-heading\">Por que o cheiro da idade aparece no corpo naturalmente?<\/h2>\n\n\n\n<p>A causa principal desse odor \u00e9 um composto chamado <strong>2-Nonenal<\/strong>, que se forma quando as gorduras da pele sofrem oxida\u00e7\u00e3o. Esse processo funciona como uma esp\u00e9cie de ferrugem no corpo, j\u00e1 que a produ\u00e7\u00e3o de <strong>antioxidantes naturais<\/strong> cai bastante nessa fase da vida.<\/p>\n\n\n\n<p>O resultado \u00e9 um aroma que lembra grama ou papel\u00e3o velho grudado nas roupas, sendo imposs\u00edvel de tirar apenas com <strong>\u00e1gua e sabonete comum<\/strong>. Qualquer pessoa que chega nessa fase passa por isso, ent\u00e3o o cheiro n\u00e3o tem nada a ver com falta de banho ou desleixo da sua parte.<\/p>\n\n\n\n<h2 class=\"wp-block-heading\">Quais doen\u00e7as graves mudam o odor corporal em idosos?<\/h2>\n\n\n\n<p>Algumas condi\u00e7\u00f5es de sa\u00fade alteram o aroma do suor e merecem aten\u00e7\u00e3o redobrada da fam\u00edlia durante os cuidados di\u00e1rios. O <strong>diabetes descontrolado<\/strong> e os <strong>problemas renais<\/strong> s\u00e3o os maiores culpados por essas mudan\u00e7as repentinas no cheiro da pele.<\/p>\n\n\n\n<p>Analise os odores de cada problema de sa\u00fade na tabela abaixo.<\/p>\n\n\n\n<div class=\"google-auto-ads-ignore\" style=\"box-sizing: border-box; display: flex; flex-direction: column; width: 100%; max-width: 800px; margin: 30px auto; background-color: #e6f7ff; color: #262626; border-radius: 12px; overflow: hidden; font-family: 'Segoe UI', sans-serif; box-shadow: 0 4px 15px rgba(0,0,0,0.1); border: 1px solid rgba(0,0,0,0.05); position: relative; z-index: 5;\">\n\n  <div style=\"background-color: #ffffff; padding: 25px; border-bottom: 3px solid #1890ff; text-align: center;\">\n    <h2 style=\"margin: 0; color: #003a8c; font-size: 1.5rem;\"> Analise os odores de cada problema de sa\u00fade na tabela abaixo<\/h2>\n    <div style=\"font-size: 0.95rem; margin-top: 8px; opacity: 0.9;\">Entenda como altera\u00e7\u00f5es no cheiro corporal podem indicar condi\u00e7\u00f5es m\u00e9dicas espec\u00edficas<\/div>\n  <\/div>\n\n  <div style=\"padding: 25px; display: flex; flex-wrap: wrap; gap: 20px;\">\n    \n    <div style=\"flex: 1 1 230px; background-color: #ffffff; border-radius: 8px; padding: 20px; border: 1px solid rgba(0,0,0,0.05); box-shadow: 0 2px 5px rgba(0,0,0,0.02);\">\n      <h3 style=\"margin: 0 0 15px 0; color: #0050b3; font-size: 1.1rem; font-weight: bold; border-bottom: 1px solid rgba(0,0,0,0.1); padding-bottom: 8px;\">\n        \ud83e\ude7a Diabetes descontrolado\n      <\/h3>\n      <div style=\"margin-bottom: 12px;\">\n        <strong style=\"display: block; font-size: 0.85rem; opacity: 0.8; margin-bottom: 4px;\">Cheiro caracter\u00edstico<\/strong>\n        <div style=\"font-size: 1rem; font-weight: 500;\">Odor adocicado no h\u00e1lito<\/div>\n      <\/div>\n    <\/div>\n\n    <div style=\"flex: 1 1 230px; background-color: #ffffff; border-radius: 8px; padding: 20px; border: 1px solid rgba(0,0,0,0.05); box-shadow: 0 2px 5px rgba(0,0,0,0.02);\">\n      <h3 style=\"margin: 0 0 15px 0; color: #0050b3; font-size: 1.1rem; font-weight: bold; border-bottom: 1px solid rgba(0,0,0,0.1); padding-bottom: 8px;\">\n        \ud83e\uddea Problemas renais\n      <\/h3>\n      <div style=\"margin-bottom: 12px;\">\n        <strong style=\"display: block; font-size: 0.85rem; opacity: 0.8; margin-bottom: 4px;\">Cheiro caracter\u00edstico<\/strong>\n        <div style=\"font-size: 1rem; font-weight: 500;\">Cheiro parecido com am\u00f4nia<\/div>\n      <\/div>\n    <\/div>\n\n    <div style=\"flex: 1 1 230px; background-color: #ffffff; border-radius: 8px; padding: 20px; border: 1px solid rgba(0,0,0,0.05); box-shadow: 0 2px 5px rgba(0,0,0,0.02);\">\n      <h3 style=\"margin: 0 0 15px 0; color: #0050b3; font-size: 1.1rem; font-weight: bold; border-bottom: 1px solid rgba(0,0,0,0.1); padding-bottom: 8px;\">\n        \ud83d\udd2c Doen\u00e7as hep\u00e1ticas\n      <\/h3>\n      <div style=\"margin-bottom: 12px;\">\n        <strong style=\"display: block; font-size: 0.85rem; opacity: 0.8; margin-bottom: 4px;\">Cheiro caracter\u00edstico<\/strong>\n        <div style=\"font-size: 1rem; font-weight: 500;\">Aroma forte que lembra peixe<\/div>\n      <\/div>\n    <\/div>\n\n  <\/div>\n<\/div>\n\n\n\n<p>Leia mais: <a href=\"https:\/\/www.em.com.br\/bem-viver\/2026\/02\/7347008-os-principais-erros-ao-beber-agua-que-prejudicam-a-saude.html\" target=\"_blank\" rel=\"noreferrer noopener\">Os principais erros ao beber \u00e1gua que prejudicam a sa\u00fade<\/a><\/p>\n\n\n\n<h2 class=\"wp-block-heading\">O que voc\u00ea deve mudar na alimenta\u00e7\u00e3o e nas roupas?<\/h2>\n\n\n\n<p>Uma dieta saud\u00e1vel reduz os odores de dentro para fora se voc\u00ea cortar os <strong>embutidos<\/strong>, o <strong>a\u00e7\u00facar refinado<\/strong> e as <strong>frituras<\/strong> do prato. Beber cerca de <strong>30 a 35 ml de \u00e1gua<\/strong> por quilo de peso tamb\u00e9m ajuda a limpar as toxinas da urina e a diminuir o suor forte.<\/p>\n\n\n\n<p>Siga estes passos na hora de lavar as suas pe\u00e7as de roupa em casa.<\/p>\n\n\n\n<ul class=\"wp-block-list\">\n<li>Deixe toalhas e len\u00e7\u00f3is de molho com <strong>vinagre branco<\/strong> ou <strong>bicarbonato de s\u00f3dio<\/strong>.<\/li>\n\n\n\n<li>Lave as pe\u00e7as \u00edntimas com <strong>\u00e1gua morna ou quente<\/strong>, sempre olhando a etiqueta.<\/li>\n\n\n\n<li>Seque tudo direto no sol para aproveitar o efeito desodorizante dos <strong>raios UV<\/strong>.<\/li>\n<\/ul>\n\n\n<div class=\"wp-block-image\">\n<figure class=\"aligncenter size-large\"><img loading=\"lazy\" decoding=\"async\" width=\"1024\" height=\"576\" src=\"https:\/\/www.em.com.br\/emfoco\/wp-content\/uploads\/2026\/02\/mosaico-alimentacao-roupa-higiene-1024x576.png\" alt=\"\" class=\"wp-image-169908\" srcset=\"https:\/\/www.em.com.br\/emfoco\/wp-content\/uploads\/2026\/02\/mosaico-alimentacao-roupa-higiene-1024x576.png 1024w, https:\/\/www.em.com.br\/emfoco\/wp-content\/uploads\/2026\/02\/mosaico-alimentacao-roupa-higiene-300x169.png 300w, https:\/\/www.em.com.br\/emfoco\/wp-content\/uploads\/2026\/02\/mosaico-alimentacao-roupa-higiene-768x432.png 768w, https:\/\/www.em.com.br\/emfoco\/wp-content\/uploads\/2026\/02\/mosaico-alimentacao-roupa-higiene-750x422.png 750w, https:\/\/www.em.com.br\/emfoco\/wp-content\/uploads\/2026\/02\/mosaico-alimentacao-roupa-higiene-1140x641.png 1140w, https:\/\/www.em.com.br\/emfoco\/wp-content\/uploads\/2026\/02\/mosaico-alimentacao-roupa-higiene.png 1280w\" sizes=\"auto, (max-width: 1024px) 100vw, 1024px\" \/><figcaption class=\"wp-element-caption\">Como voc\u00ea elimina o cheiro da idade com cinco truques simples<\/figcaption><\/figure><\/div>\n\n\n<h2 class=\"wp-block-heading\">Como voc\u00ea melhora a rotina de higiene durante o banho?<\/h2>\n\n\n\n<p>Um banho r\u00e1pido n\u00e3o d\u00e1 conta do recado, ent\u00e3o voc\u00ea precisa lavar com bastante capricho as \u00e1reas que acumulam mais suor no dia a dia. Limpe bem as <strong>axilas<\/strong>, as <strong>virilhas<\/strong> e os espa\u00e7os entre os dedos dos p\u00e9s usando um <strong>sabonete neutro<\/strong> de boa qualidade.<\/p>\n\n\n\n<p>Ap\u00f3s enxaguar o corpo inteiro, seque muito bem as dobras abdominais e a regi\u00e3o debaixo das mamas. A umidade facilita a vida de <strong>fungos e bact\u00e9rias<\/strong>, o que piora bastante a situa\u00e7\u00e3o se o seu couro cabeludo tamb\u00e9m ficar suado e sujo.<\/p>\n\n\n\n<h2 class=\"wp-block-heading\">Por que voc\u00ea precisa procurar um m\u00e9dico rapidamente?<\/h2>\n\n\n\n<p>Entender as mudan\u00e7as qu\u00edmicas do organismo na maturidade \u00e9 o primeiro passo para adotar h\u00e1bitos que devolvam o bem-estar e a seguran\u00e7a no seu conv\u00edvio social. No v\u00eddeo a seguir, do canal <a href=\"https:\/\/www.youtube.com\/@CardioDF\" target=\"_blank\" rel=\"noreferrer noopener\">Cardio DF \u2014 Cardiologia e sa\u00fade cardiovascular em Bras\u00edlia (DF)<\/a>, \u00e9 explicado como lidar com o cheiro da idade ajuda a fortalecer o organismo e proteger sua sa\u00fade.<\/p>\n\n\n\n<figure class=\"wp-block-embed aligncenter is-type-video is-provider-youtube wp-block-embed-youtube wp-embed-aspect-16-9 wp-has-aspect-ratio\"><div class=\"wp-block-embed__wrapper\">\n<div class=\"jeg_video_container jeg_video_content\"><iframe loading=\"lazy\" title=\"O CHEIRO DA IDADE EXISTE? | 5 TRUQUES para ACABAR com o ODOR CORPORAL em IDOSOS\" width=\"500\" height=\"281\" src=\"https:\/\/www.youtube.com\/embed\/GaWIy4ipoDE?feature=oembed\" frameborder=\"0\" allow=\"accelerometer; autoplay; clipboard-write; encrypted-media; gyroscope; picture-in-picture; web-share\" referrerpolicy=\"strict-origin-when-cross-origin\" allowfullscreen><\/iframe><\/div>\n<\/div><\/figure>\n\n\n\n<p>Ningu\u00e9m deve ignorar mudan\u00e7as repentinas no cheiro do corpo, porque isso quase sempre \u00e9 o primeiro sinal de algo errado no organismo. O m\u00e9dico vai pedir exames de <strong>glicemia<\/strong> e avaliar as fun\u00e7\u00f5es do seu f\u00edgado e dos rins para descartar riscos de doen\u00e7as silenciosas.<\/p>\n\n\n\n<p>Aproveite a consulta para mostrar todos os <strong>medicamentos e suplementos<\/strong> que voc\u00ea toma, j\u00e1 que rem\u00e9dios como a <strong>fluoxetina<\/strong> alteram o suor. Cuidar da sa\u00fade de perto garante qualidade de vida e acaba com esse desconforto chato de uma vez por todas.<\/p>\n","protected":false},"excerpt":{"rendered":"<p>O cheiro da idade aparece naturalmente no corpo e incomoda bastante quem j\u00e1 passou dos 60 anos nos dias de hoje. Voc\u00ea resolve esse problema biol\u00f3gico de forma pr\u00e1tica, ajustando sua rotina de limpeza e prestando aten\u00e7\u00e3o nos sinais que a pr\u00f3pria pele transmite. Por que o cheiro da idade aparece no corpo naturalmente? A [&hellip;]<\/p>\n","protected":false},"author":20,"featured_media":169917,"comment_status":"open","ping_status":"open","sticky":false,"template":"","format":"standard","meta":{"jnews-multi-image_gallery":[],"jnews_single_post":{"format":"standard"},"jnews_primary_category":[],"jnews_social_meta":[],"jnews_override_counter":[],"footnotes":""},"categories":[8819,20108],"tags":[24722,24717,24718],"class_list":["post-169856","post","type-post","status-publish","format-standard","has-post-thumbnail","hentry","category-curiosidades","category-noticia","tag-aroma-natural","tag-cheiro-de-idade","tag-odor-natural"],"yoast_head":"<!-- This site is optimized with the Yoast SEO plugin v23.8 - https:\/\/yoast.com\/wordpress\/plugins\/seo\/ -->\n<title>Mudan\u00e7a no odor corporal ap\u00f3s os 60 pode ser alerta m\u00e9dico, veja quando investigar - Estado de Minas - Em foco<\/title>\n<meta name=\"description\" content=\"O cheiro da idade \u00e9 natural, mas tem solu\u00e7\u00e3o r\u00e1pida. Ajuste a sua higiene, mude a alimenta\u00e7\u00e3o e saiba a hora certa de procurar um m\u00e9dico para se cuidar.\" \/>\n<meta name=\"robots\" content=\"index, follow, max-snippet:-1, max-image-preview:large, max-video-preview:-1\" \/>\n<link rel=\"canonical\" href=\"https:\/\/www.em.com.br\/emfoco\/2026\/02\/17\/mudanca-no-odor-corporal-apos-os-60-pode-ser-alerta-medico-veja-quando-investigar\/\" \/>\n<meta property=\"og:locale\" content=\"pt_BR\" \/>\n<meta property=\"og:type\" content=\"article\" \/>\n<meta property=\"og:title\" content=\"Mudan\u00e7a no odor corporal ap\u00f3s os 60 pode ser alerta m\u00e9dico, veja quando investigar - Estado de Minas - Em foco\" \/>\n<meta property=\"og:description\" content=\"O cheiro da idade \u00e9 natural, mas tem solu\u00e7\u00e3o r\u00e1pida. Ajuste a sua higiene, mude a alimenta\u00e7\u00e3o e saiba a hora certa de procurar um m\u00e9dico para se cuidar.\" \/>\n<meta property=\"og:url\" content=\"https:\/\/www.em.com.br\/emfoco\/2026\/02\/17\/mudanca-no-odor-corporal-apos-os-60-pode-ser-alerta-medico-veja-quando-investigar\/\" \/>\n<meta property=\"og:site_name\" content=\"Estado de Minas - Em foco\" \/>\n<meta property=\"article:published_time\" content=\"2026-02-17T22:05:00+00:00\" \/>\n<meta property=\"article:modified_time\" content=\"2026-02-16T16:28:22+00:00\" \/>\n<meta property=\"og:image\" content=\"https:\/\/www.em.com.br\/emfoco\/wp-content\/uploads\/2026\/02\/idoso-aroma-medico.png\" \/>\n\t<meta property=\"og:image:width\" content=\"1280\" \/>\n\t<meta property=\"og:image:height\" content=\"720\" \/>\n\t<meta property=\"og:image:type\" content=\"image\/png\" \/>\n<meta name=\"author\" content=\"Ingrid Diniz\" \/>\n<meta name=\"twitter:card\" content=\"summary_large_image\" \/>\n<meta name=\"twitter:label1\" content=\"Escrito por\" \/>\n\t<meta name=\"twitter:data1\" content=\"Ingrid Diniz\" \/>\n\t<meta name=\"twitter:label2\" content=\"Est. tempo de leitura\" \/>\n\t<meta name=\"twitter:data2\" content=\"4 minutos\" \/>\n<!-- \/ Yoast SEO plugin. -->","yoast_head_json":{"title":"Mudan\u00e7a no odor corporal ap\u00f3s os 60 pode ser alerta m\u00e9dico, veja quando investigar - Estado de Minas - Em foco","description":"O cheiro da idade \u00e9 natural, mas tem solu\u00e7\u00e3o r\u00e1pida. Ajuste a sua higiene, mude a alimenta\u00e7\u00e3o e saiba a hora certa de procurar um m\u00e9dico para se cuidar.","robots":{"index":"index","follow":"follow","max-snippet":"max-snippet:-1","max-image-preview":"max-image-preview:large","max-video-preview":"max-video-preview:-1"},"canonical":"https:\/\/www.em.com.br\/emfoco\/2026\/02\/17\/mudanca-no-odor-corporal-apos-os-60-pode-ser-alerta-medico-veja-quando-investigar\/","og_locale":"pt_BR","og_type":"article","og_title":"Mudan\u00e7a no odor corporal ap\u00f3s os 60 pode ser alerta m\u00e9dico, veja quando investigar - Estado de Minas - Em foco","og_description":"O cheiro da idade \u00e9 natural, mas tem solu\u00e7\u00e3o r\u00e1pida. Ajuste a sua higiene, mude a alimenta\u00e7\u00e3o e saiba a hora certa de procurar um m\u00e9dico para se cuidar.","og_url":"https:\/\/www.em.com.br\/emfoco\/2026\/02\/17\/mudanca-no-odor-corporal-apos-os-60-pode-ser-alerta-medico-veja-quando-investigar\/","og_site_name":"Estado de Minas - Em foco","article_published_time":"2026-02-17T22:05:00+00:00","article_modified_time":"2026-02-16T16:28:22+00:00","og_image":[{"width":1280,"height":720,"url":"https:\/\/www.em.com.br\/emfoco\/wp-content\/uploads\/2026\/02\/idoso-aroma-medico.png","type":"image\/png"}],"author":"Ingrid Diniz","twitter_card":"summary_large_image","twitter_misc":{"Escrito por":"Ingrid Diniz","Est. tempo de leitura":"4 minutos"},"schema":{"@context":"https:\/\/schema.org","@graph":[{"@type":"WebPage","@id":"https:\/\/www.em.com.br\/emfoco\/2026\/02\/17\/mudanca-no-odor-corporal-apos-os-60-pode-ser-alerta-medico-veja-quando-investigar\/","url":"https:\/\/www.em.com.br\/emfoco\/2026\/02\/17\/mudanca-no-odor-corporal-apos-os-60-pode-ser-alerta-medico-veja-quando-investigar\/","name":"Mudan\u00e7a no odor corporal ap\u00f3s os 60 pode ser alerta m\u00e9dico, veja quando investigar - Estado de Minas - Em foco","isPartOf":{"@id":"https:\/\/www.em.com.br\/emfoco\/#website"},"primaryImageOfPage":{"@id":"https:\/\/www.em.com.br\/emfoco\/2026\/02\/17\/mudanca-no-odor-corporal-apos-os-60-pode-ser-alerta-medico-veja-quando-investigar\/#primaryimage"},"image":{"@id":"https:\/\/www.em.com.br\/emfoco\/2026\/02\/17\/mudanca-no-odor-corporal-apos-os-60-pode-ser-alerta-medico-veja-quando-investigar\/#primaryimage"},"thumbnailUrl":"https:\/\/www.em.com.br\/emfoco\/wp-content\/uploads\/2026\/02\/idoso-aroma-medico.png","datePublished":"2026-02-17T22:05:00+00:00","dateModified":"2026-02-16T16:28:22+00:00","author":{"@id":"https:\/\/www.em.com.br\/emfoco\/#\/schema\/person\/649e610b4eb8fff87ff394e54fe17b2b"},"description":"O cheiro da idade \u00e9 natural, mas tem solu\u00e7\u00e3o r\u00e1pida. Ajuste a sua higiene, mude a alimenta\u00e7\u00e3o e saiba a hora certa de procurar um m\u00e9dico para se cuidar.","breadcrumb":{"@id":"https:\/\/www.em.com.br\/emfoco\/2026\/02\/17\/mudanca-no-odor-corporal-apos-os-60-pode-ser-alerta-medico-veja-quando-investigar\/#breadcrumb"},"inLanguage":"pt-BR","potentialAction":[{"@type":"ReadAction","target":["https:\/\/www.em.com.br\/emfoco\/2026\/02\/17\/mudanca-no-odor-corporal-apos-os-60-pode-ser-alerta-medico-veja-quando-investigar\/"]}]},{"@type":"ImageObject","inLanguage":"pt-BR","@id":"https:\/\/www.em.com.br\/emfoco\/2026\/02\/17\/mudanca-no-odor-corporal-apos-os-60-pode-ser-alerta-medico-veja-quando-investigar\/#primaryimage","url":"https:\/\/www.em.com.br\/emfoco\/wp-content\/uploads\/2026\/02\/idoso-aroma-medico.png","contentUrl":"https:\/\/www.em.com.br\/emfoco\/wp-content\/uploads\/2026\/02\/idoso-aroma-medico.png","width":1280,"height":720,"caption":"Como voc\u00ea elimina o cheiro da idade com cinco truques simples"},{"@type":"BreadcrumbList","@id":"https:\/\/www.em.com.br\/emfoco\/2026\/02\/17\/mudanca-no-odor-corporal-apos-os-60-pode-ser-alerta-medico-veja-quando-investigar\/#breadcrumb","itemListElement":[{"@type":"ListItem","position":1,"name":"In\u00edcio","item":"https:\/\/www.em.com.br\/emfoco\/"},{"@type":"ListItem","position":2,"name":"Mudan\u00e7a no odor corporal ap\u00f3s os 60 pode ser alerta m\u00e9dico, veja quando investigar"}]},{"@type":"WebSite","@id":"https:\/\/www.em.com.br\/emfoco\/#website","url":"https:\/\/www.em.com.br\/emfoco\/","name":"Estado de Minas - Em foco","description":"Acompanhe as \u00faltimas not\u00edcias e fique bem informado sobre tudo o que acontece em Minas Gerais, Brasil e no mundo.","potentialAction":[{"@type":"SearchAction","target":{"@type":"EntryPoint","urlTemplate":"https:\/\/www.em.com.br\/emfoco\/?s={search_term_string}"},"query-input":{"@type":"PropertyValueSpecification","valueRequired":true,"valueName":"search_term_string"}}],"inLanguage":"pt-BR"},{"@type":"Person","@id":"https:\/\/www.em.com.br\/emfoco\/#\/schema\/person\/649e610b4eb8fff87ff394e54fe17b2b","name":"Ingrid Diniz","image":{"@type":"ImageObject","inLanguage":"pt-BR","@id":"https:\/\/www.em.com.br\/emfoco\/#\/schema\/person\/image\/","url":"https:\/\/secure.gravatar.com\/avatar\/a3baa1449ec5c39b4c42babc9d4f3951?s=96&d=mm&r=g","contentUrl":"https:\/\/secure.gravatar.com\/avatar\/a3baa1449ec5c39b4c42babc9d4f3951?s=96&d=mm&r=g","caption":"Ingrid Diniz"},"sameAs":["https:\/\/www.em.com.br\/"],"url":"https:\/\/www.em.com.br\/emfoco\/author\/ingridmyth\/"}]}},"_links":{"self":[{"href":"https:\/\/www.em.com.br\/emfoco\/wp-json\/wp\/v2\/posts\/169856","targetHints":{"allow":["GET"]}}],"collection":[{"href":"https:\/\/www.em.com.br\/emfoco\/wp-json\/wp\/v2\/posts"}],"about":[{"href":"https:\/\/www.em.com.br\/emfoco\/wp-json\/wp\/v2\/types\/post"}],"author":[{"embeddable":true,"href":"https:\/\/www.em.com.br\/emfoco\/wp-json\/wp\/v2\/users\/20"}],"replies":[{"embeddable":true,"href":"https:\/\/www.em.com.br\/emfoco\/wp-json\/wp\/v2\/comments?post=169856"}],"version-history":[{"count":1,"href":"https:\/\/www.em.com.br\/emfoco\/wp-json\/wp\/v2\/posts\/169856\/revisions"}],"predecessor-version":[{"id":169919,"href":"https:\/\/www.em.com.br\/emfoco\/wp-json\/wp\/v2\/posts\/169856\/revisions\/169919"}],"wp:featuredmedia":[{"embeddable":true,"href":"https:\/\/www.em.com.br\/emfoco\/wp-json\/wp\/v2\/media\/169917"}],"wp:attachment":[{"href":"https:\/\/www.em.com.br\/emfoco\/wp-json\/wp\/v2\/media?parent=169856"}],"wp:term":[{"taxonomy":"category","embeddable":true,"href":"https:\/\/www.em.com.br\/emfoco\/wp-json\/wp\/v2\/categories?post=169856"},{"taxonomy":"post_tag","embeddable":true,"href":"https:\/\/www.em.com.br\/emfoco\/wp-json\/wp\/v2\/tags?post=169856"}],"curies":[{"name":"wp","href":"https:\/\/api.w.org\/{rel}","templated":true}]}}