{"id":16968,"date":"2025-02-13T14:20:00","date_gmt":"2025-02-13T17:20:00","guid":{"rendered":"https:\/\/www.em.com.br\/emfoco\/?p=16968"},"modified":"2025-02-05T14:55:45","modified_gmt":"2025-02-05T17:55:45","slug":"segredos-fascinantes-da-veneza-brasileira-que-voce-precisa-conhecer","status":"publish","type":"post","link":"https:\/\/www.em.com.br\/emfoco\/2025\/02\/13\/segredos-fascinantes-da-veneza-brasileira-que-voce-precisa-conhecer\/","title":{"rendered":"Segredos fascinantes da Veneza Brasileira que voc\u00ea precisa conhecer"},"content":{"rendered":"\n<p><strong>Recife<\/strong>, situada no estado de <strong>Pernambuco<\/strong>, \u00e9 uma cidade que se destaca n\u00e3o s\u00f3 por seu patrim\u00f4nio hist\u00f3rico mas tamb\u00e9m por sua capacidade de integrar tradi\u00e7\u00e3o com modernidade. Conhecida como a &#8220;Veneza Brasileira&#8221; devido aos seus diversos rios e pontes, Recife \u00e9 um verdadeiro polo de cultura e economia no <strong>Brasil<\/strong>. Sua funda\u00e7\u00e3o em 1537 e o crescimento cont\u00ednuo ilustram uma narrativa rica em evolu\u00e7\u00e3o e import\u00e2ncia estrat\u00e9gica ao longo dos s\u00e9culos.<\/p>\n\n\n\n<p>Com uma popula\u00e7\u00e3o que supera 1,6 milh\u00e3o de habitantes, Recife tem se adaptado ao desenvolvimento urbano sem deixar de lado seu patrim\u00f4nio cultural. A cidade se posiciona como um importante centro cultural e econ\u00f4mico no cen\u00e1rio do <strong><a href=\"https:\/\/www.em.com.br\/emfoco\/2024\/12\/03\/veja-as-melhores-cidades-do-nordeste-para-viver-em-2025\/\" target=\"_blank\" rel=\"noreferrer noopener\">Nordeste<\/a> <\/strong>brasileiro, evidenciado pelo seu papel relevante no turismo nacional e pelas inova\u00e7\u00f5es tecnol\u00f3gicas que abra\u00e7a.<\/p>\n\n\n\n<h2 class=\"wp-block-heading\">Por que Recife \u00e9 \u00fanica?<\/h2>\n\n\n\n<p>O charme de Recife reside em sua habilidade de mesclar cultura vibrante com paisagens naturais cativantes. A arte em Recife \u00e9 pulsante, assim como suas praias que atraem tanto turistas quanto moradores locais para momentos de lazer e contempla\u00e7\u00e3o. Esta combina\u00e7\u00e3o faz de Recife um destino irresist\u00edvel para diversos perfis de visitantes.<\/p>\n\n\n\n<h2 class=\"wp-block-heading\">Qual a import\u00e2ncia do patrim\u00f4nio de Recife?<\/h2>\n\n\n\n<p>Recife possui um centro hist\u00f3rico que \u00e9 um verdadeiro relic\u00e1rio do seu passado colonial. Com ruas que parecem emergir de um outro s\u00e9culo, a \u00e1rea conhecida como <strong>Recife Antigo<\/strong> \u00e9 um convite \u00e0 explora\u00e7\u00e3o para os amantes de arquitetura e hist\u00f3ria. Museus e centros culturais oferecem um panorama do passado e das tradi\u00e7\u00f5es locais, tornando a cidade um ponto de parada obrigat\u00f3rio para aqueles que desejam um mergulho na hist\u00f3ria pernambucana.<\/p>\n\n\n\n<p>O <strong>Carnaval de Recife<\/strong> \u00e9 uma das festas mais emblem\u00e1ticas do Brasil, enraizado em dan\u00e7as como o <strong><em>frevo<\/em> <\/strong>e o <em><strong>maracatu<\/strong><\/em>. Este evento, sendo um dos \u00e1pices do calend\u00e1rio cultural da cidade, mant\u00e9m Recife em um movimento constante de celebra\u00e7\u00e3o e festividade durante todo o ano.<\/p>\n\n\n\n<figure class=\"wp-block-image size-large\"><img loading=\"lazy\" decoding=\"async\" width=\"1024\" height=\"576\" src=\"https:\/\/www.em.com.br\/emfoco\/wp-content\/uploads\/2024\/12\/Recife_1733827686816-1024x576.jpg\" alt=\"A Veneza Brasileira que Vai Te Surpreender!\" class=\"wp-image-4146\" srcset=\"https:\/\/www.em.com.br\/emfoco\/wp-content\/uploads\/2024\/12\/Recife_1733827686816-1024x576.jpg 1024w, https:\/\/www.em.com.br\/emfoco\/wp-content\/uploads\/2024\/12\/Recife_1733827686816-300x169.jpg 300w, https:\/\/www.em.com.br\/emfoco\/wp-content\/uploads\/2024\/12\/Recife_1733827686816-768x432.jpg 768w, https:\/\/www.em.com.br\/emfoco\/wp-content\/uploads\/2024\/12\/Recife_1733827686816-750x422.jpg 750w, https:\/\/www.em.com.br\/emfoco\/wp-content\/uploads\/2024\/12\/Recife_1733827686816-1140x641.jpg 1140w, https:\/\/www.em.com.br\/emfoco\/wp-content\/uploads\/2024\/12\/Recife_1733827686816.jpg 1280w\" sizes=\"auto, (max-width: 1024px) 100vw, 1024px\" \/><figcaption class=\"wp-element-caption\">Recife em Pernambuco &#8211; Cr\u00e9ditos: depositphotos.com \/ gustavofrazao<\/figcaption><\/figure>\n\n\n\n<h2 class=\"wp-block-heading\">Belezas naturais: Como Recife surpreende?<\/h2>\n\n\n\n<p>Entre as atra\u00e7\u00f5es naturais, as praias de Recife, como a famosa <strong>Boa Viagem<\/strong>, s\u00e3o c\u00e9lebres por suas \u00e1guas temperadas e piscinas naturais formadas por recifes de corais. Estes ambientes proporcionam momentos de relaxamento e convites para atividades de explora\u00e7\u00e3o aqu\u00e1tica, como mergulho e snorkel, que revelam a rica diversidade marinha local.<\/p>\n\n\n\n<ul class=\"wp-block-list\">\n<li><strong>Boa Viagem:<\/strong> Conhecida por suas piscinas naturais e \u00e1guas mornas.<\/li>\n\n\n\n<li><strong>Pina:<\/strong> Popular entre os locais, com infraestrutura adequada para o lazer.<\/li>\n<\/ul>\n\n\n\n<p>No \u00e2mbito da inova\u00e7\u00e3o, Recife apresenta destaque nacional com o <strong><a href=\"https:\/\/www.portodigital.org\/\" target=\"_blank\" rel=\"noreferrer noopener\">Porto Digital<\/a><\/strong>, reconhecido como um dos principais parques tecnol\u00f3gicos do Brasil. Este local n\u00e3o apenas fomenta a economia de Recife, mas tamb\u00e9m atrai talentos da ind\u00fastria tecnol\u00f3gica, consolidando a cidade como um centro de desenvolvimento e modernidade.<\/p>\n\n\n\n<h2 class=\"wp-block-heading\">A gastronomia de Recife \u00e9 realmente atraente?<\/h2>\n\n\n\n<p>A culin\u00e1ria de Recife \u00e9 um reflexo de sua rica hist\u00f3ria e o car\u00e1ter multicultural. Pratos como a tapioca e o bolo de rolo s\u00e3o \u00edcones da gastronomia local e testemunhos dos sabores exclusivos de Pernambuco. Estes pratos, entre outros, fazem parte de um mosaico gastron\u00f4mico que atrai aqueles que apreciam uma cozinha rica em tradi\u00e7\u00f5es e influ\u00eancias.<\/p>\n\n\n\n<p>Assim, Recife, com sua majestosa mistura de hist\u00f3ria, natureza e inova\u00e7\u00e3o, continua a ser um destino fascinante, oferecendo diversas experi\u00eancias culturais e gastron\u00f4micas \u00fanicas. A hospitalidade de seu povo e a diversidade de atividades tornam uma visita a Recife uma experi\u00eancia memor\u00e1vel, permitindo uma imers\u00e3o no vibrante cora\u00e7\u00e3o do Nordeste do Brasil.<\/p>\n","protected":false},"excerpt":{"rendered":"<p>Recife, situada no estado de Pernambuco, \u00e9 uma cidade que se destaca n\u00e3o s\u00f3 por seu patrim\u00f4nio hist\u00f3rico mas tamb\u00e9m por sua capacidade de integrar tradi\u00e7\u00e3o com modernidade. Conhecida como a &#8220;Veneza Brasileira&#8221; devido aos seus diversos rios e pontes, Recife \u00e9 um verdadeiro polo de cultura e economia no Brasil. Sua funda\u00e7\u00e3o em 1537 [&hellip;]<\/p>\n","protected":false},"author":5,"featured_media":2197,"comment_status":"open","ping_status":"open","sticky":false,"template":"","format":"standard","meta":{"jnews-multi-image_gallery":[],"jnews_single_post":{"format":"standard"},"jnews_primary_category":[],"jnews_social_meta":[],"jnews_override_counter":[],"footnotes":""},"categories":[26,1],"tags":[1503,1191,157],"class_list":["post-16968","post","type-post","status-publish","format-standard","has-post-thumbnail","hentry","category-cidades","category-noticias","tag-pernambuco","tag-recife","tag-turismo"],"yoast_head":"<!-- This site is optimized with the Yoast SEO plugin v23.8 - https:\/\/yoast.com\/wordpress\/plugins\/seo\/ -->\n<title>Segredos fascinantes da Veneza Brasileira que voc\u00ea precisa conhecer - Estado de Minas - Em foco<\/title>\n<meta name=\"description\" content=\"Entre hist\u00f3ria e modernidade, Recife encanta com suas praias, festas tradicionais e gastronomia \u00fanica. Venha se surpreender com essa cidade!\" \/>\n<meta name=\"robots\" content=\"index, follow, max-snippet:-1, max-image-preview:large, max-video-preview:-1\" \/>\n<link rel=\"canonical\" href=\"https:\/\/www.em.com.br\/emfoco\/2025\/02\/13\/segredos-fascinantes-da-veneza-brasileira-que-voce-precisa-conhecer\/\" \/>\n<meta property=\"og:locale\" content=\"pt_BR\" \/>\n<meta property=\"og:type\" content=\"article\" \/>\n<meta property=\"og:title\" content=\"Segredos fascinantes da Veneza Brasileira que voc\u00ea precisa conhecer - Estado de Minas - Em foco\" \/>\n<meta property=\"og:description\" content=\"Entre hist\u00f3ria e modernidade, Recife encanta com suas praias, festas tradicionais e gastronomia \u00fanica. Venha se surpreender com essa cidade!\" \/>\n<meta property=\"og:url\" content=\"https:\/\/www.em.com.br\/emfoco\/2025\/02\/13\/segredos-fascinantes-da-veneza-brasileira-que-voce-precisa-conhecer\/\" \/>\n<meta property=\"og:site_name\" content=\"Estado de Minas - Em foco\" \/>\n<meta property=\"article:published_time\" content=\"2025-02-13T17:20:00+00:00\" \/>\n<meta property=\"article:modified_time\" content=\"2025-02-05T17:55:45+00:00\" \/>\n<meta property=\"og:image\" content=\"https:\/\/www.em.com.br\/emfoco\/wp-content\/uploads\/2024\/11\/Recife_1732879052275.jpg\" \/>\n\t<meta property=\"og:image:width\" content=\"1280\" \/>\n\t<meta property=\"og:image:height\" content=\"720\" \/>\n\t<meta property=\"og:image:type\" content=\"image\/jpeg\" \/>\n<meta name=\"author\" content=\"N\u00fabia Rangel\" \/>\n<meta name=\"twitter:card\" content=\"summary_large_image\" \/>\n<meta name=\"twitter:label1\" content=\"Escrito por\" \/>\n\t<meta name=\"twitter:data1\" content=\"N\u00fabia Rangel\" \/>\n\t<meta name=\"twitter:label2\" content=\"Est. tempo de leitura\" \/>\n\t<meta name=\"twitter:data2\" content=\"4 minutos\" \/>\n<!-- \/ Yoast SEO plugin. -->","yoast_head_json":{"title":"Segredos fascinantes da Veneza Brasileira que voc\u00ea precisa conhecer - Estado de Minas - Em foco","description":"Entre hist\u00f3ria e modernidade, Recife encanta com suas praias, festas tradicionais e gastronomia \u00fanica. Venha se surpreender com essa cidade!","robots":{"index":"index","follow":"follow","max-snippet":"max-snippet:-1","max-image-preview":"max-image-preview:large","max-video-preview":"max-video-preview:-1"},"canonical":"https:\/\/www.em.com.br\/emfoco\/2025\/02\/13\/segredos-fascinantes-da-veneza-brasileira-que-voce-precisa-conhecer\/","og_locale":"pt_BR","og_type":"article","og_title":"Segredos fascinantes da Veneza Brasileira que voc\u00ea precisa conhecer - Estado de Minas - Em foco","og_description":"Entre hist\u00f3ria e modernidade, Recife encanta com suas praias, festas tradicionais e gastronomia \u00fanica. Venha se surpreender com essa cidade!","og_url":"https:\/\/www.em.com.br\/emfoco\/2025\/02\/13\/segredos-fascinantes-da-veneza-brasileira-que-voce-precisa-conhecer\/","og_site_name":"Estado de Minas - Em foco","article_published_time":"2025-02-13T17:20:00+00:00","article_modified_time":"2025-02-05T17:55:45+00:00","og_image":[{"width":1280,"height":720,"url":"https:\/\/www.em.com.br\/emfoco\/wp-content\/uploads\/2024\/11\/Recife_1732879052275.jpg","type":"image\/jpeg"}],"author":"N\u00fabia Rangel","twitter_card":"summary_large_image","twitter_misc":{"Escrito por":"N\u00fabia Rangel","Est. tempo de leitura":"4 minutos"},"schema":{"@context":"https:\/\/schema.org","@graph":[{"@type":"WebPage","@id":"https:\/\/www.em.com.br\/emfoco\/2025\/02\/13\/segredos-fascinantes-da-veneza-brasileira-que-voce-precisa-conhecer\/","url":"https:\/\/www.em.com.br\/emfoco\/2025\/02\/13\/segredos-fascinantes-da-veneza-brasileira-que-voce-precisa-conhecer\/","name":"Segredos fascinantes da Veneza Brasileira que voc\u00ea precisa conhecer - Estado de Minas - Em foco","isPartOf":{"@id":"https:\/\/www.em.com.br\/emfoco\/#website"},"primaryImageOfPage":{"@id":"https:\/\/www.em.com.br\/emfoco\/2025\/02\/13\/segredos-fascinantes-da-veneza-brasileira-que-voce-precisa-conhecer\/#primaryimage"},"image":{"@id":"https:\/\/www.em.com.br\/emfoco\/2025\/02\/13\/segredos-fascinantes-da-veneza-brasileira-que-voce-precisa-conhecer\/#primaryimage"},"thumbnailUrl":"https:\/\/www.em.com.br\/emfoco\/wp-content\/uploads\/2024\/11\/Recife_1732879052275.jpg","datePublished":"2025-02-13T17:20:00+00:00","dateModified":"2025-02-05T17:55:45+00:00","author":{"@id":"https:\/\/www.em.com.br\/emfoco\/#\/schema\/person\/524437ef54f8a5d32591b143307f2e20"},"description":"Entre hist\u00f3ria e modernidade, Recife encanta com suas praias, festas tradicionais e gastronomia \u00fanica. Venha se surpreender com essa cidade!","breadcrumb":{"@id":"https:\/\/www.em.com.br\/emfoco\/2025\/02\/13\/segredos-fascinantes-da-veneza-brasileira-que-voce-precisa-conhecer\/#breadcrumb"},"inLanguage":"pt-BR","potentialAction":[{"@type":"ReadAction","target":["https:\/\/www.em.com.br\/emfoco\/2025\/02\/13\/segredos-fascinantes-da-veneza-brasileira-que-voce-precisa-conhecer\/"]}]},{"@type":"ImageObject","inLanguage":"pt-BR","@id":"https:\/\/www.em.com.br\/emfoco\/2025\/02\/13\/segredos-fascinantes-da-veneza-brasileira-que-voce-precisa-conhecer\/#primaryimage","url":"https:\/\/www.em.com.br\/emfoco\/wp-content\/uploads\/2024\/11\/Recife_1732879052275.jpg","contentUrl":"https:\/\/www.em.com.br\/emfoco\/wp-content\/uploads\/2024\/11\/Recife_1732879052275.jpg","width":1280,"height":720,"caption":"Recife - Cr\u00e9ditos: depositphotos.com \/ gustavofrazao"},{"@type":"BreadcrumbList","@id":"https:\/\/www.em.com.br\/emfoco\/2025\/02\/13\/segredos-fascinantes-da-veneza-brasileira-que-voce-precisa-conhecer\/#breadcrumb","itemListElement":[{"@type":"ListItem","position":1,"name":"In\u00edcio","item":"https:\/\/www.em.com.br\/emfoco\/"},{"@type":"ListItem","position":2,"name":"Segredos fascinantes da Veneza Brasileira que voc\u00ea precisa conhecer"}]},{"@type":"WebSite","@id":"https:\/\/www.em.com.br\/emfoco\/#website","url":"https:\/\/www.em.com.br\/emfoco\/","name":"Estado de Minas - Em foco","description":"Acompanhe as \u00faltimas not\u00edcias e fique bem informado sobre tudo o que acontece em Minas Gerais, Brasil e no mundo.","potentialAction":[{"@type":"SearchAction","target":{"@type":"EntryPoint","urlTemplate":"https:\/\/www.em.com.br\/emfoco\/?s={search_term_string}"},"query-input":{"@type":"PropertyValueSpecification","valueRequired":true,"valueName":"search_term_string"}}],"inLanguage":"pt-BR"},{"@type":"Person","@id":"https:\/\/www.em.com.br\/emfoco\/#\/schema\/person\/524437ef54f8a5d32591b143307f2e20","name":"N\u00fabia Rangel","image":{"@type":"ImageObject","inLanguage":"pt-BR","@id":"https:\/\/www.em.com.br\/emfoco\/#\/schema\/person\/image\/","url":"https:\/\/secure.gravatar.com\/avatar\/47cff2827a5ba23c37e8068c86817ea4?s=96&d=mm&r=g","contentUrl":"https:\/\/secure.gravatar.com\/avatar\/47cff2827a5ba23c37e8068c86817ea4?s=96&d=mm&r=g","caption":"N\u00fabia Rangel"},"sameAs":["https:\/\/www.em.com.br\/emfoco\/"],"url":"https:\/\/www.em.com.br\/emfoco\/author\/nubiamyth\/"}]}},"_links":{"self":[{"href":"https:\/\/www.em.com.br\/emfoco\/wp-json\/wp\/v2\/posts\/16968","targetHints":{"allow":["GET"]}}],"collection":[{"href":"https:\/\/www.em.com.br\/emfoco\/wp-json\/wp\/v2\/posts"}],"about":[{"href":"https:\/\/www.em.com.br\/emfoco\/wp-json\/wp\/v2\/types\/post"}],"author":[{"embeddable":true,"href":"https:\/\/www.em.com.br\/emfoco\/wp-json\/wp\/v2\/users\/5"}],"replies":[{"embeddable":true,"href":"https:\/\/www.em.com.br\/emfoco\/wp-json\/wp\/v2\/comments?post=16968"}],"version-history":[{"count":2,"href":"https:\/\/www.em.com.br\/emfoco\/wp-json\/wp\/v2\/posts\/16968\/revisions"}],"predecessor-version":[{"id":16974,"href":"https:\/\/www.em.com.br\/emfoco\/wp-json\/wp\/v2\/posts\/16968\/revisions\/16974"}],"wp:featuredmedia":[{"embeddable":true,"href":"https:\/\/www.em.com.br\/emfoco\/wp-json\/wp\/v2\/media\/2197"}],"wp:attachment":[{"href":"https:\/\/www.em.com.br\/emfoco\/wp-json\/wp\/v2\/media?parent=16968"}],"wp:term":[{"taxonomy":"category","embeddable":true,"href":"https:\/\/www.em.com.br\/emfoco\/wp-json\/wp\/v2\/categories?post=16968"},{"taxonomy":"post_tag","embeddable":true,"href":"https:\/\/www.em.com.br\/emfoco\/wp-json\/wp\/v2\/tags?post=16968"}],"curies":[{"name":"wp","href":"https:\/\/api.w.org\/{rel}","templated":true}]}}