{"id":16951,"date":"2025-02-13T16:20:00","date_gmt":"2025-02-13T19:20:00","guid":{"rendered":"https:\/\/www.em.com.br\/emfoco\/?p=16951"},"modified":"2025-02-05T14:43:48","modified_gmt":"2025-02-05T17:43:48","slug":"incluir-o-cpf-na-nota-fiscal-pode-garantir-premios-e-descontos-exclusivos","status":"publish","type":"post","link":"https:\/\/www.em.com.br\/emfoco\/2025\/02\/13\/incluir-o-cpf-na-nota-fiscal-pode-garantir-premios-e-descontos-exclusivos\/","title":{"rendered":"Incluir o CPF na nota fiscal pode garantir pr\u00eamios e descontos exclusivos"},"content":{"rendered":"\n<p>No <strong>Brasil<\/strong>, a pr\u00e1tica de incluir o <strong><a href=\"https:\/\/www.em.com.br\/emfoco\/2025\/02\/05\/notinha-fiscal-pode-render-mais-do-que-voce-imagina-saiba-como-participar\/\" target=\"_blank\" rel=\"noreferrer noopener\">CPF na nota fiscal<\/a><\/strong> tornou-se comum em diversos estados, como <strong>S\u00e3o Paulo, Bahia e Amazonas<\/strong>. Os governos locais t\u00eam incentivado essa a\u00e7\u00e3o com o objetivo de aumentar a <strong>transpar\u00eancia fiscal<\/strong> e combater a sonega\u00e7\u00e3o de impostos. Em contrapartida, s\u00e3o oferecidos benef\u00edcios como sorteios de pr\u00eamios e incentivos fiscais, que refor\u00e7am o interesse dos consumidores em participar do programa.<\/p>\n\n\n\n<p>Uma d\u00favida frequente entre aqueles que adotam essa pr\u00e1tica \u00e9 se a inclus\u00e3o do CPF nas notas fiscais tem algum impacto no <strong>score de cr\u00e9dito<\/strong>. Este artigo explora essa quest\u00e3o e aprofunda a compreens\u00e3o dos benef\u00edcios relacionados \u00e0 inser\u00e7\u00e3o do CPF nas transa\u00e7\u00f5es comerciais.<\/p>\n\n\n\n<h2 class=\"wp-block-heading\">O que \u00e9 o Score de Cr\u00e9dito?<\/h2>\n\n\n\n<p>O score de cr\u00e9dito representa uma <em>pontua\u00e7\u00e3o<\/em> num\u00e9rica que varia entre 0 e 1.000 e \u00e9 essencial para as institui\u00e7\u00f5es financeiras ao avaliar o risco de concess\u00e3o de cr\u00e9dito a um consumidor. Essa pontua\u00e7\u00e3o \u00e9 influenciada por uma s\u00e9rie de fatores, incluindo o comportamento financeiro e hist\u00f3rico de endividamento do indiv\u00edduo.<\/p>\n\n\n\n<p>Os principais elementos que afetam o score de cr\u00e9dito incluem:<\/p>\n\n\n\n<ul class=\"wp-block-list\">\n<li><strong>Comportamento de pagamento:<\/strong> Pagamentos realizados dentro do prazo s\u00e3o fundamentais para manter uma boa pontua\u00e7\u00e3o.<\/li>\n\n\n\n<li><strong>Endividamento:<\/strong> D\u00edvidas n\u00e3o pagas ou em atraso t\u00eam efeitos negativos na pontua\u00e7\u00e3o de cr\u00e9dito.<\/li>\n\n\n\n<li><strong>Capacidade de pagamento:<\/strong> Quanto maior for a rela\u00e7\u00e3o entre renda e despesas, melhor ser\u00e1 o score de cr\u00e9dito.<\/li>\n\n\n\n<li><strong>Hist\u00f3rico de cr\u00e9dito:<\/strong> Uma longa hist\u00f3ria de uso respons\u00e1vel do cr\u00e9dito \u00e9 vista positivamente.<\/li>\n\n\n\n<li><strong>Consultas ao CPF:<\/strong> M\u00faltiplas consultas de cr\u00e9dito podem resultar em uma redu\u00e7\u00e3o na pontua\u00e7\u00e3o.<\/li>\n<\/ul>\n\n\n\n<figure class=\"wp-block-image size-large\"><img loading=\"lazy\" decoding=\"async\" width=\"1024\" height=\"576\" src=\"https:\/\/www.em.com.br\/emfoco\/wp-content\/uploads\/2024\/12\/cpf_1735397994007-1024x576.jpg\" alt=\"Saiba como participar do CPF na Nota e concorrer a pr\u00eamios incr\u00edveis!\" class=\"wp-image-7270\" srcset=\"https:\/\/www.em.com.br\/emfoco\/wp-content\/uploads\/2024\/12\/cpf_1735397994007-1024x576.jpg 1024w, https:\/\/www.em.com.br\/emfoco\/wp-content\/uploads\/2024\/12\/cpf_1735397994007-300x169.jpg 300w, https:\/\/www.em.com.br\/emfoco\/wp-content\/uploads\/2024\/12\/cpf_1735397994007-768x432.jpg 768w, https:\/\/www.em.com.br\/emfoco\/wp-content\/uploads\/2024\/12\/cpf_1735397994007-750x422.jpg 750w, https:\/\/www.em.com.br\/emfoco\/wp-content\/uploads\/2024\/12\/cpf_1735397994007-1140x641.jpg 1140w, https:\/\/www.em.com.br\/emfoco\/wp-content\/uploads\/2024\/12\/cpf_1735397994007.jpg 1280w\" sizes=\"auto, (max-width: 1024px) 100vw, 1024px\" \/><figcaption class=\"wp-element-caption\">Imagem Ilustrativa de CPF &#8211; Cr\u00e9ditos: depositphotos.com \/ Mehaniq<\/figcaption><\/figure>\n\n\n\n<h2 class=\"wp-block-heading\">Incluir o CPF na Nota Fiscal melhora o Score de Cr\u00e9dito?<\/h2>\n\n\n\n<p>Uma quest\u00e3o comum \u00e9 se o ato de inserir o CPF na nota fiscal contribui para elevar o score de cr\u00e9dito. A resposta \u00e9 que n\u00e3o h\u00e1 uma rela\u00e7\u00e3o direta entre essas pr\u00e1ticas. O score de cr\u00e9dito \u00e9 baseado no comportamento financeiro, e n\u00e3o na frequ\u00eancia com que o CPF \u00e9 inclu\u00eddo nas transa\u00e7\u00f5es comerciais.<\/p>\n\n\n\n<p>Apesar disso, essa pr\u00e1tica oferece outros benef\u00edcios ao consumidor, como maior transpar\u00eancia e possibilidades de descontos em impostos, al\u00e9m de participar em sorteios de pr\u00eamios organizados por programas estaduais como a \u201c<strong><a href=\"https:\/\/portal.fazenda.sp.gov.br\/servicos\/nfp\" target=\"_blank\" rel=\"noreferrer noopener\">Nota Fiscal Paulista<\/a><\/strong>\u201d.<\/p>\n\n\n\n<h2 class=\"wp-block-heading\">Vantagens de se incluir o CPF na Nota Fiscal<\/h2>\n\n\n\n<p>Ainda que n\u00e3o impacte diretamente o score de cr\u00e9dito, incluir o CPF na nota fiscal traz uma s\u00e9rie de vantagens:<\/p>\n\n\n\n<ol class=\"wp-block-list\">\n<li><strong>Combate \u00e0 sonega\u00e7\u00e3o fiscal:<\/strong> Ajuda a aumentar a transpar\u00eancia nas transa\u00e7\u00f5es, facilitando a fiscaliza\u00e7\u00e3o tribut\u00e1ria.<\/li>\n\n\n\n<li><strong>Descontos fiscais:<\/strong> Possibilidade de obter descontos em tributos como IPVA e IPTU em alguns estados.<\/li>\n\n\n\n<li><strong>Sorteios de pr\u00eamios:<\/strong> Consumidores t\u00eam a chance de ganhar pr\u00eamios como dinheiro, carros, ou im\u00f3veis ao serem contemplados em sorteios.<\/li>\n\n\n\n<li><strong>Cr\u00e9ditos futuros:<\/strong> Em algumas regi\u00f5es, \u00e9 poss\u00edvel acumular cr\u00e9ditos para abater em compras futuras.<\/li>\n\n\n\n<li><strong>Maior transpar\u00eancia nas transa\u00e7\u00f5es:<\/strong> Facilita a verifica\u00e7\u00e3o da legalidade das compras e das vendas realizadas.<\/li>\n<\/ol>\n\n\n\n<h2 class=\"wp-block-heading\">Como funciona a inclus\u00e3o do CPF nas Notas Fiscais?<\/h2>\n\n\n\n<p>O processo para inclus\u00e3o do CPF nas notas fiscais \u00e9 bastante simples. Durante a compra, o consumidor apenas precisa informar o n\u00famero do CPF ao caixa ou, em compras online, preencher no campo destinado \u00e0 nota fiscal. Esta pr\u00e1tica j\u00e1 est\u00e1 facilitada em muitos estabelecimentos, que automatizaram a entrada do CPF nos sistemas de pagamento.<\/p>\n\n\n\n<p>Em conclus\u00e3o, embora a <em>inclus\u00e3o do CPF<\/em> nas notas fiscais n\u00e3o modifique diretamente o score de cr\u00e9dito, ela promove uma s\u00e9rie de benef\u00edcios relacionados \u00e0 justi\u00e7a fiscal e oferece oportunidades atrativas para o consumidor. Contudo, para melhorar o score, a estrat\u00e9gia principal \u00e9 manter pr\u00e1ticas financeiras respons\u00e1veis, garantindo pagamentos pontuais e controlando compromissos financeiros de forma eficaz.<\/p>\n","protected":false},"excerpt":{"rendered":"<p>No Brasil, a pr\u00e1tica de incluir o CPF na nota fiscal tornou-se comum em diversos estados, como S\u00e3o Paulo, Bahia e Amazonas. Os governos locais t\u00eam incentivado essa a\u00e7\u00e3o com o objetivo de aumentar a transpar\u00eancia fiscal e combater a sonega\u00e7\u00e3o de impostos. Em contrapartida, s\u00e3o oferecidos benef\u00edcios como sorteios de pr\u00eamios e incentivos fiscais, [&hellip;]<\/p>\n","protected":false},"author":5,"featured_media":7330,"comment_status":"open","ping_status":"open","sticky":false,"template":"","format":"standard","meta":{"jnews-multi-image_gallery":[],"jnews_single_post":{"format":"standard"},"jnews_primary_category":[],"jnews_social_meta":[],"jnews_override_counter":[],"footnotes":""},"categories":[28,1],"tags":[848,398,3134,2588],"class_list":["post-16951","post","type-post","status-publish","format-standard","has-post-thumbnail","hentry","category-economia","category-noticias","tag-cpf","tag-cpf-na-nota","tag-cpf-na-nota-fiscal","tag-programa-cpf-na-nota"],"yoast_head":"<!-- This site is optimized with the Yoast SEO plugin v23.8 - https:\/\/yoast.com\/wordpress\/plugins\/seo\/ -->\n<title>Incluir o CPF na nota fiscal pode garantir pr\u00eamios e descontos exclusivos - Estado de Minas - Em foco<\/title>\n<meta name=\"description\" content=\"Inclua o CPF nas suas compras e tenha chances de ganhar pr\u00eamios e obter descontos fiscais, al\u00e9m de contribuir com a fiscaliza\u00e7\u00e3o tribut\u00e1ria.\" \/>\n<meta name=\"robots\" content=\"index, follow, max-snippet:-1, max-image-preview:large, max-video-preview:-1\" \/>\n<link rel=\"canonical\" href=\"https:\/\/www.em.com.br\/emfoco\/2025\/02\/13\/incluir-o-cpf-na-nota-fiscal-pode-garantir-premios-e-descontos-exclusivos\/\" \/>\n<meta property=\"og:locale\" content=\"pt_BR\" \/>\n<meta property=\"og:type\" content=\"article\" \/>\n<meta property=\"og:title\" content=\"Incluir o CPF na nota fiscal pode garantir pr\u00eamios e descontos exclusivos - Estado de Minas - Em foco\" \/>\n<meta property=\"og:description\" content=\"Inclua o CPF nas suas compras e tenha chances de ganhar pr\u00eamios e obter descontos fiscais, al\u00e9m de contribuir com a fiscaliza\u00e7\u00e3o tribut\u00e1ria.\" \/>\n<meta property=\"og:url\" content=\"https:\/\/www.em.com.br\/emfoco\/2025\/02\/13\/incluir-o-cpf-na-nota-fiscal-pode-garantir-premios-e-descontos-exclusivos\/\" \/>\n<meta property=\"og:site_name\" content=\"Estado de Minas - Em foco\" \/>\n<meta property=\"article:published_time\" content=\"2025-02-13T19:20:00+00:00\" \/>\n<meta property=\"article:modified_time\" content=\"2025-02-05T17:43:48+00:00\" \/>\n<meta property=\"og:image\" content=\"https:\/\/www.em.com.br\/emfoco\/wp-content\/uploads\/2024\/12\/mercado_1735411644997.jpg\" \/>\n\t<meta property=\"og:image:width\" content=\"1280\" \/>\n\t<meta property=\"og:image:height\" content=\"720\" \/>\n\t<meta property=\"og:image:type\" content=\"image\/jpeg\" \/>\n<meta name=\"author\" content=\"N\u00fabia Rangel\" \/>\n<meta name=\"twitter:card\" content=\"summary_large_image\" \/>\n<meta name=\"twitter:label1\" content=\"Escrito por\" \/>\n\t<meta name=\"twitter:data1\" content=\"N\u00fabia Rangel\" \/>\n\t<meta name=\"twitter:label2\" content=\"Est. tempo de leitura\" \/>\n\t<meta name=\"twitter:data2\" content=\"4 minutos\" \/>\n<!-- \/ Yoast SEO plugin. -->","yoast_head_json":{"title":"Incluir o CPF na nota fiscal pode garantir pr\u00eamios e descontos exclusivos - Estado de Minas - Em foco","description":"Inclua o CPF nas suas compras e tenha chances de ganhar pr\u00eamios e obter descontos fiscais, al\u00e9m de contribuir com a fiscaliza\u00e7\u00e3o tribut\u00e1ria.","robots":{"index":"index","follow":"follow","max-snippet":"max-snippet:-1","max-image-preview":"max-image-preview:large","max-video-preview":"max-video-preview:-1"},"canonical":"https:\/\/www.em.com.br\/emfoco\/2025\/02\/13\/incluir-o-cpf-na-nota-fiscal-pode-garantir-premios-e-descontos-exclusivos\/","og_locale":"pt_BR","og_type":"article","og_title":"Incluir o CPF na nota fiscal pode garantir pr\u00eamios e descontos exclusivos - Estado de Minas - Em foco","og_description":"Inclua o CPF nas suas compras e tenha chances de ganhar pr\u00eamios e obter descontos fiscais, al\u00e9m de contribuir com a fiscaliza\u00e7\u00e3o tribut\u00e1ria.","og_url":"https:\/\/www.em.com.br\/emfoco\/2025\/02\/13\/incluir-o-cpf-na-nota-fiscal-pode-garantir-premios-e-descontos-exclusivos\/","og_site_name":"Estado de Minas - Em foco","article_published_time":"2025-02-13T19:20:00+00:00","article_modified_time":"2025-02-05T17:43:48+00:00","og_image":[{"width":1280,"height":720,"url":"https:\/\/www.em.com.br\/emfoco\/wp-content\/uploads\/2024\/12\/mercado_1735411644997.jpg","type":"image\/jpeg"}],"author":"N\u00fabia Rangel","twitter_card":"summary_large_image","twitter_misc":{"Escrito por":"N\u00fabia Rangel","Est. tempo de leitura":"4 minutos"},"schema":{"@context":"https:\/\/schema.org","@graph":[{"@type":"WebPage","@id":"https:\/\/www.em.com.br\/emfoco\/2025\/02\/13\/incluir-o-cpf-na-nota-fiscal-pode-garantir-premios-e-descontos-exclusivos\/","url":"https:\/\/www.em.com.br\/emfoco\/2025\/02\/13\/incluir-o-cpf-na-nota-fiscal-pode-garantir-premios-e-descontos-exclusivos\/","name":"Incluir o CPF na nota fiscal pode garantir pr\u00eamios e descontos exclusivos - Estado de Minas - Em foco","isPartOf":{"@id":"https:\/\/www.em.com.br\/emfoco\/#website"},"primaryImageOfPage":{"@id":"https:\/\/www.em.com.br\/emfoco\/2025\/02\/13\/incluir-o-cpf-na-nota-fiscal-pode-garantir-premios-e-descontos-exclusivos\/#primaryimage"},"image":{"@id":"https:\/\/www.em.com.br\/emfoco\/2025\/02\/13\/incluir-o-cpf-na-nota-fiscal-pode-garantir-premios-e-descontos-exclusivos\/#primaryimage"},"thumbnailUrl":"https:\/\/www.em.com.br\/emfoco\/wp-content\/uploads\/2024\/12\/mercado_1735411644997.jpg","datePublished":"2025-02-13T19:20:00+00:00","dateModified":"2025-02-05T17:43:48+00:00","author":{"@id":"https:\/\/www.em.com.br\/emfoco\/#\/schema\/person\/524437ef54f8a5d32591b143307f2e20"},"description":"Inclua o CPF nas suas compras e tenha chances de ganhar pr\u00eamios e obter descontos fiscais, al\u00e9m de contribuir com a fiscaliza\u00e7\u00e3o tribut\u00e1ria.","breadcrumb":{"@id":"https:\/\/www.em.com.br\/emfoco\/2025\/02\/13\/incluir-o-cpf-na-nota-fiscal-pode-garantir-premios-e-descontos-exclusivos\/#breadcrumb"},"inLanguage":"pt-BR","potentialAction":[{"@type":"ReadAction","target":["https:\/\/www.em.com.br\/emfoco\/2025\/02\/13\/incluir-o-cpf-na-nota-fiscal-pode-garantir-premios-e-descontos-exclusivos\/"]}]},{"@type":"ImageObject","inLanguage":"pt-BR","@id":"https:\/\/www.em.com.br\/emfoco\/2025\/02\/13\/incluir-o-cpf-na-nota-fiscal-pode-garantir-premios-e-descontos-exclusivos\/#primaryimage","url":"https:\/\/www.em.com.br\/emfoco\/wp-content\/uploads\/2024\/12\/mercado_1735411644997.jpg","contentUrl":"https:\/\/www.em.com.br\/emfoco\/wp-content\/uploads\/2024\/12\/mercado_1735411644997.jpg","width":1280,"height":720,"caption":"Foto Ilustrativa de mercado - Cr\u00e9ditos: depositphotos.com \/ AndrewLozovyi"},{"@type":"BreadcrumbList","@id":"https:\/\/www.em.com.br\/emfoco\/2025\/02\/13\/incluir-o-cpf-na-nota-fiscal-pode-garantir-premios-e-descontos-exclusivos\/#breadcrumb","itemListElement":[{"@type":"ListItem","position":1,"name":"In\u00edcio","item":"https:\/\/www.em.com.br\/emfoco\/"},{"@type":"ListItem","position":2,"name":"Incluir o CPF na nota fiscal pode garantir pr\u00eamios e descontos exclusivos"}]},{"@type":"WebSite","@id":"https:\/\/www.em.com.br\/emfoco\/#website","url":"https:\/\/www.em.com.br\/emfoco\/","name":"Estado de Minas - Em foco","description":"Acompanhe as \u00faltimas not\u00edcias e fique bem informado sobre tudo o que acontece em Minas Gerais, Brasil e no mundo.","potentialAction":[{"@type":"SearchAction","target":{"@type":"EntryPoint","urlTemplate":"https:\/\/www.em.com.br\/emfoco\/?s={search_term_string}"},"query-input":{"@type":"PropertyValueSpecification","valueRequired":true,"valueName":"search_term_string"}}],"inLanguage":"pt-BR"},{"@type":"Person","@id":"https:\/\/www.em.com.br\/emfoco\/#\/schema\/person\/524437ef54f8a5d32591b143307f2e20","name":"N\u00fabia Rangel","image":{"@type":"ImageObject","inLanguage":"pt-BR","@id":"https:\/\/www.em.com.br\/emfoco\/#\/schema\/person\/image\/","url":"https:\/\/secure.gravatar.com\/avatar\/47cff2827a5ba23c37e8068c86817ea4?s=96&d=mm&r=g","contentUrl":"https:\/\/secure.gravatar.com\/avatar\/47cff2827a5ba23c37e8068c86817ea4?s=96&d=mm&r=g","caption":"N\u00fabia Rangel"},"sameAs":["https:\/\/www.em.com.br\/emfoco\/"],"url":"https:\/\/www.em.com.br\/emfoco\/author\/nubiamyth\/"}]}},"_links":{"self":[{"href":"https:\/\/www.em.com.br\/emfoco\/wp-json\/wp\/v2\/posts\/16951","targetHints":{"allow":["GET"]}}],"collection":[{"href":"https:\/\/www.em.com.br\/emfoco\/wp-json\/wp\/v2\/posts"}],"about":[{"href":"https:\/\/www.em.com.br\/emfoco\/wp-json\/wp\/v2\/types\/post"}],"author":[{"embeddable":true,"href":"https:\/\/www.em.com.br\/emfoco\/wp-json\/wp\/v2\/users\/5"}],"replies":[{"embeddable":true,"href":"https:\/\/www.em.com.br\/emfoco\/wp-json\/wp\/v2\/comments?post=16951"}],"version-history":[{"count":2,"href":"https:\/\/www.em.com.br\/emfoco\/wp-json\/wp\/v2\/posts\/16951\/revisions"}],"predecessor-version":[{"id":16959,"href":"https:\/\/www.em.com.br\/emfoco\/wp-json\/wp\/v2\/posts\/16951\/revisions\/16959"}],"wp:featuredmedia":[{"embeddable":true,"href":"https:\/\/www.em.com.br\/emfoco\/wp-json\/wp\/v2\/media\/7330"}],"wp:attachment":[{"href":"https:\/\/www.em.com.br\/emfoco\/wp-json\/wp\/v2\/media?parent=16951"}],"wp:term":[{"taxonomy":"category","embeddable":true,"href":"https:\/\/www.em.com.br\/emfoco\/wp-json\/wp\/v2\/categories?post=16951"},{"taxonomy":"post_tag","embeddable":true,"href":"https:\/\/www.em.com.br\/emfoco\/wp-json\/wp\/v2\/tags?post=16951"}],"curies":[{"name":"wp","href":"https:\/\/api.w.org\/{rel}","templated":true}]}}